{"id":897,"date":"2020-04-13T20:48:03","date_gmt":"2020-04-13T18:48:03","guid":{"rendered":"http:\/\/bsbmetalic.com\/overtheclouds\/?p=674"},"modified":"2020-04-13T20:48:03","modified_gmt":"2020-04-13T18:48:03","slug":"puigmal-des-der-4","status":"publish","type":"post","link":"https:\/\/www.overtheclouds.eu\/index.php\/fr\/2020\/04\/13\/puigmal-des-der-4\/","title":{"rendered":"Puigmal des d&#8217;Err"},"content":{"rendered":"\n<h4 class=\"wp-block-heading\">Hauteur maximale de l\u2019itin\u00e9raire :<\/h4>\n\n\n\n<p>2 911 m\u00e8tres<\/p>\n\n\n\n<h4 class=\"wp-block-heading\">Br\u00e8ve description:<\/h4>\n\n\n\n<p>Grimpez au sommet de Puigmal en faisant une route circulaire de la ville d\u2019Err. Il remonte les anciennes pistes de ski de Puigmal 2600 et il est retourn\u00e9 par les cr\u00eates de la Puigmal de Llo et le Puig de Coma Dol\u00e7a au Coll Segalera et Pla de La Creu.<\/p>\n\n\n\n<h4 class=\"wp-block-heading\">Zone g\u00e9ographique:<\/h4>\n\n\n\n<p>Pyr\u00e9n\u00e9es<\/p>\n\n\n\n<h4 class=\"wp-block-heading\">Cyclabilit\u00e9<\/h4>\n\n\n\n<div class=\"wptime-plugin-progress-wrap\" style=\"max-width:300px;margin-bottom:30px;\"><div class=\"wptime-plugin-progress-bar\" style=\"background:#0fa628;width:95%;\"><\/div><span>Ciclabilitat 95%<\/span><\/div>\n\n\n\n<h4 class=\"wp-block-heading\">Difficult\u00e9:<\/h4>\n\n\n\n<p class=\"negra\">Noir<\/p>\n\n\n\n<div class=\"wp-block-group\"><div class=\"wp-block-group__inner-container is-layout-flow wp-block-group-is-layout-flow\">\n<h4 class=\"wp-block-heading\">Briefing d\u2019itin\u00e9raire<\/h4>\n\n\n\n<figure class=\"wp-block-embed-youtube wp-block-embed is-type-video is-provider-youtube wp-embed-aspect-16-9 wp-has-aspect-ratio\"><div class=\"wp-block-embed__wrapper\">\n<iframe loading=\"lazy\" title=\"Puigmal 2018  2.913 Mtrs.\" width=\"820\" height=\"461\" src=\"https:\/\/www.youtube.com\/embed\/TbEWUILeSPc?feature=oembed\" frameborder=\"0\" allow=\"accelerometer; autoplay; encrypted-media; gyroscope; picture-in-picture\" allowfullscreen><\/iframe>\n<\/div><\/figure>\n<\/div><\/div>\n\n\n\n<div class=\"wp-block-group\"><div class=\"wp-block-group__inner-container is-layout-flow wp-block-group-is-layout-flow\">\n<h4 class=\"wp-block-heading\">Vid\u00e9o de l\u2019itin\u00e9raire<\/h4>\n\n\n\n<figure class=\"wp-block-embed-youtube wp-block-embed is-type-video is-provider-youtube wp-embed-aspect-16-9 wp-has-aspect-ratio\"><div class=\"wp-block-embed__wrapper\">\n<iframe loading=\"lazy\" title=\"En Btt pel Pirineu: El Puigmal des d&#039;Err i retorn pel Puig de Coma Dol\u00e7a\" width=\"820\" height=\"461\" src=\"https:\/\/www.youtube.com\/embed\/dnG-hH4R2oE?feature=oembed\" frameborder=\"0\" allow=\"accelerometer; autoplay; encrypted-media; gyroscope; picture-in-picture\" allowfullscreen><\/iframe>\n<\/div><\/figure>\n<\/div><\/div>\n\n\n\n<div class=\"wp-block-group\"><div class=\"wp-block-group__inner-container is-layout-flow wp-block-group-is-layout-flow\">\n<h4 class=\"wp-block-heading\">T\u00e9l\u00e9charger la piste de l\u2019itin\u00e9raire<\/h4>\n\n\n\n<div class=\"wp-block-file\"><a href=\"http:\/\/bsbmetalic.com\/overtheclouds\/wp-content\/uploads\/2020\/04\/18-09-09-Err-Puigmal-Puigmal-petit-de-Segre-Puigmal-de-LLo-Pla-de-la-Creu.gpx\">18-09-09 Err-Puigmal-Puigmal petit de Segre-Puigmal de LLo-Pla de la Cr<\/a><a href=\"http:\/\/bsbmetalic.com\/overtheclouds\/wp-content\/uploads\/2020\/04\/18-09-09-Err-Puigmal-Puigmal-petit-de-Segre-Puigmal-de-LLo-Pla-de-la-Creu.gpx\" class=\"wp-block-file__button\" download>eudownload<\/a><\/div>\n<\/div><\/div>\n\n\n\n<div class=\"wp-block-group\"><div class=\"wp-block-group__inner-container is-layout-flow wp-block-group-is-layout-flow\">\n<h4 class=\"wp-block-heading\">Galerie d\u2019images<\/h4>\n<\/div><\/div>\n\n\n\n\n<p>\u00a0<\/p>","protected":false},"excerpt":{"rendered":"<p>Hauteur maximale de l\u2019itin\u00e9raire : 2 911 m\u00e8tres Br\u00e8ve description: Grimpez au sommet de Puigmal en faisant une route circulaire de la ville d\u2019Err. Il remonte les anciennes pistes de ski de Puigmal 2600 et il est retourn\u00e9 par les &hellip; <a href=\"https:\/\/www.overtheclouds.eu\/index.php\/fr\/2020\/04\/13\/puigmal-des-der-4\/\" class=\"more-link\"><span class=\"more-button\">TOTA LA RUTA AQU\u00cd<span class=\"screen-reader-text\">Puigmal des d&#8217;Err<\/span><\/span><\/a><\/p>\n","protected":false},"author":2,"featured_media":677,"comment_status":"open","ping_status":"closed","sticky":false,"template":"","format":"standard","meta":{"_exactmetrics_skip_tracking":false,"_exactmetrics_sitenote_active":false,"_exactmetrics_sitenote_note":"","_exactmetrics_sitenote_category":0,"footnotes":""},"categories":[126,230,156],"tags":[],"yoast_head":"<!-- This site is optimized with the Yoast SEO plugin v22.7 - https:\/\/yoast.com\/wordpress\/plugins\/seo\/ -->\n<title>Puigmal des d&#039;Err &#8211; Over the Clouds<\/title>\n<meta name=\"description\" content=\"Puigmal des d&#039;Err &#8211; Extraordinary routes for ordinary bikers\" \/>\n<meta name=\"robots\" content=\"index, follow, max-snippet:-1, max-image-preview:large, max-video-preview:-1\" \/>\n<link rel=\"canonical\" href=\"https:\/\/www.overtheclouds.eu\/index.php\/fr\/2020\/04\/13\/puigmal-des-der-4\/\" \/>\n<meta property=\"og:locale\" content=\"es_ES\" \/>\n<meta property=\"og:type\" content=\"article\" \/>\n<meta property=\"og:title\" content=\"Puigmal des d&#039;Err &#8211; Over the Clouds\" \/>\n<meta property=\"og:description\" content=\"Puigmal des d&#039;Err &#8211; Extraordinary routes for ordinary bikers\" \/>\n<meta property=\"og:url\" content=\"https:\/\/www.overtheclouds.eu\/index.php\/fr\/2020\/04\/13\/puigmal-des-der-4\/\" \/>\n<meta property=\"og:site_name\" content=\"Over the Clouds\" \/>\n<meta property=\"article:published_time\" content=\"2020-04-13T18:48:03+00:00\" \/>\n<meta property=\"og:image\" content=\"https:\/\/www.overtheclouds.eu\/wp-content\/uploads\/2020\/04\/IMG_6036-c\u00f2pia-scaled.jpg\" \/>\n\t<meta property=\"og:image:width\" content=\"1920\" \/>\n\t<meta property=\"og:image:height\" content=\"2560\" \/>\n\t<meta property=\"og:image:type\" content=\"image\/jpeg\" \/>\n<meta name=\"author\" content=\"Jaume\" \/>\n<meta name=\"twitter:card\" content=\"summary_large_image\" \/>\n<meta name=\"twitter:label1\" content=\"Escrito por\" \/>\n\t<meta name=\"twitter:data1\" content=\"Jaume\" \/>\n\t<meta name=\"twitter:label2\" content=\"Tiempo de lectura\" \/>\n\t<meta name=\"twitter:data2\" content=\"1 minuto\" \/>\n<script type=\"application\/ld+json\" class=\"yoast-schema-graph\">{\"@context\":\"https:\/\/schema.org\",\"@graph\":[{\"@type\":\"Article\",\"@id\":\"https:\/\/www.overtheclouds.eu\/index.php\/fr\/2020\/04\/13\/puigmal-des-der-4\/#article\",\"isPartOf\":{\"@id\":\"https:\/\/www.overtheclouds.eu\/index.php\/fr\/2020\/04\/13\/puigmal-des-der-4\/\"},\"author\":{\"name\":\"Jaume\",\"@id\":\"https:\/\/www.overtheclouds.eu\/#\/schema\/person\/283fe644ef85985e7a0cad3f42b6cc63\"},\"headline\":\"Puigmal des d&#8217;Err\",\"datePublished\":\"2020-04-13T18:48:03+00:00\",\"dateModified\":\"2020-04-13T18:48:03+00:00\",\"mainEntityOfPage\":{\"@id\":\"https:\/\/www.overtheclouds.eu\/index.php\/fr\/2020\/04\/13\/puigmal-des-der-4\/\"},\"wordCount\":126,\"commentCount\":205,\"publisher\":{\"@id\":\"https:\/\/www.overtheclouds.eu\/#organization\"},\"image\":{\"@id\":\"https:\/\/www.overtheclouds.eu\/index.php\/fr\/2020\/04\/13\/puigmal-des-der-4\/#primaryimage\"},\"thumbnailUrl\":\"https:\/\/www.overtheclouds.eu\/wp-content\/uploads\/2020\/04\/IMG_6036-c\u00f2pia-scaled.jpg\",\"articleSection\":[\"\u26f0 2501m\",\"Noir (tr\u00e8s difficile)\",\"\ud83d\udeb2 95-99%\"],\"inLanguage\":\"es\",\"potentialAction\":[{\"@type\":\"CommentAction\",\"name\":\"Comment\",\"target\":[\"https:\/\/www.overtheclouds.eu\/index.php\/fr\/2020\/04\/13\/puigmal-des-der-4\/#respond\"]}]},{\"@type\":\"WebPage\",\"@id\":\"https:\/\/www.overtheclouds.eu\/index.php\/fr\/2020\/04\/13\/puigmal-des-der-4\/\",\"url\":\"https:\/\/www.overtheclouds.eu\/index.php\/fr\/2020\/04\/13\/puigmal-des-der-4\/\",\"name\":\"Puigmal des d'Err &#8211; Over the Clouds\",\"isPartOf\":{\"@id\":\"https:\/\/www.overtheclouds.eu\/#website\"},\"primaryImageOfPage\":{\"@id\":\"https:\/\/www.overtheclouds.eu\/index.php\/fr\/2020\/04\/13\/puigmal-des-der-4\/#primaryimage\"},\"image\":{\"@id\":\"https:\/\/www.overtheclouds.eu\/index.php\/fr\/2020\/04\/13\/puigmal-des-der-4\/#primaryimage\"},\"thumbnailUrl\":\"https:\/\/www.overtheclouds.eu\/wp-content\/uploads\/2020\/04\/IMG_6036-c\u00f2pia-scaled.jpg\",\"datePublished\":\"2020-04-13T18:48:03+00:00\",\"dateModified\":\"2020-04-13T18:48:03+00:00\",\"description\":\"Puigmal des d'Err &#8211; Extraordinary routes for ordinary bikers\",\"breadcrumb\":{\"@id\":\"https:\/\/www.overtheclouds.eu\/index.php\/fr\/2020\/04\/13\/puigmal-des-der-4\/#breadcrumb\"},\"inLanguage\":\"es\",\"potentialAction\":[{\"@type\":\"ReadAction\",\"target\":[\"https:\/\/www.overtheclouds.eu\/index.php\/fr\/2020\/04\/13\/puigmal-des-der-4\/\"]}]},{\"@type\":\"ImageObject\",\"inLanguage\":\"es\",\"@id\":\"https:\/\/www.overtheclouds.eu\/index.php\/fr\/2020\/04\/13\/puigmal-des-der-4\/#primaryimage\",\"url\":\"https:\/\/www.overtheclouds.eu\/wp-content\/uploads\/2020\/04\/IMG_6036-c\u00f2pia-scaled.jpg\",\"contentUrl\":\"https:\/\/www.overtheclouds.eu\/wp-content\/uploads\/2020\/04\/IMG_6036-c\u00f2pia-scaled.jpg\",\"width\":1920,\"height\":2560},{\"@type\":\"BreadcrumbList\",\"@id\":\"https:\/\/www.overtheclouds.eu\/index.php\/fr\/2020\/04\/13\/puigmal-des-der-4\/#breadcrumb\",\"itemListElement\":[{\"@type\":\"ListItem\",\"position\":1,\"name\":\"Inici\",\"item\":\"https:\/\/www.overtheclouds.eu\/\"},{\"@type\":\"ListItem\",\"position\":2,\"name\":\"Altitude maximale\",\"item\":\"https:\/\/www.overtheclouds.eu\/index.php\/fr\/category\/alcada-maxima-fr\/\"},{\"@type\":\"ListItem\",\"position\":3,\"name\":\"\u26f0 2501m\",\"item\":\"https:\/\/www.overtheclouds.eu\/index.php\/fr\/category\/alcada-maxima-fr\/2501m-fr\/\"},{\"@type\":\"ListItem\",\"position\":4,\"name\":\"Puigmal des d&#8217;Err\"}]},{\"@type\":\"WebSite\",\"@id\":\"https:\/\/www.overtheclouds.eu\/#website\",\"url\":\"https:\/\/www.overtheclouds.eu\/\",\"name\":\"Over the Clouds\",\"description\":\"El plaer de rec\u00f3rrer valls, carenes i assolir cims\",\"publisher\":{\"@id\":\"https:\/\/www.overtheclouds.eu\/#organization\"},\"potentialAction\":[{\"@type\":\"SearchAction\",\"target\":{\"@type\":\"EntryPoint\",\"urlTemplate\":\"https:\/\/www.overtheclouds.eu\/?s={search_term_string}\"},\"query-input\":\"required name=search_term_string\"}],\"inLanguage\":\"es\"},{\"@type\":\"Organization\",\"@id\":\"https:\/\/www.overtheclouds.eu\/#organization\",\"name\":\"Over the Clouds\",\"url\":\"https:\/\/www.overtheclouds.eu\/\",\"logo\":{\"@type\":\"ImageObject\",\"inLanguage\":\"es\",\"@id\":\"https:\/\/www.overtheclouds.eu\/#\/schema\/logo\/image\/\",\"url\":\"https:\/\/www.overtheclouds.eu\/wp-content\/uploads\/2020\/02\/logo-4.png\",\"contentUrl\":\"https:\/\/www.overtheclouds.eu\/wp-content\/uploads\/2020\/02\/logo-4.png\",\"width\":612,\"height\":418,\"caption\":\"Over the Clouds\"},\"image\":{\"@id\":\"https:\/\/www.overtheclouds.eu\/#\/schema\/logo\/image\/\"}},{\"@type\":\"Person\",\"@id\":\"https:\/\/www.overtheclouds.eu\/#\/schema\/person\/283fe644ef85985e7a0cad3f42b6cc63\",\"name\":\"Jaume\",\"image\":{\"@type\":\"ImageObject\",\"inLanguage\":\"es\",\"@id\":\"https:\/\/www.overtheclouds.eu\/#\/schema\/person\/image\/\",\"url\":\"https:\/\/secure.gravatar.com\/avatar\/86c0905ad41bd45ffed5903a626e36c9?s=96&d=blank&r=g\",\"contentUrl\":\"https:\/\/secure.gravatar.com\/avatar\/86c0905ad41bd45ffed5903a626e36c9?s=96&d=blank&r=g\",\"caption\":\"Jaume\"}}]}<\/script>\n<!-- \/ Yoast SEO plugin. -->","yoast_head_json":{"title":"Puigmal des d'Err &#8211; Over the Clouds","description":"Puigmal des d'Err &#8211; Extraordinary routes for ordinary bikers","robots":{"index":"index","follow":"follow","max-snippet":"max-snippet:-1","max-image-preview":"max-image-preview:large","max-video-preview":"max-video-preview:-1"},"canonical":"https:\/\/www.overtheclouds.eu\/index.php\/fr\/2020\/04\/13\/puigmal-des-der-4\/","og_locale":"es_ES","og_type":"article","og_title":"Puigmal des d'Err &#8211; Over the Clouds","og_description":"Puigmal des d'Err &#8211; Extraordinary routes for ordinary bikers","og_url":"https:\/\/www.overtheclouds.eu\/index.php\/fr\/2020\/04\/13\/puigmal-des-der-4\/","og_site_name":"Over the Clouds","article_published_time":"2020-04-13T18:48:03+00:00","og_image":[{"width":1920,"height":2560,"url":"https:\/\/www.overtheclouds.eu\/wp-content\/uploads\/2020\/04\/IMG_6036-c\u00f2pia-scaled.jpg","type":"image\/jpeg"}],"author":"Jaume","twitter_card":"summary_large_image","twitter_misc":{"Escrito por":"Jaume","Tiempo de lectura":"1 minuto"},"schema":{"@context":"https:\/\/schema.org","@graph":[{"@type":"Article","@id":"https:\/\/www.overtheclouds.eu\/index.php\/fr\/2020\/04\/13\/puigmal-des-der-4\/#article","isPartOf":{"@id":"https:\/\/www.overtheclouds.eu\/index.php\/fr\/2020\/04\/13\/puigmal-des-der-4\/"},"author":{"name":"Jaume","@id":"https:\/\/www.overtheclouds.eu\/#\/schema\/person\/283fe644ef85985e7a0cad3f42b6cc63"},"headline":"Puigmal des d&#8217;Err","datePublished":"2020-04-13T18:48:03+00:00","dateModified":"2020-04-13T18:48:03+00:00","mainEntityOfPage":{"@id":"https:\/\/www.overtheclouds.eu\/index.php\/fr\/2020\/04\/13\/puigmal-des-der-4\/"},"wordCount":126,"commentCount":205,"publisher":{"@id":"https:\/\/www.overtheclouds.eu\/#organization"},"image":{"@id":"https:\/\/www.overtheclouds.eu\/index.php\/fr\/2020\/04\/13\/puigmal-des-der-4\/#primaryimage"},"thumbnailUrl":"https:\/\/www.overtheclouds.eu\/wp-content\/uploads\/2020\/04\/IMG_6036-c\u00f2pia-scaled.jpg","articleSection":["\u26f0 2501m","Noir (tr\u00e8s difficile)","\ud83d\udeb2 95-99%"],"inLanguage":"es","potentialAction":[{"@type":"CommentAction","name":"Comment","target":["https:\/\/www.overtheclouds.eu\/index.php\/fr\/2020\/04\/13\/puigmal-des-der-4\/#respond"]}]},{"@type":"WebPage","@id":"https:\/\/www.overtheclouds.eu\/index.php\/fr\/2020\/04\/13\/puigmal-des-der-4\/","url":"https:\/\/www.overtheclouds.eu\/index.php\/fr\/2020\/04\/13\/puigmal-des-der-4\/","name":"Puigmal des d'Err &#8211; Over the Clouds","isPartOf":{"@id":"https:\/\/www.overtheclouds.eu\/#website"},"primaryImageOfPage":{"@id":"https:\/\/www.overtheclouds.eu\/index.php\/fr\/2020\/04\/13\/puigmal-des-der-4\/#primaryimage"},"image":{"@id":"https:\/\/www.overtheclouds.eu\/index.php\/fr\/2020\/04\/13\/puigmal-des-der-4\/#primaryimage"},"thumbnailUrl":"https:\/\/www.overtheclouds.eu\/wp-content\/uploads\/2020\/04\/IMG_6036-c\u00f2pia-scaled.jpg","datePublished":"2020-04-13T18:48:03+00:00","dateModified":"2020-04-13T18:48:03+00:00","description":"Puigmal des d'Err &#8211; Extraordinary routes for ordinary bikers","breadcrumb":{"@id":"https:\/\/www.overtheclouds.eu\/index.php\/fr\/2020\/04\/13\/puigmal-des-der-4\/#breadcrumb"},"inLanguage":"es","potentialAction":[{"@type":"ReadAction","target":["https:\/\/www.overtheclouds.eu\/index.php\/fr\/2020\/04\/13\/puigmal-des-der-4\/"]}]},{"@type":"ImageObject","inLanguage":"es","@id":"https:\/\/www.overtheclouds.eu\/index.php\/fr\/2020\/04\/13\/puigmal-des-der-4\/#primaryimage","url":"https:\/\/www.overtheclouds.eu\/wp-content\/uploads\/2020\/04\/IMG_6036-c\u00f2pia-scaled.jpg","contentUrl":"https:\/\/www.overtheclouds.eu\/wp-content\/uploads\/2020\/04\/IMG_6036-c\u00f2pia-scaled.jpg","width":1920,"height":2560},{"@type":"BreadcrumbList","@id":"https:\/\/www.overtheclouds.eu\/index.php\/fr\/2020\/04\/13\/puigmal-des-der-4\/#breadcrumb","itemListElement":[{"@type":"ListItem","position":1,"name":"Inici","item":"https:\/\/www.overtheclouds.eu\/"},{"@type":"ListItem","position":2,"name":"Altitude maximale","item":"https:\/\/www.overtheclouds.eu\/index.php\/fr\/category\/alcada-maxima-fr\/"},{"@type":"ListItem","position":3,"name":"\u26f0 2501m","item":"https:\/\/www.overtheclouds.eu\/index.php\/fr\/category\/alcada-maxima-fr\/2501m-fr\/"},{"@type":"ListItem","position":4,"name":"Puigmal des d&#8217;Err"}]},{"@type":"WebSite","@id":"https:\/\/www.overtheclouds.eu\/#website","url":"https:\/\/www.overtheclouds.eu\/","name":"Over the Clouds","description":"El plaer de rec\u00f3rrer valls, carenes i assolir cims","publisher":{"@id":"https:\/\/www.overtheclouds.eu\/#organization"},"potentialAction":[{"@type":"SearchAction","target":{"@type":"EntryPoint","urlTemplate":"https:\/\/www.overtheclouds.eu\/?s={search_term_string}"},"query-input":"required name=search_term_string"}],"inLanguage":"es"},{"@type":"Organization","@id":"https:\/\/www.overtheclouds.eu\/#organization","name":"Over the Clouds","url":"https:\/\/www.overtheclouds.eu\/","logo":{"@type":"ImageObject","inLanguage":"es","@id":"https:\/\/www.overtheclouds.eu\/#\/schema\/logo\/image\/","url":"https:\/\/www.overtheclouds.eu\/wp-content\/uploads\/2020\/02\/logo-4.png","contentUrl":"https:\/\/www.overtheclouds.eu\/wp-content\/uploads\/2020\/02\/logo-4.png","width":612,"height":418,"caption":"Over the Clouds"},"image":{"@id":"https:\/\/www.overtheclouds.eu\/#\/schema\/logo\/image\/"}},{"@type":"Person","@id":"https:\/\/www.overtheclouds.eu\/#\/schema\/person\/283fe644ef85985e7a0cad3f42b6cc63","name":"Jaume","image":{"@type":"ImageObject","inLanguage":"es","@id":"https:\/\/www.overtheclouds.eu\/#\/schema\/person\/image\/","url":"https:\/\/secure.gravatar.com\/avatar\/86c0905ad41bd45ffed5903a626e36c9?s=96&d=blank&r=g","contentUrl":"https:\/\/secure.gravatar.com\/avatar\/86c0905ad41bd45ffed5903a626e36c9?s=96&d=blank&r=g","caption":"Jaume"}}]}},"_links":{"self":[{"href":"https:\/\/www.overtheclouds.eu\/index.php\/wp-json\/wp\/v2\/posts\/897"}],"collection":[{"href":"https:\/\/www.overtheclouds.eu\/index.php\/wp-json\/wp\/v2\/posts"}],"about":[{"href":"https:\/\/www.overtheclouds.eu\/index.php\/wp-json\/wp\/v2\/types\/post"}],"author":[{"embeddable":true,"href":"https:\/\/www.overtheclouds.eu\/index.php\/wp-json\/wp\/v2\/users\/2"}],"replies":[{"embeddable":true,"href":"https:\/\/www.overtheclouds.eu\/index.php\/wp-json\/wp\/v2\/comments?post=897"}],"version-history":[{"count":0,"href":"https:\/\/www.overtheclouds.eu\/index.php\/wp-json\/wp\/v2\/posts\/897\/revisions"}],"wp:featuredmedia":[{"embeddable":true,"href":"https:\/\/www.overtheclouds.eu\/index.php\/wp-json\/wp\/v2\/media\/677"}],"wp:attachment":[{"href":"https:\/\/www.overtheclouds.eu\/index.php\/wp-json\/wp\/v2\/media?parent=897"}],"wp:term":[{"taxonomy":"category","embeddable":true,"href":"https:\/\/www.overtheclouds.eu\/index.php\/wp-json\/wp\/v2\/categories?post=897"},{"taxonomy":"post_tag","embeddable":true,"href":"https:\/\/www.overtheclouds.eu\/index.php\/wp-json\/wp\/v2\/tags?post=897"}],"curies":[{"name":"wp","href":"https:\/\/api.w.org\/{rel}","templated":true}]}}