{"id":884,"date":"2020-04-14T21:25:17","date_gmt":"2020-04-14T19:25:17","guid":{"rendered":"http:\/\/bsbmetalic.com\/overtheclouds\/?p=709"},"modified":"2020-04-26T21:41:39","modified_gmt":"2020-04-26T19:41:39","slug":"puig-de-les-morreres-port-del-comte-4","status":"publish","type":"post","link":"https:\/\/www.overtheclouds.eu\/index.php\/fr\/2020\/04\/14\/puig-de-les-morreres-port-del-comte-4\/","title":{"rendered":"Puig de les Morreres (Port del Comte)"},"content":{"rendered":"\n<h4 class=\"wp-block-heading\">Hauteur maximale de l\u2019itin\u00e9raire :<\/h4>\n\n\n\n<p>2 211 m\u00e8tres<\/p>\n\n\n\n<h4 class=\"wp-block-heading\">Br\u00e8ve description:<\/h4>\n\n\n\n<p>Grimpez \u00e0 l\u2019un des sommets de la cha\u00eene de montagnes de Port del Comte de Coll de Jou. C\u2019est un itin\u00e9raire assez abordable avec de grands panoramas.<\/p>\n\n\n\n<h4 class=\"wp-block-heading\">Zone g\u00e9ographique:<\/h4>\n\n\n\n<p>Vall\u00e9e du Seigneur (Solson\u00e8s)<\/p>\n\n\n\n<h4 class=\"wp-block-heading\">Cyclabilit\u00e9<\/h4>\n\n\n\n<div class=\"wptime-plugin-progress-wrap\" style=\"max-width:300px;margin-bottom:30px;\"><div class=\"wptime-plugin-progress-bar\" style=\"background:#0fa628;width:99%;\"><\/div><span>Ciclabilitat 99%<\/span><\/div>\n\n\n\n<h4 class=\"wp-block-heading\">Difficult\u00e9:<\/h4>\n\n\n\n<p class=\"blava\">Bleu<\/p>\n\n\n\n<div class=\"wp-block-group\"><div class=\"wp-block-group__inner-container is-layout-flow wp-block-group-is-layout-flow\">\n<h4 class=\"wp-block-heading\">Briefing d\u2019itin\u00e9raire<\/h4>\n\n\n\n<figure class=\"wp-block-embed-youtube wp-block-embed is-type-video is-provider-youtube wp-embed-aspect-16-9 wp-has-aspect-ratio\"><div class=\"wp-block-embed__wrapper\">\n<iframe loading=\"lazy\" title=\"Puig de Les Morreres 2017\" width=\"820\" height=\"461\" src=\"https:\/\/www.youtube.com\/embed\/fqQGyDA9XS8?feature=oembed\" frameborder=\"0\" allow=\"accelerometer; autoplay; encrypted-media; gyroscope; picture-in-picture\" allowfullscreen><\/iframe>\n<\/div><\/figure>\n<\/div><\/div>\n\n\n\n<div class=\"wp-block-group\"><div class=\"wp-block-group__inner-container is-layout-flow wp-block-group-is-layout-flow\">\n<h4 class=\"wp-block-heading\">Vid\u00e9o de l\u2019itin\u00e9raire<\/h4>\n\n\n\n<figure class=\"wp-block-embed-youtube wp-block-embed is-type-video is-provider-youtube wp-embed-aspect-16-9 wp-has-aspect-ratio\"><div class=\"wp-block-embed__wrapper\">\n<iframe loading=\"lazy\" title=\"En BTT pel Pirineu: El Puig de les Morreres\" width=\"820\" height=\"461\" src=\"https:\/\/www.youtube.com\/embed\/GWdCyybMTX0?feature=oembed\" frameborder=\"0\" allow=\"accelerometer; autoplay; encrypted-media; gyroscope; picture-in-picture\" allowfullscreen><\/iframe>\n<\/div><\/figure>\n<\/div><\/div>\n\n\n\n<div class=\"wp-block-group\"><div class=\"wp-block-group__inner-container is-layout-flow wp-block-group-is-layout-flow\">\n<h4 class=\"wp-block-heading\">T\u00e9l\u00e9charger la piste de l\u2019itin\u00e9raire<\/h4>\n\n\n\n<div class=\"wp-block-file\"><a href=\"http:\/\/bsbmetalic.com\/overtheclouds\/wp-content\/uploads\/2020\/04\/17-05-20-Coll-de-Jou-Les-Morreres-El-Querol-pista-parapent-Coll-de-Jou.gpx\">17-05-20 Coll de Jou-Les Morreres-El Querol-track parapente-Coll de J<\/a><a href=\"http:\/\/bsbmetalic.com\/overtheclouds\/wp-content\/uploads\/2020\/04\/17-05-20-Coll-de-Jou-Les-Morreres-El-Querol-pista-parapent-Coll-de-Jou.gpx\" class=\"wp-block-file__button\" download>oudownload<\/a><\/div>\n<\/div><\/div>\n\n\n\n<div class=\"wp-block-group\"><div class=\"wp-block-group__inner-container is-layout-flow wp-block-group-is-layout-flow\">\n<h4 class=\"wp-block-heading\">Galerie d\u2019images<\/h4>\n<\/div><\/div>\n\n\n\n\n<p><\/p>","protected":false},"excerpt":{"rendered":"<p>Hauteur maximale de l\u2019itin\u00e9raire : 2 211 m\u00e8tres Br\u00e8ve description: Grimpez \u00e0 l\u2019un des sommets de la cha\u00eene de montagnes de Port del Comte de Coll de Jou. C\u2019est un itin\u00e9raire assez abordable avec de grands panoramas. Zone g\u00e9ographique: Vall\u00e9e &hellip; <a href=\"https:\/\/www.overtheclouds.eu\/index.php\/fr\/2020\/04\/14\/puig-de-les-morreres-port-del-comte-4\/\" class=\"more-link\"><span class=\"more-button\">TOTA LA RUTA AQU\u00cd<span class=\"screen-reader-text\">Puig de les Morreres (Port del Comte)<\/span><\/span><\/a><\/p>\n","protected":false},"author":2,"featured_media":967,"comment_status":"open","ping_status":"closed","sticky":false,"template":"","format":"standard","meta":{"_exactmetrics_skip_tracking":false,"_exactmetrics_sitenote_active":false,"_exactmetrics_sitenote_note":"","_exactmetrics_sitenote_category":0,"footnotes":""},"categories":[189,210,296,146],"tags":[],"yoast_head":"<!-- This site is optimized with the Yoast SEO plugin v22.7 - https:\/\/yoast.com\/wordpress\/plugins\/seo\/ -->\n<title>Puig de les Morreres (Port del Comte) &#8211; Over the Clouds<\/title>\n<meta name=\"description\" content=\"Puig de les Morreres (Port del Comte) &#8211; Extraordinary routes for ordinary bikers\" \/>\n<meta name=\"robots\" content=\"index, follow, max-snippet:-1, max-image-preview:large, max-video-preview:-1\" \/>\n<link rel=\"canonical\" href=\"https:\/\/www.overtheclouds.eu\/index.php\/fr\/2020\/04\/14\/puig-de-les-morreres-port-del-comte-4\/\" \/>\n<meta property=\"og:locale\" content=\"es_ES\" \/>\n<meta property=\"og:type\" content=\"article\" \/>\n<meta property=\"og:title\" content=\"Puig de les Morreres (Port del Comte) &#8211; Over the Clouds\" \/>\n<meta property=\"og:description\" content=\"Puig de les Morreres (Port del Comte) &#8211; Extraordinary routes for ordinary bikers\" \/>\n<meta property=\"og:url\" content=\"https:\/\/www.overtheclouds.eu\/index.php\/fr\/2020\/04\/14\/puig-de-les-morreres-port-del-comte-4\/\" \/>\n<meta property=\"og:site_name\" content=\"Over the Clouds\" \/>\n<meta property=\"article:published_time\" content=\"2020-04-14T19:25:17+00:00\" \/>\n<meta property=\"article:modified_time\" content=\"2020-04-26T19:41:39+00:00\" \/>\n<meta property=\"og:image\" content=\"https:\/\/www.overtheclouds.eu\/wp-content\/uploads\/2020\/04\/DSC01270-scaled.jpg\" \/>\n\t<meta property=\"og:image:width\" content=\"2560\" \/>\n\t<meta property=\"og:image:height\" content=\"1442\" \/>\n\t<meta property=\"og:image:type\" content=\"image\/jpeg\" \/>\n<meta name=\"author\" content=\"Jaume\" \/>\n<meta name=\"twitter:card\" content=\"summary_large_image\" \/>\n<meta name=\"twitter:label1\" content=\"Escrito por\" \/>\n\t<meta name=\"twitter:data1\" content=\"Jaume\" \/>\n\t<meta name=\"twitter:label2\" content=\"Tiempo de lectura\" \/>\n\t<meta name=\"twitter:data2\" content=\"1 minuto\" \/>\n<script type=\"application\/ld+json\" class=\"yoast-schema-graph\">{\"@context\":\"https:\/\/schema.org\",\"@graph\":[{\"@type\":\"Article\",\"@id\":\"https:\/\/www.overtheclouds.eu\/index.php\/fr\/2020\/04\/14\/puig-de-les-morreres-port-del-comte-4\/#article\",\"isPartOf\":{\"@id\":\"https:\/\/www.overtheclouds.eu\/index.php\/fr\/2020\/04\/14\/puig-de-les-morreres-port-del-comte-4\/\"},\"author\":{\"name\":\"Jaume\",\"@id\":\"https:\/\/www.overtheclouds.eu\/#\/schema\/person\/283fe644ef85985e7a0cad3f42b6cc63\"},\"headline\":\"Puig de les Morreres (Port del Comte)\",\"datePublished\":\"2020-04-14T19:25:17+00:00\",\"dateModified\":\"2020-04-26T19:41:39+00:00\",\"mainEntityOfPage\":{\"@id\":\"https:\/\/www.overtheclouds.eu\/index.php\/fr\/2020\/04\/14\/puig-de-les-morreres-port-del-comte-4\/\"},\"wordCount\":108,\"commentCount\":87,\"publisher\":{\"@id\":\"https:\/\/www.overtheclouds.eu\/#organization\"},\"image\":{\"@id\":\"https:\/\/www.overtheclouds.eu\/index.php\/fr\/2020\/04\/14\/puig-de-les-morreres-port-del-comte-4\/#primaryimage\"},\"thumbnailUrl\":\"https:\/\/www.overtheclouds.eu\/wp-content\/uploads\/2020\/04\/DSC01270-scaled.jpg\",\"articleSection\":[\"\u26f0 1501-2500m\",\"Bleu (interm\u00e9diaire)\",\"Pr\u00e9-Pyr\u00e9n\u00e9es\",\"\ud83d\udeb2 100%\"],\"inLanguage\":\"es\",\"potentialAction\":[{\"@type\":\"CommentAction\",\"name\":\"Comment\",\"target\":[\"https:\/\/www.overtheclouds.eu\/index.php\/fr\/2020\/04\/14\/puig-de-les-morreres-port-del-comte-4\/#respond\"]}]},{\"@type\":\"WebPage\",\"@id\":\"https:\/\/www.overtheclouds.eu\/index.php\/fr\/2020\/04\/14\/puig-de-les-morreres-port-del-comte-4\/\",\"url\":\"https:\/\/www.overtheclouds.eu\/index.php\/fr\/2020\/04\/14\/puig-de-les-morreres-port-del-comte-4\/\",\"name\":\"Puig de les Morreres (Port del Comte) &#8211; Over the Clouds\",\"isPartOf\":{\"@id\":\"https:\/\/www.overtheclouds.eu\/#website\"},\"primaryImageOfPage\":{\"@id\":\"https:\/\/www.overtheclouds.eu\/index.php\/fr\/2020\/04\/14\/puig-de-les-morreres-port-del-comte-4\/#primaryimage\"},\"image\":{\"@id\":\"https:\/\/www.overtheclouds.eu\/index.php\/fr\/2020\/04\/14\/puig-de-les-morreres-port-del-comte-4\/#primaryimage\"},\"thumbnailUrl\":\"https:\/\/www.overtheclouds.eu\/wp-content\/uploads\/2020\/04\/DSC01270-scaled.jpg\",\"datePublished\":\"2020-04-14T19:25:17+00:00\",\"dateModified\":\"2020-04-26T19:41:39+00:00\",\"description\":\"Puig de les Morreres (Port del Comte) &#8211; Extraordinary routes for ordinary bikers\",\"breadcrumb\":{\"@id\":\"https:\/\/www.overtheclouds.eu\/index.php\/fr\/2020\/04\/14\/puig-de-les-morreres-port-del-comte-4\/#breadcrumb\"},\"inLanguage\":\"es\",\"potentialAction\":[{\"@type\":\"ReadAction\",\"target\":[\"https:\/\/www.overtheclouds.eu\/index.php\/fr\/2020\/04\/14\/puig-de-les-morreres-port-del-comte-4\/\"]}]},{\"@type\":\"ImageObject\",\"inLanguage\":\"es\",\"@id\":\"https:\/\/www.overtheclouds.eu\/index.php\/fr\/2020\/04\/14\/puig-de-les-morreres-port-del-comte-4\/#primaryimage\",\"url\":\"https:\/\/www.overtheclouds.eu\/wp-content\/uploads\/2020\/04\/DSC01270-scaled.jpg\",\"contentUrl\":\"https:\/\/www.overtheclouds.eu\/wp-content\/uploads\/2020\/04\/DSC01270-scaled.jpg\",\"width\":2560,\"height\":1442},{\"@type\":\"BreadcrumbList\",\"@id\":\"https:\/\/www.overtheclouds.eu\/index.php\/fr\/2020\/04\/14\/puig-de-les-morreres-port-del-comte-4\/#breadcrumb\",\"itemListElement\":[{\"@type\":\"ListItem\",\"position\":1,\"name\":\"Inici\",\"item\":\"https:\/\/www.overtheclouds.eu\/\"},{\"@type\":\"ListItem\",\"position\":2,\"name\":\"Altitude maximale\",\"item\":\"https:\/\/www.overtheclouds.eu\/index.php\/fr\/category\/alcada-maxima-fr\/\"},{\"@type\":\"ListItem\",\"position\":3,\"name\":\"\u26f0 1501-2500m\",\"item\":\"https:\/\/www.overtheclouds.eu\/index.php\/fr\/category\/alcada-maxima-fr\/1501-2500m-fr\/\"},{\"@type\":\"ListItem\",\"position\":4,\"name\":\"Puig de les Morreres (Port del Comte)\"}]},{\"@type\":\"WebSite\",\"@id\":\"https:\/\/www.overtheclouds.eu\/#website\",\"url\":\"https:\/\/www.overtheclouds.eu\/\",\"name\":\"Over the Clouds\",\"description\":\"El plaer de rec\u00f3rrer valls, carenes i assolir cims\",\"publisher\":{\"@id\":\"https:\/\/www.overtheclouds.eu\/#organization\"},\"potentialAction\":[{\"@type\":\"SearchAction\",\"target\":{\"@type\":\"EntryPoint\",\"urlTemplate\":\"https:\/\/www.overtheclouds.eu\/?s={search_term_string}\"},\"query-input\":\"required name=search_term_string\"}],\"inLanguage\":\"es\"},{\"@type\":\"Organization\",\"@id\":\"https:\/\/www.overtheclouds.eu\/#organization\",\"name\":\"Over the Clouds\",\"url\":\"https:\/\/www.overtheclouds.eu\/\",\"logo\":{\"@type\":\"ImageObject\",\"inLanguage\":\"es\",\"@id\":\"https:\/\/www.overtheclouds.eu\/#\/schema\/logo\/image\/\",\"url\":\"https:\/\/www.overtheclouds.eu\/wp-content\/uploads\/2020\/02\/logo-4.png\",\"contentUrl\":\"https:\/\/www.overtheclouds.eu\/wp-content\/uploads\/2020\/02\/logo-4.png\",\"width\":612,\"height\":418,\"caption\":\"Over the Clouds\"},\"image\":{\"@id\":\"https:\/\/www.overtheclouds.eu\/#\/schema\/logo\/image\/\"}},{\"@type\":\"Person\",\"@id\":\"https:\/\/www.overtheclouds.eu\/#\/schema\/person\/283fe644ef85985e7a0cad3f42b6cc63\",\"name\":\"Jaume\",\"image\":{\"@type\":\"ImageObject\",\"inLanguage\":\"es\",\"@id\":\"https:\/\/www.overtheclouds.eu\/#\/schema\/person\/image\/\",\"url\":\"https:\/\/secure.gravatar.com\/avatar\/86c0905ad41bd45ffed5903a626e36c9?s=96&d=blank&r=g\",\"contentUrl\":\"https:\/\/secure.gravatar.com\/avatar\/86c0905ad41bd45ffed5903a626e36c9?s=96&d=blank&r=g\",\"caption\":\"Jaume\"}}]}<\/script>\n<!-- \/ Yoast SEO plugin. -->","yoast_head_json":{"title":"Puig de les Morreres (Port del Comte) &#8211; Over the Clouds","description":"Puig de les Morreres (Port del Comte) &#8211; Extraordinary routes for ordinary bikers","robots":{"index":"index","follow":"follow","max-snippet":"max-snippet:-1","max-image-preview":"max-image-preview:large","max-video-preview":"max-video-preview:-1"},"canonical":"https:\/\/www.overtheclouds.eu\/index.php\/fr\/2020\/04\/14\/puig-de-les-morreres-port-del-comte-4\/","og_locale":"es_ES","og_type":"article","og_title":"Puig de les Morreres (Port del Comte) &#8211; Over the Clouds","og_description":"Puig de les Morreres (Port del Comte) &#8211; Extraordinary routes for ordinary bikers","og_url":"https:\/\/www.overtheclouds.eu\/index.php\/fr\/2020\/04\/14\/puig-de-les-morreres-port-del-comte-4\/","og_site_name":"Over the Clouds","article_published_time":"2020-04-14T19:25:17+00:00","article_modified_time":"2020-04-26T19:41:39+00:00","og_image":[{"width":2560,"height":1442,"url":"https:\/\/www.overtheclouds.eu\/wp-content\/uploads\/2020\/04\/DSC01270-scaled.jpg","type":"image\/jpeg"}],"author":"Jaume","twitter_card":"summary_large_image","twitter_misc":{"Escrito por":"Jaume","Tiempo de lectura":"1 minuto"},"schema":{"@context":"https:\/\/schema.org","@graph":[{"@type":"Article","@id":"https:\/\/www.overtheclouds.eu\/index.php\/fr\/2020\/04\/14\/puig-de-les-morreres-port-del-comte-4\/#article","isPartOf":{"@id":"https:\/\/www.overtheclouds.eu\/index.php\/fr\/2020\/04\/14\/puig-de-les-morreres-port-del-comte-4\/"},"author":{"name":"Jaume","@id":"https:\/\/www.overtheclouds.eu\/#\/schema\/person\/283fe644ef85985e7a0cad3f42b6cc63"},"headline":"Puig de les Morreres (Port del Comte)","datePublished":"2020-04-14T19:25:17+00:00","dateModified":"2020-04-26T19:41:39+00:00","mainEntityOfPage":{"@id":"https:\/\/www.overtheclouds.eu\/index.php\/fr\/2020\/04\/14\/puig-de-les-morreres-port-del-comte-4\/"},"wordCount":108,"commentCount":87,"publisher":{"@id":"https:\/\/www.overtheclouds.eu\/#organization"},"image":{"@id":"https:\/\/www.overtheclouds.eu\/index.php\/fr\/2020\/04\/14\/puig-de-les-morreres-port-del-comte-4\/#primaryimage"},"thumbnailUrl":"https:\/\/www.overtheclouds.eu\/wp-content\/uploads\/2020\/04\/DSC01270-scaled.jpg","articleSection":["\u26f0 1501-2500m","Bleu (interm\u00e9diaire)","Pr\u00e9-Pyr\u00e9n\u00e9es","\ud83d\udeb2 100%"],"inLanguage":"es","potentialAction":[{"@type":"CommentAction","name":"Comment","target":["https:\/\/www.overtheclouds.eu\/index.php\/fr\/2020\/04\/14\/puig-de-les-morreres-port-del-comte-4\/#respond"]}]},{"@type":"WebPage","@id":"https:\/\/www.overtheclouds.eu\/index.php\/fr\/2020\/04\/14\/puig-de-les-morreres-port-del-comte-4\/","url":"https:\/\/www.overtheclouds.eu\/index.php\/fr\/2020\/04\/14\/puig-de-les-morreres-port-del-comte-4\/","name":"Puig de les Morreres (Port del Comte) &#8211; Over the Clouds","isPartOf":{"@id":"https:\/\/www.overtheclouds.eu\/#website"},"primaryImageOfPage":{"@id":"https:\/\/www.overtheclouds.eu\/index.php\/fr\/2020\/04\/14\/puig-de-les-morreres-port-del-comte-4\/#primaryimage"},"image":{"@id":"https:\/\/www.overtheclouds.eu\/index.php\/fr\/2020\/04\/14\/puig-de-les-morreres-port-del-comte-4\/#primaryimage"},"thumbnailUrl":"https:\/\/www.overtheclouds.eu\/wp-content\/uploads\/2020\/04\/DSC01270-scaled.jpg","datePublished":"2020-04-14T19:25:17+00:00","dateModified":"2020-04-26T19:41:39+00:00","description":"Puig de les Morreres (Port del Comte) &#8211; Extraordinary routes for ordinary bikers","breadcrumb":{"@id":"https:\/\/www.overtheclouds.eu\/index.php\/fr\/2020\/04\/14\/puig-de-les-morreres-port-del-comte-4\/#breadcrumb"},"inLanguage":"es","potentialAction":[{"@type":"ReadAction","target":["https:\/\/www.overtheclouds.eu\/index.php\/fr\/2020\/04\/14\/puig-de-les-morreres-port-del-comte-4\/"]}]},{"@type":"ImageObject","inLanguage":"es","@id":"https:\/\/www.overtheclouds.eu\/index.php\/fr\/2020\/04\/14\/puig-de-les-morreres-port-del-comte-4\/#primaryimage","url":"https:\/\/www.overtheclouds.eu\/wp-content\/uploads\/2020\/04\/DSC01270-scaled.jpg","contentUrl":"https:\/\/www.overtheclouds.eu\/wp-content\/uploads\/2020\/04\/DSC01270-scaled.jpg","width":2560,"height":1442},{"@type":"BreadcrumbList","@id":"https:\/\/www.overtheclouds.eu\/index.php\/fr\/2020\/04\/14\/puig-de-les-morreres-port-del-comte-4\/#breadcrumb","itemListElement":[{"@type":"ListItem","position":1,"name":"Inici","item":"https:\/\/www.overtheclouds.eu\/"},{"@type":"ListItem","position":2,"name":"Altitude maximale","item":"https:\/\/www.overtheclouds.eu\/index.php\/fr\/category\/alcada-maxima-fr\/"},{"@type":"ListItem","position":3,"name":"\u26f0 1501-2500m","item":"https:\/\/www.overtheclouds.eu\/index.php\/fr\/category\/alcada-maxima-fr\/1501-2500m-fr\/"},{"@type":"ListItem","position":4,"name":"Puig de les Morreres (Port del Comte)"}]},{"@type":"WebSite","@id":"https:\/\/www.overtheclouds.eu\/#website","url":"https:\/\/www.overtheclouds.eu\/","name":"Over the Clouds","description":"El plaer de rec\u00f3rrer valls, carenes i assolir cims","publisher":{"@id":"https:\/\/www.overtheclouds.eu\/#organization"},"potentialAction":[{"@type":"SearchAction","target":{"@type":"EntryPoint","urlTemplate":"https:\/\/www.overtheclouds.eu\/?s={search_term_string}"},"query-input":"required name=search_term_string"}],"inLanguage":"es"},{"@type":"Organization","@id":"https:\/\/www.overtheclouds.eu\/#organization","name":"Over the Clouds","url":"https:\/\/www.overtheclouds.eu\/","logo":{"@type":"ImageObject","inLanguage":"es","@id":"https:\/\/www.overtheclouds.eu\/#\/schema\/logo\/image\/","url":"https:\/\/www.overtheclouds.eu\/wp-content\/uploads\/2020\/02\/logo-4.png","contentUrl":"https:\/\/www.overtheclouds.eu\/wp-content\/uploads\/2020\/02\/logo-4.png","width":612,"height":418,"caption":"Over the Clouds"},"image":{"@id":"https:\/\/www.overtheclouds.eu\/#\/schema\/logo\/image\/"}},{"@type":"Person","@id":"https:\/\/www.overtheclouds.eu\/#\/schema\/person\/283fe644ef85985e7a0cad3f42b6cc63","name":"Jaume","image":{"@type":"ImageObject","inLanguage":"es","@id":"https:\/\/www.overtheclouds.eu\/#\/schema\/person\/image\/","url":"https:\/\/secure.gravatar.com\/avatar\/86c0905ad41bd45ffed5903a626e36c9?s=96&d=blank&r=g","contentUrl":"https:\/\/secure.gravatar.com\/avatar\/86c0905ad41bd45ffed5903a626e36c9?s=96&d=blank&r=g","caption":"Jaume"}}]}},"_links":{"self":[{"href":"https:\/\/www.overtheclouds.eu\/index.php\/wp-json\/wp\/v2\/posts\/884"}],"collection":[{"href":"https:\/\/www.overtheclouds.eu\/index.php\/wp-json\/wp\/v2\/posts"}],"about":[{"href":"https:\/\/www.overtheclouds.eu\/index.php\/wp-json\/wp\/v2\/types\/post"}],"author":[{"embeddable":true,"href":"https:\/\/www.overtheclouds.eu\/index.php\/wp-json\/wp\/v2\/users\/2"}],"replies":[{"embeddable":true,"href":"https:\/\/www.overtheclouds.eu\/index.php\/wp-json\/wp\/v2\/comments?post=884"}],"version-history":[{"count":2,"href":"https:\/\/www.overtheclouds.eu\/index.php\/wp-json\/wp\/v2\/posts\/884\/revisions"}],"predecessor-version":[{"id":968,"href":"https:\/\/www.overtheclouds.eu\/index.php\/wp-json\/wp\/v2\/posts\/884\/revisions\/968"}],"wp:featuredmedia":[{"embeddable":true,"href":"https:\/\/www.overtheclouds.eu\/index.php\/wp-json\/wp\/v2\/media\/967"}],"wp:attachment":[{"href":"https:\/\/www.overtheclouds.eu\/index.php\/wp-json\/wp\/v2\/media?parent=884"}],"wp:term":[{"taxonomy":"category","embeddable":true,"href":"https:\/\/www.overtheclouds.eu\/index.php\/wp-json\/wp\/v2\/categories?post=884"},{"taxonomy":"post_tag","embeddable":true,"href":"https:\/\/www.overtheclouds.eu\/index.php\/wp-json\/wp\/v2\/tags?post=884"}],"curies":[{"name":"wp","href":"https:\/\/api.w.org\/{rel}","templated":true}]}}