{"id":883,"date":"2020-04-14T21:06:26","date_gmt":"2020-04-14T19:06:26","guid":{"rendered":"http:\/\/bsbmetalic.com\/overtheclouds\/?p=704"},"modified":"2020-04-14T21:06:26","modified_gmt":"2020-04-14T19:06:26","slug":"cap-de-la-gallina-pelada-serra-densija-3","status":"publish","type":"post","link":"https:\/\/www.overtheclouds.eu\/index.php\/es\/2020\/04\/14\/cap-de-la-gallina-pelada-serra-densija-3\/","title":{"rendered":"Cap de la Gallina Pelada (Serra d&#8217;Ensija)"},"content":{"rendered":"\n<h4 class=\"wp-block-heading\">Altura m\u00e1xima de la ruta:<\/h4>\n\n\n\n<p>2.317 metros<\/p>\n\n\n\n<h4 class=\"wp-block-heading\">Breve descripci\u00f3n:<\/h4>\n\n\n\n<p>Sube a la cumbre culminante de la Serra D&#39;ensija desde la Font Freda. El primer tramo de subida es muy dif\u00edcil, pero una vez en la zona de los prados es una delicia. Sube dos picos, la Cruz de Hierro y el Cap del Llitzet, m\u00e1s conocido como la Gallina Pelada. En la zona de los prados hay un refugio vigilado donde existe la posibilidad de hacer refresco. El descenso por el desarraides de la Roca Blanca es bastante espectacular. Amplias vistas panor\u00e1micas sobre Pedraforca, Cad\u00ed, Verd y Port del Comte.<\/p>\n\n\n\n<h4 class=\"wp-block-heading\">Zona geogr\u00e1fica:<\/h4>\n\n\n\n<p>Bergued\u00e0<\/p>\n\n\n\n<h4 class=\"wp-block-heading\">Cyclability<\/h4>\n\n\n\n<div class=\"wptime-plugin-progress-wrap\" style=\"max-width:300px;margin-bottom:30px;\"><div class=\"wptime-plugin-progress-bar\" style=\"background:#0fa628;width:90%;\"><\/div><span>Ciclabilitat 90%<\/span><\/div>\n\n\n\n<h4 class=\"wp-block-heading\">Dificultad:<\/h4>\n\n\n\n<p class=\"negra\">Negro<\/p>\n\n\n\n<div class=\"wp-block-group\"><div class=\"wp-block-group__inner-container is-layout-flow wp-block-group-is-layout-flow\">\n<h4 class=\"wp-block-heading\">Informaci\u00f3n de ruta<\/h4>\n\n\n<\/div><\/div>\n\n\n\n<div class=\"wp-block-group\"><div class=\"wp-block-group__inner-container is-layout-flow wp-block-group-is-layout-flow\">\n<h4 class=\"wp-block-heading\">V\u00eddeo de la ruta<\/h4>\n\n\n\n<figure class=\"wp-block-embed-youtube wp-block-embed is-type-video is-provider-youtube wp-embed-aspect-16-9 wp-has-aspect-ratio\"><div class=\"wp-block-embed__wrapper\">\n<iframe loading=\"lazy\" title=\"En BTT pel Pirineu: La Serra d&#039;Ensija i els seus cims.\" width=\"820\" height=\"461\" src=\"https:\/\/www.youtube.com\/embed\/Lybdj009F7s?feature=oembed\" frameborder=\"0\" allow=\"accelerometer; autoplay; encrypted-media; gyroscope; picture-in-picture\" allowfullscreen><\/iframe>\n<\/div><\/figure>\n<\/div><\/div>\n\n\n\n<div class=\"wp-block-group\"><div class=\"wp-block-group__inner-container is-layout-flow wp-block-group-is-layout-flow\">\n<h4 class=\"wp-block-heading\">Descargar la pista de la ruta<\/h4>\n\n\n\n<div class=\"wp-block-file\"><a href=\"http:\/\/bsbmetalic.com\/overtheclouds\/wp-content\/uploads\/2020\/04\/19-10-05-Serra-dEnsija-i-des-de-la-Font-Freda.gpx\">19-10-05 Serra D&#39;ensija y de la fuente Fred<\/a><a href=\"http:\/\/bsbmetalic.com\/overtheclouds\/wp-content\/uploads\/2020\/04\/19-10-05-Serra-dEnsija-i-des-de-la-Font-Freda.gpx\" class=\"wp-block-file__button\" download>adesupload<\/a><\/div>\n<\/div><\/div>\n\n\n\n<div class=\"wp-block-group\"><div class=\"wp-block-group__inner-container is-layout-flow wp-block-group-is-layout-flow\">\n<h4 class=\"wp-block-heading\">Galer\u00eda de im\u00e1genes<\/h4>\n<\/div><\/div>\n\n\n\n\n<p>\u00a0<\/p>","protected":false},"excerpt":{"rendered":"<p>Altura m\u00e1xima de la ruta: 2.317 metros Breve descripci\u00f3n: Sube a la cumbre culminante de la Serra D&#39;ensija desde la Font Freda. El primer tramo de subida es muy dif\u00edcil, pero una vez en la zona de los prados es &hellip; <a href=\"https:\/\/www.overtheclouds.eu\/index.php\/es\/2020\/04\/14\/cap-de-la-gallina-pelada-serra-densija-3\/\" class=\"more-link\"><span class=\"more-button\">TOTA LA RUTA AQU\u00cd<span class=\"screen-reader-text\">Cap de la Gallina Pelada (Serra d&#8217;Ensija)<\/span><\/span><\/a><\/p>\n","protected":false},"author":2,"featured_media":965,"comment_status":"open","ping_status":"closed","sticky":false,"template":"","format":"standard","meta":{"_exactmetrics_skip_tracking":false,"_exactmetrics_sitenote_active":false,"_exactmetrics_sitenote_note":"","_exactmetrics_sitenote_category":0,"footnotes":""},"categories":[165,224,203],"tags":[],"yoast_head":"<!-- This site is optimized with the Yoast SEO plugin v22.7 - https:\/\/yoast.com\/wordpress\/plugins\/seo\/ -->\n<title>Cap de la Gallina Pelada (Serra d&#039;Ensija) &#8211; Over the Clouds<\/title>\n<meta name=\"description\" content=\"Cap de la Gallina Pelada (Serra d&#039;Ensija) &#8211; Extraordinary routes for ordinary bikers\" \/>\n<meta name=\"robots\" content=\"index, follow, max-snippet:-1, max-image-preview:large, max-video-preview:-1\" \/>\n<link rel=\"canonical\" href=\"https:\/\/www.overtheclouds.eu\/index.php\/es\/2020\/04\/14\/cap-de-la-gallina-pelada-serra-densija-3\/\" \/>\n<meta property=\"og:locale\" content=\"es_ES\" \/>\n<meta property=\"og:type\" content=\"article\" \/>\n<meta property=\"og:title\" content=\"Cap de la Gallina Pelada (Serra d&#039;Ensija) &#8211; Over the Clouds\" \/>\n<meta property=\"og:description\" content=\"Cap de la Gallina Pelada (Serra d&#039;Ensija) &#8211; Extraordinary routes for ordinary bikers\" \/>\n<meta property=\"og:url\" content=\"https:\/\/www.overtheclouds.eu\/index.php\/es\/2020\/04\/14\/cap-de-la-gallina-pelada-serra-densija-3\/\" \/>\n<meta property=\"og:site_name\" content=\"Over the Clouds\" \/>\n<meta property=\"article:published_time\" content=\"2020-04-14T19:06:26+00:00\" \/>\n<meta property=\"og:image\" content=\"https:\/\/www.overtheclouds.eu\/wp-content\/uploads\/2020\/04\/DSC01173-scaled.jpg\" \/>\n\t<meta property=\"og:image:width\" content=\"2560\" \/>\n\t<meta property=\"og:image:height\" content=\"1442\" \/>\n\t<meta property=\"og:image:type\" content=\"image\/jpeg\" \/>\n<meta name=\"author\" content=\"Jaume\" \/>\n<meta name=\"twitter:card\" content=\"summary_large_image\" \/>\n<meta name=\"twitter:label1\" content=\"Escrito por\" \/>\n\t<meta name=\"twitter:data1\" content=\"Jaume\" \/>\n\t<meta name=\"twitter:label2\" content=\"Tiempo de lectura\" \/>\n\t<meta name=\"twitter:data2\" content=\"1 minuto\" \/>\n<script type=\"application\/ld+json\" class=\"yoast-schema-graph\">{\"@context\":\"https:\/\/schema.org\",\"@graph\":[{\"@type\":\"Article\",\"@id\":\"https:\/\/www.overtheclouds.eu\/index.php\/es\/2020\/04\/14\/cap-de-la-gallina-pelada-serra-densija-3\/#article\",\"isPartOf\":{\"@id\":\"https:\/\/www.overtheclouds.eu\/index.php\/es\/2020\/04\/14\/cap-de-la-gallina-pelada-serra-densija-3\/\"},\"author\":{\"name\":\"Jaume\",\"@id\":\"https:\/\/www.overtheclouds.eu\/#\/schema\/person\/283fe644ef85985e7a0cad3f42b6cc63\"},\"headline\":\"Cap de la Gallina Pelada (Serra d&#8217;Ensija)\",\"datePublished\":\"2020-04-14T19:06:26+00:00\",\"dateModified\":\"2020-04-14T19:06:26+00:00\",\"mainEntityOfPage\":{\"@id\":\"https:\/\/www.overtheclouds.eu\/index.php\/es\/2020\/04\/14\/cap-de-la-gallina-pelada-serra-densija-3\/\"},\"wordCount\":163,\"commentCount\":3683,\"publisher\":{\"@id\":\"https:\/\/www.overtheclouds.eu\/#organization\"},\"image\":{\"@id\":\"https:\/\/www.overtheclouds.eu\/index.php\/es\/2020\/04\/14\/cap-de-la-gallina-pelada-serra-densija-3\/#primaryimage\"},\"thumbnailUrl\":\"https:\/\/www.overtheclouds.eu\/wp-content\/uploads\/2020\/04\/DSC01173-scaled.jpg\",\"articleSection\":[\"\u26f0 1501-2500m\",\"Negra (muy dif\u00edcil)\",\"\ud83d\udeb2 80-90%\"],\"inLanguage\":\"es\",\"potentialAction\":[{\"@type\":\"CommentAction\",\"name\":\"Comment\",\"target\":[\"https:\/\/www.overtheclouds.eu\/index.php\/es\/2020\/04\/14\/cap-de-la-gallina-pelada-serra-densija-3\/#respond\"]}]},{\"@type\":\"WebPage\",\"@id\":\"https:\/\/www.overtheclouds.eu\/index.php\/es\/2020\/04\/14\/cap-de-la-gallina-pelada-serra-densija-3\/\",\"url\":\"https:\/\/www.overtheclouds.eu\/index.php\/es\/2020\/04\/14\/cap-de-la-gallina-pelada-serra-densija-3\/\",\"name\":\"Cap de la Gallina Pelada (Serra d'Ensija) &#8211; Over the Clouds\",\"isPartOf\":{\"@id\":\"https:\/\/www.overtheclouds.eu\/#website\"},\"primaryImageOfPage\":{\"@id\":\"https:\/\/www.overtheclouds.eu\/index.php\/es\/2020\/04\/14\/cap-de-la-gallina-pelada-serra-densija-3\/#primaryimage\"},\"image\":{\"@id\":\"https:\/\/www.overtheclouds.eu\/index.php\/es\/2020\/04\/14\/cap-de-la-gallina-pelada-serra-densija-3\/#primaryimage\"},\"thumbnailUrl\":\"https:\/\/www.overtheclouds.eu\/wp-content\/uploads\/2020\/04\/DSC01173-scaled.jpg\",\"datePublished\":\"2020-04-14T19:06:26+00:00\",\"dateModified\":\"2020-04-14T19:06:26+00:00\",\"description\":\"Cap de la Gallina Pelada (Serra d'Ensija) &#8211; Extraordinary routes for ordinary bikers\",\"breadcrumb\":{\"@id\":\"https:\/\/www.overtheclouds.eu\/index.php\/es\/2020\/04\/14\/cap-de-la-gallina-pelada-serra-densija-3\/#breadcrumb\"},\"inLanguage\":\"es\",\"potentialAction\":[{\"@type\":\"ReadAction\",\"target\":[\"https:\/\/www.overtheclouds.eu\/index.php\/es\/2020\/04\/14\/cap-de-la-gallina-pelada-serra-densija-3\/\"]}]},{\"@type\":\"ImageObject\",\"inLanguage\":\"es\",\"@id\":\"https:\/\/www.overtheclouds.eu\/index.php\/es\/2020\/04\/14\/cap-de-la-gallina-pelada-serra-densija-3\/#primaryimage\",\"url\":\"https:\/\/www.overtheclouds.eu\/wp-content\/uploads\/2020\/04\/DSC01173-scaled.jpg\",\"contentUrl\":\"https:\/\/www.overtheclouds.eu\/wp-content\/uploads\/2020\/04\/DSC01173-scaled.jpg\",\"width\":2560,\"height\":1442},{\"@type\":\"BreadcrumbList\",\"@id\":\"https:\/\/www.overtheclouds.eu\/index.php\/es\/2020\/04\/14\/cap-de-la-gallina-pelada-serra-densija-3\/#breadcrumb\",\"itemListElement\":[{\"@type\":\"ListItem\",\"position\":1,\"name\":\"Inici\",\"item\":\"https:\/\/www.overtheclouds.eu\/\"},{\"@type\":\"ListItem\",\"position\":2,\"name\":\"Elevaci\u00f3n m\u00e1xima\",\"item\":\"https:\/\/www.overtheclouds.eu\/index.php\/es\/category\/alcada-maxima-es\/\"},{\"@type\":\"ListItem\",\"position\":3,\"name\":\"\u26f0 1501-2500m\",\"item\":\"https:\/\/www.overtheclouds.eu\/index.php\/es\/category\/alcada-maxima-es\/1501-2500m-es\/\"},{\"@type\":\"ListItem\",\"position\":4,\"name\":\"Cap de la Gallina Pelada (Serra d&#8217;Ensija)\"}]},{\"@type\":\"WebSite\",\"@id\":\"https:\/\/www.overtheclouds.eu\/#website\",\"url\":\"https:\/\/www.overtheclouds.eu\/\",\"name\":\"Over the Clouds\",\"description\":\"El plaer de rec\u00f3rrer valls, carenes i assolir cims\",\"publisher\":{\"@id\":\"https:\/\/www.overtheclouds.eu\/#organization\"},\"potentialAction\":[{\"@type\":\"SearchAction\",\"target\":{\"@type\":\"EntryPoint\",\"urlTemplate\":\"https:\/\/www.overtheclouds.eu\/?s={search_term_string}\"},\"query-input\":\"required name=search_term_string\"}],\"inLanguage\":\"es\"},{\"@type\":\"Organization\",\"@id\":\"https:\/\/www.overtheclouds.eu\/#organization\",\"name\":\"Over the Clouds\",\"url\":\"https:\/\/www.overtheclouds.eu\/\",\"logo\":{\"@type\":\"ImageObject\",\"inLanguage\":\"es\",\"@id\":\"https:\/\/www.overtheclouds.eu\/#\/schema\/logo\/image\/\",\"url\":\"https:\/\/www.overtheclouds.eu\/wp-content\/uploads\/2020\/02\/logo-4.png\",\"contentUrl\":\"https:\/\/www.overtheclouds.eu\/wp-content\/uploads\/2020\/02\/logo-4.png\",\"width\":612,\"height\":418,\"caption\":\"Over the Clouds\"},\"image\":{\"@id\":\"https:\/\/www.overtheclouds.eu\/#\/schema\/logo\/image\/\"}},{\"@type\":\"Person\",\"@id\":\"https:\/\/www.overtheclouds.eu\/#\/schema\/person\/283fe644ef85985e7a0cad3f42b6cc63\",\"name\":\"Jaume\",\"image\":{\"@type\":\"ImageObject\",\"inLanguage\":\"es\",\"@id\":\"https:\/\/www.overtheclouds.eu\/#\/schema\/person\/image\/\",\"url\":\"https:\/\/secure.gravatar.com\/avatar\/86c0905ad41bd45ffed5903a626e36c9?s=96&d=blank&r=g\",\"contentUrl\":\"https:\/\/secure.gravatar.com\/avatar\/86c0905ad41bd45ffed5903a626e36c9?s=96&d=blank&r=g\",\"caption\":\"Jaume\"}}]}<\/script>\n<!-- \/ Yoast SEO plugin. -->","yoast_head_json":{"title":"Cap de la Gallina Pelada (Serra d'Ensija) &#8211; Over the Clouds","description":"Cap de la Gallina Pelada (Serra d'Ensija) &#8211; Extraordinary routes for ordinary bikers","robots":{"index":"index","follow":"follow","max-snippet":"max-snippet:-1","max-image-preview":"max-image-preview:large","max-video-preview":"max-video-preview:-1"},"canonical":"https:\/\/www.overtheclouds.eu\/index.php\/es\/2020\/04\/14\/cap-de-la-gallina-pelada-serra-densija-3\/","og_locale":"es_ES","og_type":"article","og_title":"Cap de la Gallina Pelada (Serra d'Ensija) &#8211; Over the Clouds","og_description":"Cap de la Gallina Pelada (Serra d'Ensija) &#8211; Extraordinary routes for ordinary bikers","og_url":"https:\/\/www.overtheclouds.eu\/index.php\/es\/2020\/04\/14\/cap-de-la-gallina-pelada-serra-densija-3\/","og_site_name":"Over the Clouds","article_published_time":"2020-04-14T19:06:26+00:00","og_image":[{"width":2560,"height":1442,"url":"https:\/\/www.overtheclouds.eu\/wp-content\/uploads\/2020\/04\/DSC01173-scaled.jpg","type":"image\/jpeg"}],"author":"Jaume","twitter_card":"summary_large_image","twitter_misc":{"Escrito por":"Jaume","Tiempo de lectura":"1 minuto"},"schema":{"@context":"https:\/\/schema.org","@graph":[{"@type":"Article","@id":"https:\/\/www.overtheclouds.eu\/index.php\/es\/2020\/04\/14\/cap-de-la-gallina-pelada-serra-densija-3\/#article","isPartOf":{"@id":"https:\/\/www.overtheclouds.eu\/index.php\/es\/2020\/04\/14\/cap-de-la-gallina-pelada-serra-densija-3\/"},"author":{"name":"Jaume","@id":"https:\/\/www.overtheclouds.eu\/#\/schema\/person\/283fe644ef85985e7a0cad3f42b6cc63"},"headline":"Cap de la Gallina Pelada (Serra d&#8217;Ensija)","datePublished":"2020-04-14T19:06:26+00:00","dateModified":"2020-04-14T19:06:26+00:00","mainEntityOfPage":{"@id":"https:\/\/www.overtheclouds.eu\/index.php\/es\/2020\/04\/14\/cap-de-la-gallina-pelada-serra-densija-3\/"},"wordCount":163,"commentCount":3683,"publisher":{"@id":"https:\/\/www.overtheclouds.eu\/#organization"},"image":{"@id":"https:\/\/www.overtheclouds.eu\/index.php\/es\/2020\/04\/14\/cap-de-la-gallina-pelada-serra-densija-3\/#primaryimage"},"thumbnailUrl":"https:\/\/www.overtheclouds.eu\/wp-content\/uploads\/2020\/04\/DSC01173-scaled.jpg","articleSection":["\u26f0 1501-2500m","Negra (muy dif\u00edcil)","\ud83d\udeb2 80-90%"],"inLanguage":"es","potentialAction":[{"@type":"CommentAction","name":"Comment","target":["https:\/\/www.overtheclouds.eu\/index.php\/es\/2020\/04\/14\/cap-de-la-gallina-pelada-serra-densija-3\/#respond"]}]},{"@type":"WebPage","@id":"https:\/\/www.overtheclouds.eu\/index.php\/es\/2020\/04\/14\/cap-de-la-gallina-pelada-serra-densija-3\/","url":"https:\/\/www.overtheclouds.eu\/index.php\/es\/2020\/04\/14\/cap-de-la-gallina-pelada-serra-densija-3\/","name":"Cap de la Gallina Pelada (Serra d'Ensija) &#8211; Over the Clouds","isPartOf":{"@id":"https:\/\/www.overtheclouds.eu\/#website"},"primaryImageOfPage":{"@id":"https:\/\/www.overtheclouds.eu\/index.php\/es\/2020\/04\/14\/cap-de-la-gallina-pelada-serra-densija-3\/#primaryimage"},"image":{"@id":"https:\/\/www.overtheclouds.eu\/index.php\/es\/2020\/04\/14\/cap-de-la-gallina-pelada-serra-densija-3\/#primaryimage"},"thumbnailUrl":"https:\/\/www.overtheclouds.eu\/wp-content\/uploads\/2020\/04\/DSC01173-scaled.jpg","datePublished":"2020-04-14T19:06:26+00:00","dateModified":"2020-04-14T19:06:26+00:00","description":"Cap de la Gallina Pelada (Serra d'Ensija) &#8211; Extraordinary routes for ordinary bikers","breadcrumb":{"@id":"https:\/\/www.overtheclouds.eu\/index.php\/es\/2020\/04\/14\/cap-de-la-gallina-pelada-serra-densija-3\/#breadcrumb"},"inLanguage":"es","potentialAction":[{"@type":"ReadAction","target":["https:\/\/www.overtheclouds.eu\/index.php\/es\/2020\/04\/14\/cap-de-la-gallina-pelada-serra-densija-3\/"]}]},{"@type":"ImageObject","inLanguage":"es","@id":"https:\/\/www.overtheclouds.eu\/index.php\/es\/2020\/04\/14\/cap-de-la-gallina-pelada-serra-densija-3\/#primaryimage","url":"https:\/\/www.overtheclouds.eu\/wp-content\/uploads\/2020\/04\/DSC01173-scaled.jpg","contentUrl":"https:\/\/www.overtheclouds.eu\/wp-content\/uploads\/2020\/04\/DSC01173-scaled.jpg","width":2560,"height":1442},{"@type":"BreadcrumbList","@id":"https:\/\/www.overtheclouds.eu\/index.php\/es\/2020\/04\/14\/cap-de-la-gallina-pelada-serra-densija-3\/#breadcrumb","itemListElement":[{"@type":"ListItem","position":1,"name":"Inici","item":"https:\/\/www.overtheclouds.eu\/"},{"@type":"ListItem","position":2,"name":"Elevaci\u00f3n m\u00e1xima","item":"https:\/\/www.overtheclouds.eu\/index.php\/es\/category\/alcada-maxima-es\/"},{"@type":"ListItem","position":3,"name":"\u26f0 1501-2500m","item":"https:\/\/www.overtheclouds.eu\/index.php\/es\/category\/alcada-maxima-es\/1501-2500m-es\/"},{"@type":"ListItem","position":4,"name":"Cap de la Gallina Pelada (Serra d&#8217;Ensija)"}]},{"@type":"WebSite","@id":"https:\/\/www.overtheclouds.eu\/#website","url":"https:\/\/www.overtheclouds.eu\/","name":"Over the Clouds","description":"El plaer de rec\u00f3rrer valls, carenes i assolir cims","publisher":{"@id":"https:\/\/www.overtheclouds.eu\/#organization"},"potentialAction":[{"@type":"SearchAction","target":{"@type":"EntryPoint","urlTemplate":"https:\/\/www.overtheclouds.eu\/?s={search_term_string}"},"query-input":"required name=search_term_string"}],"inLanguage":"es"},{"@type":"Organization","@id":"https:\/\/www.overtheclouds.eu\/#organization","name":"Over the Clouds","url":"https:\/\/www.overtheclouds.eu\/","logo":{"@type":"ImageObject","inLanguage":"es","@id":"https:\/\/www.overtheclouds.eu\/#\/schema\/logo\/image\/","url":"https:\/\/www.overtheclouds.eu\/wp-content\/uploads\/2020\/02\/logo-4.png","contentUrl":"https:\/\/www.overtheclouds.eu\/wp-content\/uploads\/2020\/02\/logo-4.png","width":612,"height":418,"caption":"Over the Clouds"},"image":{"@id":"https:\/\/www.overtheclouds.eu\/#\/schema\/logo\/image\/"}},{"@type":"Person","@id":"https:\/\/www.overtheclouds.eu\/#\/schema\/person\/283fe644ef85985e7a0cad3f42b6cc63","name":"Jaume","image":{"@type":"ImageObject","inLanguage":"es","@id":"https:\/\/www.overtheclouds.eu\/#\/schema\/person\/image\/","url":"https:\/\/secure.gravatar.com\/avatar\/86c0905ad41bd45ffed5903a626e36c9?s=96&d=blank&r=g","contentUrl":"https:\/\/secure.gravatar.com\/avatar\/86c0905ad41bd45ffed5903a626e36c9?s=96&d=blank&r=g","caption":"Jaume"}}]}},"_links":{"self":[{"href":"https:\/\/www.overtheclouds.eu\/index.php\/wp-json\/wp\/v2\/posts\/883"}],"collection":[{"href":"https:\/\/www.overtheclouds.eu\/index.php\/wp-json\/wp\/v2\/posts"}],"about":[{"href":"https:\/\/www.overtheclouds.eu\/index.php\/wp-json\/wp\/v2\/types\/post"}],"author":[{"embeddable":true,"href":"https:\/\/www.overtheclouds.eu\/index.php\/wp-json\/wp\/v2\/users\/2"}],"replies":[{"embeddable":true,"href":"https:\/\/www.overtheclouds.eu\/index.php\/wp-json\/wp\/v2\/comments?post=883"}],"version-history":[{"count":0,"href":"https:\/\/www.overtheclouds.eu\/index.php\/wp-json\/wp\/v2\/posts\/883\/revisions"}],"wp:featuredmedia":[{"embeddable":true,"href":"https:\/\/www.overtheclouds.eu\/index.php\/wp-json\/wp\/v2\/media\/965"}],"wp:attachment":[{"href":"https:\/\/www.overtheclouds.eu\/index.php\/wp-json\/wp\/v2\/media?parent=883"}],"wp:term":[{"taxonomy":"category","embeddable":true,"href":"https:\/\/www.overtheclouds.eu\/index.php\/wp-json\/wp\/v2\/categories?post=883"},{"taxonomy":"post_tag","embeddable":true,"href":"https:\/\/www.overtheclouds.eu\/index.php\/wp-json\/wp\/v2\/tags?post=883"}],"curies":[{"name":"wp","href":"https:\/\/api.w.org\/{rel}","templated":true}]}}