{"id":734,"date":"2020-04-15T20:05:16","date_gmt":"2020-04-15T18:05:16","guid":{"rendered":"http:\/\/bsbmetalic.com\/overtheclouds\/?p=734"},"modified":"2020-04-26T21:34:44","modified_gmt":"2020-04-26T19:34:44","slug":"el-cogul-i-la-llebre-serra-de-busa","status":"publish","type":"post","link":"https:\/\/www.overtheclouds.eu\/index.php\/2020\/04\/15\/el-cogul-i-la-llebre-serra-de-busa\/","title":{"rendered":"El Cogul i la Llebre (Serra de Busa)"},"content":{"rendered":"\n<h4 class=\"wp-block-heading\">Al\u00e7ada m\u00e0xima de la ruta:<\/h4>\n\n\n\n<p>1.526 metres<\/p>\n\n\n\n<h4 class=\"wp-block-heading\">Descripci\u00f3 breu:<\/h4>\n\n\n\n<p>Descoberta de la Serra de Busa tot resseguint els seus indrets m\u00e9s emblem\u00e0tics i pujant als dos cims m\u00e9s alts de la serra. Grans panor\u00e0miques per tots costats degut a l&#8217;estrat\u00e8gica situaci\u00f3 d&#8217;aquesta serra. El punt de sortida i arribada \u00e9s a les Cases de Posada, al costat de la carretera C-462 que comunica Solsona amb la Vall de Lord.<\/p>\n\n\n\n<h4 class=\"wp-block-heading\">\u00c0rea geogr\u00e0fica:<\/h4>\n\n\n\n<p>Vall de Lord (Solson\u00e8s)<\/p>\n\n\n\n<h4 class=\"wp-block-heading\">Ciclabilitat:<\/h4>\n\n\n\n<div class=\"wptime-plugin-progress-wrap\" style=\"max-width:300px;margin-bottom:30px;\"><div class=\"wptime-plugin-progress-bar\" style=\"background:#0fa628;width:95%;\"><\/div><span>Ciclabilitat 95%<\/span><\/div>\n\n\n\n<h4 class=\"wp-block-heading\">Dificultat:<\/h4>\n\n\n\n<p class=\"vermella\">Vermella<\/p>\n\n\n\n<div class=\"wp-block-group\"><div class=\"wp-block-group__inner-container is-layout-flow wp-block-group-is-layout-flow\">\n<h4 class=\"wp-block-heading\">Briefing de la ruta<\/h4>\n\n\n<\/div><\/div>\n\n\n\n<div class=\"wp-block-group\"><div class=\"wp-block-group__inner-container is-layout-flow wp-block-group-is-layout-flow\">\n<h4 class=\"wp-block-heading\">V\u00eddeo de la ruta<\/h4>\n\n\n\n<figure class=\"wp-block-embed-youtube wp-block-embed is-type-video is-provider-youtube wp-embed-aspect-16-9 wp-has-aspect-ratio\"><div class=\"wp-block-embed__wrapper\">\n<iframe loading=\"lazy\" title=\"En BTT pel Pirineu: La Serra de Busa (cims de la Llebre i el Cogul)\" width=\"820\" height=\"461\" src=\"https:\/\/www.youtube.com\/embed\/FsEjDRKUyAo?feature=oembed\" frameborder=\"0\" allow=\"accelerometer; autoplay; encrypted-media; gyroscope; picture-in-picture\" allowfullscreen><\/iframe>\n<\/div><\/figure>\n<\/div><\/div>\n\n\n\n<div class=\"wp-block-group\"><div class=\"wp-block-group__inner-container is-layout-flow wp-block-group-is-layout-flow\">\n<h4 class=\"wp-block-heading\">Descarrega el track de la ruta<\/h4>\n\n\n\n<div class=\"wp-block-file\"><a href=\"http:\/\/bsbmetalic.com\/overtheclouds\/wp-content\/uploads\/2020\/04\/20-02-01-Serra-de-Busa-Adou-Llebre-Cogul.gpx\">20-02-01 Serra de Busa (Adou-Llebre-Cogul)<\/a><a href=\"http:\/\/bsbmetalic.com\/overtheclouds\/wp-content\/uploads\/2020\/04\/20-02-01-Serra-de-Busa-Adou-Llebre-Cogul.gpx\" class=\"wp-block-file__button\" download>Descarrega<\/a><\/div>\n<\/div><\/div>\n\n\n\n<div class=\"wp-block-group\"><div class=\"wp-block-group__inner-container is-layout-flow wp-block-group-is-layout-flow\">\n<h4 class=\"wp-block-heading\">Galeria d&#8217;imatges<\/h4>\n<\/div><\/div>\n\n\n<div class='photonic-google-stream photonic-stream ' id='photonic-google-stream-1'>\n\r\n<div class='photonic-error photonic-google-error' id='photonic-google-error-1'>\r\n\t<span class='photonic-error-icon photonic-icon'>&nbsp;<\/span>\r\n\t<div class='photonic-message'>\r\n\t\tNo se pudo obtener datos. Error:<br \/><code>\nRequest had insufficient authentication scopes.<\/code><br \/>\n\r\n\t<\/div>\r\n<\/div>\n\n<\/div><!-- .photonic-stream or .photonic-panel -->\n\n\n<p>&nbsp;<\/p>","protected":false},"excerpt":{"rendered":"<p>Al\u00e7ada m\u00e0xima de la ruta: 1.526 metres Descripci\u00f3 breu: Descoberta de la Serra de Busa tot resseguint els seus indrets m\u00e9s emblem\u00e0tics i pujant als dos cims m\u00e9s alts de la serra. Grans panor\u00e0miques per tots costats degut a l&#8217;estrat\u00e8gica &hellip; <a href=\"https:\/\/www.overtheclouds.eu\/index.php\/2020\/04\/15\/el-cogul-i-la-llebre-serra-de-busa\/\" class=\"more-link\"><span class=\"more-button\">TOTA LA RUTA AQU\u00cd<span class=\"screen-reader-text\">El Cogul i la Llebre (Serra de Busa)<\/span><\/span><\/a><\/p>\n","protected":false},"author":2,"featured_media":964,"comment_status":"open","ping_status":"closed","sticky":false,"template":"","format":"standard","meta":{"_exactmetrics_skip_tracking":false,"_exactmetrics_sitenote_active":false,"_exactmetrics_sitenote_note":"","_exactmetrics_sitenote_category":0,"footnotes":""},"categories":[17,28,14,21],"tags":[],"yoast_head":"<!-- This site is optimized with the Yoast SEO plugin v22.7 - https:\/\/yoast.com\/wordpress\/plugins\/seo\/ -->\n<title>El Cogul i la Llebre (Serra de Busa) &#8211; Over the Clouds<\/title>\n<meta name=\"description\" content=\"El Cogul i la Llebre (Serra de Busa) &#8211; Extraordinary routes for ordinary bikers\" \/>\n<meta name=\"robots\" content=\"index, follow, max-snippet:-1, max-image-preview:large, max-video-preview:-1\" \/>\n<link rel=\"canonical\" href=\"https:\/\/www.overtheclouds.eu\/index.php\/2020\/04\/15\/el-cogul-i-la-llebre-serra-de-busa\/\" \/>\n<meta property=\"og:locale\" content=\"es_ES\" \/>\n<meta property=\"og:type\" content=\"article\" \/>\n<meta property=\"og:title\" content=\"El Cogul i la Llebre (Serra de Busa) &#8211; Over the Clouds\" \/>\n<meta property=\"og:description\" content=\"El Cogul i la Llebre (Serra de Busa) &#8211; Extraordinary routes for ordinary bikers\" \/>\n<meta property=\"og:url\" content=\"https:\/\/www.overtheclouds.eu\/index.php\/2020\/04\/15\/el-cogul-i-la-llebre-serra-de-busa\/\" \/>\n<meta property=\"og:site_name\" content=\"Over the Clouds\" \/>\n<meta property=\"article:published_time\" content=\"2020-04-15T18:05:16+00:00\" \/>\n<meta property=\"article:modified_time\" content=\"2020-04-26T19:34:44+00:00\" \/>\n<meta property=\"og:image\" content=\"https:\/\/www.overtheclouds.eu\/wp-content\/uploads\/2020\/04\/DSC01694-scaled.jpg\" \/>\n\t<meta property=\"og:image:width\" content=\"2560\" \/>\n\t<meta property=\"og:image:height\" content=\"1442\" \/>\n\t<meta property=\"og:image:type\" content=\"image\/jpeg\" \/>\n<meta name=\"author\" content=\"Jaume\" \/>\n<meta name=\"twitter:card\" content=\"summary_large_image\" \/>\n<meta name=\"twitter:label1\" content=\"Escrito por\" \/>\n\t<meta name=\"twitter:data1\" content=\"Jaume\" \/>\n\t<meta name=\"twitter:label2\" content=\"Tiempo de lectura\" \/>\n\t<meta name=\"twitter:data2\" content=\"1 minuto\" \/>\n<script type=\"application\/ld+json\" class=\"yoast-schema-graph\">{\"@context\":\"https:\/\/schema.org\",\"@graph\":[{\"@type\":\"Article\",\"@id\":\"https:\/\/www.overtheclouds.eu\/index.php\/2020\/04\/15\/el-cogul-i-la-llebre-serra-de-busa\/#article\",\"isPartOf\":{\"@id\":\"https:\/\/www.overtheclouds.eu\/index.php\/2020\/04\/15\/el-cogul-i-la-llebre-serra-de-busa\/\"},\"author\":{\"name\":\"Jaume\",\"@id\":\"https:\/\/www.overtheclouds.eu\/#\/schema\/person\/283fe644ef85985e7a0cad3f42b6cc63\"},\"headline\":\"El Cogul i la Llebre (Serra de Busa)\",\"datePublished\":\"2020-04-15T18:05:16+00:00\",\"dateModified\":\"2020-04-26T19:34:44+00:00\",\"mainEntityOfPage\":{\"@id\":\"https:\/\/www.overtheclouds.eu\/index.php\/2020\/04\/15\/el-cogul-i-la-llebre-serra-de-busa\/\"},\"wordCount\":132,\"commentCount\":203,\"publisher\":{\"@id\":\"https:\/\/www.overtheclouds.eu\/#organization\"},\"image\":{\"@id\":\"https:\/\/www.overtheclouds.eu\/index.php\/2020\/04\/15\/el-cogul-i-la-llebre-serra-de-busa\/#primaryimage\"},\"thumbnailUrl\":\"https:\/\/www.overtheclouds.eu\/wp-content\/uploads\/2020\/04\/DSC01694-scaled.jpg\",\"articleSection\":[\"\u26f0 1501-2500m\",\"Prepirineu\",\"Vermella (Dif\u00edcil)\",\"\ud83d\udeb2 90-95%\"],\"inLanguage\":\"es\",\"potentialAction\":[{\"@type\":\"CommentAction\",\"name\":\"Comment\",\"target\":[\"https:\/\/www.overtheclouds.eu\/index.php\/2020\/04\/15\/el-cogul-i-la-llebre-serra-de-busa\/#respond\"]}]},{\"@type\":\"WebPage\",\"@id\":\"https:\/\/www.overtheclouds.eu\/index.php\/2020\/04\/15\/el-cogul-i-la-llebre-serra-de-busa\/\",\"url\":\"https:\/\/www.overtheclouds.eu\/index.php\/2020\/04\/15\/el-cogul-i-la-llebre-serra-de-busa\/\",\"name\":\"El Cogul i la Llebre (Serra de Busa) &#8211; Over the Clouds\",\"isPartOf\":{\"@id\":\"https:\/\/www.overtheclouds.eu\/#website\"},\"primaryImageOfPage\":{\"@id\":\"https:\/\/www.overtheclouds.eu\/index.php\/2020\/04\/15\/el-cogul-i-la-llebre-serra-de-busa\/#primaryimage\"},\"image\":{\"@id\":\"https:\/\/www.overtheclouds.eu\/index.php\/2020\/04\/15\/el-cogul-i-la-llebre-serra-de-busa\/#primaryimage\"},\"thumbnailUrl\":\"https:\/\/www.overtheclouds.eu\/wp-content\/uploads\/2020\/04\/DSC01694-scaled.jpg\",\"datePublished\":\"2020-04-15T18:05:16+00:00\",\"dateModified\":\"2020-04-26T19:34:44+00:00\",\"description\":\"El Cogul i la Llebre (Serra de Busa) &#8211; Extraordinary routes for ordinary bikers\",\"breadcrumb\":{\"@id\":\"https:\/\/www.overtheclouds.eu\/index.php\/2020\/04\/15\/el-cogul-i-la-llebre-serra-de-busa\/#breadcrumb\"},\"inLanguage\":\"es\",\"potentialAction\":[{\"@type\":\"ReadAction\",\"target\":[\"https:\/\/www.overtheclouds.eu\/index.php\/2020\/04\/15\/el-cogul-i-la-llebre-serra-de-busa\/\"]}]},{\"@type\":\"ImageObject\",\"inLanguage\":\"es\",\"@id\":\"https:\/\/www.overtheclouds.eu\/index.php\/2020\/04\/15\/el-cogul-i-la-llebre-serra-de-busa\/#primaryimage\",\"url\":\"https:\/\/www.overtheclouds.eu\/wp-content\/uploads\/2020\/04\/DSC01694-scaled.jpg\",\"contentUrl\":\"https:\/\/www.overtheclouds.eu\/wp-content\/uploads\/2020\/04\/DSC01694-scaled.jpg\",\"width\":2560,\"height\":1442},{\"@type\":\"BreadcrumbList\",\"@id\":\"https:\/\/www.overtheclouds.eu\/index.php\/2020\/04\/15\/el-cogul-i-la-llebre-serra-de-busa\/#breadcrumb\",\"itemListElement\":[{\"@type\":\"ListItem\",\"position\":1,\"name\":\"Inici\",\"item\":\"https:\/\/www.overtheclouds.eu\/\"},{\"@type\":\"ListItem\",\"position\":2,\"name\":\"Al\u00e7ada m\u00e0xima\",\"item\":\"https:\/\/www.overtheclouds.eu\/index.php\/category\/alcada-maxima\/\"},{\"@type\":\"ListItem\",\"position\":3,\"name\":\"\u26f0 1501-2500m\",\"item\":\"https:\/\/www.overtheclouds.eu\/index.php\/category\/alcada-maxima\/1501-2500m\/\"},{\"@type\":\"ListItem\",\"position\":4,\"name\":\"El Cogul i la Llebre (Serra de Busa)\"}]},{\"@type\":\"WebSite\",\"@id\":\"https:\/\/www.overtheclouds.eu\/#website\",\"url\":\"https:\/\/www.overtheclouds.eu\/\",\"name\":\"Over the Clouds\",\"description\":\"El plaer de rec\u00f3rrer valls, carenes i assolir cims\",\"publisher\":{\"@id\":\"https:\/\/www.overtheclouds.eu\/#organization\"},\"potentialAction\":[{\"@type\":\"SearchAction\",\"target\":{\"@type\":\"EntryPoint\",\"urlTemplate\":\"https:\/\/www.overtheclouds.eu\/?s={search_term_string}\"},\"query-input\":\"required name=search_term_string\"}],\"inLanguage\":\"es\"},{\"@type\":\"Organization\",\"@id\":\"https:\/\/www.overtheclouds.eu\/#organization\",\"name\":\"Over the Clouds\",\"url\":\"https:\/\/www.overtheclouds.eu\/\",\"logo\":{\"@type\":\"ImageObject\",\"inLanguage\":\"es\",\"@id\":\"https:\/\/www.overtheclouds.eu\/#\/schema\/logo\/image\/\",\"url\":\"https:\/\/www.overtheclouds.eu\/wp-content\/uploads\/2020\/02\/logo-4.png\",\"contentUrl\":\"https:\/\/www.overtheclouds.eu\/wp-content\/uploads\/2020\/02\/logo-4.png\",\"width\":612,\"height\":418,\"caption\":\"Over the Clouds\"},\"image\":{\"@id\":\"https:\/\/www.overtheclouds.eu\/#\/schema\/logo\/image\/\"}},{\"@type\":\"Person\",\"@id\":\"https:\/\/www.overtheclouds.eu\/#\/schema\/person\/283fe644ef85985e7a0cad3f42b6cc63\",\"name\":\"Jaume\",\"image\":{\"@type\":\"ImageObject\",\"inLanguage\":\"es\",\"@id\":\"https:\/\/www.overtheclouds.eu\/#\/schema\/person\/image\/\",\"url\":\"https:\/\/secure.gravatar.com\/avatar\/86c0905ad41bd45ffed5903a626e36c9?s=96&d=blank&r=g\",\"contentUrl\":\"https:\/\/secure.gravatar.com\/avatar\/86c0905ad41bd45ffed5903a626e36c9?s=96&d=blank&r=g\",\"caption\":\"Jaume\"}}]}<\/script>\n<!-- \/ Yoast SEO plugin. -->","yoast_head_json":{"title":"El Cogul i la Llebre (Serra de Busa) &#8211; Over the Clouds","description":"El Cogul i la Llebre (Serra de Busa) &#8211; Extraordinary routes for ordinary bikers","robots":{"index":"index","follow":"follow","max-snippet":"max-snippet:-1","max-image-preview":"max-image-preview:large","max-video-preview":"max-video-preview:-1"},"canonical":"https:\/\/www.overtheclouds.eu\/index.php\/2020\/04\/15\/el-cogul-i-la-llebre-serra-de-busa\/","og_locale":"es_ES","og_type":"article","og_title":"El Cogul i la Llebre (Serra de Busa) &#8211; Over the Clouds","og_description":"El Cogul i la Llebre (Serra de Busa) &#8211; Extraordinary routes for ordinary bikers","og_url":"https:\/\/www.overtheclouds.eu\/index.php\/2020\/04\/15\/el-cogul-i-la-llebre-serra-de-busa\/","og_site_name":"Over the Clouds","article_published_time":"2020-04-15T18:05:16+00:00","article_modified_time":"2020-04-26T19:34:44+00:00","og_image":[{"width":2560,"height":1442,"url":"https:\/\/www.overtheclouds.eu\/wp-content\/uploads\/2020\/04\/DSC01694-scaled.jpg","type":"image\/jpeg"}],"author":"Jaume","twitter_card":"summary_large_image","twitter_misc":{"Escrito por":"Jaume","Tiempo de lectura":"1 minuto"},"schema":{"@context":"https:\/\/schema.org","@graph":[{"@type":"Article","@id":"https:\/\/www.overtheclouds.eu\/index.php\/2020\/04\/15\/el-cogul-i-la-llebre-serra-de-busa\/#article","isPartOf":{"@id":"https:\/\/www.overtheclouds.eu\/index.php\/2020\/04\/15\/el-cogul-i-la-llebre-serra-de-busa\/"},"author":{"name":"Jaume","@id":"https:\/\/www.overtheclouds.eu\/#\/schema\/person\/283fe644ef85985e7a0cad3f42b6cc63"},"headline":"El Cogul i la Llebre (Serra de Busa)","datePublished":"2020-04-15T18:05:16+00:00","dateModified":"2020-04-26T19:34:44+00:00","mainEntityOfPage":{"@id":"https:\/\/www.overtheclouds.eu\/index.php\/2020\/04\/15\/el-cogul-i-la-llebre-serra-de-busa\/"},"wordCount":132,"commentCount":203,"publisher":{"@id":"https:\/\/www.overtheclouds.eu\/#organization"},"image":{"@id":"https:\/\/www.overtheclouds.eu\/index.php\/2020\/04\/15\/el-cogul-i-la-llebre-serra-de-busa\/#primaryimage"},"thumbnailUrl":"https:\/\/www.overtheclouds.eu\/wp-content\/uploads\/2020\/04\/DSC01694-scaled.jpg","articleSection":["\u26f0 1501-2500m","Prepirineu","Vermella (Dif\u00edcil)","\ud83d\udeb2 90-95%"],"inLanguage":"es","potentialAction":[{"@type":"CommentAction","name":"Comment","target":["https:\/\/www.overtheclouds.eu\/index.php\/2020\/04\/15\/el-cogul-i-la-llebre-serra-de-busa\/#respond"]}]},{"@type":"WebPage","@id":"https:\/\/www.overtheclouds.eu\/index.php\/2020\/04\/15\/el-cogul-i-la-llebre-serra-de-busa\/","url":"https:\/\/www.overtheclouds.eu\/index.php\/2020\/04\/15\/el-cogul-i-la-llebre-serra-de-busa\/","name":"El Cogul i la Llebre (Serra de Busa) &#8211; Over the Clouds","isPartOf":{"@id":"https:\/\/www.overtheclouds.eu\/#website"},"primaryImageOfPage":{"@id":"https:\/\/www.overtheclouds.eu\/index.php\/2020\/04\/15\/el-cogul-i-la-llebre-serra-de-busa\/#primaryimage"},"image":{"@id":"https:\/\/www.overtheclouds.eu\/index.php\/2020\/04\/15\/el-cogul-i-la-llebre-serra-de-busa\/#primaryimage"},"thumbnailUrl":"https:\/\/www.overtheclouds.eu\/wp-content\/uploads\/2020\/04\/DSC01694-scaled.jpg","datePublished":"2020-04-15T18:05:16+00:00","dateModified":"2020-04-26T19:34:44+00:00","description":"El Cogul i la Llebre (Serra de Busa) &#8211; Extraordinary routes for ordinary bikers","breadcrumb":{"@id":"https:\/\/www.overtheclouds.eu\/index.php\/2020\/04\/15\/el-cogul-i-la-llebre-serra-de-busa\/#breadcrumb"},"inLanguage":"es","potentialAction":[{"@type":"ReadAction","target":["https:\/\/www.overtheclouds.eu\/index.php\/2020\/04\/15\/el-cogul-i-la-llebre-serra-de-busa\/"]}]},{"@type":"ImageObject","inLanguage":"es","@id":"https:\/\/www.overtheclouds.eu\/index.php\/2020\/04\/15\/el-cogul-i-la-llebre-serra-de-busa\/#primaryimage","url":"https:\/\/www.overtheclouds.eu\/wp-content\/uploads\/2020\/04\/DSC01694-scaled.jpg","contentUrl":"https:\/\/www.overtheclouds.eu\/wp-content\/uploads\/2020\/04\/DSC01694-scaled.jpg","width":2560,"height":1442},{"@type":"BreadcrumbList","@id":"https:\/\/www.overtheclouds.eu\/index.php\/2020\/04\/15\/el-cogul-i-la-llebre-serra-de-busa\/#breadcrumb","itemListElement":[{"@type":"ListItem","position":1,"name":"Inici","item":"https:\/\/www.overtheclouds.eu\/"},{"@type":"ListItem","position":2,"name":"Al\u00e7ada m\u00e0xima","item":"https:\/\/www.overtheclouds.eu\/index.php\/category\/alcada-maxima\/"},{"@type":"ListItem","position":3,"name":"\u26f0 1501-2500m","item":"https:\/\/www.overtheclouds.eu\/index.php\/category\/alcada-maxima\/1501-2500m\/"},{"@type":"ListItem","position":4,"name":"El Cogul i la Llebre (Serra de Busa)"}]},{"@type":"WebSite","@id":"https:\/\/www.overtheclouds.eu\/#website","url":"https:\/\/www.overtheclouds.eu\/","name":"Over the Clouds","description":"El plaer de rec\u00f3rrer valls, carenes i assolir cims","publisher":{"@id":"https:\/\/www.overtheclouds.eu\/#organization"},"potentialAction":[{"@type":"SearchAction","target":{"@type":"EntryPoint","urlTemplate":"https:\/\/www.overtheclouds.eu\/?s={search_term_string}"},"query-input":"required name=search_term_string"}],"inLanguage":"es"},{"@type":"Organization","@id":"https:\/\/www.overtheclouds.eu\/#organization","name":"Over the Clouds","url":"https:\/\/www.overtheclouds.eu\/","logo":{"@type":"ImageObject","inLanguage":"es","@id":"https:\/\/www.overtheclouds.eu\/#\/schema\/logo\/image\/","url":"https:\/\/www.overtheclouds.eu\/wp-content\/uploads\/2020\/02\/logo-4.png","contentUrl":"https:\/\/www.overtheclouds.eu\/wp-content\/uploads\/2020\/02\/logo-4.png","width":612,"height":418,"caption":"Over the Clouds"},"image":{"@id":"https:\/\/www.overtheclouds.eu\/#\/schema\/logo\/image\/"}},{"@type":"Person","@id":"https:\/\/www.overtheclouds.eu\/#\/schema\/person\/283fe644ef85985e7a0cad3f42b6cc63","name":"Jaume","image":{"@type":"ImageObject","inLanguage":"es","@id":"https:\/\/www.overtheclouds.eu\/#\/schema\/person\/image\/","url":"https:\/\/secure.gravatar.com\/avatar\/86c0905ad41bd45ffed5903a626e36c9?s=96&d=blank&r=g","contentUrl":"https:\/\/secure.gravatar.com\/avatar\/86c0905ad41bd45ffed5903a626e36c9?s=96&d=blank&r=g","caption":"Jaume"}}]}},"_links":{"self":[{"href":"https:\/\/www.overtheclouds.eu\/index.php\/wp-json\/wp\/v2\/posts\/734"}],"collection":[{"href":"https:\/\/www.overtheclouds.eu\/index.php\/wp-json\/wp\/v2\/posts"}],"about":[{"href":"https:\/\/www.overtheclouds.eu\/index.php\/wp-json\/wp\/v2\/types\/post"}],"author":[{"embeddable":true,"href":"https:\/\/www.overtheclouds.eu\/index.php\/wp-json\/wp\/v2\/users\/2"}],"replies":[{"embeddable":true,"href":"https:\/\/www.overtheclouds.eu\/index.php\/wp-json\/wp\/v2\/comments?post=734"}],"version-history":[{"count":5,"href":"https:\/\/www.overtheclouds.eu\/index.php\/wp-json\/wp\/v2\/posts\/734\/revisions"}],"predecessor-version":[{"id":747,"href":"https:\/\/www.overtheclouds.eu\/index.php\/wp-json\/wp\/v2\/posts\/734\/revisions\/747"}],"wp:featuredmedia":[{"embeddable":true,"href":"https:\/\/www.overtheclouds.eu\/index.php\/wp-json\/wp\/v2\/media\/964"}],"wp:attachment":[{"href":"https:\/\/www.overtheclouds.eu\/index.php\/wp-json\/wp\/v2\/media?parent=734"}],"wp:term":[{"taxonomy":"category","embeddable":true,"href":"https:\/\/www.overtheclouds.eu\/index.php\/wp-json\/wp\/v2\/categories?post=734"},{"taxonomy":"post_tag","embeddable":true,"href":"https:\/\/www.overtheclouds.eu\/index.php\/wp-json\/wp\/v2\/tags?post=734"}],"curies":[{"name":"wp","href":"https:\/\/api.w.org\/{rel}","templated":true}]}}