{"id":2640,"date":"2026-09-01T21:32:49","date_gmt":"2026-09-01T19:32:49","guid":{"rendered":"https:\/\/www.overtheclouds.eu\/?p=2640"},"modified":"2026-09-01T21:32:51","modified_gmt":"2026-09-01T19:32:51","slug":"pedalant-per-lalt-pirineu-naorte-certascan-romedo-i-pla-de-boavi","status":"publish","type":"post","link":"https:\/\/www.overtheclouds.eu\/index.php\/2026\/09\/01\/pedalant-per-lalt-pirineu-naorte-certascan-romedo-i-pla-de-boavi\/","title":{"rendered":"Pedalant per l&#8217;Alt Pirineu: Naorte, Certascan, Romedo i Pla de Boavi"},"content":{"rendered":"\n<h4 class=\"wp-block-heading\">Al\u00e7ada m\u00e0xima de la ruta:<\/h4>\n\n\n\n<p>2.240 metres<\/p>\n\n\n\n<h4 class=\"wp-block-heading\">Descripci\u00f3 breu:<\/h4>\n\n\n\n<p>Interessant ruta d&#8217;alta muntanya per la cap\u00e7alera de Lladorre on hi ha el conjunt de llacs de Closell, Naorte, Certascan i Romedo. el punt de sortida \u00e9s a l&#8217;aparcament del poble de Tavascan, a la sortida del poble i molt a prop de la central hidroel\u00e8ctrica. Comencem a pedalar per la pista que puja paral\u00b7lela al riu Noguera de Lladorre. Despr\u00e9s de 6 quil\u00f2metres arribem a l&#8217;embassada de Montalto on hi ha una cru\u00eflla de pistes. Seguim per la de l&#8217;esquerra i a pocs metres trobem una cadena que barra el pas als vehicles motoritzats. \u00c9s una pista privada i per la que nom\u00e9s tenen acc\u00e9s els taxis i els ramaders de la zona. Comencem a pujar per aquesta pista que est\u00e0 for\u00e7a arranjada. A mida que anem pujant trobem diversos conjunts de bordes com les de Artamon i Ison. Quan portem 11,3 quil\u00f2metres trobem la cru\u00eflla que, a l&#8217;esquerra, ens ha de pujar fins el petit estany de Closell. Pocs metres abans d&#8217;arribar-hi deixem a la nostra esquerra la llarga i planera pista per on passa la gran canonada d&#8217;aigua del conjunt hidroel\u00e8ctric anomenat Tavascan Superior procedent dels llacs als que ens dirigim. R\u00e0pidament arribem a la clotada on hi ha empla\u00e7at el petit estany de Closell amb una petita edificaci\u00f3 a mode de petit refugi molt austera. Aqu\u00ed s&#8217;acaba la pista i comen\u00e7a un bonic sender que puja suaument i que amb uns 15 minuts ens situa al bonic i pintoresc estany de Naorte. Hi arribem per les restes d&#8217;una pista que es va construir a la d\u00e8cada dels anys 60 i que prov\u00e9 de pocs metres abans de l&#8217;estany Closell. A partir d&#8217;aqu\u00ed seguim un molt ben tra\u00e7at cam\u00ed que per les seves caracter\u00edstiques denota que va ser molt important. A trams encara conserva l&#8217;empedrat i hi trobem for\u00e7a parets de pedra seca i petits pontets que faciliten el pas. I \u00e9s que aquest cam\u00ed fou els que es va utilitzar per passar tot el material amb cavalleries per a la construcci\u00f3 de les obres hidroel\u00e8ctriques en els diferents llacs. Pedalem for\u00e7a c\u00f2modament amb unes bones panor\u00e0miques sobre el vessant nord occidental del conjunt de cims a l&#8217;entorn de la Pica d&#8217;Estats. Despr\u00e9s de passar per l&#8217;indret conegut com els Canalets arribem al refugi de Certascan, guardat a cura de la FEEC. \u00c9s un edifici que va ser constru\u00eft per FECSA per acollir els seus treballadors per\u00f2 que posteriorment fou cedit a la Federaci\u00f3 d&#8217;Entitats Excursionistes de Catalunya que el va reformar per donar-li la funci\u00f3 de refugi. Sobre mateix del refugi ja trobem el gran llac de Certascan, el m\u00e9s gran del Pirineu catal\u00e0 amb 47Ha. i 96 m. de profunditat. Est\u00e0 situat en una cubeta glacial al peu del pic de Certascan cap a ponen i el Cap de Canalets cap el sud. Val la pena passar-hi una estoneta per gaudir del magn\u00edfic panorama. Refem el curt tram que ens separa del refugi i ens hi aturem a dinar. L&#8217;ambient excursionista i de refugi ens fa passar una bona estona de rep\u00f2s. Un cop atipats i descansats iniciem la baixada cap a l&#8217;indret de Canalada on trobarem la pista. Aquest tram \u00e9s el m\u00e9s complicat de tota la ruta at\u00e8s que es tracta d&#8217;un cam\u00ed ple de pedres i graons que en molts trams no \u00e9s ciclable, sobretot el tram que voreja l&#8217;estanyet inferior. Quan arribem a la cru\u00eflla de senders, el que va a Romedo superior i el que baixa a Canalada, decidim baixar pel dret per un terreny aglevat i que ens estalvia el tram pedreg\u00f3s. Finalment arribem a la pista a l&#8217;indret de Canalada per on baixa les cascades procedents dels llacs que acabem de visitar. Molt bonic. A partir d&#8217;aqu\u00ed seguim la pista que es dirigeix al llac de Romedo inferior al que hi arribem molt c\u00f2modament. El trobem for\u00e7a baix de nivell i aix\u00f2 ens d\u00f3na la possibilitat de poder visitar la gran canonada que s&#8217;inicia en aquest llac i que despr\u00e9s de rec\u00f3rrer subterraneament 8774 metres arriba a la canonada de Gueron que forma el salt que fa funcionar la central de Tavascan. Un cop visitat aquest llac iniciem el retorn per la mateixa pista per la que hem vingut. Passem altra cop per l&#8217;indret de Canalada i continuem baixant r\u00e0pidament per la pista que hem pujat a l&#8217;inici de la pedalada fins arribar al fons de la vall a l&#8217;indret de Montalto, on hi ha la cadena. Un cop a la cru\u00eflla seguim per una bonica pista que va paral\u00b7lela al riu aig\u00fces amunt fins que arribem el buc\u00f2lic Pla de Boavi, unes boniques planes encatifades d&#8217;herba a l&#8217;entrada de la vall de Broate. Un lloc que convida al descans. Refem el tram de cam\u00ed i un cop a Montalto seguim pista avall fins arribar de nou al punt d&#8217;inici de la ruta al poble de Tavascan. Acabem una ruta molt interessant tant en el vessant paisatg\u00edstic com hist\u00f2ric. Ara b\u00e9 tingueu en compte el tram dificult\u00f3s entre el refugi de Certascan i la pista de Canalada i que hem consumit uns 700 w. en total.<\/p>\n\n\n\n<h4 class=\"wp-block-heading\">\u00c0rea geogr\u00e0fica:<\/h4>\n\n\n\n<p>Alt Pirineu, Vall de Card\u00f3s<\/p>\n\n\n\n<h4 class=\"wp-block-heading\">Ciclabilitat:<\/h4>\n\n\n\n<div class=\"wptime-plugin-progress-wrap\" style=\"max-width:300px;margin-bottom:30px;\"><div class=\"wptime-plugin-progress-bar\" style=\"background:#0fa628;width:95%;\"><\/div><span>Ciclabilitat 95%<\/span><\/div>\n\n\n\n<h4 class=\"wp-block-heading\">Dificultat:<\/h4>\n\n\n\n<p class=\"verda\">Negra<\/p>\n\n\n\n<div class=\"wp-block-group\"><div class=\"wp-block-group__inner-container is-layout-flow wp-block-group-is-layout-flow\">\n<h4 class=\"wp-block-heading\">Briefing de la ruta<\/h4>\n\n\n<\/div><\/div>\n\n\n\n<div class=\"wp-block-group\"><div class=\"wp-block-group__inner-container is-layout-flow wp-block-group-is-layout-flow\">\n<h4 class=\"wp-block-heading\">V\u00eddeo de la ruta<\/h4>\n\n\n\n<figure class=\"wp-block-embed is-type-video is-provider-youtube wp-block-embed-youtube wp-embed-aspect-16-9 wp-has-aspect-ratio\"><div class=\"wp-block-embed__wrapper\">\n<iframe loading=\"lazy\" title=\"Pedalant per l&#039;Alt Pirineu: Naorte-Certascan-Romedo\" width=\"820\" height=\"461\" src=\"https:\/\/www.youtube.com\/embed\/TXA2wWtP4ok?feature=oembed\" frameborder=\"0\" allow=\"accelerometer; autoplay; clipboard-write; encrypted-media; gyroscope; picture-in-picture; web-share\" referrerpolicy=\"strict-origin-when-cross-origin\" allowfullscreen><\/iframe>\n<\/div><\/figure>\n<\/div><\/div>\n\n\n\n<div class=\"wp-block-group\"><div class=\"wp-block-group__inner-container is-layout-flow wp-block-group-is-layout-flow\">\n<h4 class=\"wp-block-heading\">Descarrega el track de la ruta<\/h4>\n\n\n\n<div class=\"wp-block-file\"><a id=\"wp-block-file--media-df3ca210-69ce-444a-a3e1-bbf2a780323d\" href=\"https:\/\/www.overtheclouds.eu\/wp-content\/uploads\/2026\/09\/26-08-26-Tavascan-Naorte-Certescan.gpx\">26-08-26-Tavascan-Naorte-Certescan<\/a><a href=\"https:\/\/www.overtheclouds.eu\/wp-content\/uploads\/2026\/09\/26-08-26-Tavascan-Naorte-Certescan.gpx\" class=\"wp-block-file__button wp-element-button\" download aria-describedby=\"wp-block-file--media-df3ca210-69ce-444a-a3e1-bbf2a780323d\">Descarrega<\/a><\/div>\n<\/div><\/div>\n\n\n\n<div class=\"wp-block-group\"><div class=\"wp-block-group__inner-container is-layout-flow wp-block-group-is-layout-flow\">\n<h4 class=\"wp-block-heading\">Galeria d&#8217;imatges<\/h4>\n<\/div><\/div>\n\n\n\n\n<p>&nbsp;<\/p>","protected":false},"excerpt":{"rendered":"<p>Al\u00e7ada m\u00e0xima de la ruta: 2.240 metres Descripci\u00f3 breu: Interessant ruta d&#8217;alta muntanya per la cap\u00e7alera de Lladorre on hi ha el conjunt de llacs de Closell, Naorte, Certascan i Romedo. el punt de sortida \u00e9s a l&#8217;aparcament del poble &hellip; <a href=\"https:\/\/www.overtheclouds.eu\/index.php\/2026\/09\/01\/pedalant-per-lalt-pirineu-naorte-certascan-romedo-i-pla-de-boavi\/\" class=\"more-link\"><span class=\"more-button\">TOTA LA RUTA AQU\u00cd<span class=\"screen-reader-text\">Pedalant per l&#8217;Alt Pirineu: Naorte, Certascan, Romedo i Pla de Boavi<\/span><\/span><\/a><\/p>\n","protected":false},"author":2,"featured_media":2643,"comment_status":"open","ping_status":"closed","sticky":false,"template":"","format":"standard","meta":{"_exactmetrics_skip_tracking":false,"_exactmetrics_sitenote_active":false,"_exactmetrics_sitenote_note":"","_exactmetrics_sitenote_category":0,"footnotes":""},"categories":[1,17,15,3,21],"tags":[],"yoast_head":"<!-- This site is optimized with the Yoast SEO plugin v22.7 - https:\/\/yoast.com\/wordpress\/plugins\/seo\/ -->\n<title>Pedalant per l&#039;Alt Pirineu: Naorte, Certascan, Romedo i Pla de Boavi &#8211; Over the Clouds<\/title>\n<meta name=\"description\" content=\"Pedalant per l&#039;Alt Pirineu: Naorte, Certascan, Romedo i Pla de Boavi &#8211; - &#8211; Extraordinary routes for ordinary bikers\" \/>\n<meta name=\"robots\" content=\"index, follow, max-snippet:-1, max-image-preview:large, max-video-preview:-1\" \/>\n<link rel=\"canonical\" href=\"https:\/\/www.overtheclouds.eu\/index.php\/2026\/09\/01\/pedalant-per-lalt-pirineu-naorte-certascan-romedo-i-pla-de-boavi\/\" \/>\n<meta property=\"og:locale\" content=\"es_ES\" \/>\n<meta property=\"og:type\" content=\"article\" \/>\n<meta property=\"og:title\" content=\"Pedalant per l&#039;Alt Pirineu: Naorte, Certascan, Romedo i Pla de Boavi &#8211; Over the Clouds\" \/>\n<meta property=\"og:description\" content=\"Pedalant per l&#039;Alt Pirineu: Naorte, Certascan, Romedo i Pla de Boavi &#8211; - &#8211; Extraordinary routes for ordinary bikers\" \/>\n<meta property=\"og:url\" content=\"https:\/\/www.overtheclouds.eu\/index.php\/2026\/09\/01\/pedalant-per-lalt-pirineu-naorte-certascan-romedo-i-pla-de-boavi\/\" \/>\n<meta property=\"og:site_name\" content=\"Over the Clouds\" \/>\n<meta property=\"article:published_time\" content=\"2026-09-01T19:32:49+00:00\" \/>\n<meta property=\"article:modified_time\" content=\"2026-09-01T19:32:51+00:00\" \/>\n<meta property=\"og:image\" content=\"https:\/\/www.overtheclouds.eu\/wp-content\/uploads\/2026\/09\/P1000469.jpg\" \/>\n\t<meta property=\"og:image:width\" content=\"1000\" \/>\n\t<meta property=\"og:image:height\" content=\"562\" \/>\n\t<meta property=\"og:image:type\" content=\"image\/jpeg\" \/>\n<meta name=\"author\" content=\"Jaume\" \/>\n<meta name=\"twitter:card\" content=\"summary_large_image\" \/>\n<meta name=\"twitter:label1\" content=\"Escrito por\" \/>\n\t<meta name=\"twitter:data1\" content=\"Jaume\" \/>\n\t<meta name=\"twitter:label2\" content=\"Tiempo de lectura\" \/>\n\t<meta name=\"twitter:data2\" content=\"5 minutos\" \/>\n<script type=\"application\/ld+json\" class=\"yoast-schema-graph\">{\"@context\":\"https:\/\/schema.org\",\"@graph\":[{\"@type\":\"Article\",\"@id\":\"https:\/\/www.overtheclouds.eu\/index.php\/2026\/09\/01\/pedalant-per-lalt-pirineu-naorte-certascan-romedo-i-pla-de-boavi\/#article\",\"isPartOf\":{\"@id\":\"https:\/\/www.overtheclouds.eu\/index.php\/2026\/09\/01\/pedalant-per-lalt-pirineu-naorte-certascan-romedo-i-pla-de-boavi\/\"},\"author\":{\"name\":\"Jaume\",\"@id\":\"https:\/\/www.overtheclouds.eu\/#\/schema\/person\/283fe644ef85985e7a0cad3f42b6cc63\"},\"headline\":\"Pedalant per l&#8217;Alt Pirineu: Naorte, Certascan, Romedo i Pla de Boavi\",\"datePublished\":\"2026-09-01T19:32:49+00:00\",\"dateModified\":\"2026-09-01T19:32:51+00:00\",\"mainEntityOfPage\":{\"@id\":\"https:\/\/www.overtheclouds.eu\/index.php\/2026\/09\/01\/pedalant-per-lalt-pirineu-naorte-certascan-romedo-i-pla-de-boavi\/\"},\"wordCount\":984,\"commentCount\":0,\"publisher\":{\"@id\":\"https:\/\/www.overtheclouds.eu\/#organization\"},\"image\":{\"@id\":\"https:\/\/www.overtheclouds.eu\/index.php\/2026\/09\/01\/pedalant-per-lalt-pirineu-naorte-certascan-romedo-i-pla-de-boavi\/#primaryimage\"},\"thumbnailUrl\":\"https:\/\/www.overtheclouds.eu\/wp-content\/uploads\/2026\/09\/P1000469.jpg\",\"articleSection\":[\"-\",\"\u26f0 1501-2500m\",\"Negra (Molt dif\u00edcil)\",\"Pirineu catal\u00e0\",\"\ud83d\udeb2 90-95%\"],\"inLanguage\":\"es\",\"potentialAction\":[{\"@type\":\"CommentAction\",\"name\":\"Comment\",\"target\":[\"https:\/\/www.overtheclouds.eu\/index.php\/2026\/09\/01\/pedalant-per-lalt-pirineu-naorte-certascan-romedo-i-pla-de-boavi\/#respond\"]}]},{\"@type\":\"WebPage\",\"@id\":\"https:\/\/www.overtheclouds.eu\/index.php\/2026\/09\/01\/pedalant-per-lalt-pirineu-naorte-certascan-romedo-i-pla-de-boavi\/\",\"url\":\"https:\/\/www.overtheclouds.eu\/index.php\/2026\/09\/01\/pedalant-per-lalt-pirineu-naorte-certascan-romedo-i-pla-de-boavi\/\",\"name\":\"Pedalant per l'Alt Pirineu: Naorte, Certascan, Romedo i Pla de Boavi &#8211; Over the Clouds\",\"isPartOf\":{\"@id\":\"https:\/\/www.overtheclouds.eu\/#website\"},\"primaryImageOfPage\":{\"@id\":\"https:\/\/www.overtheclouds.eu\/index.php\/2026\/09\/01\/pedalant-per-lalt-pirineu-naorte-certascan-romedo-i-pla-de-boavi\/#primaryimage\"},\"image\":{\"@id\":\"https:\/\/www.overtheclouds.eu\/index.php\/2026\/09\/01\/pedalant-per-lalt-pirineu-naorte-certascan-romedo-i-pla-de-boavi\/#primaryimage\"},\"thumbnailUrl\":\"https:\/\/www.overtheclouds.eu\/wp-content\/uploads\/2026\/09\/P1000469.jpg\",\"datePublished\":\"2026-09-01T19:32:49+00:00\",\"dateModified\":\"2026-09-01T19:32:51+00:00\",\"description\":\"Pedalant per l'Alt Pirineu: Naorte, Certascan, Romedo i Pla de Boavi &#8211; - &#8211; Extraordinary routes for ordinary bikers\",\"breadcrumb\":{\"@id\":\"https:\/\/www.overtheclouds.eu\/index.php\/2026\/09\/01\/pedalant-per-lalt-pirineu-naorte-certascan-romedo-i-pla-de-boavi\/#breadcrumb\"},\"inLanguage\":\"es\",\"potentialAction\":[{\"@type\":\"ReadAction\",\"target\":[\"https:\/\/www.overtheclouds.eu\/index.php\/2026\/09\/01\/pedalant-per-lalt-pirineu-naorte-certascan-romedo-i-pla-de-boavi\/\"]}]},{\"@type\":\"ImageObject\",\"inLanguage\":\"es\",\"@id\":\"https:\/\/www.overtheclouds.eu\/index.php\/2026\/09\/01\/pedalant-per-lalt-pirineu-naorte-certascan-romedo-i-pla-de-boavi\/#primaryimage\",\"url\":\"https:\/\/www.overtheclouds.eu\/wp-content\/uploads\/2026\/09\/P1000469.jpg\",\"contentUrl\":\"https:\/\/www.overtheclouds.eu\/wp-content\/uploads\/2026\/09\/P1000469.jpg\",\"width\":1000,\"height\":562},{\"@type\":\"BreadcrumbList\",\"@id\":\"https:\/\/www.overtheclouds.eu\/index.php\/2026\/09\/01\/pedalant-per-lalt-pirineu-naorte-certascan-romedo-i-pla-de-boavi\/#breadcrumb\",\"itemListElement\":[{\"@type\":\"ListItem\",\"position\":1,\"name\":\"Inici\",\"item\":\"https:\/\/www.overtheclouds.eu\/\"},{\"@type\":\"ListItem\",\"position\":2,\"name\":\"-\",\"item\":\"https:\/\/www.overtheclouds.eu\/index.php\/category\/sin-categoria\/\"},{\"@type\":\"ListItem\",\"position\":3,\"name\":\"Pedalant per l&#8217;Alt Pirineu: Naorte, Certascan, Romedo i Pla de Boavi\"}]},{\"@type\":\"WebSite\",\"@id\":\"https:\/\/www.overtheclouds.eu\/#website\",\"url\":\"https:\/\/www.overtheclouds.eu\/\",\"name\":\"Over the Clouds\",\"description\":\"El plaer de rec\u00f3rrer valls, carenes i assolir cims\",\"publisher\":{\"@id\":\"https:\/\/www.overtheclouds.eu\/#organization\"},\"potentialAction\":[{\"@type\":\"SearchAction\",\"target\":{\"@type\":\"EntryPoint\",\"urlTemplate\":\"https:\/\/www.overtheclouds.eu\/?s={search_term_string}\"},\"query-input\":\"required name=search_term_string\"}],\"inLanguage\":\"es\"},{\"@type\":\"Organization\",\"@id\":\"https:\/\/www.overtheclouds.eu\/#organization\",\"name\":\"Over the Clouds\",\"url\":\"https:\/\/www.overtheclouds.eu\/\",\"logo\":{\"@type\":\"ImageObject\",\"inLanguage\":\"es\",\"@id\":\"https:\/\/www.overtheclouds.eu\/#\/schema\/logo\/image\/\",\"url\":\"https:\/\/www.overtheclouds.eu\/wp-content\/uploads\/2020\/02\/logo-4.png\",\"contentUrl\":\"https:\/\/www.overtheclouds.eu\/wp-content\/uploads\/2020\/02\/logo-4.png\",\"width\":612,\"height\":418,\"caption\":\"Over the Clouds\"},\"image\":{\"@id\":\"https:\/\/www.overtheclouds.eu\/#\/schema\/logo\/image\/\"}},{\"@type\":\"Person\",\"@id\":\"https:\/\/www.overtheclouds.eu\/#\/schema\/person\/283fe644ef85985e7a0cad3f42b6cc63\",\"name\":\"Jaume\",\"image\":{\"@type\":\"ImageObject\",\"inLanguage\":\"es\",\"@id\":\"https:\/\/www.overtheclouds.eu\/#\/schema\/person\/image\/\",\"url\":\"https:\/\/secure.gravatar.com\/avatar\/86c0905ad41bd45ffed5903a626e36c9?s=96&d=blank&r=g\",\"contentUrl\":\"https:\/\/secure.gravatar.com\/avatar\/86c0905ad41bd45ffed5903a626e36c9?s=96&d=blank&r=g\",\"caption\":\"Jaume\"}}]}<\/script>\n<!-- \/ Yoast SEO plugin. -->","yoast_head_json":{"title":"Pedalant per l'Alt Pirineu: Naorte, Certascan, Romedo i Pla de Boavi &#8211; Over the Clouds","description":"Pedalant per l'Alt Pirineu: Naorte, Certascan, Romedo i Pla de Boavi &#8211; - &#8211; Extraordinary routes for ordinary bikers","robots":{"index":"index","follow":"follow","max-snippet":"max-snippet:-1","max-image-preview":"max-image-preview:large","max-video-preview":"max-video-preview:-1"},"canonical":"https:\/\/www.overtheclouds.eu\/index.php\/2026\/09\/01\/pedalant-per-lalt-pirineu-naorte-certascan-romedo-i-pla-de-boavi\/","og_locale":"es_ES","og_type":"article","og_title":"Pedalant per l'Alt Pirineu: Naorte, Certascan, Romedo i Pla de Boavi &#8211; Over the Clouds","og_description":"Pedalant per l'Alt Pirineu: Naorte, Certascan, Romedo i Pla de Boavi &#8211; - &#8211; Extraordinary routes for ordinary bikers","og_url":"https:\/\/www.overtheclouds.eu\/index.php\/2026\/09\/01\/pedalant-per-lalt-pirineu-naorte-certascan-romedo-i-pla-de-boavi\/","og_site_name":"Over the Clouds","article_published_time":"2026-09-01T19:32:49+00:00","article_modified_time":"2026-09-01T19:32:51+00:00","og_image":[{"width":1000,"height":562,"url":"https:\/\/www.overtheclouds.eu\/wp-content\/uploads\/2026\/09\/P1000469.jpg","type":"image\/jpeg"}],"author":"Jaume","twitter_card":"summary_large_image","twitter_misc":{"Escrito por":"Jaume","Tiempo de lectura":"5 minutos"},"schema":{"@context":"https:\/\/schema.org","@graph":[{"@type":"Article","@id":"https:\/\/www.overtheclouds.eu\/index.php\/2026\/09\/01\/pedalant-per-lalt-pirineu-naorte-certascan-romedo-i-pla-de-boavi\/#article","isPartOf":{"@id":"https:\/\/www.overtheclouds.eu\/index.php\/2026\/09\/01\/pedalant-per-lalt-pirineu-naorte-certascan-romedo-i-pla-de-boavi\/"},"author":{"name":"Jaume","@id":"https:\/\/www.overtheclouds.eu\/#\/schema\/person\/283fe644ef85985e7a0cad3f42b6cc63"},"headline":"Pedalant per l&#8217;Alt Pirineu: Naorte, Certascan, Romedo i Pla de Boavi","datePublished":"2026-09-01T19:32:49+00:00","dateModified":"2026-09-01T19:32:51+00:00","mainEntityOfPage":{"@id":"https:\/\/www.overtheclouds.eu\/index.php\/2026\/09\/01\/pedalant-per-lalt-pirineu-naorte-certascan-romedo-i-pla-de-boavi\/"},"wordCount":984,"commentCount":0,"publisher":{"@id":"https:\/\/www.overtheclouds.eu\/#organization"},"image":{"@id":"https:\/\/www.overtheclouds.eu\/index.php\/2026\/09\/01\/pedalant-per-lalt-pirineu-naorte-certascan-romedo-i-pla-de-boavi\/#primaryimage"},"thumbnailUrl":"https:\/\/www.overtheclouds.eu\/wp-content\/uploads\/2026\/09\/P1000469.jpg","articleSection":["-","\u26f0 1501-2500m","Negra (Molt dif\u00edcil)","Pirineu catal\u00e0","\ud83d\udeb2 90-95%"],"inLanguage":"es","potentialAction":[{"@type":"CommentAction","name":"Comment","target":["https:\/\/www.overtheclouds.eu\/index.php\/2026\/09\/01\/pedalant-per-lalt-pirineu-naorte-certascan-romedo-i-pla-de-boavi\/#respond"]}]},{"@type":"WebPage","@id":"https:\/\/www.overtheclouds.eu\/index.php\/2026\/09\/01\/pedalant-per-lalt-pirineu-naorte-certascan-romedo-i-pla-de-boavi\/","url":"https:\/\/www.overtheclouds.eu\/index.php\/2026\/09\/01\/pedalant-per-lalt-pirineu-naorte-certascan-romedo-i-pla-de-boavi\/","name":"Pedalant per l'Alt Pirineu: Naorte, Certascan, Romedo i Pla de Boavi &#8211; Over the Clouds","isPartOf":{"@id":"https:\/\/www.overtheclouds.eu\/#website"},"primaryImageOfPage":{"@id":"https:\/\/www.overtheclouds.eu\/index.php\/2026\/09\/01\/pedalant-per-lalt-pirineu-naorte-certascan-romedo-i-pla-de-boavi\/#primaryimage"},"image":{"@id":"https:\/\/www.overtheclouds.eu\/index.php\/2026\/09\/01\/pedalant-per-lalt-pirineu-naorte-certascan-romedo-i-pla-de-boavi\/#primaryimage"},"thumbnailUrl":"https:\/\/www.overtheclouds.eu\/wp-content\/uploads\/2026\/09\/P1000469.jpg","datePublished":"2026-09-01T19:32:49+00:00","dateModified":"2026-09-01T19:32:51+00:00","description":"Pedalant per l'Alt Pirineu: Naorte, Certascan, Romedo i Pla de Boavi &#8211; - &#8211; Extraordinary routes for ordinary bikers","breadcrumb":{"@id":"https:\/\/www.overtheclouds.eu\/index.php\/2026\/09\/01\/pedalant-per-lalt-pirineu-naorte-certascan-romedo-i-pla-de-boavi\/#breadcrumb"},"inLanguage":"es","potentialAction":[{"@type":"ReadAction","target":["https:\/\/www.overtheclouds.eu\/index.php\/2026\/09\/01\/pedalant-per-lalt-pirineu-naorte-certascan-romedo-i-pla-de-boavi\/"]}]},{"@type":"ImageObject","inLanguage":"es","@id":"https:\/\/www.overtheclouds.eu\/index.php\/2026\/09\/01\/pedalant-per-lalt-pirineu-naorte-certascan-romedo-i-pla-de-boavi\/#primaryimage","url":"https:\/\/www.overtheclouds.eu\/wp-content\/uploads\/2026\/09\/P1000469.jpg","contentUrl":"https:\/\/www.overtheclouds.eu\/wp-content\/uploads\/2026\/09\/P1000469.jpg","width":1000,"height":562},{"@type":"BreadcrumbList","@id":"https:\/\/www.overtheclouds.eu\/index.php\/2026\/09\/01\/pedalant-per-lalt-pirineu-naorte-certascan-romedo-i-pla-de-boavi\/#breadcrumb","itemListElement":[{"@type":"ListItem","position":1,"name":"Inici","item":"https:\/\/www.overtheclouds.eu\/"},{"@type":"ListItem","position":2,"name":"-","item":"https:\/\/www.overtheclouds.eu\/index.php\/category\/sin-categoria\/"},{"@type":"ListItem","position":3,"name":"Pedalant per l&#8217;Alt Pirineu: Naorte, Certascan, Romedo i Pla de Boavi"}]},{"@type":"WebSite","@id":"https:\/\/www.overtheclouds.eu\/#website","url":"https:\/\/www.overtheclouds.eu\/","name":"Over the Clouds","description":"El plaer de rec\u00f3rrer valls, carenes i assolir cims","publisher":{"@id":"https:\/\/www.overtheclouds.eu\/#organization"},"potentialAction":[{"@type":"SearchAction","target":{"@type":"EntryPoint","urlTemplate":"https:\/\/www.overtheclouds.eu\/?s={search_term_string}"},"query-input":"required name=search_term_string"}],"inLanguage":"es"},{"@type":"Organization","@id":"https:\/\/www.overtheclouds.eu\/#organization","name":"Over the Clouds","url":"https:\/\/www.overtheclouds.eu\/","logo":{"@type":"ImageObject","inLanguage":"es","@id":"https:\/\/www.overtheclouds.eu\/#\/schema\/logo\/image\/","url":"https:\/\/www.overtheclouds.eu\/wp-content\/uploads\/2020\/02\/logo-4.png","contentUrl":"https:\/\/www.overtheclouds.eu\/wp-content\/uploads\/2020\/02\/logo-4.png","width":612,"height":418,"caption":"Over the Clouds"},"image":{"@id":"https:\/\/www.overtheclouds.eu\/#\/schema\/logo\/image\/"}},{"@type":"Person","@id":"https:\/\/www.overtheclouds.eu\/#\/schema\/person\/283fe644ef85985e7a0cad3f42b6cc63","name":"Jaume","image":{"@type":"ImageObject","inLanguage":"es","@id":"https:\/\/www.overtheclouds.eu\/#\/schema\/person\/image\/","url":"https:\/\/secure.gravatar.com\/avatar\/86c0905ad41bd45ffed5903a626e36c9?s=96&d=blank&r=g","contentUrl":"https:\/\/secure.gravatar.com\/avatar\/86c0905ad41bd45ffed5903a626e36c9?s=96&d=blank&r=g","caption":"Jaume"}}]}},"_links":{"self":[{"href":"https:\/\/www.overtheclouds.eu\/index.php\/wp-json\/wp\/v2\/posts\/2640"}],"collection":[{"href":"https:\/\/www.overtheclouds.eu\/index.php\/wp-json\/wp\/v2\/posts"}],"about":[{"href":"https:\/\/www.overtheclouds.eu\/index.php\/wp-json\/wp\/v2\/types\/post"}],"author":[{"embeddable":true,"href":"https:\/\/www.overtheclouds.eu\/index.php\/wp-json\/wp\/v2\/users\/2"}],"replies":[{"embeddable":true,"href":"https:\/\/www.overtheclouds.eu\/index.php\/wp-json\/wp\/v2\/comments?post=2640"}],"version-history":[{"count":2,"href":"https:\/\/www.overtheclouds.eu\/index.php\/wp-json\/wp\/v2\/posts\/2640\/revisions"}],"predecessor-version":[{"id":2644,"href":"https:\/\/www.overtheclouds.eu\/index.php\/wp-json\/wp\/v2\/posts\/2640\/revisions\/2644"}],"wp:featuredmedia":[{"embeddable":true,"href":"https:\/\/www.overtheclouds.eu\/index.php\/wp-json\/wp\/v2\/media\/2643"}],"wp:attachment":[{"href":"https:\/\/www.overtheclouds.eu\/index.php\/wp-json\/wp\/v2\/media?parent=2640"}],"wp:term":[{"taxonomy":"category","embeddable":true,"href":"https:\/\/www.overtheclouds.eu\/index.php\/wp-json\/wp\/v2\/categories?post=2640"},{"taxonomy":"post_tag","embeddable":true,"href":"https:\/\/www.overtheclouds.eu\/index.php\/wp-json\/wp\/v2\/tags?post=2640"}],"curies":[{"name":"wp","href":"https:\/\/api.w.org\/{rel}","templated":true}]}}