{"id":2565,"date":"2026-04-22T20:59:18","date_gmt":"2026-04-22T18:59:18","guid":{"rendered":"https:\/\/www.overtheclouds.eu\/?p=2565"},"modified":"2026-04-22T20:59:19","modified_gmt":"2026-04-22T18:59:19","slug":"la-vall-de-la-vansa-racons-amagats-de-lalt-urgell","status":"publish","type":"post","link":"https:\/\/www.overtheclouds.eu\/index.php\/2026\/04\/22\/la-vall-de-la-vansa-racons-amagats-de-lalt-urgell\/","title":{"rendered":"La Vall de La Vansa, racons amagats de l&#8217;Alt Urgell"},"content":{"rendered":"\n<h4 class=\"wp-block-heading\">Al\u00e7ada m\u00e0xima de la ruta:<\/h4>\n\n\n\n<p>1.382 metres<\/p>\n\n\n\n<h4 class=\"wp-block-heading\">Descripci\u00f3 breu:<\/h4>\n\n\n\n<p>La Vall de La Vansa est\u00e0 situada a l&#8217;extrem occidental de la Serra del Cad\u00ed i est\u00e0 formada per un conjunt de nuclis molt petits i amb poca densitat de poblaci\u00f3. El nucli m\u00e9s important \u00e9s Sorribes de La Vansa on es concentren els serveis m\u00e9s importants d&#8217;aquesta rec\u00f2ndita vall. Inicio la ruta en aquest nucli al costat del punt d&#8217;informaci\u00f3 tur\u00edstic i de la Taberna. Comen\u00e7o a pedalar pel costat del riu de La Vansa, el travesso pel pont de la carretera d&#8217;Ossera i me&#8217;n vaig a visitar l&#8217;esgl\u00e9sia parroquial de Sant Pere de La Vansa on en un clos hi ha el petit cementiri. Segueixo pel vell cam\u00ed que hi d\u00f3na acc\u00e9s, travesso de nou el riu i per carretera arribo al proper nucli de Montargull on a la seva entrada inicio una llarga pujada per una bona pista. Aviat visito l&#8217;austera ermita rom\u00e0nica de Sant Jaume i m\u00e9s endavant passo per l&#8217;indret de la Creu del Pujol des d&#8217;on tinc unes bones panor\u00e0miques. Sense massa esfor\u00e7 arribo molt a prop del nucli de F\u00f3rnols que deixo a la meva dreta. Ara segueixo per l&#8217;antic cam\u00ed ral de La Seu d&#8217;Urgell que coincideix amb el GR7. \u00c9s un bon cam\u00ed que en alguns trams encara conserva l&#8217;empedrat i les parets de pedra seca. El segueixo fins al Coll de Bancs una important cru\u00eflla de carreteres i on hi ha empla\u00e7ada una \u00e0mplia \u00e0rea de lleure amb taules i panells informatius. Bona panor\u00e0mica del vessat nord del mass\u00eds del Port del Comte. Segueixo per una pista secund\u00e0ria que em porta al proper Coll de Sisquer on s&#8217;inicia un bonic corriol que baixa fins a aquest petit nucli. El travesso i segueixo pel sender que es dirigeix al fons de la vall del riu de Bona. \u00c9s un sender molt interessant, for\u00e7a fressat i que forma part dels itineraris senyalitzats pel riu de Bona. Sense massa dificultat baixo fins al fons de la vall on em trobo amb l&#8217;encimbellada dalt d&#8217;una cinglera Casa del Riu. Sorpr\u00e8n trobar en aquest rec\u00f2ndit indret una casa i m\u00e9s dalt d&#8217;una cinglera. Acabo de baixar fins el proper riu de Bona que travesso per una s\u00f2lida passera. A l&#8217;altre riba hi ha l&#8217;esplana on hi havia l&#8217;horta de la Casa del Riu i on s&#8217;inicia un bonic sender que aig\u00fces amunt em porta fins a la Cascada Gran, un bella raconada que no us podeu perdre. Refaig el cam\u00ed fins a l&#8217;horta i segueixo baixant paral\u00b7lel al riu una bona estona primer per una antiga pista i m\u00e9s endavant per un bonic corriol que s&#8217;endinsa a L&#8217;Estret un salvatge indret on el cam\u00ed supera un engorjat amb unes palanques molt s\u00f2lides. Us sorprendr\u00e0 trobar una infraestructura tan ben feta. La vall es torna a obrir, passo pel costat del monumental Roure Gran i arribo a l&#8217;esgl\u00e9sia m\u00e9s important d&#8217;aquests tocoms, Sant Juli\u00e0 dels Garrics, rom\u00e0nica del segle XII per\u00f2 en la que destaca el retaule del segle XVI dedicat a Sant Juli\u00e0. Finalment retorno a Sorribes de la Vansa per l&#8217;antic cam\u00ed, un sender for\u00e7a fressat i f\u00e0cil que \u00e9s una del\u00edcia pedalar-hi. En definitiva una ruta que us ajudar\u00e0 a descobrir aquesta amagada vall combinant hist\u00f2ria, turisme i art a cop de pedal.<\/p>\n\n\n\n<h4 class=\"wp-block-heading\">\u00c0rea geogr\u00e0fica:<\/h4>\n\n\n\n<p>Alt Urgell<\/p>\n\n\n\n<h4 class=\"wp-block-heading\">Ciclabilitat:<\/h4>\n\n\n\n<div class=\"wptime-plugin-progress-wrap\" style=\"max-width:300px;margin-bottom:30px;\"><div class=\"wptime-plugin-progress-bar\" style=\"background:#0fa628;width:98%;\"><\/div><span>Ciclabilitat 98%<\/span><\/div>\n\n\n\n<h4 class=\"wp-block-heading\">Dificultat:<\/h4>\n\n\n\n<p class=\"verda\">Vermella<\/p>\n\n\n\n<p class=\"negra\"><\/p>\n\n\n\n<div class=\"wp-block-group\"><div class=\"wp-block-group__inner-container is-layout-flow wp-block-group-is-layout-flow\">\n<h4 class=\"wp-block-heading\">Briefing de la ruta<\/h4>\n\n\n<\/div><\/div>\n\n\n\n<div class=\"wp-block-group\"><div class=\"wp-block-group__inner-container is-layout-flow wp-block-group-is-layout-flow\">\n<h4 class=\"wp-block-heading\">V\u00eddeo de la ruta<\/h4>\n\n\n\n<figure class=\"wp-block-embed is-type-video is-provider-youtube wp-block-embed-youtube wp-embed-aspect-16-9 wp-has-aspect-ratio\"><div class=\"wp-block-embed__wrapper\">\n<iframe loading=\"lazy\" title=\"La vall de La Vansa, racons amagats de l&#039;Alt Urgell\" width=\"820\" height=\"461\" src=\"https:\/\/www.youtube.com\/embed\/wGyIQdlksxA?feature=oembed\" frameborder=\"0\" allow=\"accelerometer; autoplay; clipboard-write; encrypted-media; gyroscope; picture-in-picture; web-share\" referrerpolicy=\"strict-origin-when-cross-origin\" allowfullscreen><\/iframe>\n<\/div><\/figure>\n<\/div><\/div>\n\n\n\n<div class=\"wp-block-group\"><div class=\"wp-block-group__inner-container is-layout-flow wp-block-group-is-layout-flow\">\n<h4 class=\"wp-block-heading\">Descarrega el track de la ruta<\/h4>\n\n\n\n<div class=\"wp-block-file\"><a id=\"wp-block-file--media-2f743d40-4b48-40c1-8461-9661db5a8665\" href=\"https:\/\/www.overtheclouds.eu\/wp-content\/uploads\/2026\/04\/26-04-19-La-Vall-de-La-Vansa.gpx\">26-04-19-La-Vall-de-La-Vansa<\/a><a href=\"https:\/\/www.overtheclouds.eu\/wp-content\/uploads\/2026\/04\/26-04-19-La-Vall-de-La-Vansa.gpx\" class=\"wp-block-file__button wp-element-button\" download aria-describedby=\"wp-block-file--media-2f743d40-4b48-40c1-8461-9661db5a8665\">Descarrega<\/a><\/div>\n<\/div><\/div>\n\n\n\n<div class=\"wp-block-group\"><div class=\"wp-block-group__inner-container is-layout-flow wp-block-group-is-layout-flow\">\n<h4 class=\"wp-block-heading\">Galeria d&#8217;imatges<\/h4>\n<\/div><\/div>\n\n\n\n\n<p>&nbsp;<\/p>","protected":false},"excerpt":{"rendered":"<p>Al\u00e7ada m\u00e0xima de la ruta: 1.382 metres Descripci\u00f3 breu: La Vall de La Vansa est\u00e0 situada a l&#8217;extrem occidental de la Serra del Cad\u00ed i est\u00e0 formada per un conjunt de nuclis molt petits i amb poca densitat de poblaci\u00f3. &hellip; <a href=\"https:\/\/www.overtheclouds.eu\/index.php\/2026\/04\/22\/la-vall-de-la-vansa-racons-amagats-de-lalt-urgell\/\" class=\"more-link\"><span class=\"more-button\">TOTA LA RUTA AQU\u00cd<span class=\"screen-reader-text\">La Vall de La Vansa, racons amagats de l&#8217;Alt Urgell<\/span><\/span><\/a><\/p>\n","protected":false},"author":2,"featured_media":2568,"comment_status":"open","ping_status":"closed","sticky":false,"template":"","format":"standard","meta":{"_exactmetrics_skip_tracking":false,"_exactmetrics_sitenote_active":false,"_exactmetrics_sitenote_note":"","_exactmetrics_sitenote_category":0,"footnotes":""},"categories":[1,16,28,14,22],"tags":[],"yoast_head":"<!-- This site is optimized with the Yoast SEO plugin v22.7 - https:\/\/yoast.com\/wordpress\/plugins\/seo\/ -->\n<title>La Vall de La Vansa, racons amagats de l&#039;Alt Urgell &#8211; Over the Clouds<\/title>\n<meta name=\"description\" content=\"La Vall de La Vansa, racons amagats de l&#039;Alt Urgell &#8211; - &#8211; Extraordinary routes for ordinary bikers\" \/>\n<meta name=\"robots\" content=\"index, follow, max-snippet:-1, max-image-preview:large, max-video-preview:-1\" \/>\n<link rel=\"canonical\" href=\"https:\/\/www.overtheclouds.eu\/index.php\/2026\/04\/22\/la-vall-de-la-vansa-racons-amagats-de-lalt-urgell\/\" \/>\n<meta property=\"og:locale\" content=\"es_ES\" \/>\n<meta property=\"og:type\" content=\"article\" \/>\n<meta property=\"og:title\" content=\"La Vall de La Vansa, racons amagats de l&#039;Alt Urgell &#8211; Over the Clouds\" \/>\n<meta property=\"og:description\" content=\"La Vall de La Vansa, racons amagats de l&#039;Alt Urgell &#8211; - &#8211; Extraordinary routes for ordinary bikers\" \/>\n<meta property=\"og:url\" content=\"https:\/\/www.overtheclouds.eu\/index.php\/2026\/04\/22\/la-vall-de-la-vansa-racons-amagats-de-lalt-urgell\/\" \/>\n<meta property=\"og:site_name\" content=\"Over the Clouds\" \/>\n<meta property=\"article:published_time\" content=\"2026-04-22T18:59:18+00:00\" \/>\n<meta property=\"article:modified_time\" content=\"2026-04-22T18:59:19+00:00\" \/>\n<meta property=\"og:image\" content=\"https:\/\/www.overtheclouds.eu\/wp-content\/uploads\/2026\/04\/P1008690.jpg\" \/>\n\t<meta property=\"og:image:width\" content=\"1000\" \/>\n\t<meta property=\"og:image:height\" content=\"562\" \/>\n\t<meta property=\"og:image:type\" content=\"image\/jpeg\" \/>\n<meta name=\"author\" content=\"Jaume\" \/>\n<meta name=\"twitter:card\" content=\"summary_large_image\" \/>\n<meta name=\"twitter:label1\" content=\"Escrito por\" \/>\n\t<meta name=\"twitter:data1\" content=\"Jaume\" \/>\n\t<meta name=\"twitter:label2\" content=\"Tiempo de lectura\" \/>\n\t<meta name=\"twitter:data2\" content=\"3 minutos\" \/>\n<script type=\"application\/ld+json\" class=\"yoast-schema-graph\">{\"@context\":\"https:\/\/schema.org\",\"@graph\":[{\"@type\":\"Article\",\"@id\":\"https:\/\/www.overtheclouds.eu\/index.php\/2026\/04\/22\/la-vall-de-la-vansa-racons-amagats-de-lalt-urgell\/#article\",\"isPartOf\":{\"@id\":\"https:\/\/www.overtheclouds.eu\/index.php\/2026\/04\/22\/la-vall-de-la-vansa-racons-amagats-de-lalt-urgell\/\"},\"author\":{\"name\":\"Jaume\",\"@id\":\"https:\/\/www.overtheclouds.eu\/#\/schema\/person\/283fe644ef85985e7a0cad3f42b6cc63\"},\"headline\":\"La Vall de La Vansa, racons amagats de l&#8217;Alt Urgell\",\"datePublished\":\"2026-04-22T18:59:18+00:00\",\"dateModified\":\"2026-04-22T18:59:19+00:00\",\"mainEntityOfPage\":{\"@id\":\"https:\/\/www.overtheclouds.eu\/index.php\/2026\/04\/22\/la-vall-de-la-vansa-racons-amagats-de-lalt-urgell\/\"},\"wordCount\":661,\"commentCount\":0,\"publisher\":{\"@id\":\"https:\/\/www.overtheclouds.eu\/#organization\"},\"image\":{\"@id\":\"https:\/\/www.overtheclouds.eu\/index.php\/2026\/04\/22\/la-vall-de-la-vansa-racons-amagats-de-lalt-urgell\/#primaryimage\"},\"thumbnailUrl\":\"https:\/\/www.overtheclouds.eu\/wp-content\/uploads\/2026\/04\/P1008690.jpg\",\"articleSection\":[\"-\",\"\u26f0 &lt;1500m\",\"Prepirineu\",\"Vermella (Dif\u00edcil)\",\"\ud83d\udeb2 95-99%\"],\"inLanguage\":\"es\",\"potentialAction\":[{\"@type\":\"CommentAction\",\"name\":\"Comment\",\"target\":[\"https:\/\/www.overtheclouds.eu\/index.php\/2026\/04\/22\/la-vall-de-la-vansa-racons-amagats-de-lalt-urgell\/#respond\"]}]},{\"@type\":\"WebPage\",\"@id\":\"https:\/\/www.overtheclouds.eu\/index.php\/2026\/04\/22\/la-vall-de-la-vansa-racons-amagats-de-lalt-urgell\/\",\"url\":\"https:\/\/www.overtheclouds.eu\/index.php\/2026\/04\/22\/la-vall-de-la-vansa-racons-amagats-de-lalt-urgell\/\",\"name\":\"La Vall de La Vansa, racons amagats de l'Alt Urgell &#8211; Over the Clouds\",\"isPartOf\":{\"@id\":\"https:\/\/www.overtheclouds.eu\/#website\"},\"primaryImageOfPage\":{\"@id\":\"https:\/\/www.overtheclouds.eu\/index.php\/2026\/04\/22\/la-vall-de-la-vansa-racons-amagats-de-lalt-urgell\/#primaryimage\"},\"image\":{\"@id\":\"https:\/\/www.overtheclouds.eu\/index.php\/2026\/04\/22\/la-vall-de-la-vansa-racons-amagats-de-lalt-urgell\/#primaryimage\"},\"thumbnailUrl\":\"https:\/\/www.overtheclouds.eu\/wp-content\/uploads\/2026\/04\/P1008690.jpg\",\"datePublished\":\"2026-04-22T18:59:18+00:00\",\"dateModified\":\"2026-04-22T18:59:19+00:00\",\"description\":\"La Vall de La Vansa, racons amagats de l'Alt Urgell &#8211; - &#8211; Extraordinary routes for ordinary bikers\",\"breadcrumb\":{\"@id\":\"https:\/\/www.overtheclouds.eu\/index.php\/2026\/04\/22\/la-vall-de-la-vansa-racons-amagats-de-lalt-urgell\/#breadcrumb\"},\"inLanguage\":\"es\",\"potentialAction\":[{\"@type\":\"ReadAction\",\"target\":[\"https:\/\/www.overtheclouds.eu\/index.php\/2026\/04\/22\/la-vall-de-la-vansa-racons-amagats-de-lalt-urgell\/\"]}]},{\"@type\":\"ImageObject\",\"inLanguage\":\"es\",\"@id\":\"https:\/\/www.overtheclouds.eu\/index.php\/2026\/04\/22\/la-vall-de-la-vansa-racons-amagats-de-lalt-urgell\/#primaryimage\",\"url\":\"https:\/\/www.overtheclouds.eu\/wp-content\/uploads\/2026\/04\/P1008690.jpg\",\"contentUrl\":\"https:\/\/www.overtheclouds.eu\/wp-content\/uploads\/2026\/04\/P1008690.jpg\",\"width\":1000,\"height\":562},{\"@type\":\"BreadcrumbList\",\"@id\":\"https:\/\/www.overtheclouds.eu\/index.php\/2026\/04\/22\/la-vall-de-la-vansa-racons-amagats-de-lalt-urgell\/#breadcrumb\",\"itemListElement\":[{\"@type\":\"ListItem\",\"position\":1,\"name\":\"Inici\",\"item\":\"https:\/\/www.overtheclouds.eu\/\"},{\"@type\":\"ListItem\",\"position\":2,\"name\":\"-\",\"item\":\"https:\/\/www.overtheclouds.eu\/index.php\/category\/sin-categoria\/\"},{\"@type\":\"ListItem\",\"position\":3,\"name\":\"La Vall de La Vansa, racons amagats de l&#8217;Alt Urgell\"}]},{\"@type\":\"WebSite\",\"@id\":\"https:\/\/www.overtheclouds.eu\/#website\",\"url\":\"https:\/\/www.overtheclouds.eu\/\",\"name\":\"Over the Clouds\",\"description\":\"El plaer de rec\u00f3rrer valls, carenes i assolir cims\",\"publisher\":{\"@id\":\"https:\/\/www.overtheclouds.eu\/#organization\"},\"potentialAction\":[{\"@type\":\"SearchAction\",\"target\":{\"@type\":\"EntryPoint\",\"urlTemplate\":\"https:\/\/www.overtheclouds.eu\/?s={search_term_string}\"},\"query-input\":\"required name=search_term_string\"}],\"inLanguage\":\"es\"},{\"@type\":\"Organization\",\"@id\":\"https:\/\/www.overtheclouds.eu\/#organization\",\"name\":\"Over the Clouds\",\"url\":\"https:\/\/www.overtheclouds.eu\/\",\"logo\":{\"@type\":\"ImageObject\",\"inLanguage\":\"es\",\"@id\":\"https:\/\/www.overtheclouds.eu\/#\/schema\/logo\/image\/\",\"url\":\"https:\/\/www.overtheclouds.eu\/wp-content\/uploads\/2020\/02\/logo-4.png\",\"contentUrl\":\"https:\/\/www.overtheclouds.eu\/wp-content\/uploads\/2020\/02\/logo-4.png\",\"width\":612,\"height\":418,\"caption\":\"Over the Clouds\"},\"image\":{\"@id\":\"https:\/\/www.overtheclouds.eu\/#\/schema\/logo\/image\/\"}},{\"@type\":\"Person\",\"@id\":\"https:\/\/www.overtheclouds.eu\/#\/schema\/person\/283fe644ef85985e7a0cad3f42b6cc63\",\"name\":\"Jaume\",\"image\":{\"@type\":\"ImageObject\",\"inLanguage\":\"es\",\"@id\":\"https:\/\/www.overtheclouds.eu\/#\/schema\/person\/image\/\",\"url\":\"https:\/\/secure.gravatar.com\/avatar\/86c0905ad41bd45ffed5903a626e36c9?s=96&d=blank&r=g\",\"contentUrl\":\"https:\/\/secure.gravatar.com\/avatar\/86c0905ad41bd45ffed5903a626e36c9?s=96&d=blank&r=g\",\"caption\":\"Jaume\"}}]}<\/script>\n<!-- \/ Yoast SEO plugin. -->","yoast_head_json":{"title":"La Vall de La Vansa, racons amagats de l'Alt Urgell &#8211; Over the Clouds","description":"La Vall de La Vansa, racons amagats de l'Alt Urgell &#8211; - &#8211; Extraordinary routes for ordinary bikers","robots":{"index":"index","follow":"follow","max-snippet":"max-snippet:-1","max-image-preview":"max-image-preview:large","max-video-preview":"max-video-preview:-1"},"canonical":"https:\/\/www.overtheclouds.eu\/index.php\/2026\/04\/22\/la-vall-de-la-vansa-racons-amagats-de-lalt-urgell\/","og_locale":"es_ES","og_type":"article","og_title":"La Vall de La Vansa, racons amagats de l'Alt Urgell &#8211; Over the Clouds","og_description":"La Vall de La Vansa, racons amagats de l'Alt Urgell &#8211; - &#8211; Extraordinary routes for ordinary bikers","og_url":"https:\/\/www.overtheclouds.eu\/index.php\/2026\/04\/22\/la-vall-de-la-vansa-racons-amagats-de-lalt-urgell\/","og_site_name":"Over the Clouds","article_published_time":"2026-04-22T18:59:18+00:00","article_modified_time":"2026-04-22T18:59:19+00:00","og_image":[{"width":1000,"height":562,"url":"https:\/\/www.overtheclouds.eu\/wp-content\/uploads\/2026\/04\/P1008690.jpg","type":"image\/jpeg"}],"author":"Jaume","twitter_card":"summary_large_image","twitter_misc":{"Escrito por":"Jaume","Tiempo de lectura":"3 minutos"},"schema":{"@context":"https:\/\/schema.org","@graph":[{"@type":"Article","@id":"https:\/\/www.overtheclouds.eu\/index.php\/2026\/04\/22\/la-vall-de-la-vansa-racons-amagats-de-lalt-urgell\/#article","isPartOf":{"@id":"https:\/\/www.overtheclouds.eu\/index.php\/2026\/04\/22\/la-vall-de-la-vansa-racons-amagats-de-lalt-urgell\/"},"author":{"name":"Jaume","@id":"https:\/\/www.overtheclouds.eu\/#\/schema\/person\/283fe644ef85985e7a0cad3f42b6cc63"},"headline":"La Vall de La Vansa, racons amagats de l&#8217;Alt Urgell","datePublished":"2026-04-22T18:59:18+00:00","dateModified":"2026-04-22T18:59:19+00:00","mainEntityOfPage":{"@id":"https:\/\/www.overtheclouds.eu\/index.php\/2026\/04\/22\/la-vall-de-la-vansa-racons-amagats-de-lalt-urgell\/"},"wordCount":661,"commentCount":0,"publisher":{"@id":"https:\/\/www.overtheclouds.eu\/#organization"},"image":{"@id":"https:\/\/www.overtheclouds.eu\/index.php\/2026\/04\/22\/la-vall-de-la-vansa-racons-amagats-de-lalt-urgell\/#primaryimage"},"thumbnailUrl":"https:\/\/www.overtheclouds.eu\/wp-content\/uploads\/2026\/04\/P1008690.jpg","articleSection":["-","\u26f0 &lt;1500m","Prepirineu","Vermella (Dif\u00edcil)","\ud83d\udeb2 95-99%"],"inLanguage":"es","potentialAction":[{"@type":"CommentAction","name":"Comment","target":["https:\/\/www.overtheclouds.eu\/index.php\/2026\/04\/22\/la-vall-de-la-vansa-racons-amagats-de-lalt-urgell\/#respond"]}]},{"@type":"WebPage","@id":"https:\/\/www.overtheclouds.eu\/index.php\/2026\/04\/22\/la-vall-de-la-vansa-racons-amagats-de-lalt-urgell\/","url":"https:\/\/www.overtheclouds.eu\/index.php\/2026\/04\/22\/la-vall-de-la-vansa-racons-amagats-de-lalt-urgell\/","name":"La Vall de La Vansa, racons amagats de l'Alt Urgell &#8211; Over the Clouds","isPartOf":{"@id":"https:\/\/www.overtheclouds.eu\/#website"},"primaryImageOfPage":{"@id":"https:\/\/www.overtheclouds.eu\/index.php\/2026\/04\/22\/la-vall-de-la-vansa-racons-amagats-de-lalt-urgell\/#primaryimage"},"image":{"@id":"https:\/\/www.overtheclouds.eu\/index.php\/2026\/04\/22\/la-vall-de-la-vansa-racons-amagats-de-lalt-urgell\/#primaryimage"},"thumbnailUrl":"https:\/\/www.overtheclouds.eu\/wp-content\/uploads\/2026\/04\/P1008690.jpg","datePublished":"2026-04-22T18:59:18+00:00","dateModified":"2026-04-22T18:59:19+00:00","description":"La Vall de La Vansa, racons amagats de l'Alt Urgell &#8211; - &#8211; Extraordinary routes for ordinary bikers","breadcrumb":{"@id":"https:\/\/www.overtheclouds.eu\/index.php\/2026\/04\/22\/la-vall-de-la-vansa-racons-amagats-de-lalt-urgell\/#breadcrumb"},"inLanguage":"es","potentialAction":[{"@type":"ReadAction","target":["https:\/\/www.overtheclouds.eu\/index.php\/2026\/04\/22\/la-vall-de-la-vansa-racons-amagats-de-lalt-urgell\/"]}]},{"@type":"ImageObject","inLanguage":"es","@id":"https:\/\/www.overtheclouds.eu\/index.php\/2026\/04\/22\/la-vall-de-la-vansa-racons-amagats-de-lalt-urgell\/#primaryimage","url":"https:\/\/www.overtheclouds.eu\/wp-content\/uploads\/2026\/04\/P1008690.jpg","contentUrl":"https:\/\/www.overtheclouds.eu\/wp-content\/uploads\/2026\/04\/P1008690.jpg","width":1000,"height":562},{"@type":"BreadcrumbList","@id":"https:\/\/www.overtheclouds.eu\/index.php\/2026\/04\/22\/la-vall-de-la-vansa-racons-amagats-de-lalt-urgell\/#breadcrumb","itemListElement":[{"@type":"ListItem","position":1,"name":"Inici","item":"https:\/\/www.overtheclouds.eu\/"},{"@type":"ListItem","position":2,"name":"-","item":"https:\/\/www.overtheclouds.eu\/index.php\/category\/sin-categoria\/"},{"@type":"ListItem","position":3,"name":"La Vall de La Vansa, racons amagats de l&#8217;Alt Urgell"}]},{"@type":"WebSite","@id":"https:\/\/www.overtheclouds.eu\/#website","url":"https:\/\/www.overtheclouds.eu\/","name":"Over the Clouds","description":"El plaer de rec\u00f3rrer valls, carenes i assolir cims","publisher":{"@id":"https:\/\/www.overtheclouds.eu\/#organization"},"potentialAction":[{"@type":"SearchAction","target":{"@type":"EntryPoint","urlTemplate":"https:\/\/www.overtheclouds.eu\/?s={search_term_string}"},"query-input":"required name=search_term_string"}],"inLanguage":"es"},{"@type":"Organization","@id":"https:\/\/www.overtheclouds.eu\/#organization","name":"Over the Clouds","url":"https:\/\/www.overtheclouds.eu\/","logo":{"@type":"ImageObject","inLanguage":"es","@id":"https:\/\/www.overtheclouds.eu\/#\/schema\/logo\/image\/","url":"https:\/\/www.overtheclouds.eu\/wp-content\/uploads\/2020\/02\/logo-4.png","contentUrl":"https:\/\/www.overtheclouds.eu\/wp-content\/uploads\/2020\/02\/logo-4.png","width":612,"height":418,"caption":"Over the Clouds"},"image":{"@id":"https:\/\/www.overtheclouds.eu\/#\/schema\/logo\/image\/"}},{"@type":"Person","@id":"https:\/\/www.overtheclouds.eu\/#\/schema\/person\/283fe644ef85985e7a0cad3f42b6cc63","name":"Jaume","image":{"@type":"ImageObject","inLanguage":"es","@id":"https:\/\/www.overtheclouds.eu\/#\/schema\/person\/image\/","url":"https:\/\/secure.gravatar.com\/avatar\/86c0905ad41bd45ffed5903a626e36c9?s=96&d=blank&r=g","contentUrl":"https:\/\/secure.gravatar.com\/avatar\/86c0905ad41bd45ffed5903a626e36c9?s=96&d=blank&r=g","caption":"Jaume"}}]}},"_links":{"self":[{"href":"https:\/\/www.overtheclouds.eu\/index.php\/wp-json\/wp\/v2\/posts\/2565"}],"collection":[{"href":"https:\/\/www.overtheclouds.eu\/index.php\/wp-json\/wp\/v2\/posts"}],"about":[{"href":"https:\/\/www.overtheclouds.eu\/index.php\/wp-json\/wp\/v2\/types\/post"}],"author":[{"embeddable":true,"href":"https:\/\/www.overtheclouds.eu\/index.php\/wp-json\/wp\/v2\/users\/2"}],"replies":[{"embeddable":true,"href":"https:\/\/www.overtheclouds.eu\/index.php\/wp-json\/wp\/v2\/comments?post=2565"}],"version-history":[{"count":2,"href":"https:\/\/www.overtheclouds.eu\/index.php\/wp-json\/wp\/v2\/posts\/2565\/revisions"}],"predecessor-version":[{"id":2569,"href":"https:\/\/www.overtheclouds.eu\/index.php\/wp-json\/wp\/v2\/posts\/2565\/revisions\/2569"}],"wp:featuredmedia":[{"embeddable":true,"href":"https:\/\/www.overtheclouds.eu\/index.php\/wp-json\/wp\/v2\/media\/2568"}],"wp:attachment":[{"href":"https:\/\/www.overtheclouds.eu\/index.php\/wp-json\/wp\/v2\/media?parent=2565"}],"wp:term":[{"taxonomy":"category","embeddable":true,"href":"https:\/\/www.overtheclouds.eu\/index.php\/wp-json\/wp\/v2\/categories?post=2565"},{"taxonomy":"post_tag","embeddable":true,"href":"https:\/\/www.overtheclouds.eu\/index.php\/wp-json\/wp\/v2\/tags?post=2565"}],"curies":[{"name":"wp","href":"https:\/\/api.w.org\/{rel}","templated":true}]}}