{"id":2506,"date":"2025-09-03T21:02:41","date_gmt":"2025-09-03T19:02:41","guid":{"rendered":"https:\/\/www.overtheclouds.eu\/?p=2506"},"modified":"2025-09-03T21:02:42","modified_gmt":"2025-09-03T19:02:42","slug":"el-cap-del-verd-des-de-les-valls-de-la-pedra","status":"publish","type":"post","link":"https:\/\/www.overtheclouds.eu\/index.php\/2025\/09\/03\/el-cap-del-verd-des-de-les-valls-de-la-pedra\/","title":{"rendered":"El Cap del Verd des de les Valls de La Pedra"},"content":{"rendered":"\n<h4 class=\"wp-block-heading\">Al\u00e7ada m\u00e0xima de la ruta:<\/h4>\n\n\n\n<p>2.282 metres<\/p>\n\n\n\n<h4 class=\"wp-block-heading\">Descripci\u00f3 breu:<\/h4>\n\n\n\n<p>Curta per\u00f2 intensa ruta d&#8217;alta muntanya per una de les serres m\u00e9s desconegudes del prepirineu catal\u00e0, la Serra del Verd. Comencem a pedalar al ve\u00efnat de les Valls de La Pedra, al municipi de La Coma i La Pedra. Aviat ens enfilem per una antiga pista de desemboscar ue puja als amagats prats de Les Lla\u00fcnes. El cam\u00ed \u00e9s converteix en un sender de bon ciclar que ens puja als plans del Ferrass\u00f3 on trobem una pista en fort pendent que ens puja fins el Pas del Llop on l&#8217;abandonem i seguim pujant per un sender for\u00e7a pedreg\u00f3s i de mal pedalar. \u00c9s un tram curt per\u00f2 esgotador. Finalment sortim a les pastures de Les Planes per on seguim pujant ara molt m\u00e9s c\u00f2modament. Trobem una pista en for\u00e7a mal estat per\u00f2 per la que si pedala for\u00e7a b\u00e9. Arribem a la bonica clotada del Pradell, una zona de pastura arrecerada al sud de la Serra del Gall. Seguim pujant pel prats de les Eugues fins que trobem un sender que planejant ens porta fins a la Tossa. Ja som a dalt de la serra. La Tossa \u00e9s una talaia espectacular sobre el vessant sud. Albirem des del Montseny fins a les plan\u00faries de Lleida. Seguim pedalant, m\u00e9s aviat en baixada per un sender que es fa prou b\u00e9. Aviat arribem a la collada de la Font del Gall i tot seguit a la de la Font d&#8217;Urdet. Estem al centre de la serra. Aquest indret tamb\u00e9 \u00e9s conegut amb el nom del Camp\u00e0s. A partir d&#8217;aqu\u00ed ens endinsem al vessant nord de la serra per un sender amb algun tram inciclable que planeja per dins d&#8217;un magn\u00edfic bosc de pi negre. Arribem a la font de la Moneda, for\u00e7a abundosa per\u00f2 l&#8217;entorn es troba for\u00e7a deixat. Amb una lleugera pujada arribem r\u00e0pidament a l&#8217;\u00e0mplia zona de pastures del Coll dels Belitres i de de Prat d&#8217;Aubes. Ara ens disposem a fer la darrera puja de la ruta per uns amplis pendents herbats. Una forta pujada ens porta fins el Cap del Verd, sostre d&#8217;aquesta ruta i que ofereix unes grans panor\u00e0miques als quatre vents. Val la pena gaudir d&#8217;aquestes panor\u00e0miques sense pressa. Refem la pujada que acabem de fer i arribem de nou a les \u00e0mplies pastures del Prat d&#8217;Aubes que el creuem, ens endinsem per un marcat sender a una baga de pi negre i aviat sortim a una zona de pastures amb un pendent encarat cap al sud. Aquests prats s&#8217;acaben on s&#8217;inicia el sender que puja de la Borda del Pujol. \u00c9s un important sender for\u00e7a concorregut per\u00f2 que per baixar-lo amb bicicleta \u00e9s for\u00e7a complicat. Molts trams els haurem de fer a peu. La baixada \u00e9s r\u00e0pida i no massa llarga. A mitja baixada passarem per l&#8217;indret de Roca Mira, un bon mirador. Despr\u00e9s d&#8217;aquesta fatigosa baixada arribem a una pista molt secund\u00e0ria que seguim a l&#8217;esquerra i que ens porta fins a l&#8217;Era del Dam on trobem una cadena que barra el pas als vehicles motoritzats. La creuem i seguim pedalant molt c\u00f2modament per una bona pista primer planejant i m\u00e9s endavant en forta baixada que ens portar\u00e0 de nou fins el punt de sortida, al costat de la casa de L&#8217;Estret. \u00c9s una ruta curta per\u00f2 for\u00e7a dif\u00edcil. Si us decidiu a fer-la heu d&#8217;anar mentalitzats que en alguns punts haureu d&#8217;arrossegar la bici. Ara b\u00e9 penso que l&#8217;esfor\u00e7 esmer\u00e7at val la pena per poder con\u00e8ixer aquesta serra tan desconeguda.<\/p>\n\n\n\n<h4 class=\"wp-block-heading\">\u00c0rea geogr\u00e0fica:<\/h4>\n\n\n\n<p>Serra del Verd (Solson\u00e8s\/Bergued\u00e0)<\/p>\n\n\n\n<h4 class=\"wp-block-heading\">Ciclabilitat:<\/h4>\n\n\n\n<div class=\"wptime-plugin-progress-wrap\" style=\"max-width:300px;margin-bottom:30px;\"><div class=\"wptime-plugin-progress-bar\" style=\"background:#0fa628;width:90%;\"><\/div><span>Ciclabilitat 90%<\/span><\/div>\n\n\n\n<h4 class=\"wp-block-heading\">Dificultat:<\/h4>\n\n\n\n<p class=\"verda\"><\/p>\n\n\n\n<p class=\"blava\"><\/p>\n\n\n\n<p class=\"vermella\"><\/p>\n\n\n\n<p class=\"negra\">Negra<\/p>\n\n\n\n<div class=\"wp-block-group\"><div class=\"wp-block-group__inner-container is-layout-flow wp-block-group-is-layout-flow\">\n<h4 class=\"wp-block-heading\">Briefing de la ruta<\/h4>\n\n\n<\/div><\/div>\n\n\n\n<div class=\"wp-block-group\"><div class=\"wp-block-group__inner-container is-layout-flow wp-block-group-is-layout-flow\">\n<h4 class=\"wp-block-heading\">V\u00eddeo de la ruta<\/h4>\n\n\n\n<figure class=\"wp-block-embed is-type-video is-provider-youtube wp-block-embed-youtube wp-embed-aspect-16-9 wp-has-aspect-ratio\"><div class=\"wp-block-embed__wrapper\">\n<iframe loading=\"lazy\" title=\"El Cap del Verd des de la Vall de Lord\" width=\"820\" height=\"461\" src=\"https:\/\/www.youtube.com\/embed\/7CrAW553TLo?feature=oembed\" frameborder=\"0\" allow=\"accelerometer; autoplay; clipboard-write; encrypted-media; gyroscope; picture-in-picture; web-share\" referrerpolicy=\"strict-origin-when-cross-origin\" allowfullscreen><\/iframe>\n<\/div><\/figure>\n<\/div><\/div>\n\n\n\n<div class=\"wp-block-group\"><div class=\"wp-block-group__inner-container is-layout-flow wp-block-group-is-layout-flow\">\n<h4 class=\"wp-block-heading\">Descarrega el track de la ruta<\/h4>\n\n\n\n<div class=\"wp-block-file\"><a id=\"wp-block-file--media-651fa1aa-a604-4e6c-a49b-ea0b6c30f346\" href=\"https:\/\/www.overtheclouds.eu\/wp-content\/uploads\/2025\/09\/25-08-30-Cap-del-Verd-des-de-les-Valls-de-la-Pedra.gpx\">25-08-30-Cap-del-Verd-des-de-les-Valls-de-la-Pedra<\/a><a href=\"https:\/\/www.overtheclouds.eu\/wp-content\/uploads\/2025\/09\/25-08-30-Cap-del-Verd-des-de-les-Valls-de-la-Pedra.gpx\" class=\"wp-block-file__button wp-element-button\" download aria-describedby=\"wp-block-file--media-651fa1aa-a604-4e6c-a49b-ea0b6c30f346\">Descarrega<\/a><\/div>\n<\/div><\/div>\n\n\n\n<div class=\"wp-block-group\"><div class=\"wp-block-group__inner-container is-layout-flow wp-block-group-is-layout-flow\">\n<h4 class=\"wp-block-heading\">Galeria d&#8217;imatges<\/h4>\n<\/div><\/div>\n\n\n\n\n<p>&nbsp;<\/p>","protected":false},"excerpt":{"rendered":"<p>Al\u00e7ada m\u00e0xima de la ruta: 2.282 metres Descripci\u00f3 breu: Curta per\u00f2 intensa ruta d&#8217;alta muntanya per una de les serres m\u00e9s desconegudes del prepirineu catal\u00e0, la Serra del Verd. Comencem a pedalar al ve\u00efnat de les Valls de La Pedra, &hellip; <a href=\"https:\/\/www.overtheclouds.eu\/index.php\/2025\/09\/03\/el-cap-del-verd-des-de-les-valls-de-la-pedra\/\" class=\"more-link\"><span class=\"more-button\">TOTA LA RUTA AQU\u00cd<span class=\"screen-reader-text\">El Cap del Verd des de les Valls de La Pedra<\/span><\/span><\/a><\/p>\n","protected":false},"author":2,"featured_media":2509,"comment_status":"open","ping_status":"closed","sticky":false,"template":"","format":"standard","meta":{"_exactmetrics_skip_tracking":false,"_exactmetrics_sitenote_active":false,"_exactmetrics_sitenote_note":"","_exactmetrics_sitenote_category":0,"footnotes":""},"categories":[1,17,15,28,21],"tags":[],"yoast_head":"<!-- This site is optimized with the Yoast SEO plugin v22.7 - https:\/\/yoast.com\/wordpress\/plugins\/seo\/ -->\n<title>El Cap del Verd des de les Valls de La Pedra &#8211; Over the Clouds<\/title>\n<meta name=\"description\" content=\"El Cap del Verd des de les Valls de La Pedra &#8211; - &#8211; Extraordinary routes for ordinary bikers\" \/>\n<meta name=\"robots\" content=\"index, follow, max-snippet:-1, max-image-preview:large, max-video-preview:-1\" \/>\n<link rel=\"canonical\" href=\"https:\/\/www.overtheclouds.eu\/index.php\/2025\/09\/03\/el-cap-del-verd-des-de-les-valls-de-la-pedra\/\" \/>\n<meta property=\"og:locale\" content=\"es_ES\" \/>\n<meta property=\"og:type\" content=\"article\" \/>\n<meta property=\"og:title\" content=\"El Cap del Verd des de les Valls de La Pedra &#8211; Over the Clouds\" \/>\n<meta property=\"og:description\" content=\"El Cap del Verd des de les Valls de La Pedra &#8211; - &#8211; Extraordinary routes for ordinary bikers\" \/>\n<meta property=\"og:url\" content=\"https:\/\/www.overtheclouds.eu\/index.php\/2025\/09\/03\/el-cap-del-verd-des-de-les-valls-de-la-pedra\/\" \/>\n<meta property=\"og:site_name\" content=\"Over the Clouds\" \/>\n<meta property=\"article:published_time\" content=\"2025-09-03T19:02:41+00:00\" \/>\n<meta property=\"article:modified_time\" content=\"2025-09-03T19:02:42+00:00\" \/>\n<meta property=\"og:image\" content=\"https:\/\/www.overtheclouds.eu\/wp-content\/uploads\/2025\/09\/P1007480.jpg\" \/>\n\t<meta property=\"og:image:width\" content=\"1000\" \/>\n\t<meta property=\"og:image:height\" content=\"562\" \/>\n\t<meta property=\"og:image:type\" content=\"image\/jpeg\" \/>\n<meta name=\"author\" content=\"Jaume\" \/>\n<meta name=\"twitter:card\" content=\"summary_large_image\" \/>\n<meta name=\"twitter:label1\" content=\"Escrito por\" \/>\n\t<meta name=\"twitter:data1\" content=\"Jaume\" \/>\n\t<meta name=\"twitter:label2\" content=\"Tiempo de lectura\" \/>\n\t<meta name=\"twitter:data2\" content=\"4 minutos\" \/>\n<script type=\"application\/ld+json\" class=\"yoast-schema-graph\">{\"@context\":\"https:\/\/schema.org\",\"@graph\":[{\"@type\":\"Article\",\"@id\":\"https:\/\/www.overtheclouds.eu\/index.php\/2025\/09\/03\/el-cap-del-verd-des-de-les-valls-de-la-pedra\/#article\",\"isPartOf\":{\"@id\":\"https:\/\/www.overtheclouds.eu\/index.php\/2025\/09\/03\/el-cap-del-verd-des-de-les-valls-de-la-pedra\/\"},\"author\":{\"name\":\"Jaume\",\"@id\":\"https:\/\/www.overtheclouds.eu\/#\/schema\/person\/283fe644ef85985e7a0cad3f42b6cc63\"},\"headline\":\"El Cap del Verd des de les Valls de La Pedra\",\"datePublished\":\"2025-09-03T19:02:41+00:00\",\"dateModified\":\"2025-09-03T19:02:42+00:00\",\"mainEntityOfPage\":{\"@id\":\"https:\/\/www.overtheclouds.eu\/index.php\/2025\/09\/03\/el-cap-del-verd-des-de-les-valls-de-la-pedra\/\"},\"wordCount\":694,\"commentCount\":0,\"publisher\":{\"@id\":\"https:\/\/www.overtheclouds.eu\/#organization\"},\"image\":{\"@id\":\"https:\/\/www.overtheclouds.eu\/index.php\/2025\/09\/03\/el-cap-del-verd-des-de-les-valls-de-la-pedra\/#primaryimage\"},\"thumbnailUrl\":\"https:\/\/www.overtheclouds.eu\/wp-content\/uploads\/2025\/09\/P1007480.jpg\",\"articleSection\":[\"-\",\"\u26f0 1501-2500m\",\"Negra (Molt dif\u00edcil)\",\"Prepirineu\",\"\ud83d\udeb2 90-95%\"],\"inLanguage\":\"es\",\"potentialAction\":[{\"@type\":\"CommentAction\",\"name\":\"Comment\",\"target\":[\"https:\/\/www.overtheclouds.eu\/index.php\/2025\/09\/03\/el-cap-del-verd-des-de-les-valls-de-la-pedra\/#respond\"]}]},{\"@type\":\"WebPage\",\"@id\":\"https:\/\/www.overtheclouds.eu\/index.php\/2025\/09\/03\/el-cap-del-verd-des-de-les-valls-de-la-pedra\/\",\"url\":\"https:\/\/www.overtheclouds.eu\/index.php\/2025\/09\/03\/el-cap-del-verd-des-de-les-valls-de-la-pedra\/\",\"name\":\"El Cap del Verd des de les Valls de La Pedra &#8211; Over the Clouds\",\"isPartOf\":{\"@id\":\"https:\/\/www.overtheclouds.eu\/#website\"},\"primaryImageOfPage\":{\"@id\":\"https:\/\/www.overtheclouds.eu\/index.php\/2025\/09\/03\/el-cap-del-verd-des-de-les-valls-de-la-pedra\/#primaryimage\"},\"image\":{\"@id\":\"https:\/\/www.overtheclouds.eu\/index.php\/2025\/09\/03\/el-cap-del-verd-des-de-les-valls-de-la-pedra\/#primaryimage\"},\"thumbnailUrl\":\"https:\/\/www.overtheclouds.eu\/wp-content\/uploads\/2025\/09\/P1007480.jpg\",\"datePublished\":\"2025-09-03T19:02:41+00:00\",\"dateModified\":\"2025-09-03T19:02:42+00:00\",\"description\":\"El Cap del Verd des de les Valls de La Pedra &#8211; - &#8211; Extraordinary routes for ordinary bikers\",\"breadcrumb\":{\"@id\":\"https:\/\/www.overtheclouds.eu\/index.php\/2025\/09\/03\/el-cap-del-verd-des-de-les-valls-de-la-pedra\/#breadcrumb\"},\"inLanguage\":\"es\",\"potentialAction\":[{\"@type\":\"ReadAction\",\"target\":[\"https:\/\/www.overtheclouds.eu\/index.php\/2025\/09\/03\/el-cap-del-verd-des-de-les-valls-de-la-pedra\/\"]}]},{\"@type\":\"ImageObject\",\"inLanguage\":\"es\",\"@id\":\"https:\/\/www.overtheclouds.eu\/index.php\/2025\/09\/03\/el-cap-del-verd-des-de-les-valls-de-la-pedra\/#primaryimage\",\"url\":\"https:\/\/www.overtheclouds.eu\/wp-content\/uploads\/2025\/09\/P1007480.jpg\",\"contentUrl\":\"https:\/\/www.overtheclouds.eu\/wp-content\/uploads\/2025\/09\/P1007480.jpg\",\"width\":1000,\"height\":562},{\"@type\":\"BreadcrumbList\",\"@id\":\"https:\/\/www.overtheclouds.eu\/index.php\/2025\/09\/03\/el-cap-del-verd-des-de-les-valls-de-la-pedra\/#breadcrumb\",\"itemListElement\":[{\"@type\":\"ListItem\",\"position\":1,\"name\":\"Inici\",\"item\":\"https:\/\/www.overtheclouds.eu\/\"},{\"@type\":\"ListItem\",\"position\":2,\"name\":\"-\",\"item\":\"https:\/\/www.overtheclouds.eu\/index.php\/category\/sin-categoria\/\"},{\"@type\":\"ListItem\",\"position\":3,\"name\":\"El Cap del Verd des de les Valls de La Pedra\"}]},{\"@type\":\"WebSite\",\"@id\":\"https:\/\/www.overtheclouds.eu\/#website\",\"url\":\"https:\/\/www.overtheclouds.eu\/\",\"name\":\"Over the Clouds\",\"description\":\"El plaer de rec\u00f3rrer valls, carenes i assolir cims\",\"publisher\":{\"@id\":\"https:\/\/www.overtheclouds.eu\/#organization\"},\"potentialAction\":[{\"@type\":\"SearchAction\",\"target\":{\"@type\":\"EntryPoint\",\"urlTemplate\":\"https:\/\/www.overtheclouds.eu\/?s={search_term_string}\"},\"query-input\":\"required name=search_term_string\"}],\"inLanguage\":\"es\"},{\"@type\":\"Organization\",\"@id\":\"https:\/\/www.overtheclouds.eu\/#organization\",\"name\":\"Over the Clouds\",\"url\":\"https:\/\/www.overtheclouds.eu\/\",\"logo\":{\"@type\":\"ImageObject\",\"inLanguage\":\"es\",\"@id\":\"https:\/\/www.overtheclouds.eu\/#\/schema\/logo\/image\/\",\"url\":\"https:\/\/www.overtheclouds.eu\/wp-content\/uploads\/2020\/02\/logo-4.png\",\"contentUrl\":\"https:\/\/www.overtheclouds.eu\/wp-content\/uploads\/2020\/02\/logo-4.png\",\"width\":612,\"height\":418,\"caption\":\"Over the Clouds\"},\"image\":{\"@id\":\"https:\/\/www.overtheclouds.eu\/#\/schema\/logo\/image\/\"}},{\"@type\":\"Person\",\"@id\":\"https:\/\/www.overtheclouds.eu\/#\/schema\/person\/283fe644ef85985e7a0cad3f42b6cc63\",\"name\":\"Jaume\",\"image\":{\"@type\":\"ImageObject\",\"inLanguage\":\"es\",\"@id\":\"https:\/\/www.overtheclouds.eu\/#\/schema\/person\/image\/\",\"url\":\"https:\/\/secure.gravatar.com\/avatar\/86c0905ad41bd45ffed5903a626e36c9?s=96&d=blank&r=g\",\"contentUrl\":\"https:\/\/secure.gravatar.com\/avatar\/86c0905ad41bd45ffed5903a626e36c9?s=96&d=blank&r=g\",\"caption\":\"Jaume\"}}]}<\/script>\n<!-- \/ Yoast SEO plugin. -->","yoast_head_json":{"title":"El Cap del Verd des de les Valls de La Pedra &#8211; Over the Clouds","description":"El Cap del Verd des de les Valls de La Pedra &#8211; - &#8211; Extraordinary routes for ordinary bikers","robots":{"index":"index","follow":"follow","max-snippet":"max-snippet:-1","max-image-preview":"max-image-preview:large","max-video-preview":"max-video-preview:-1"},"canonical":"https:\/\/www.overtheclouds.eu\/index.php\/2025\/09\/03\/el-cap-del-verd-des-de-les-valls-de-la-pedra\/","og_locale":"es_ES","og_type":"article","og_title":"El Cap del Verd des de les Valls de La Pedra &#8211; Over the Clouds","og_description":"El Cap del Verd des de les Valls de La Pedra &#8211; - &#8211; Extraordinary routes for ordinary bikers","og_url":"https:\/\/www.overtheclouds.eu\/index.php\/2025\/09\/03\/el-cap-del-verd-des-de-les-valls-de-la-pedra\/","og_site_name":"Over the Clouds","article_published_time":"2025-09-03T19:02:41+00:00","article_modified_time":"2025-09-03T19:02:42+00:00","og_image":[{"width":1000,"height":562,"url":"https:\/\/www.overtheclouds.eu\/wp-content\/uploads\/2025\/09\/P1007480.jpg","type":"image\/jpeg"}],"author":"Jaume","twitter_card":"summary_large_image","twitter_misc":{"Escrito por":"Jaume","Tiempo de lectura":"4 minutos"},"schema":{"@context":"https:\/\/schema.org","@graph":[{"@type":"Article","@id":"https:\/\/www.overtheclouds.eu\/index.php\/2025\/09\/03\/el-cap-del-verd-des-de-les-valls-de-la-pedra\/#article","isPartOf":{"@id":"https:\/\/www.overtheclouds.eu\/index.php\/2025\/09\/03\/el-cap-del-verd-des-de-les-valls-de-la-pedra\/"},"author":{"name":"Jaume","@id":"https:\/\/www.overtheclouds.eu\/#\/schema\/person\/283fe644ef85985e7a0cad3f42b6cc63"},"headline":"El Cap del Verd des de les Valls de La Pedra","datePublished":"2025-09-03T19:02:41+00:00","dateModified":"2025-09-03T19:02:42+00:00","mainEntityOfPage":{"@id":"https:\/\/www.overtheclouds.eu\/index.php\/2025\/09\/03\/el-cap-del-verd-des-de-les-valls-de-la-pedra\/"},"wordCount":694,"commentCount":0,"publisher":{"@id":"https:\/\/www.overtheclouds.eu\/#organization"},"image":{"@id":"https:\/\/www.overtheclouds.eu\/index.php\/2025\/09\/03\/el-cap-del-verd-des-de-les-valls-de-la-pedra\/#primaryimage"},"thumbnailUrl":"https:\/\/www.overtheclouds.eu\/wp-content\/uploads\/2025\/09\/P1007480.jpg","articleSection":["-","\u26f0 1501-2500m","Negra (Molt dif\u00edcil)","Prepirineu","\ud83d\udeb2 90-95%"],"inLanguage":"es","potentialAction":[{"@type":"CommentAction","name":"Comment","target":["https:\/\/www.overtheclouds.eu\/index.php\/2025\/09\/03\/el-cap-del-verd-des-de-les-valls-de-la-pedra\/#respond"]}]},{"@type":"WebPage","@id":"https:\/\/www.overtheclouds.eu\/index.php\/2025\/09\/03\/el-cap-del-verd-des-de-les-valls-de-la-pedra\/","url":"https:\/\/www.overtheclouds.eu\/index.php\/2025\/09\/03\/el-cap-del-verd-des-de-les-valls-de-la-pedra\/","name":"El Cap del Verd des de les Valls de La Pedra &#8211; Over the Clouds","isPartOf":{"@id":"https:\/\/www.overtheclouds.eu\/#website"},"primaryImageOfPage":{"@id":"https:\/\/www.overtheclouds.eu\/index.php\/2025\/09\/03\/el-cap-del-verd-des-de-les-valls-de-la-pedra\/#primaryimage"},"image":{"@id":"https:\/\/www.overtheclouds.eu\/index.php\/2025\/09\/03\/el-cap-del-verd-des-de-les-valls-de-la-pedra\/#primaryimage"},"thumbnailUrl":"https:\/\/www.overtheclouds.eu\/wp-content\/uploads\/2025\/09\/P1007480.jpg","datePublished":"2025-09-03T19:02:41+00:00","dateModified":"2025-09-03T19:02:42+00:00","description":"El Cap del Verd des de les Valls de La Pedra &#8211; - &#8211; Extraordinary routes for ordinary bikers","breadcrumb":{"@id":"https:\/\/www.overtheclouds.eu\/index.php\/2025\/09\/03\/el-cap-del-verd-des-de-les-valls-de-la-pedra\/#breadcrumb"},"inLanguage":"es","potentialAction":[{"@type":"ReadAction","target":["https:\/\/www.overtheclouds.eu\/index.php\/2025\/09\/03\/el-cap-del-verd-des-de-les-valls-de-la-pedra\/"]}]},{"@type":"ImageObject","inLanguage":"es","@id":"https:\/\/www.overtheclouds.eu\/index.php\/2025\/09\/03\/el-cap-del-verd-des-de-les-valls-de-la-pedra\/#primaryimage","url":"https:\/\/www.overtheclouds.eu\/wp-content\/uploads\/2025\/09\/P1007480.jpg","contentUrl":"https:\/\/www.overtheclouds.eu\/wp-content\/uploads\/2025\/09\/P1007480.jpg","width":1000,"height":562},{"@type":"BreadcrumbList","@id":"https:\/\/www.overtheclouds.eu\/index.php\/2025\/09\/03\/el-cap-del-verd-des-de-les-valls-de-la-pedra\/#breadcrumb","itemListElement":[{"@type":"ListItem","position":1,"name":"Inici","item":"https:\/\/www.overtheclouds.eu\/"},{"@type":"ListItem","position":2,"name":"-","item":"https:\/\/www.overtheclouds.eu\/index.php\/category\/sin-categoria\/"},{"@type":"ListItem","position":3,"name":"El Cap del Verd des de les Valls de La Pedra"}]},{"@type":"WebSite","@id":"https:\/\/www.overtheclouds.eu\/#website","url":"https:\/\/www.overtheclouds.eu\/","name":"Over the Clouds","description":"El plaer de rec\u00f3rrer valls, carenes i assolir cims","publisher":{"@id":"https:\/\/www.overtheclouds.eu\/#organization"},"potentialAction":[{"@type":"SearchAction","target":{"@type":"EntryPoint","urlTemplate":"https:\/\/www.overtheclouds.eu\/?s={search_term_string}"},"query-input":"required name=search_term_string"}],"inLanguage":"es"},{"@type":"Organization","@id":"https:\/\/www.overtheclouds.eu\/#organization","name":"Over the Clouds","url":"https:\/\/www.overtheclouds.eu\/","logo":{"@type":"ImageObject","inLanguage":"es","@id":"https:\/\/www.overtheclouds.eu\/#\/schema\/logo\/image\/","url":"https:\/\/www.overtheclouds.eu\/wp-content\/uploads\/2020\/02\/logo-4.png","contentUrl":"https:\/\/www.overtheclouds.eu\/wp-content\/uploads\/2020\/02\/logo-4.png","width":612,"height":418,"caption":"Over the Clouds"},"image":{"@id":"https:\/\/www.overtheclouds.eu\/#\/schema\/logo\/image\/"}},{"@type":"Person","@id":"https:\/\/www.overtheclouds.eu\/#\/schema\/person\/283fe644ef85985e7a0cad3f42b6cc63","name":"Jaume","image":{"@type":"ImageObject","inLanguage":"es","@id":"https:\/\/www.overtheclouds.eu\/#\/schema\/person\/image\/","url":"https:\/\/secure.gravatar.com\/avatar\/86c0905ad41bd45ffed5903a626e36c9?s=96&d=blank&r=g","contentUrl":"https:\/\/secure.gravatar.com\/avatar\/86c0905ad41bd45ffed5903a626e36c9?s=96&d=blank&r=g","caption":"Jaume"}}]}},"_links":{"self":[{"href":"https:\/\/www.overtheclouds.eu\/index.php\/wp-json\/wp\/v2\/posts\/2506"}],"collection":[{"href":"https:\/\/www.overtheclouds.eu\/index.php\/wp-json\/wp\/v2\/posts"}],"about":[{"href":"https:\/\/www.overtheclouds.eu\/index.php\/wp-json\/wp\/v2\/types\/post"}],"author":[{"embeddable":true,"href":"https:\/\/www.overtheclouds.eu\/index.php\/wp-json\/wp\/v2\/users\/2"}],"replies":[{"embeddable":true,"href":"https:\/\/www.overtheclouds.eu\/index.php\/wp-json\/wp\/v2\/comments?post=2506"}],"version-history":[{"count":2,"href":"https:\/\/www.overtheclouds.eu\/index.php\/wp-json\/wp\/v2\/posts\/2506\/revisions"}],"predecessor-version":[{"id":2510,"href":"https:\/\/www.overtheclouds.eu\/index.php\/wp-json\/wp\/v2\/posts\/2506\/revisions\/2510"}],"wp:featuredmedia":[{"embeddable":true,"href":"https:\/\/www.overtheclouds.eu\/index.php\/wp-json\/wp\/v2\/media\/2509"}],"wp:attachment":[{"href":"https:\/\/www.overtheclouds.eu\/index.php\/wp-json\/wp\/v2\/media?parent=2506"}],"wp:term":[{"taxonomy":"category","embeddable":true,"href":"https:\/\/www.overtheclouds.eu\/index.php\/wp-json\/wp\/v2\/categories?post=2506"},{"taxonomy":"post_tag","embeddable":true,"href":"https:\/\/www.overtheclouds.eu\/index.php\/wp-json\/wp\/v2\/tags?post=2506"}],"curies":[{"name":"wp","href":"https:\/\/api.w.org\/{rel}","templated":true}]}}