{"id":2470,"date":"2025-02-25T20:51:39","date_gmt":"2025-02-25T19:51:39","guid":{"rendered":"https:\/\/www.overtheclouds.eu\/?p=2470"},"modified":"2025-02-25T20:51:41","modified_gmt":"2025-02-25T19:51:41","slug":"cim-de-la-carbassa-pedalant-per-la-neu","status":"publish","type":"post","link":"https:\/\/www.overtheclouds.eu\/index.php\/2025\/02\/25\/cim-de-la-carbassa-pedalant-per-la-neu\/","title":{"rendered":"Cim de La Carbassa. Pedalant per la neu"},"content":{"rendered":"\n<h4 class=\"wp-block-heading\">Al\u00e7ada m\u00e0xima de la ruta:<\/h4>\n\n\n\n<p>2.735 metres<\/p>\n\n\n\n<h4 class=\"wp-block-heading\">Descripci\u00f3 breu:<\/h4>\n\n\n\n<p>Curta per\u00f2 intensa ruta d&#8217;alta muntanya per les serres del Reller i de Comaermada a la Cerdanya. El punt d&#8217;inici \u00e9s el petit llogarret de Talltendre, enfilat al nord de Bellver. Comencem pedalant per una pista que ens fa passar per l&#8217;hist\u00f2ric mas de La Bastida i que ens puja pel serrat de Santa Anna fins el collet de la Font del Ferro on s&#8217;acaba la pista. Aqu\u00ed trobem el primer escull, una baga de pi negre situada al vessant nord que degut a la neu ens dificulta l&#8217;arribada a l&#8217;\u00e0mplia collada de Coma de Fornos, neta de neu. Per un sender for\u00e7a marcat pugem pel vessant de ponent del serrat de l&#8217;Amorriador i ja sortim a les extenses plan\u00faries i pendents herbats de la serra del Reller. A mida que anem pujant la neu \u00e9s m\u00e9s freq\u00fcent per\u00f2 amb poc gruix. Ens veiem obligats a anar esquivant les clapes de neu per\u00f2 en algun tram les hem de creuar. Voregem el Tur\u00f3 de Clots i iniciem la pujada final per la serra de Comaermada. Una dura pujada final acompanyada per unes condicions meteorol\u00f2giques for\u00e7a espectaculars ens porta fins el cim de la Carbassa (2735 m.) situat en un ampli altipl\u00e0. Panor\u00e0miques espectaculars als quatre vents. L&#8217;esfor\u00e7 ha valgut la pena. Quina meravella!! Un cop ben reposats iniciem la davallada que es presenta espectacular. Pedalem pendent avall pel mig de la neu com si estigu\u00e9ssim fent esqu\u00edmo. Quina xalada de baixada!! Passem ple Pla de Salades i pel prat d&#8217;Olopte baixem fins a Coll Pan on trobem un bonic sender que creua el barranc de Pasd\u00e8ller i arriba al Orris on ja trobem una pista que sense cap dificultat ens baixa fins a Talltendre. Acabem ben satisfets de la ruta que ens ha fet gaudir de deb\u00f2 de l&#8217;ambient de l&#8217;alta muntanya hivernal. Si us agrada l&#8217;ambient d&#8217;alta muntanya us la recomano. Aix\u00f2 si, assegureu-vos de l&#8217;estat de la neu i d&#8217;una bona meteo.<\/p>\n\n\n\n<h4 class=\"wp-block-heading\">\u00c0rea geogr\u00e0fica:<\/h4>\n\n\n\n<p>La Cerdanya<\/p>\n\n\n\n<h4 class=\"wp-block-heading\">Ciclabilitat:<\/h4>\n\n\n\n<div class=\"wptime-plugin-progress-wrap\" style=\"max-width:300px;margin-bottom:30px;\"><div class=\"wptime-plugin-progress-bar\" style=\"background:#0fa628;width:100%;\"><\/div><span>Ciclabilitat 100%<\/span><\/div>\n\n\n\n<h4 class=\"wp-block-heading\">Dificultat:<\/h4>\n\n\n\n<p class=\"verda\"><\/p>\n\n\n\n<p class=\"blava\"><\/p>\n\n\n\n<p class=\"vermella\">Vermella<\/p>\n\n\n\n<p class=\"negra\"><\/p>\n\n\n\n<div class=\"wp-block-group\"><div class=\"wp-block-group__inner-container is-layout-flow wp-block-group-is-layout-flow\">\n<h4 class=\"wp-block-heading\">Briefing de la ruta<\/h4>\n\n\n<\/div><\/div>\n\n\n\n<div class=\"wp-block-group\"><div class=\"wp-block-group__inner-container is-layout-flow wp-block-group-is-layout-flow\">\n<h4 class=\"wp-block-heading\">V\u00eddeo de la ruta<\/h4>\n\n\n\n<figure class=\"wp-block-embed is-type-video is-provider-youtube wp-block-embed-youtube wp-embed-aspect-16-9 wp-has-aspect-ratio\"><div class=\"wp-block-embed__wrapper\">\n<iframe loading=\"lazy\" title=\"La Carbassa. L&#039;alta muntanya a l&#039;hivern\" width=\"820\" height=\"461\" src=\"https:\/\/www.youtube.com\/embed\/F-IpFXtf2to?feature=oembed\" frameborder=\"0\" allow=\"accelerometer; autoplay; clipboard-write; encrypted-media; gyroscope; picture-in-picture; web-share\" referrerpolicy=\"strict-origin-when-cross-origin\" allowfullscreen><\/iframe>\n<\/div><\/figure>\n<\/div><\/div>\n\n\n\n<div class=\"wp-block-group\"><div class=\"wp-block-group__inner-container is-layout-flow wp-block-group-is-layout-flow\">\n<h4 class=\"wp-block-heading\">Descarrega el track de la ruta<\/h4>\n\n\n\n<div class=\"wp-block-file\"><a id=\"wp-block-file--media-88f1ada0-b71c-4bc8-94f8-1b6997170705\" href=\"https:\/\/www.overtheclouds.eu\/wp-content\/uploads\/2025\/02\/25-02-21-La-Carbassa-des-de-Talltendre.gpx\">25-02-21-La-Carbassa-des-de-Talltendre<\/a><a href=\"https:\/\/www.overtheclouds.eu\/wp-content\/uploads\/2025\/02\/25-02-21-La-Carbassa-des-de-Talltendre.gpx\" class=\"wp-block-file__button wp-element-button\" download aria-describedby=\"wp-block-file--media-88f1ada0-b71c-4bc8-94f8-1b6997170705\">Descarrega<\/a><\/div>\n<\/div><\/div>\n\n\n\n<div class=\"wp-block-group\"><div class=\"wp-block-group__inner-container is-layout-flow wp-block-group-is-layout-flow\">\n<h4 class=\"wp-block-heading\">Galeria d&#8217;imatges<\/h4>\n<\/div><\/div>\n\n\n<div class='photonic-google-stream photonic-stream ' id='photonic-google-stream-1'>\n\r\n<div class='photonic-error photonic-google-error' id='photonic-google-error-1'>\r\n\t<span class='photonic-error-icon photonic-icon'>&nbsp;<\/span>\r\n\t<div class='photonic-message'>\r\n\t\tNo se pudo obtener datos. Error:<br \/><code>\nRequest had insufficient authentication scopes.<\/code><br \/>\n\r\n\t<\/div>\r\n<\/div>\n\n<\/div><!-- .photonic-stream or .photonic-panel -->\n\n\n<p>&nbsp;<\/p>","protected":false},"excerpt":{"rendered":"<p>Al\u00e7ada m\u00e0xima de la ruta: 2.735 metres Descripci\u00f3 breu: Curta per\u00f2 intensa ruta d&#8217;alta muntanya per les serres del Reller i de Comaermada a la Cerdanya. El punt d&#8217;inici \u00e9s el petit llogarret de Talltendre, enfilat al nord de Bellver. &hellip; <a href=\"https:\/\/www.overtheclouds.eu\/index.php\/2025\/02\/25\/cim-de-la-carbassa-pedalant-per-la-neu\/\" class=\"more-link\"><span class=\"more-button\">TOTA LA RUTA AQU\u00cd<span class=\"screen-reader-text\">Cim de La Carbassa. Pedalant per la neu<\/span><\/span><\/a><\/p>\n","protected":false},"author":2,"featured_media":2473,"comment_status":"open","ping_status":"closed","sticky":false,"template":"","format":"standard","meta":{"_exactmetrics_skip_tracking":false,"_exactmetrics_sitenote_active":false,"_exactmetrics_sitenote_note":"","_exactmetrics_sitenote_category":0,"footnotes":""},"categories":[1,18,3,14,22],"tags":[],"yoast_head":"<!-- This site is optimized with the Yoast SEO plugin v22.7 - https:\/\/yoast.com\/wordpress\/plugins\/seo\/ -->\n<title>Cim de La Carbassa. Pedalant per la neu &#8211; Over the Clouds<\/title>\n<meta name=\"description\" content=\"Cim de La Carbassa. Pedalant per la neu &#8211; - &#8211; Extraordinary routes for ordinary bikers\" \/>\n<meta name=\"robots\" content=\"index, follow, max-snippet:-1, max-image-preview:large, max-video-preview:-1\" \/>\n<link rel=\"canonical\" href=\"https:\/\/www.overtheclouds.eu\/index.php\/2025\/02\/25\/cim-de-la-carbassa-pedalant-per-la-neu\/\" \/>\n<meta property=\"og:locale\" content=\"es_ES\" \/>\n<meta property=\"og:type\" content=\"article\" \/>\n<meta property=\"og:title\" content=\"Cim de La Carbassa. Pedalant per la neu &#8211; Over the Clouds\" \/>\n<meta property=\"og:description\" content=\"Cim de La Carbassa. Pedalant per la neu &#8211; - &#8211; Extraordinary routes for ordinary bikers\" \/>\n<meta property=\"og:url\" content=\"https:\/\/www.overtheclouds.eu\/index.php\/2025\/02\/25\/cim-de-la-carbassa-pedalant-per-la-neu\/\" \/>\n<meta property=\"og:site_name\" content=\"Over the Clouds\" \/>\n<meta property=\"article:published_time\" content=\"2025-02-25T19:51:39+00:00\" \/>\n<meta property=\"article:modified_time\" content=\"2025-02-25T19:51:41+00:00\" \/>\n<meta property=\"og:image\" content=\"https:\/\/www.overtheclouds.eu\/wp-content\/uploads\/2025\/02\/P1006612.jpg\" \/>\n\t<meta property=\"og:image:width\" content=\"1000\" \/>\n\t<meta property=\"og:image:height\" content=\"563\" \/>\n\t<meta property=\"og:image:type\" content=\"image\/jpeg\" \/>\n<meta name=\"author\" content=\"Jaume\" \/>\n<meta name=\"twitter:card\" content=\"summary_large_image\" \/>\n<meta name=\"twitter:label1\" content=\"Escrito por\" \/>\n\t<meta name=\"twitter:data1\" content=\"Jaume\" \/>\n\t<meta name=\"twitter:label2\" content=\"Tiempo de lectura\" \/>\n\t<meta name=\"twitter:data2\" content=\"2 minutos\" \/>\n<script type=\"application\/ld+json\" class=\"yoast-schema-graph\">{\"@context\":\"https:\/\/schema.org\",\"@graph\":[{\"@type\":\"Article\",\"@id\":\"https:\/\/www.overtheclouds.eu\/index.php\/2025\/02\/25\/cim-de-la-carbassa-pedalant-per-la-neu\/#article\",\"isPartOf\":{\"@id\":\"https:\/\/www.overtheclouds.eu\/index.php\/2025\/02\/25\/cim-de-la-carbassa-pedalant-per-la-neu\/\"},\"author\":{\"name\":\"Jaume\",\"@id\":\"https:\/\/www.overtheclouds.eu\/#\/schema\/person\/283fe644ef85985e7a0cad3f42b6cc63\"},\"headline\":\"Cim de La Carbassa. Pedalant per la neu\",\"datePublished\":\"2025-02-25T19:51:39+00:00\",\"dateModified\":\"2025-02-25T19:51:41+00:00\",\"mainEntityOfPage\":{\"@id\":\"https:\/\/www.overtheclouds.eu\/index.php\/2025\/02\/25\/cim-de-la-carbassa-pedalant-per-la-neu\/\"},\"wordCount\":409,\"commentCount\":0,\"publisher\":{\"@id\":\"https:\/\/www.overtheclouds.eu\/#organization\"},\"image\":{\"@id\":\"https:\/\/www.overtheclouds.eu\/index.php\/2025\/02\/25\/cim-de-la-carbassa-pedalant-per-la-neu\/#primaryimage\"},\"thumbnailUrl\":\"https:\/\/www.overtheclouds.eu\/wp-content\/uploads\/2025\/02\/P1006612.jpg\",\"articleSection\":[\"-\",\"\u26f0 &gt;2501m\",\"Pirineu catal\u00e0\",\"Vermella (Dif\u00edcil)\",\"\ud83d\udeb2 95-99%\"],\"inLanguage\":\"es\",\"potentialAction\":[{\"@type\":\"CommentAction\",\"name\":\"Comment\",\"target\":[\"https:\/\/www.overtheclouds.eu\/index.php\/2025\/02\/25\/cim-de-la-carbassa-pedalant-per-la-neu\/#respond\"]}]},{\"@type\":\"WebPage\",\"@id\":\"https:\/\/www.overtheclouds.eu\/index.php\/2025\/02\/25\/cim-de-la-carbassa-pedalant-per-la-neu\/\",\"url\":\"https:\/\/www.overtheclouds.eu\/index.php\/2025\/02\/25\/cim-de-la-carbassa-pedalant-per-la-neu\/\",\"name\":\"Cim de La Carbassa. Pedalant per la neu &#8211; Over the Clouds\",\"isPartOf\":{\"@id\":\"https:\/\/www.overtheclouds.eu\/#website\"},\"primaryImageOfPage\":{\"@id\":\"https:\/\/www.overtheclouds.eu\/index.php\/2025\/02\/25\/cim-de-la-carbassa-pedalant-per-la-neu\/#primaryimage\"},\"image\":{\"@id\":\"https:\/\/www.overtheclouds.eu\/index.php\/2025\/02\/25\/cim-de-la-carbassa-pedalant-per-la-neu\/#primaryimage\"},\"thumbnailUrl\":\"https:\/\/www.overtheclouds.eu\/wp-content\/uploads\/2025\/02\/P1006612.jpg\",\"datePublished\":\"2025-02-25T19:51:39+00:00\",\"dateModified\":\"2025-02-25T19:51:41+00:00\",\"description\":\"Cim de La Carbassa. Pedalant per la neu &#8211; - &#8211; Extraordinary routes for ordinary bikers\",\"breadcrumb\":{\"@id\":\"https:\/\/www.overtheclouds.eu\/index.php\/2025\/02\/25\/cim-de-la-carbassa-pedalant-per-la-neu\/#breadcrumb\"},\"inLanguage\":\"es\",\"potentialAction\":[{\"@type\":\"ReadAction\",\"target\":[\"https:\/\/www.overtheclouds.eu\/index.php\/2025\/02\/25\/cim-de-la-carbassa-pedalant-per-la-neu\/\"]}]},{\"@type\":\"ImageObject\",\"inLanguage\":\"es\",\"@id\":\"https:\/\/www.overtheclouds.eu\/index.php\/2025\/02\/25\/cim-de-la-carbassa-pedalant-per-la-neu\/#primaryimage\",\"url\":\"https:\/\/www.overtheclouds.eu\/wp-content\/uploads\/2025\/02\/P1006612.jpg\",\"contentUrl\":\"https:\/\/www.overtheclouds.eu\/wp-content\/uploads\/2025\/02\/P1006612.jpg\",\"width\":1000,\"height\":563},{\"@type\":\"BreadcrumbList\",\"@id\":\"https:\/\/www.overtheclouds.eu\/index.php\/2025\/02\/25\/cim-de-la-carbassa-pedalant-per-la-neu\/#breadcrumb\",\"itemListElement\":[{\"@type\":\"ListItem\",\"position\":1,\"name\":\"Inici\",\"item\":\"https:\/\/www.overtheclouds.eu\/\"},{\"@type\":\"ListItem\",\"position\":2,\"name\":\"-\",\"item\":\"https:\/\/www.overtheclouds.eu\/index.php\/category\/sin-categoria\/\"},{\"@type\":\"ListItem\",\"position\":3,\"name\":\"Cim de La Carbassa. Pedalant per la neu\"}]},{\"@type\":\"WebSite\",\"@id\":\"https:\/\/www.overtheclouds.eu\/#website\",\"url\":\"https:\/\/www.overtheclouds.eu\/\",\"name\":\"Over the Clouds\",\"description\":\"El plaer de rec\u00f3rrer valls, carenes i assolir cims\",\"publisher\":{\"@id\":\"https:\/\/www.overtheclouds.eu\/#organization\"},\"potentialAction\":[{\"@type\":\"SearchAction\",\"target\":{\"@type\":\"EntryPoint\",\"urlTemplate\":\"https:\/\/www.overtheclouds.eu\/?s={search_term_string}\"},\"query-input\":\"required name=search_term_string\"}],\"inLanguage\":\"es\"},{\"@type\":\"Organization\",\"@id\":\"https:\/\/www.overtheclouds.eu\/#organization\",\"name\":\"Over the Clouds\",\"url\":\"https:\/\/www.overtheclouds.eu\/\",\"logo\":{\"@type\":\"ImageObject\",\"inLanguage\":\"es\",\"@id\":\"https:\/\/www.overtheclouds.eu\/#\/schema\/logo\/image\/\",\"url\":\"https:\/\/www.overtheclouds.eu\/wp-content\/uploads\/2020\/02\/logo-4.png\",\"contentUrl\":\"https:\/\/www.overtheclouds.eu\/wp-content\/uploads\/2020\/02\/logo-4.png\",\"width\":612,\"height\":418,\"caption\":\"Over the Clouds\"},\"image\":{\"@id\":\"https:\/\/www.overtheclouds.eu\/#\/schema\/logo\/image\/\"}},{\"@type\":\"Person\",\"@id\":\"https:\/\/www.overtheclouds.eu\/#\/schema\/person\/283fe644ef85985e7a0cad3f42b6cc63\",\"name\":\"Jaume\",\"image\":{\"@type\":\"ImageObject\",\"inLanguage\":\"es\",\"@id\":\"https:\/\/www.overtheclouds.eu\/#\/schema\/person\/image\/\",\"url\":\"https:\/\/secure.gravatar.com\/avatar\/86c0905ad41bd45ffed5903a626e36c9?s=96&d=blank&r=g\",\"contentUrl\":\"https:\/\/secure.gravatar.com\/avatar\/86c0905ad41bd45ffed5903a626e36c9?s=96&d=blank&r=g\",\"caption\":\"Jaume\"}}]}<\/script>\n<!-- \/ Yoast SEO plugin. -->","yoast_head_json":{"title":"Cim de La Carbassa. Pedalant per la neu &#8211; Over the Clouds","description":"Cim de La Carbassa. Pedalant per la neu &#8211; - &#8211; Extraordinary routes for ordinary bikers","robots":{"index":"index","follow":"follow","max-snippet":"max-snippet:-1","max-image-preview":"max-image-preview:large","max-video-preview":"max-video-preview:-1"},"canonical":"https:\/\/www.overtheclouds.eu\/index.php\/2025\/02\/25\/cim-de-la-carbassa-pedalant-per-la-neu\/","og_locale":"es_ES","og_type":"article","og_title":"Cim de La Carbassa. Pedalant per la neu &#8211; Over the Clouds","og_description":"Cim de La Carbassa. Pedalant per la neu &#8211; - &#8211; Extraordinary routes for ordinary bikers","og_url":"https:\/\/www.overtheclouds.eu\/index.php\/2025\/02\/25\/cim-de-la-carbassa-pedalant-per-la-neu\/","og_site_name":"Over the Clouds","article_published_time":"2025-02-25T19:51:39+00:00","article_modified_time":"2025-02-25T19:51:41+00:00","og_image":[{"width":1000,"height":563,"url":"https:\/\/www.overtheclouds.eu\/wp-content\/uploads\/2025\/02\/P1006612.jpg","type":"image\/jpeg"}],"author":"Jaume","twitter_card":"summary_large_image","twitter_misc":{"Escrito por":"Jaume","Tiempo de lectura":"2 minutos"},"schema":{"@context":"https:\/\/schema.org","@graph":[{"@type":"Article","@id":"https:\/\/www.overtheclouds.eu\/index.php\/2025\/02\/25\/cim-de-la-carbassa-pedalant-per-la-neu\/#article","isPartOf":{"@id":"https:\/\/www.overtheclouds.eu\/index.php\/2025\/02\/25\/cim-de-la-carbassa-pedalant-per-la-neu\/"},"author":{"name":"Jaume","@id":"https:\/\/www.overtheclouds.eu\/#\/schema\/person\/283fe644ef85985e7a0cad3f42b6cc63"},"headline":"Cim de La Carbassa. Pedalant per la neu","datePublished":"2025-02-25T19:51:39+00:00","dateModified":"2025-02-25T19:51:41+00:00","mainEntityOfPage":{"@id":"https:\/\/www.overtheclouds.eu\/index.php\/2025\/02\/25\/cim-de-la-carbassa-pedalant-per-la-neu\/"},"wordCount":409,"commentCount":0,"publisher":{"@id":"https:\/\/www.overtheclouds.eu\/#organization"},"image":{"@id":"https:\/\/www.overtheclouds.eu\/index.php\/2025\/02\/25\/cim-de-la-carbassa-pedalant-per-la-neu\/#primaryimage"},"thumbnailUrl":"https:\/\/www.overtheclouds.eu\/wp-content\/uploads\/2025\/02\/P1006612.jpg","articleSection":["-","\u26f0 &gt;2501m","Pirineu catal\u00e0","Vermella (Dif\u00edcil)","\ud83d\udeb2 95-99%"],"inLanguage":"es","potentialAction":[{"@type":"CommentAction","name":"Comment","target":["https:\/\/www.overtheclouds.eu\/index.php\/2025\/02\/25\/cim-de-la-carbassa-pedalant-per-la-neu\/#respond"]}]},{"@type":"WebPage","@id":"https:\/\/www.overtheclouds.eu\/index.php\/2025\/02\/25\/cim-de-la-carbassa-pedalant-per-la-neu\/","url":"https:\/\/www.overtheclouds.eu\/index.php\/2025\/02\/25\/cim-de-la-carbassa-pedalant-per-la-neu\/","name":"Cim de La Carbassa. Pedalant per la neu &#8211; Over the Clouds","isPartOf":{"@id":"https:\/\/www.overtheclouds.eu\/#website"},"primaryImageOfPage":{"@id":"https:\/\/www.overtheclouds.eu\/index.php\/2025\/02\/25\/cim-de-la-carbassa-pedalant-per-la-neu\/#primaryimage"},"image":{"@id":"https:\/\/www.overtheclouds.eu\/index.php\/2025\/02\/25\/cim-de-la-carbassa-pedalant-per-la-neu\/#primaryimage"},"thumbnailUrl":"https:\/\/www.overtheclouds.eu\/wp-content\/uploads\/2025\/02\/P1006612.jpg","datePublished":"2025-02-25T19:51:39+00:00","dateModified":"2025-02-25T19:51:41+00:00","description":"Cim de La Carbassa. Pedalant per la neu &#8211; - &#8211; Extraordinary routes for ordinary bikers","breadcrumb":{"@id":"https:\/\/www.overtheclouds.eu\/index.php\/2025\/02\/25\/cim-de-la-carbassa-pedalant-per-la-neu\/#breadcrumb"},"inLanguage":"es","potentialAction":[{"@type":"ReadAction","target":["https:\/\/www.overtheclouds.eu\/index.php\/2025\/02\/25\/cim-de-la-carbassa-pedalant-per-la-neu\/"]}]},{"@type":"ImageObject","inLanguage":"es","@id":"https:\/\/www.overtheclouds.eu\/index.php\/2025\/02\/25\/cim-de-la-carbassa-pedalant-per-la-neu\/#primaryimage","url":"https:\/\/www.overtheclouds.eu\/wp-content\/uploads\/2025\/02\/P1006612.jpg","contentUrl":"https:\/\/www.overtheclouds.eu\/wp-content\/uploads\/2025\/02\/P1006612.jpg","width":1000,"height":563},{"@type":"BreadcrumbList","@id":"https:\/\/www.overtheclouds.eu\/index.php\/2025\/02\/25\/cim-de-la-carbassa-pedalant-per-la-neu\/#breadcrumb","itemListElement":[{"@type":"ListItem","position":1,"name":"Inici","item":"https:\/\/www.overtheclouds.eu\/"},{"@type":"ListItem","position":2,"name":"-","item":"https:\/\/www.overtheclouds.eu\/index.php\/category\/sin-categoria\/"},{"@type":"ListItem","position":3,"name":"Cim de La Carbassa. Pedalant per la neu"}]},{"@type":"WebSite","@id":"https:\/\/www.overtheclouds.eu\/#website","url":"https:\/\/www.overtheclouds.eu\/","name":"Over the Clouds","description":"El plaer de rec\u00f3rrer valls, carenes i assolir cims","publisher":{"@id":"https:\/\/www.overtheclouds.eu\/#organization"},"potentialAction":[{"@type":"SearchAction","target":{"@type":"EntryPoint","urlTemplate":"https:\/\/www.overtheclouds.eu\/?s={search_term_string}"},"query-input":"required name=search_term_string"}],"inLanguage":"es"},{"@type":"Organization","@id":"https:\/\/www.overtheclouds.eu\/#organization","name":"Over the Clouds","url":"https:\/\/www.overtheclouds.eu\/","logo":{"@type":"ImageObject","inLanguage":"es","@id":"https:\/\/www.overtheclouds.eu\/#\/schema\/logo\/image\/","url":"https:\/\/www.overtheclouds.eu\/wp-content\/uploads\/2020\/02\/logo-4.png","contentUrl":"https:\/\/www.overtheclouds.eu\/wp-content\/uploads\/2020\/02\/logo-4.png","width":612,"height":418,"caption":"Over the Clouds"},"image":{"@id":"https:\/\/www.overtheclouds.eu\/#\/schema\/logo\/image\/"}},{"@type":"Person","@id":"https:\/\/www.overtheclouds.eu\/#\/schema\/person\/283fe644ef85985e7a0cad3f42b6cc63","name":"Jaume","image":{"@type":"ImageObject","inLanguage":"es","@id":"https:\/\/www.overtheclouds.eu\/#\/schema\/person\/image\/","url":"https:\/\/secure.gravatar.com\/avatar\/86c0905ad41bd45ffed5903a626e36c9?s=96&d=blank&r=g","contentUrl":"https:\/\/secure.gravatar.com\/avatar\/86c0905ad41bd45ffed5903a626e36c9?s=96&d=blank&r=g","caption":"Jaume"}}]}},"_links":{"self":[{"href":"https:\/\/www.overtheclouds.eu\/index.php\/wp-json\/wp\/v2\/posts\/2470"}],"collection":[{"href":"https:\/\/www.overtheclouds.eu\/index.php\/wp-json\/wp\/v2\/posts"}],"about":[{"href":"https:\/\/www.overtheclouds.eu\/index.php\/wp-json\/wp\/v2\/types\/post"}],"author":[{"embeddable":true,"href":"https:\/\/www.overtheclouds.eu\/index.php\/wp-json\/wp\/v2\/users\/2"}],"replies":[{"embeddable":true,"href":"https:\/\/www.overtheclouds.eu\/index.php\/wp-json\/wp\/v2\/comments?post=2470"}],"version-history":[{"count":2,"href":"https:\/\/www.overtheclouds.eu\/index.php\/wp-json\/wp\/v2\/posts\/2470\/revisions"}],"predecessor-version":[{"id":2474,"href":"https:\/\/www.overtheclouds.eu\/index.php\/wp-json\/wp\/v2\/posts\/2470\/revisions\/2474"}],"wp:featuredmedia":[{"embeddable":true,"href":"https:\/\/www.overtheclouds.eu\/index.php\/wp-json\/wp\/v2\/media\/2473"}],"wp:attachment":[{"href":"https:\/\/www.overtheclouds.eu\/index.php\/wp-json\/wp\/v2\/media?parent=2470"}],"wp:term":[{"taxonomy":"category","embeddable":true,"href":"https:\/\/www.overtheclouds.eu\/index.php\/wp-json\/wp\/v2\/categories?post=2470"},{"taxonomy":"post_tag","embeddable":true,"href":"https:\/\/www.overtheclouds.eu\/index.php\/wp-json\/wp\/v2\/tags?post=2470"}],"curies":[{"name":"wp","href":"https:\/\/api.w.org\/{rel}","templated":true}]}}