{"id":2464,"date":"2025-02-12T21:04:39","date_gmt":"2025-02-12T20:04:39","guid":{"rendered":"https:\/\/www.overtheclouds.eu\/?p=2464"},"modified":"2025-02-12T21:04:41","modified_gmt":"2025-02-12T20:04:41","slug":"sant-llorenc-savall-pedalant-pel-seu-entorn","status":"publish","type":"post","link":"https:\/\/www.overtheclouds.eu\/index.php\/2025\/02\/12\/sant-llorenc-savall-pedalant-pel-seu-entorn\/","title":{"rendered":"Sant Lloren\u00e7 Savall, pedalant pel seu entorn"},"content":{"rendered":"\n<h4 class=\"wp-block-heading\">Al\u00e7ada m\u00e0xima de la ruta:<\/h4>\n\n\n\n<p>867 metres<\/p>\n\n\n\n<h4 class=\"wp-block-heading\">Descripci\u00f3 breu:<\/h4>\n\n\n\n<p>Interessant ruta circular a partir del poble de Sant Lloren\u00e7 Savall. Comencem pujant cap a l&#8217;ermita de Sant Jaume de Vallverd, estrat\u00e8gicament empla\u00e7ada i que ofereix unes \u00e0mplies panor\u00e0miques sobre el vessant oriental del mass\u00eds de Sant Lloren\u00e7 del Munt. Seguim pel corriol dels Degotalls que ens porta fins a les plan\u00faries de Can Catafau on iniciem una r\u00e0pida baixada cap el riu Ripoll per la pista que baixa pel Sot d&#8217;Aguiga i per la font del Pl\u00e0tan. Creuem el riu a gual, bell indret, tamb\u00e9 creuem la carretera i arribem a la Mare de D\u00e9u de les Arenes, una ermita rom\u00e0nica que ha estat modificada sense gaire encert. Poc a poc ens anem apropant a la base del mass\u00eds de Sant Lloren\u00e7 del Munt. Per la riera de Matalonga primer i per la Furriola m\u00e9s endavant arribem a la pista que ens puja fins el mas del Dalmau amb una bonica era empedrada. A tocar aquest mas ens arribem a l&#8217;amagada i poc coneguda ermita rom\u00e0nica de Sant Pere de Mur amb un bon estat de conservaci\u00f3 per\u00f2 al igual que la de les Arenes amb retocs no massa escaients. Per una bona pista passem per la propera casa de El Dav\u00ed i aviat arribem a la part m\u00e9s interessant de la ruta. La pista s&#8217;acaba just sota l&#8217;encinglerada Rocamur, m\u00e9s coneguda com la M\u00e0quina de Tren per la curiosa forma que t\u00e9. Seguim per un f\u00e0cil corriol i ens aturem a contemplar aquest penyal isolat on hi havia hagut el castell de Rocamur del que en queden ben pocs vestigis en forma d&#8217;alguna paret de pedra seca. Seguint pel corriol arribem a l&#8217;a\u00e8ria cornisa que ens porta fins al Roc de l&#8217;\u00c0liga des d&#8217;on contemplem unes \u00e0mplies panor\u00e0miques sobre tot el vessant oriental del mass\u00eds de Sant Lloren\u00e7 del Munt i tamb\u00e9 de les valls d&#8217;Horta i del Ripoll que tenim als nostres peus. Iniciem la baixada pel bonic per\u00f2 una mica embrossat sender que ressegueix la Serra del Bonaire fins arribar al coll de Palomeres on trobem una pista que ens baixa fins a la Vall d&#8217;Horta que seguim aig\u00fces amunt fins trobar la pista que ens puja fins al coll del Castell de Pera del qual nom\u00e9s en queden les parets. R\u00e0pida baixada per una bona pista fins creuar la carretera B-124 a l&#8217;indret del pont del Gal\u00ed on la deixem per iniciar la pujada cap a Coll de Trens per una antiga pista avui convertida quasi en corriol amb alguns passos una mica dificultosos. Un cop aquest coll per una bona pista pugem fins a les cingleres de Salam\u00f3. Grans panor\u00e0miques sobre la vall del Ripoll. A la llunyania entreveiem La Mola. Seguim pujant sempre per bones pistes fins al Coll d&#8217;Ases, punt m\u00e9s alt de la ruta. A partir d&#8217;aqu\u00ed una r\u00e0pida baixada per pistes de terra tot passant pel costat de la particular ermita de Sant Feliuet de Vallc\u00e0rcara ens porta fins el fons de la vall. Acabem la ruta seguint un t\u00e8cnic corriol que ens deixa a l&#8217;entrada de Sant Lloren\u00e7 Savall on acabem aquesta interessant ruta que recomano for\u00e7a tant per les panor\u00e0miques variades que hi trobareu com per la visita a ermites rom\u00e0niques i indrets molt curiosos com la M\u00e0quina de Tren o el Roc de l&#8217;\u00c0liga.<\/p>\n\n\n\n<h4 class=\"wp-block-heading\">\u00c0rea geogr\u00e0fica:<\/h4>\n\n\n\n<p>Mass\u00eds de Sant Lloren\u00e7 del Munt<\/p>\n\n\n\n<h4 class=\"wp-block-heading\">Ciclabilitat:<\/h4>\n\n\n\n<div class=\"wptime-plugin-progress-wrap\" style=\"max-width:300px;margin-bottom:30px;\"><div class=\"wptime-plugin-progress-bar\" style=\"background:#0fa628;width:100%;\"><\/div><span>Ciclabilitat 100%<\/span><\/div>\n\n\n\n<h4 class=\"wp-block-heading\">Dificultat:<\/h4>\n\n\n\n<p class=\"verda\"><\/p>\n\n\n\n<p class=\"blava\">Blava<\/p>\n\n\n\n<p class=\"vermella\"><\/p>\n\n\n\n<p class=\"negra\"><\/p>\n\n\n\n<h4 class=\"wp-block-heading\">Briefing de la ruta<\/h4>\n\n\n\n<div class=\"wp-block-group\"><div class=\"wp-block-group__inner-container is-layout-flow wp-block-group-is-layout-flow\"><\/div><\/div>\n\n\n\n<div class=\"wp-block-group\"><div class=\"wp-block-group__inner-container is-layout-flow wp-block-group-is-layout-flow\">\n<h4 class=\"wp-block-heading\">V\u00eddeo de la ruta<\/h4>\n\n\n\n<figure class=\"wp-block-embed is-type-video is-provider-youtube wp-block-embed-youtube wp-embed-aspect-16-9 wp-has-aspect-ratio\"><div class=\"wp-block-embed__wrapper\">\n<iframe loading=\"lazy\" title=\"Sant Lloren\u00e7 Savall, pedalant pel seu entorn\" width=\"820\" height=\"461\" src=\"https:\/\/www.youtube.com\/embed\/T9dmdgUQ9Fo?feature=oembed\" frameborder=\"0\" allow=\"accelerometer; autoplay; clipboard-write; encrypted-media; gyroscope; picture-in-picture; web-share\" referrerpolicy=\"strict-origin-when-cross-origin\" allowfullscreen><\/iframe>\n<\/div><\/figure>\n<\/div><\/div>\n\n\n\n<div class=\"wp-block-group\"><div class=\"wp-block-group__inner-container is-layout-flow wp-block-group-is-layout-flow\">\n<h4 class=\"wp-block-heading\">Descarrega el track de la ruta<\/h4>\n\n\n\n<div class=\"wp-block-file\"><a id=\"wp-block-file--media-fbfd6440-8338-4bd0-b722-56459382abe4\" href=\"https:\/\/www.overtheclouds.eu\/wp-content\/uploads\/2025\/02\/25-02-06-SLLorensS-Arenes-Dalmau-Davi-MaqTren-Salamo.gpx\">25-02-06-SLLorensS-Arenes-Dalmau-Davi-MaqTren-Salamo<\/a><a href=\"https:\/\/www.overtheclouds.eu\/wp-content\/uploads\/2025\/02\/25-02-06-SLLorensS-Arenes-Dalmau-Davi-MaqTren-Salamo.gpx\" class=\"wp-block-file__button wp-element-button\" download aria-describedby=\"wp-block-file--media-fbfd6440-8338-4bd0-b722-56459382abe4\">Descarrega<\/a><\/div>\n<\/div><\/div>\n\n\n\n<div class=\"wp-block-group\"><div class=\"wp-block-group__inner-container is-layout-flow wp-block-group-is-layout-flow\">\n<h4 class=\"wp-block-heading\">Galeria d&#8217;imatges<\/h4>\n<\/div><\/div>\n\n\n<div class='photonic-google-stream photonic-stream ' id='photonic-google-stream-1'>\n\r\n<div class='photonic-error photonic-google-error' id='photonic-google-error-1'>\r\n\t<span class='photonic-error-icon photonic-icon'>&nbsp;<\/span>\r\n\t<div class='photonic-message'>\r\n\t\tNo se pudo obtener datos. Error:<br \/><code>\nRequest had insufficient authentication scopes.<\/code><br \/>\n\r\n\t<\/div>\r\n<\/div>\n\n<\/div><!-- .photonic-stream or .photonic-panel -->\n\n\n<p>&nbsp;<\/p>","protected":false},"excerpt":{"rendered":"<p>Al\u00e7ada m\u00e0xima de la ruta: 867 metres Descripci\u00f3 breu: Interessant ruta circular a partir del poble de Sant Lloren\u00e7 Savall. Comencem pujant cap a l&#8217;ermita de Sant Jaume de Vallverd, estrat\u00e8gicament empla\u00e7ada i que ofereix unes \u00e0mplies panor\u00e0miques sobre el &hellip; <a href=\"https:\/\/www.overtheclouds.eu\/index.php\/2025\/02\/12\/sant-llorenc-savall-pedalant-pel-seu-entorn\/\" class=\"more-link\"><span class=\"more-button\">TOTA LA RUTA AQU\u00cd<span class=\"screen-reader-text\">Sant Lloren\u00e7 Savall, pedalant pel seu entorn<\/span><\/span><\/a><\/p>\n","protected":false},"author":2,"featured_media":2467,"comment_status":"open","ping_status":"closed","sticky":false,"template":"","format":"standard","meta":{"_exactmetrics_skip_tracking":false,"_exactmetrics_sitenote_active":false,"_exactmetrics_sitenote_note":"","_exactmetrics_sitenote_category":0,"footnotes":""},"categories":[1,16,13,29,23],"tags":[],"yoast_head":"<!-- This site is optimized with the Yoast SEO plugin v22.7 - https:\/\/yoast.com\/wordpress\/plugins\/seo\/ -->\n<title>Sant Lloren\u00e7 Savall, pedalant pel seu entorn &#8211; Over the Clouds<\/title>\n<meta name=\"description\" content=\"Sant Lloren\u00e7 Savall, pedalant pel seu entorn &#8211; - &#8211; Extraordinary routes for ordinary bikers\" \/>\n<meta name=\"robots\" content=\"index, follow, max-snippet:-1, max-image-preview:large, max-video-preview:-1\" \/>\n<link rel=\"canonical\" href=\"https:\/\/www.overtheclouds.eu\/index.php\/2025\/02\/12\/sant-llorenc-savall-pedalant-pel-seu-entorn\/\" \/>\n<meta property=\"og:locale\" content=\"es_ES\" \/>\n<meta property=\"og:type\" content=\"article\" \/>\n<meta property=\"og:title\" content=\"Sant Lloren\u00e7 Savall, pedalant pel seu entorn &#8211; Over the Clouds\" \/>\n<meta property=\"og:description\" content=\"Sant Lloren\u00e7 Savall, pedalant pel seu entorn &#8211; - &#8211; Extraordinary routes for ordinary bikers\" \/>\n<meta property=\"og:url\" content=\"https:\/\/www.overtheclouds.eu\/index.php\/2025\/02\/12\/sant-llorenc-savall-pedalant-pel-seu-entorn\/\" \/>\n<meta property=\"og:site_name\" content=\"Over the Clouds\" \/>\n<meta property=\"article:published_time\" content=\"2025-02-12T20:04:39+00:00\" \/>\n<meta property=\"article:modified_time\" content=\"2025-02-12T20:04:41+00:00\" \/>\n<meta property=\"og:image\" content=\"https:\/\/www.overtheclouds.eu\/wp-content\/uploads\/2025\/02\/DJI_0285.jpg\" \/>\n\t<meta property=\"og:image:width\" content=\"1000\" \/>\n\t<meta property=\"og:image:height\" content=\"562\" \/>\n\t<meta property=\"og:image:type\" content=\"image\/jpeg\" \/>\n<meta name=\"author\" content=\"Jaume\" \/>\n<meta name=\"twitter:card\" content=\"summary_large_image\" \/>\n<meta name=\"twitter:label1\" content=\"Escrito por\" \/>\n\t<meta name=\"twitter:data1\" content=\"Jaume\" \/>\n\t<meta name=\"twitter:label2\" content=\"Tiempo de lectura\" \/>\n\t<meta name=\"twitter:data2\" content=\"3 minutos\" \/>\n<script type=\"application\/ld+json\" class=\"yoast-schema-graph\">{\"@context\":\"https:\/\/schema.org\",\"@graph\":[{\"@type\":\"Article\",\"@id\":\"https:\/\/www.overtheclouds.eu\/index.php\/2025\/02\/12\/sant-llorenc-savall-pedalant-pel-seu-entorn\/#article\",\"isPartOf\":{\"@id\":\"https:\/\/www.overtheclouds.eu\/index.php\/2025\/02\/12\/sant-llorenc-savall-pedalant-pel-seu-entorn\/\"},\"author\":{\"name\":\"Jaume\",\"@id\":\"https:\/\/www.overtheclouds.eu\/#\/schema\/person\/283fe644ef85985e7a0cad3f42b6cc63\"},\"headline\":\"Sant Lloren\u00e7 Savall, pedalant pel seu entorn\",\"datePublished\":\"2025-02-12T20:04:39+00:00\",\"dateModified\":\"2025-02-12T20:04:41+00:00\",\"mainEntityOfPage\":{\"@id\":\"https:\/\/www.overtheclouds.eu\/index.php\/2025\/02\/12\/sant-llorenc-savall-pedalant-pel-seu-entorn\/\"},\"wordCount\":659,\"commentCount\":0,\"publisher\":{\"@id\":\"https:\/\/www.overtheclouds.eu\/#organization\"},\"image\":{\"@id\":\"https:\/\/www.overtheclouds.eu\/index.php\/2025\/02\/12\/sant-llorenc-savall-pedalant-pel-seu-entorn\/#primaryimage\"},\"thumbnailUrl\":\"https:\/\/www.overtheclouds.eu\/wp-content\/uploads\/2025\/02\/DJI_0285.jpg\",\"articleSection\":[\"-\",\"\u26f0 &lt;1500m\",\"Blava (Intermitja)\",\"Catalunya interior\",\"\ud83d\udeb2 100%\"],\"inLanguage\":\"es\",\"potentialAction\":[{\"@type\":\"CommentAction\",\"name\":\"Comment\",\"target\":[\"https:\/\/www.overtheclouds.eu\/index.php\/2025\/02\/12\/sant-llorenc-savall-pedalant-pel-seu-entorn\/#respond\"]}]},{\"@type\":\"WebPage\",\"@id\":\"https:\/\/www.overtheclouds.eu\/index.php\/2025\/02\/12\/sant-llorenc-savall-pedalant-pel-seu-entorn\/\",\"url\":\"https:\/\/www.overtheclouds.eu\/index.php\/2025\/02\/12\/sant-llorenc-savall-pedalant-pel-seu-entorn\/\",\"name\":\"Sant Lloren\u00e7 Savall, pedalant pel seu entorn &#8211; Over the Clouds\",\"isPartOf\":{\"@id\":\"https:\/\/www.overtheclouds.eu\/#website\"},\"primaryImageOfPage\":{\"@id\":\"https:\/\/www.overtheclouds.eu\/index.php\/2025\/02\/12\/sant-llorenc-savall-pedalant-pel-seu-entorn\/#primaryimage\"},\"image\":{\"@id\":\"https:\/\/www.overtheclouds.eu\/index.php\/2025\/02\/12\/sant-llorenc-savall-pedalant-pel-seu-entorn\/#primaryimage\"},\"thumbnailUrl\":\"https:\/\/www.overtheclouds.eu\/wp-content\/uploads\/2025\/02\/DJI_0285.jpg\",\"datePublished\":\"2025-02-12T20:04:39+00:00\",\"dateModified\":\"2025-02-12T20:04:41+00:00\",\"description\":\"Sant Lloren\u00e7 Savall, pedalant pel seu entorn &#8211; - &#8211; Extraordinary routes for ordinary bikers\",\"breadcrumb\":{\"@id\":\"https:\/\/www.overtheclouds.eu\/index.php\/2025\/02\/12\/sant-llorenc-savall-pedalant-pel-seu-entorn\/#breadcrumb\"},\"inLanguage\":\"es\",\"potentialAction\":[{\"@type\":\"ReadAction\",\"target\":[\"https:\/\/www.overtheclouds.eu\/index.php\/2025\/02\/12\/sant-llorenc-savall-pedalant-pel-seu-entorn\/\"]}]},{\"@type\":\"ImageObject\",\"inLanguage\":\"es\",\"@id\":\"https:\/\/www.overtheclouds.eu\/index.php\/2025\/02\/12\/sant-llorenc-savall-pedalant-pel-seu-entorn\/#primaryimage\",\"url\":\"https:\/\/www.overtheclouds.eu\/wp-content\/uploads\/2025\/02\/DJI_0285.jpg\",\"contentUrl\":\"https:\/\/www.overtheclouds.eu\/wp-content\/uploads\/2025\/02\/DJI_0285.jpg\",\"width\":1000,\"height\":562,\"caption\":\"default\"},{\"@type\":\"BreadcrumbList\",\"@id\":\"https:\/\/www.overtheclouds.eu\/index.php\/2025\/02\/12\/sant-llorenc-savall-pedalant-pel-seu-entorn\/#breadcrumb\",\"itemListElement\":[{\"@type\":\"ListItem\",\"position\":1,\"name\":\"Inici\",\"item\":\"https:\/\/www.overtheclouds.eu\/\"},{\"@type\":\"ListItem\",\"position\":2,\"name\":\"-\",\"item\":\"https:\/\/www.overtheclouds.eu\/index.php\/category\/sin-categoria\/\"},{\"@type\":\"ListItem\",\"position\":3,\"name\":\"Sant Lloren\u00e7 Savall, pedalant pel seu entorn\"}]},{\"@type\":\"WebSite\",\"@id\":\"https:\/\/www.overtheclouds.eu\/#website\",\"url\":\"https:\/\/www.overtheclouds.eu\/\",\"name\":\"Over the Clouds\",\"description\":\"El plaer de rec\u00f3rrer valls, carenes i assolir cims\",\"publisher\":{\"@id\":\"https:\/\/www.overtheclouds.eu\/#organization\"},\"potentialAction\":[{\"@type\":\"SearchAction\",\"target\":{\"@type\":\"EntryPoint\",\"urlTemplate\":\"https:\/\/www.overtheclouds.eu\/?s={search_term_string}\"},\"query-input\":\"required name=search_term_string\"}],\"inLanguage\":\"es\"},{\"@type\":\"Organization\",\"@id\":\"https:\/\/www.overtheclouds.eu\/#organization\",\"name\":\"Over the Clouds\",\"url\":\"https:\/\/www.overtheclouds.eu\/\",\"logo\":{\"@type\":\"ImageObject\",\"inLanguage\":\"es\",\"@id\":\"https:\/\/www.overtheclouds.eu\/#\/schema\/logo\/image\/\",\"url\":\"https:\/\/www.overtheclouds.eu\/wp-content\/uploads\/2020\/02\/logo-4.png\",\"contentUrl\":\"https:\/\/www.overtheclouds.eu\/wp-content\/uploads\/2020\/02\/logo-4.png\",\"width\":612,\"height\":418,\"caption\":\"Over the Clouds\"},\"image\":{\"@id\":\"https:\/\/www.overtheclouds.eu\/#\/schema\/logo\/image\/\"}},{\"@type\":\"Person\",\"@id\":\"https:\/\/www.overtheclouds.eu\/#\/schema\/person\/283fe644ef85985e7a0cad3f42b6cc63\",\"name\":\"Jaume\",\"image\":{\"@type\":\"ImageObject\",\"inLanguage\":\"es\",\"@id\":\"https:\/\/www.overtheclouds.eu\/#\/schema\/person\/image\/\",\"url\":\"https:\/\/secure.gravatar.com\/avatar\/86c0905ad41bd45ffed5903a626e36c9?s=96&d=blank&r=g\",\"contentUrl\":\"https:\/\/secure.gravatar.com\/avatar\/86c0905ad41bd45ffed5903a626e36c9?s=96&d=blank&r=g\",\"caption\":\"Jaume\"}}]}<\/script>\n<!-- \/ Yoast SEO plugin. -->","yoast_head_json":{"title":"Sant Lloren\u00e7 Savall, pedalant pel seu entorn &#8211; Over the Clouds","description":"Sant Lloren\u00e7 Savall, pedalant pel seu entorn &#8211; - &#8211; Extraordinary routes for ordinary bikers","robots":{"index":"index","follow":"follow","max-snippet":"max-snippet:-1","max-image-preview":"max-image-preview:large","max-video-preview":"max-video-preview:-1"},"canonical":"https:\/\/www.overtheclouds.eu\/index.php\/2025\/02\/12\/sant-llorenc-savall-pedalant-pel-seu-entorn\/","og_locale":"es_ES","og_type":"article","og_title":"Sant Lloren\u00e7 Savall, pedalant pel seu entorn &#8211; Over the Clouds","og_description":"Sant Lloren\u00e7 Savall, pedalant pel seu entorn &#8211; - &#8211; Extraordinary routes for ordinary bikers","og_url":"https:\/\/www.overtheclouds.eu\/index.php\/2025\/02\/12\/sant-llorenc-savall-pedalant-pel-seu-entorn\/","og_site_name":"Over the Clouds","article_published_time":"2025-02-12T20:04:39+00:00","article_modified_time":"2025-02-12T20:04:41+00:00","og_image":[{"width":1000,"height":562,"url":"https:\/\/www.overtheclouds.eu\/wp-content\/uploads\/2025\/02\/DJI_0285.jpg","type":"image\/jpeg"}],"author":"Jaume","twitter_card":"summary_large_image","twitter_misc":{"Escrito por":"Jaume","Tiempo de lectura":"3 minutos"},"schema":{"@context":"https:\/\/schema.org","@graph":[{"@type":"Article","@id":"https:\/\/www.overtheclouds.eu\/index.php\/2025\/02\/12\/sant-llorenc-savall-pedalant-pel-seu-entorn\/#article","isPartOf":{"@id":"https:\/\/www.overtheclouds.eu\/index.php\/2025\/02\/12\/sant-llorenc-savall-pedalant-pel-seu-entorn\/"},"author":{"name":"Jaume","@id":"https:\/\/www.overtheclouds.eu\/#\/schema\/person\/283fe644ef85985e7a0cad3f42b6cc63"},"headline":"Sant Lloren\u00e7 Savall, pedalant pel seu entorn","datePublished":"2025-02-12T20:04:39+00:00","dateModified":"2025-02-12T20:04:41+00:00","mainEntityOfPage":{"@id":"https:\/\/www.overtheclouds.eu\/index.php\/2025\/02\/12\/sant-llorenc-savall-pedalant-pel-seu-entorn\/"},"wordCount":659,"commentCount":0,"publisher":{"@id":"https:\/\/www.overtheclouds.eu\/#organization"},"image":{"@id":"https:\/\/www.overtheclouds.eu\/index.php\/2025\/02\/12\/sant-llorenc-savall-pedalant-pel-seu-entorn\/#primaryimage"},"thumbnailUrl":"https:\/\/www.overtheclouds.eu\/wp-content\/uploads\/2025\/02\/DJI_0285.jpg","articleSection":["-","\u26f0 &lt;1500m","Blava (Intermitja)","Catalunya interior","\ud83d\udeb2 100%"],"inLanguage":"es","potentialAction":[{"@type":"CommentAction","name":"Comment","target":["https:\/\/www.overtheclouds.eu\/index.php\/2025\/02\/12\/sant-llorenc-savall-pedalant-pel-seu-entorn\/#respond"]}]},{"@type":"WebPage","@id":"https:\/\/www.overtheclouds.eu\/index.php\/2025\/02\/12\/sant-llorenc-savall-pedalant-pel-seu-entorn\/","url":"https:\/\/www.overtheclouds.eu\/index.php\/2025\/02\/12\/sant-llorenc-savall-pedalant-pel-seu-entorn\/","name":"Sant Lloren\u00e7 Savall, pedalant pel seu entorn &#8211; Over the Clouds","isPartOf":{"@id":"https:\/\/www.overtheclouds.eu\/#website"},"primaryImageOfPage":{"@id":"https:\/\/www.overtheclouds.eu\/index.php\/2025\/02\/12\/sant-llorenc-savall-pedalant-pel-seu-entorn\/#primaryimage"},"image":{"@id":"https:\/\/www.overtheclouds.eu\/index.php\/2025\/02\/12\/sant-llorenc-savall-pedalant-pel-seu-entorn\/#primaryimage"},"thumbnailUrl":"https:\/\/www.overtheclouds.eu\/wp-content\/uploads\/2025\/02\/DJI_0285.jpg","datePublished":"2025-02-12T20:04:39+00:00","dateModified":"2025-02-12T20:04:41+00:00","description":"Sant Lloren\u00e7 Savall, pedalant pel seu entorn &#8211; - &#8211; Extraordinary routes for ordinary bikers","breadcrumb":{"@id":"https:\/\/www.overtheclouds.eu\/index.php\/2025\/02\/12\/sant-llorenc-savall-pedalant-pel-seu-entorn\/#breadcrumb"},"inLanguage":"es","potentialAction":[{"@type":"ReadAction","target":["https:\/\/www.overtheclouds.eu\/index.php\/2025\/02\/12\/sant-llorenc-savall-pedalant-pel-seu-entorn\/"]}]},{"@type":"ImageObject","inLanguage":"es","@id":"https:\/\/www.overtheclouds.eu\/index.php\/2025\/02\/12\/sant-llorenc-savall-pedalant-pel-seu-entorn\/#primaryimage","url":"https:\/\/www.overtheclouds.eu\/wp-content\/uploads\/2025\/02\/DJI_0285.jpg","contentUrl":"https:\/\/www.overtheclouds.eu\/wp-content\/uploads\/2025\/02\/DJI_0285.jpg","width":1000,"height":562,"caption":"default"},{"@type":"BreadcrumbList","@id":"https:\/\/www.overtheclouds.eu\/index.php\/2025\/02\/12\/sant-llorenc-savall-pedalant-pel-seu-entorn\/#breadcrumb","itemListElement":[{"@type":"ListItem","position":1,"name":"Inici","item":"https:\/\/www.overtheclouds.eu\/"},{"@type":"ListItem","position":2,"name":"-","item":"https:\/\/www.overtheclouds.eu\/index.php\/category\/sin-categoria\/"},{"@type":"ListItem","position":3,"name":"Sant Lloren\u00e7 Savall, pedalant pel seu entorn"}]},{"@type":"WebSite","@id":"https:\/\/www.overtheclouds.eu\/#website","url":"https:\/\/www.overtheclouds.eu\/","name":"Over the Clouds","description":"El plaer de rec\u00f3rrer valls, carenes i assolir cims","publisher":{"@id":"https:\/\/www.overtheclouds.eu\/#organization"},"potentialAction":[{"@type":"SearchAction","target":{"@type":"EntryPoint","urlTemplate":"https:\/\/www.overtheclouds.eu\/?s={search_term_string}"},"query-input":"required name=search_term_string"}],"inLanguage":"es"},{"@type":"Organization","@id":"https:\/\/www.overtheclouds.eu\/#organization","name":"Over the Clouds","url":"https:\/\/www.overtheclouds.eu\/","logo":{"@type":"ImageObject","inLanguage":"es","@id":"https:\/\/www.overtheclouds.eu\/#\/schema\/logo\/image\/","url":"https:\/\/www.overtheclouds.eu\/wp-content\/uploads\/2020\/02\/logo-4.png","contentUrl":"https:\/\/www.overtheclouds.eu\/wp-content\/uploads\/2020\/02\/logo-4.png","width":612,"height":418,"caption":"Over the Clouds"},"image":{"@id":"https:\/\/www.overtheclouds.eu\/#\/schema\/logo\/image\/"}},{"@type":"Person","@id":"https:\/\/www.overtheclouds.eu\/#\/schema\/person\/283fe644ef85985e7a0cad3f42b6cc63","name":"Jaume","image":{"@type":"ImageObject","inLanguage":"es","@id":"https:\/\/www.overtheclouds.eu\/#\/schema\/person\/image\/","url":"https:\/\/secure.gravatar.com\/avatar\/86c0905ad41bd45ffed5903a626e36c9?s=96&d=blank&r=g","contentUrl":"https:\/\/secure.gravatar.com\/avatar\/86c0905ad41bd45ffed5903a626e36c9?s=96&d=blank&r=g","caption":"Jaume"}}]}},"_links":{"self":[{"href":"https:\/\/www.overtheclouds.eu\/index.php\/wp-json\/wp\/v2\/posts\/2464"}],"collection":[{"href":"https:\/\/www.overtheclouds.eu\/index.php\/wp-json\/wp\/v2\/posts"}],"about":[{"href":"https:\/\/www.overtheclouds.eu\/index.php\/wp-json\/wp\/v2\/types\/post"}],"author":[{"embeddable":true,"href":"https:\/\/www.overtheclouds.eu\/index.php\/wp-json\/wp\/v2\/users\/2"}],"replies":[{"embeddable":true,"href":"https:\/\/www.overtheclouds.eu\/index.php\/wp-json\/wp\/v2\/comments?post=2464"}],"version-history":[{"count":2,"href":"https:\/\/www.overtheclouds.eu\/index.php\/wp-json\/wp\/v2\/posts\/2464\/revisions"}],"predecessor-version":[{"id":2468,"href":"https:\/\/www.overtheclouds.eu\/index.php\/wp-json\/wp\/v2\/posts\/2464\/revisions\/2468"}],"wp:featuredmedia":[{"embeddable":true,"href":"https:\/\/www.overtheclouds.eu\/index.php\/wp-json\/wp\/v2\/media\/2467"}],"wp:attachment":[{"href":"https:\/\/www.overtheclouds.eu\/index.php\/wp-json\/wp\/v2\/media?parent=2464"}],"wp:term":[{"taxonomy":"category","embeddable":true,"href":"https:\/\/www.overtheclouds.eu\/index.php\/wp-json\/wp\/v2\/categories?post=2464"},{"taxonomy":"post_tag","embeddable":true,"href":"https:\/\/www.overtheclouds.eu\/index.php\/wp-json\/wp\/v2\/tags?post=2464"}],"curies":[{"name":"wp","href":"https:\/\/api.w.org\/{rel}","templated":true}]}}