{"id":2458,"date":"2025-01-10T21:08:24","date_gmt":"2025-01-10T20:08:24","guid":{"rendered":"https:\/\/www.overtheclouds.eu\/?p=2458"},"modified":"2025-01-10T21:08:26","modified_gmt":"2025-01-10T20:08:26","slug":"els-cingles-de-berti","status":"publish","type":"post","link":"https:\/\/www.overtheclouds.eu\/index.php\/2025\/01\/10\/els-cingles-de-berti\/","title":{"rendered":"Els Cingles de Bert\u00ed"},"content":{"rendered":"\n<h4 class=\"wp-block-heading\">Al\u00e7ada m\u00e0xima de la ruta:<\/h4>\n\n\n\n<p>925 metres<\/p>\n\n\n\n<h4 class=\"wp-block-heading\">Descripci\u00f3 breu:<\/h4>\n\n\n\n<p>Ruta circular que ressegueix les cingleres sobre la vall del riu Congost. El punt de sortida el situem a l&#8217;altipl\u00e0 del Bad\u00f3, on hi ha una urbanitzaci\u00f3 i el complex tur\u00edstic de Mas Bad\u00f3. Travessem el pla i baixem a creuar el riu Tenes sota mateix de la poblaci\u00f3 de Sant Quirze de Safaja. Creuem la poblaci\u00f3 i seguim pedalant per la Soleia de la Rovireta. Anem combinant trams de pista amb trams de sender en els que arriben diferents graus que superen la cinglera. Per un corriol for\u00e7a dret arribem al Turons del Fabregar, el punt m\u00e9s alt de la ruta. Baixem fins a les runes del castell de Sant Mart\u00ed, situat dalt d&#8217;un penyal. \u00c9s grans dimensions per\u00f2 el seu estat \u00e9s ruin\u00f3s. Un cartell hi prohibeix l&#8217;acc\u00e9s al seu interior. Baixem cap el pla de Sant Mart\u00ed, creuem la carretera i pel Pla de Santa Magdalena arribem a l&#8217;inici del llarg sender que segueix la llarga cinglera dels Cingles de Bert\u00ed amb extenses panor\u00e0miques cap a llevant on albirem les parts m\u00e9s altes del mass\u00eds del Montseny. Poc despr\u00e9s de la Taula de Pedra, un bon mirador, deixem la cinglera al grau de Montmany i baixem cap cap a les runes del mas fortificat del Clascar que \u00e9s a tocar del conjunt de Sant Pere de Bert\u00ed on trobem el GR-5 que per un panor\u00e0mic corriol sobre la vall de Riells ens baixa fins a Sant Miquel del Fai. Adverteixo que el darrer tram, uns dos-cents metres, \u00e9s inciclable per\u00f2 en baixada. Val la pena fer la visita a aquest conjunt monumental. A partir d&#8217;aqu\u00ed fem el retorn per la carretera de Centelles fins a Sant Quirze de Safaja i ja amb una curta pujada arribem de nou al punt de sortida, al Pla del Bad\u00f3. \u00c9s una ruta llarga que no presenta cap dificultat remarcable i que ofereix unes bones panor\u00e0miques. Molt aconsellable.<\/p>\n\n\n\n<h4 class=\"wp-block-heading\">\u00c0rea geogr\u00e0fica:<\/h4>\n\n\n\n<p>Vall\u00e8s Oriental<\/p>\n\n\n\n<h4 class=\"wp-block-heading\">Ciclabilitat:<\/h4>\n\n\n\n<div class=\"wptime-plugin-progress-wrap\" style=\"max-width:300px;margin-bottom:30px;\"><div class=\"wptime-plugin-progress-bar\" style=\"background:#0fa628;width:98%;\"><\/div><span>Ciclabilitat 98%<\/span><\/div>\n\n\n\n<h4 class=\"wp-block-heading\">Dificultat:<\/h4>\n\n\n\n<p class=\"verda\"><\/p>\n\n\n\n<p class=\"blava\"><\/p>\n\n\n\n<p class=\"vermella\">Vermella<\/p>\n\n\n\n<p class=\"negra\"><\/p>\n\n\n\n<div class=\"wp-block-group\"><div class=\"wp-block-group__inner-container is-layout-flow wp-block-group-is-layout-flow\">\n<h4 class=\"wp-block-heading\">Briefing de la ruta<\/h4>\n\n\n<\/div><\/div>\n\n\n\n<div class=\"wp-block-group\"><div class=\"wp-block-group__inner-container is-layout-flow wp-block-group-is-layout-flow\">\n<h4 class=\"wp-block-heading\">V\u00eddeo de la ruta<\/h4>\n\n\n\n<figure class=\"wp-block-embed is-type-video is-provider-youtube wp-block-embed-youtube wp-embed-aspect-16-9 wp-has-aspect-ratio\"><div class=\"wp-block-embed__wrapper\">\n<iframe loading=\"lazy\" title=\"Els Cingles de Bert\u00ed\" width=\"820\" height=\"461\" src=\"https:\/\/www.youtube.com\/embed\/vA06la8gNXM?feature=oembed\" frameborder=\"0\" allow=\"accelerometer; autoplay; clipboard-write; encrypted-media; gyroscope; picture-in-picture; web-share\" referrerpolicy=\"strict-origin-when-cross-origin\" allowfullscreen><\/iframe>\n<\/div><\/figure>\n<\/div><\/div>\n\n\n\n<div class=\"wp-block-group\"><div class=\"wp-block-group__inner-container is-layout-flow wp-block-group-is-layout-flow\">\n<h4 class=\"wp-block-heading\">Descarrega el track de la ruta<\/h4>\n\n\n\n<div class=\"wp-block-file\"><a id=\"wp-block-file--media-4a60ac41-4afe-41ac-95fd-ebead4a6ab04\" href=\"https:\/\/www.overtheclouds.eu\/wp-content\/uploads\/2025\/01\/25-01-04-Cingles-de-Berti.gpx\">25-01-04-Cingles-de-Berti<\/a><a href=\"https:\/\/www.overtheclouds.eu\/wp-content\/uploads\/2025\/01\/25-01-04-Cingles-de-Berti.gpx\" class=\"wp-block-file__button wp-element-button\" download aria-describedby=\"wp-block-file--media-4a60ac41-4afe-41ac-95fd-ebead4a6ab04\">Descarrega<\/a><\/div>\n<\/div><\/div>\n\n\n\n<div class=\"wp-block-group\"><div class=\"wp-block-group__inner-container is-layout-flow wp-block-group-is-layout-flow\">\n<h4 class=\"wp-block-heading\">Galeria d&#8217;imatges<\/h4>\n<\/div><\/div>\n\n\n<div class='photonic-google-stream photonic-stream ' id='photonic-google-stream-1'>\n\r\n<div class='photonic-error photonic-google-error' id='photonic-google-error-1'>\r\n\t<span class='photonic-error-icon photonic-icon'>&nbsp;<\/span>\r\n\t<div class='photonic-message'>\r\n\t\tNo se pudo obtener datos. Error:<br \/><code>\nRequest had insufficient authentication scopes.<\/code><br \/>\n\r\n\t<\/div>\r\n<\/div>\n\n<\/div><!-- .photonic-stream or .photonic-panel -->\n\n\n<p>&nbsp;<\/p>","protected":false},"excerpt":{"rendered":"<p>Al\u00e7ada m\u00e0xima de la ruta: 925 metres Descripci\u00f3 breu: Ruta circular que ressegueix les cingleres sobre la vall del riu Congost. El punt de sortida el situem a l&#8217;altipl\u00e0 del Bad\u00f3, on hi ha una urbanitzaci\u00f3 i el complex tur\u00edstic &hellip; <a href=\"https:\/\/www.overtheclouds.eu\/index.php\/2025\/01\/10\/els-cingles-de-berti\/\" class=\"more-link\"><span class=\"more-button\">TOTA LA RUTA AQU\u00cd<span class=\"screen-reader-text\">Els Cingles de Bert\u00ed<\/span><\/span><\/a><\/p>\n","protected":false},"author":2,"featured_media":2461,"comment_status":"open","ping_status":"closed","sticky":false,"template":"","format":"standard","meta":{"_exactmetrics_skip_tracking":false,"_exactmetrics_sitenote_active":false,"_exactmetrics_sitenote_note":"","_exactmetrics_sitenote_category":0,"footnotes":""},"categories":[1,16,13,29,22],"tags":[],"yoast_head":"<!-- This site is optimized with the Yoast SEO plugin v22.7 - https:\/\/yoast.com\/wordpress\/plugins\/seo\/ -->\n<title>Els Cingles de Bert\u00ed &#8211; Over the Clouds<\/title>\n<meta name=\"description\" content=\"Els Cingles de Bert\u00ed &#8211; - &#8211; Extraordinary routes for ordinary bikers\" \/>\n<meta name=\"robots\" content=\"index, follow, max-snippet:-1, max-image-preview:large, max-video-preview:-1\" \/>\n<link rel=\"canonical\" href=\"https:\/\/www.overtheclouds.eu\/index.php\/2025\/01\/10\/els-cingles-de-berti\/\" \/>\n<meta property=\"og:locale\" content=\"es_ES\" \/>\n<meta property=\"og:type\" content=\"article\" \/>\n<meta property=\"og:title\" content=\"Els Cingles de Bert\u00ed &#8211; Over the Clouds\" \/>\n<meta property=\"og:description\" content=\"Els Cingles de Bert\u00ed &#8211; - &#8211; Extraordinary routes for ordinary bikers\" \/>\n<meta property=\"og:url\" content=\"https:\/\/www.overtheclouds.eu\/index.php\/2025\/01\/10\/els-cingles-de-berti\/\" \/>\n<meta property=\"og:site_name\" content=\"Over the Clouds\" \/>\n<meta property=\"article:published_time\" content=\"2025-01-10T20:08:24+00:00\" \/>\n<meta property=\"article:modified_time\" content=\"2025-01-10T20:08:26+00:00\" \/>\n<meta property=\"og:image\" content=\"https:\/\/www.overtheclouds.eu\/wp-content\/uploads\/2025\/01\/P1006483.jpg\" \/>\n\t<meta property=\"og:image:width\" content=\"1000\" \/>\n\t<meta property=\"og:image:height\" content=\"562\" \/>\n\t<meta property=\"og:image:type\" content=\"image\/jpeg\" \/>\n<meta name=\"author\" content=\"Jaume\" \/>\n<meta name=\"twitter:card\" content=\"summary_large_image\" \/>\n<meta name=\"twitter:label1\" content=\"Escrito por\" \/>\n\t<meta name=\"twitter:data1\" content=\"Jaume\" \/>\n\t<meta name=\"twitter:label2\" content=\"Tiempo de lectura\" \/>\n\t<meta name=\"twitter:data2\" content=\"2 minutos\" \/>\n<script type=\"application\/ld+json\" class=\"yoast-schema-graph\">{\"@context\":\"https:\/\/schema.org\",\"@graph\":[{\"@type\":\"Article\",\"@id\":\"https:\/\/www.overtheclouds.eu\/index.php\/2025\/01\/10\/els-cingles-de-berti\/#article\",\"isPartOf\":{\"@id\":\"https:\/\/www.overtheclouds.eu\/index.php\/2025\/01\/10\/els-cingles-de-berti\/\"},\"author\":{\"name\":\"Jaume\",\"@id\":\"https:\/\/www.overtheclouds.eu\/#\/schema\/person\/283fe644ef85985e7a0cad3f42b6cc63\"},\"headline\":\"Els Cingles de Bert\u00ed\",\"datePublished\":\"2025-01-10T20:08:24+00:00\",\"dateModified\":\"2025-01-10T20:08:26+00:00\",\"mainEntityOfPage\":{\"@id\":\"https:\/\/www.overtheclouds.eu\/index.php\/2025\/01\/10\/els-cingles-de-berti\/\"},\"wordCount\":391,\"commentCount\":0,\"publisher\":{\"@id\":\"https:\/\/www.overtheclouds.eu\/#organization\"},\"image\":{\"@id\":\"https:\/\/www.overtheclouds.eu\/index.php\/2025\/01\/10\/els-cingles-de-berti\/#primaryimage\"},\"thumbnailUrl\":\"https:\/\/www.overtheclouds.eu\/wp-content\/uploads\/2025\/01\/P1006483.jpg\",\"articleSection\":[\"-\",\"\u26f0 &lt;1500m\",\"Blava (Intermitja)\",\"Catalunya interior\",\"\ud83d\udeb2 95-99%\"],\"inLanguage\":\"es\",\"potentialAction\":[{\"@type\":\"CommentAction\",\"name\":\"Comment\",\"target\":[\"https:\/\/www.overtheclouds.eu\/index.php\/2025\/01\/10\/els-cingles-de-berti\/#respond\"]}]},{\"@type\":\"WebPage\",\"@id\":\"https:\/\/www.overtheclouds.eu\/index.php\/2025\/01\/10\/els-cingles-de-berti\/\",\"url\":\"https:\/\/www.overtheclouds.eu\/index.php\/2025\/01\/10\/els-cingles-de-berti\/\",\"name\":\"Els Cingles de Bert\u00ed &#8211; Over the Clouds\",\"isPartOf\":{\"@id\":\"https:\/\/www.overtheclouds.eu\/#website\"},\"primaryImageOfPage\":{\"@id\":\"https:\/\/www.overtheclouds.eu\/index.php\/2025\/01\/10\/els-cingles-de-berti\/#primaryimage\"},\"image\":{\"@id\":\"https:\/\/www.overtheclouds.eu\/index.php\/2025\/01\/10\/els-cingles-de-berti\/#primaryimage\"},\"thumbnailUrl\":\"https:\/\/www.overtheclouds.eu\/wp-content\/uploads\/2025\/01\/P1006483.jpg\",\"datePublished\":\"2025-01-10T20:08:24+00:00\",\"dateModified\":\"2025-01-10T20:08:26+00:00\",\"description\":\"Els Cingles de Bert\u00ed &#8211; - &#8211; Extraordinary routes for ordinary bikers\",\"breadcrumb\":{\"@id\":\"https:\/\/www.overtheclouds.eu\/index.php\/2025\/01\/10\/els-cingles-de-berti\/#breadcrumb\"},\"inLanguage\":\"es\",\"potentialAction\":[{\"@type\":\"ReadAction\",\"target\":[\"https:\/\/www.overtheclouds.eu\/index.php\/2025\/01\/10\/els-cingles-de-berti\/\"]}]},{\"@type\":\"ImageObject\",\"inLanguage\":\"es\",\"@id\":\"https:\/\/www.overtheclouds.eu\/index.php\/2025\/01\/10\/els-cingles-de-berti\/#primaryimage\",\"url\":\"https:\/\/www.overtheclouds.eu\/wp-content\/uploads\/2025\/01\/P1006483.jpg\",\"contentUrl\":\"https:\/\/www.overtheclouds.eu\/wp-content\/uploads\/2025\/01\/P1006483.jpg\",\"width\":1000,\"height\":562},{\"@type\":\"BreadcrumbList\",\"@id\":\"https:\/\/www.overtheclouds.eu\/index.php\/2025\/01\/10\/els-cingles-de-berti\/#breadcrumb\",\"itemListElement\":[{\"@type\":\"ListItem\",\"position\":1,\"name\":\"Inici\",\"item\":\"https:\/\/www.overtheclouds.eu\/\"},{\"@type\":\"ListItem\",\"position\":2,\"name\":\"-\",\"item\":\"https:\/\/www.overtheclouds.eu\/index.php\/category\/sin-categoria\/\"},{\"@type\":\"ListItem\",\"position\":3,\"name\":\"Els Cingles de Bert\u00ed\"}]},{\"@type\":\"WebSite\",\"@id\":\"https:\/\/www.overtheclouds.eu\/#website\",\"url\":\"https:\/\/www.overtheclouds.eu\/\",\"name\":\"Over the Clouds\",\"description\":\"El plaer de rec\u00f3rrer valls, carenes i assolir cims\",\"publisher\":{\"@id\":\"https:\/\/www.overtheclouds.eu\/#organization\"},\"potentialAction\":[{\"@type\":\"SearchAction\",\"target\":{\"@type\":\"EntryPoint\",\"urlTemplate\":\"https:\/\/www.overtheclouds.eu\/?s={search_term_string}\"},\"query-input\":\"required name=search_term_string\"}],\"inLanguage\":\"es\"},{\"@type\":\"Organization\",\"@id\":\"https:\/\/www.overtheclouds.eu\/#organization\",\"name\":\"Over the Clouds\",\"url\":\"https:\/\/www.overtheclouds.eu\/\",\"logo\":{\"@type\":\"ImageObject\",\"inLanguage\":\"es\",\"@id\":\"https:\/\/www.overtheclouds.eu\/#\/schema\/logo\/image\/\",\"url\":\"https:\/\/www.overtheclouds.eu\/wp-content\/uploads\/2020\/02\/logo-4.png\",\"contentUrl\":\"https:\/\/www.overtheclouds.eu\/wp-content\/uploads\/2020\/02\/logo-4.png\",\"width\":612,\"height\":418,\"caption\":\"Over the Clouds\"},\"image\":{\"@id\":\"https:\/\/www.overtheclouds.eu\/#\/schema\/logo\/image\/\"}},{\"@type\":\"Person\",\"@id\":\"https:\/\/www.overtheclouds.eu\/#\/schema\/person\/283fe644ef85985e7a0cad3f42b6cc63\",\"name\":\"Jaume\",\"image\":{\"@type\":\"ImageObject\",\"inLanguage\":\"es\",\"@id\":\"https:\/\/www.overtheclouds.eu\/#\/schema\/person\/image\/\",\"url\":\"https:\/\/secure.gravatar.com\/avatar\/86c0905ad41bd45ffed5903a626e36c9?s=96&d=blank&r=g\",\"contentUrl\":\"https:\/\/secure.gravatar.com\/avatar\/86c0905ad41bd45ffed5903a626e36c9?s=96&d=blank&r=g\",\"caption\":\"Jaume\"}}]}<\/script>\n<!-- \/ Yoast SEO plugin. -->","yoast_head_json":{"title":"Els Cingles de Bert\u00ed &#8211; Over the Clouds","description":"Els Cingles de Bert\u00ed &#8211; - &#8211; Extraordinary routes for ordinary bikers","robots":{"index":"index","follow":"follow","max-snippet":"max-snippet:-1","max-image-preview":"max-image-preview:large","max-video-preview":"max-video-preview:-1"},"canonical":"https:\/\/www.overtheclouds.eu\/index.php\/2025\/01\/10\/els-cingles-de-berti\/","og_locale":"es_ES","og_type":"article","og_title":"Els Cingles de Bert\u00ed &#8211; Over the Clouds","og_description":"Els Cingles de Bert\u00ed &#8211; - &#8211; Extraordinary routes for ordinary bikers","og_url":"https:\/\/www.overtheclouds.eu\/index.php\/2025\/01\/10\/els-cingles-de-berti\/","og_site_name":"Over the Clouds","article_published_time":"2025-01-10T20:08:24+00:00","article_modified_time":"2025-01-10T20:08:26+00:00","og_image":[{"width":1000,"height":562,"url":"https:\/\/www.overtheclouds.eu\/wp-content\/uploads\/2025\/01\/P1006483.jpg","type":"image\/jpeg"}],"author":"Jaume","twitter_card":"summary_large_image","twitter_misc":{"Escrito por":"Jaume","Tiempo de lectura":"2 minutos"},"schema":{"@context":"https:\/\/schema.org","@graph":[{"@type":"Article","@id":"https:\/\/www.overtheclouds.eu\/index.php\/2025\/01\/10\/els-cingles-de-berti\/#article","isPartOf":{"@id":"https:\/\/www.overtheclouds.eu\/index.php\/2025\/01\/10\/els-cingles-de-berti\/"},"author":{"name":"Jaume","@id":"https:\/\/www.overtheclouds.eu\/#\/schema\/person\/283fe644ef85985e7a0cad3f42b6cc63"},"headline":"Els Cingles de Bert\u00ed","datePublished":"2025-01-10T20:08:24+00:00","dateModified":"2025-01-10T20:08:26+00:00","mainEntityOfPage":{"@id":"https:\/\/www.overtheclouds.eu\/index.php\/2025\/01\/10\/els-cingles-de-berti\/"},"wordCount":391,"commentCount":0,"publisher":{"@id":"https:\/\/www.overtheclouds.eu\/#organization"},"image":{"@id":"https:\/\/www.overtheclouds.eu\/index.php\/2025\/01\/10\/els-cingles-de-berti\/#primaryimage"},"thumbnailUrl":"https:\/\/www.overtheclouds.eu\/wp-content\/uploads\/2025\/01\/P1006483.jpg","articleSection":["-","\u26f0 &lt;1500m","Blava (Intermitja)","Catalunya interior","\ud83d\udeb2 95-99%"],"inLanguage":"es","potentialAction":[{"@type":"CommentAction","name":"Comment","target":["https:\/\/www.overtheclouds.eu\/index.php\/2025\/01\/10\/els-cingles-de-berti\/#respond"]}]},{"@type":"WebPage","@id":"https:\/\/www.overtheclouds.eu\/index.php\/2025\/01\/10\/els-cingles-de-berti\/","url":"https:\/\/www.overtheclouds.eu\/index.php\/2025\/01\/10\/els-cingles-de-berti\/","name":"Els Cingles de Bert\u00ed &#8211; Over the Clouds","isPartOf":{"@id":"https:\/\/www.overtheclouds.eu\/#website"},"primaryImageOfPage":{"@id":"https:\/\/www.overtheclouds.eu\/index.php\/2025\/01\/10\/els-cingles-de-berti\/#primaryimage"},"image":{"@id":"https:\/\/www.overtheclouds.eu\/index.php\/2025\/01\/10\/els-cingles-de-berti\/#primaryimage"},"thumbnailUrl":"https:\/\/www.overtheclouds.eu\/wp-content\/uploads\/2025\/01\/P1006483.jpg","datePublished":"2025-01-10T20:08:24+00:00","dateModified":"2025-01-10T20:08:26+00:00","description":"Els Cingles de Bert\u00ed &#8211; - &#8211; Extraordinary routes for ordinary bikers","breadcrumb":{"@id":"https:\/\/www.overtheclouds.eu\/index.php\/2025\/01\/10\/els-cingles-de-berti\/#breadcrumb"},"inLanguage":"es","potentialAction":[{"@type":"ReadAction","target":["https:\/\/www.overtheclouds.eu\/index.php\/2025\/01\/10\/els-cingles-de-berti\/"]}]},{"@type":"ImageObject","inLanguage":"es","@id":"https:\/\/www.overtheclouds.eu\/index.php\/2025\/01\/10\/els-cingles-de-berti\/#primaryimage","url":"https:\/\/www.overtheclouds.eu\/wp-content\/uploads\/2025\/01\/P1006483.jpg","contentUrl":"https:\/\/www.overtheclouds.eu\/wp-content\/uploads\/2025\/01\/P1006483.jpg","width":1000,"height":562},{"@type":"BreadcrumbList","@id":"https:\/\/www.overtheclouds.eu\/index.php\/2025\/01\/10\/els-cingles-de-berti\/#breadcrumb","itemListElement":[{"@type":"ListItem","position":1,"name":"Inici","item":"https:\/\/www.overtheclouds.eu\/"},{"@type":"ListItem","position":2,"name":"-","item":"https:\/\/www.overtheclouds.eu\/index.php\/category\/sin-categoria\/"},{"@type":"ListItem","position":3,"name":"Els Cingles de Bert\u00ed"}]},{"@type":"WebSite","@id":"https:\/\/www.overtheclouds.eu\/#website","url":"https:\/\/www.overtheclouds.eu\/","name":"Over the Clouds","description":"El plaer de rec\u00f3rrer valls, carenes i assolir cims","publisher":{"@id":"https:\/\/www.overtheclouds.eu\/#organization"},"potentialAction":[{"@type":"SearchAction","target":{"@type":"EntryPoint","urlTemplate":"https:\/\/www.overtheclouds.eu\/?s={search_term_string}"},"query-input":"required name=search_term_string"}],"inLanguage":"es"},{"@type":"Organization","@id":"https:\/\/www.overtheclouds.eu\/#organization","name":"Over the Clouds","url":"https:\/\/www.overtheclouds.eu\/","logo":{"@type":"ImageObject","inLanguage":"es","@id":"https:\/\/www.overtheclouds.eu\/#\/schema\/logo\/image\/","url":"https:\/\/www.overtheclouds.eu\/wp-content\/uploads\/2020\/02\/logo-4.png","contentUrl":"https:\/\/www.overtheclouds.eu\/wp-content\/uploads\/2020\/02\/logo-4.png","width":612,"height":418,"caption":"Over the Clouds"},"image":{"@id":"https:\/\/www.overtheclouds.eu\/#\/schema\/logo\/image\/"}},{"@type":"Person","@id":"https:\/\/www.overtheclouds.eu\/#\/schema\/person\/283fe644ef85985e7a0cad3f42b6cc63","name":"Jaume","image":{"@type":"ImageObject","inLanguage":"es","@id":"https:\/\/www.overtheclouds.eu\/#\/schema\/person\/image\/","url":"https:\/\/secure.gravatar.com\/avatar\/86c0905ad41bd45ffed5903a626e36c9?s=96&d=blank&r=g","contentUrl":"https:\/\/secure.gravatar.com\/avatar\/86c0905ad41bd45ffed5903a626e36c9?s=96&d=blank&r=g","caption":"Jaume"}}]}},"_links":{"self":[{"href":"https:\/\/www.overtheclouds.eu\/index.php\/wp-json\/wp\/v2\/posts\/2458"}],"collection":[{"href":"https:\/\/www.overtheclouds.eu\/index.php\/wp-json\/wp\/v2\/posts"}],"about":[{"href":"https:\/\/www.overtheclouds.eu\/index.php\/wp-json\/wp\/v2\/types\/post"}],"author":[{"embeddable":true,"href":"https:\/\/www.overtheclouds.eu\/index.php\/wp-json\/wp\/v2\/users\/2"}],"replies":[{"embeddable":true,"href":"https:\/\/www.overtheclouds.eu\/index.php\/wp-json\/wp\/v2\/comments?post=2458"}],"version-history":[{"count":2,"href":"https:\/\/www.overtheclouds.eu\/index.php\/wp-json\/wp\/v2\/posts\/2458\/revisions"}],"predecessor-version":[{"id":2462,"href":"https:\/\/www.overtheclouds.eu\/index.php\/wp-json\/wp\/v2\/posts\/2458\/revisions\/2462"}],"wp:featuredmedia":[{"embeddable":true,"href":"https:\/\/www.overtheclouds.eu\/index.php\/wp-json\/wp\/v2\/media\/2461"}],"wp:attachment":[{"href":"https:\/\/www.overtheclouds.eu\/index.php\/wp-json\/wp\/v2\/media?parent=2458"}],"wp:term":[{"taxonomy":"category","embeddable":true,"href":"https:\/\/www.overtheclouds.eu\/index.php\/wp-json\/wp\/v2\/categories?post=2458"},{"taxonomy":"post_tag","embeddable":true,"href":"https:\/\/www.overtheclouds.eu\/index.php\/wp-json\/wp\/v2\/tags?post=2458"}],"curies":[{"name":"wp","href":"https:\/\/api.w.org\/{rel}","templated":true}]}}