{"id":2385,"date":"2024-07-23T00:15:18","date_gmt":"2024-07-22T22:15:18","guid":{"rendered":"https:\/\/www.overtheclouds.eu\/?p=2385"},"modified":"2024-07-23T00:15:21","modified_gmt":"2024-07-22T22:15:21","slug":"port-del-comte-cara-nord","status":"publish","type":"post","link":"https:\/\/www.overtheclouds.eu\/index.php\/2024\/07\/23\/port-del-comte-cara-nord\/","title":{"rendered":"Port del Comte cara nord"},"content":{"rendered":"\n<h4 class=\"wp-block-heading\">Al\u00e7ada m\u00e0xima de la ruta:<\/h4>\n\n\n\n<p>2.388 metres<\/p>\n\n\n\n<h4 class=\"wp-block-heading\">Descripci\u00f3 breu:<\/h4>\n\n\n\n<p>Curta per\u00f2 molt panor\u00e0mica ruta pel vessant nord de la Serra del Port del Comte. El punt de sortida i arribada \u00e9s a les instal\u00b7lacions de l&#8217;estaci\u00f3 d&#8217;esqu\u00ed n\u00f2rdic de Tuix\u00e9n-LaVansa. El primer tram de la ruta transita per dins de l&#8217;extens bosc de pi negre de l&#8217;Arp i travessa les zones de pastura de Sangonelles i de Casal\u00ed, indrets molt solitaris. A l&#8217;arribar a Les Collades es fa un gir de 180 graus i s&#8217;inicia la pujada cap a les zones m\u00e9s altes de la serra passant per l&#8217;extens i amagat Prat Llarg. L&#8217;arribada als cims del Pedr\u00f3 dels Quatre Batlles i la Tossa Pelada el fem pedalant per extenses zones pedregoses i aglevades, t\u00edpiques de l&#8217;alta muntanya. Les panor\u00e0miques des de les parts m\u00e9s altes s\u00f3n molt extenses als quatre vents. El retorn \u00e9s for\u00e7a r\u00e0pid baixant per un bon sender fins a la cabana dels pastors del Prat Llong i finalment pels Clots de Rebost i per traces de pistes de l&#8217;estaci\u00f3 d&#8217;esqu\u00ed retornem al punt de sortida. Ruta apta per la majoria de ciclistes que estiguin acostumats a rodar per senders no massa t\u00e8cnics. Aconsello la ruta sobretot per aquells que es volen iniciar en aquesta bonica modalitat de cicle alpinisme.<\/p>\n\n\n\n<h4 class=\"wp-block-heading\">\u00c0rea geogr\u00e0fica:<\/h4>\n\n\n\n<p>Pre-Pirineu<\/p>\n\n\n\n<h4 class=\"wp-block-heading\">Ciclabilitat:<\/h4>\n\n\n\n<div class=\"wptime-plugin-progress-wrap\" style=\"max-width:300px;margin-bottom:30px;\"><div class=\"wptime-plugin-progress-bar\" style=\"background:#0fa628;width:98%;\"><\/div><span>Ciclabilitat 98%<\/span><\/div>\n\n\n\n<h4 class=\"wp-block-heading\">Dificultat:<\/h4>\n\n\n\n<p class=\"verda\"><\/p>\n\n\n\n<p class=\"blava\">Blava<\/p>\n\n\n\n<p class=\"vermella\"><\/p>\n\n\n\n<div class=\"wp-block-group\"><div class=\"wp-block-group__inner-container is-layout-flow wp-block-group-is-layout-flow\">\n<h4 class=\"wp-block-heading\">Briefing de la ruta<\/h4>\n\n\n<\/div><\/div>\n\n\n\n<div class=\"wp-block-group\"><div class=\"wp-block-group__inner-container is-layout-flow wp-block-group-is-layout-flow\">\n<h4 class=\"wp-block-heading\">V\u00eddeo de la ruta<\/h4>\n\n\n\n<figure class=\"wp-block-embed is-type-video is-provider-youtube wp-block-embed-youtube wp-embed-aspect-16-9 wp-has-aspect-ratio\"><div class=\"wp-block-embed__wrapper\">\n<iframe loading=\"lazy\" title=\"Port del Comte, cara nord\" width=\"820\" height=\"461\" src=\"https:\/\/www.youtube.com\/embed\/v47nAK-114Q?feature=oembed\" frameborder=\"0\" allow=\"accelerometer; autoplay; clipboard-write; encrypted-media; gyroscope; picture-in-picture; web-share\" referrerpolicy=\"strict-origin-when-cross-origin\" allowfullscreen><\/iframe>\n<\/div><\/figure>\n<\/div><\/div>\n\n\n\n<div class=\"wp-block-group\"><div class=\"wp-block-group__inner-container is-layout-flow wp-block-group-is-layout-flow\">\n<h4 class=\"wp-block-heading\">Descarrega el track de la ruta<\/h4>\n\n\n\n<div class=\"wp-block-file\"><a id=\"wp-block-file--media-a8e49321-bd2c-43f4-b5ef-ce6b33b83f92\" href=\"https:\/\/www.overtheclouds.eu\/wp-content\/uploads\/2024\/07\/24-07-14-Arp-Les-Collades-Pedro.gpx\">24-07-14-Arp-Les-Collades-Pedro<\/a><a href=\"https:\/\/www.overtheclouds.eu\/wp-content\/uploads\/2024\/07\/24-07-14-Arp-Les-Collades-Pedro.gpx\" class=\"wp-block-file__button wp-element-button\" download aria-describedby=\"wp-block-file--media-a8e49321-bd2c-43f4-b5ef-ce6b33b83f92\">Descarrega<\/a><\/div>\n<\/div><\/div>\n\n\n\n<div class=\"wp-block-group\"><div class=\"wp-block-group__inner-container is-layout-flow wp-block-group-is-layout-flow\">\n<h4 class=\"wp-block-heading\">Galeria d&#8217;imatges<\/h4>\n<\/div><\/div>\n\n\n<div class='photonic-google-stream photonic-stream ' id='photonic-google-stream-1'>\n\r\n<div class='photonic-error photonic-google-error' id='photonic-google-error-1'>\r\n\t<span class='photonic-error-icon photonic-icon'>&nbsp;<\/span>\r\n\t<div class='photonic-message'>\r\n\t\tNo se pudo obtener datos. Error:<br \/><code>\nRequest had insufficient authentication scopes.<\/code><br \/>\n\r\n\t<\/div>\r\n<\/div>\n\n<\/div><!-- .photonic-stream or .photonic-panel -->\n\n\n<p>&nbsp;<\/p>","protected":false},"excerpt":{"rendered":"<p>Al\u00e7ada m\u00e0xima de la ruta: 2.388 metres Descripci\u00f3 breu: Curta per\u00f2 molt panor\u00e0mica ruta pel vessant nord de la Serra del Port del Comte. El punt de sortida i arribada \u00e9s a les instal\u00b7lacions de l&#8217;estaci\u00f3 d&#8217;esqu\u00ed n\u00f2rdic de Tuix\u00e9n-LaVansa. &hellip; <a href=\"https:\/\/www.overtheclouds.eu\/index.php\/2024\/07\/23\/port-del-comte-cara-nord\/\" class=\"more-link\"><span class=\"more-button\">TOTA LA RUTA AQU\u00cd<span class=\"screen-reader-text\">Port del Comte cara nord<\/span><\/span><\/a><\/p>\n","protected":false},"author":2,"featured_media":2388,"comment_status":"open","ping_status":"closed","sticky":false,"template":"","format":"standard","meta":{"_exactmetrics_skip_tracking":false,"_exactmetrics_sitenote_active":false,"_exactmetrics_sitenote_note":"","_exactmetrics_sitenote_category":0,"footnotes":""},"categories":[1,17,13,28,22],"tags":[],"yoast_head":"<!-- This site is optimized with the Yoast SEO plugin v22.7 - https:\/\/yoast.com\/wordpress\/plugins\/seo\/ -->\n<title>Port del Comte cara nord &#8211; Over the Clouds<\/title>\n<meta name=\"description\" content=\"Port del Comte cara nord &#8211; - &#8211; Extraordinary routes for ordinary bikers\" \/>\n<meta name=\"robots\" content=\"index, follow, max-snippet:-1, max-image-preview:large, max-video-preview:-1\" \/>\n<link rel=\"canonical\" href=\"https:\/\/www.overtheclouds.eu\/index.php\/2024\/07\/23\/port-del-comte-cara-nord\/\" \/>\n<meta property=\"og:locale\" content=\"es_ES\" \/>\n<meta property=\"og:type\" content=\"article\" \/>\n<meta property=\"og:title\" content=\"Port del Comte cara nord &#8211; Over the Clouds\" \/>\n<meta property=\"og:description\" content=\"Port del Comte cara nord &#8211; - &#8211; Extraordinary routes for ordinary bikers\" \/>\n<meta property=\"og:url\" content=\"https:\/\/www.overtheclouds.eu\/index.php\/2024\/07\/23\/port-del-comte-cara-nord\/\" \/>\n<meta property=\"og:site_name\" content=\"Over the Clouds\" \/>\n<meta property=\"article:published_time\" content=\"2024-07-22T22:15:18+00:00\" \/>\n<meta property=\"article:modified_time\" content=\"2024-07-22T22:15:21+00:00\" \/>\n<meta property=\"og:image\" content=\"https:\/\/www.overtheclouds.eu\/wp-content\/uploads\/2024\/07\/DJI_0858.jpg\" \/>\n\t<meta property=\"og:image:width\" content=\"1000\" \/>\n\t<meta property=\"og:image:height\" content=\"562\" \/>\n\t<meta property=\"og:image:type\" content=\"image\/jpeg\" \/>\n<meta name=\"author\" content=\"Jaume\" \/>\n<meta name=\"twitter:card\" content=\"summary_large_image\" \/>\n<meta name=\"twitter:label1\" content=\"Escrito por\" \/>\n\t<meta name=\"twitter:data1\" content=\"Jaume\" \/>\n\t<meta name=\"twitter:label2\" content=\"Tiempo de lectura\" \/>\n\t<meta name=\"twitter:data2\" content=\"2 minutos\" \/>\n<script type=\"application\/ld+json\" class=\"yoast-schema-graph\">{\"@context\":\"https:\/\/schema.org\",\"@graph\":[{\"@type\":\"Article\",\"@id\":\"https:\/\/www.overtheclouds.eu\/index.php\/2024\/07\/23\/port-del-comte-cara-nord\/#article\",\"isPartOf\":{\"@id\":\"https:\/\/www.overtheclouds.eu\/index.php\/2024\/07\/23\/port-del-comte-cara-nord\/\"},\"author\":{\"name\":\"Jaume\",\"@id\":\"https:\/\/www.overtheclouds.eu\/#\/schema\/person\/283fe644ef85985e7a0cad3f42b6cc63\"},\"headline\":\"Port del Comte cara nord\",\"datePublished\":\"2024-07-22T22:15:18+00:00\",\"dateModified\":\"2024-07-22T22:15:21+00:00\",\"mainEntityOfPage\":{\"@id\":\"https:\/\/www.overtheclouds.eu\/index.php\/2024\/07\/23\/port-del-comte-cara-nord\/\"},\"wordCount\":284,\"commentCount\":0,\"publisher\":{\"@id\":\"https:\/\/www.overtheclouds.eu\/#organization\"},\"image\":{\"@id\":\"https:\/\/www.overtheclouds.eu\/index.php\/2024\/07\/23\/port-del-comte-cara-nord\/#primaryimage\"},\"thumbnailUrl\":\"https:\/\/www.overtheclouds.eu\/wp-content\/uploads\/2024\/07\/DJI_0858.jpg\",\"articleSection\":[\"-\",\"\u26f0 1501-2500m\",\"Blava (Intermitja)\",\"Prepirineu\",\"\ud83d\udeb2 95-99%\"],\"inLanguage\":\"es\",\"potentialAction\":[{\"@type\":\"CommentAction\",\"name\":\"Comment\",\"target\":[\"https:\/\/www.overtheclouds.eu\/index.php\/2024\/07\/23\/port-del-comte-cara-nord\/#respond\"]}]},{\"@type\":\"WebPage\",\"@id\":\"https:\/\/www.overtheclouds.eu\/index.php\/2024\/07\/23\/port-del-comte-cara-nord\/\",\"url\":\"https:\/\/www.overtheclouds.eu\/index.php\/2024\/07\/23\/port-del-comte-cara-nord\/\",\"name\":\"Port del Comte cara nord &#8211; Over the Clouds\",\"isPartOf\":{\"@id\":\"https:\/\/www.overtheclouds.eu\/#website\"},\"primaryImageOfPage\":{\"@id\":\"https:\/\/www.overtheclouds.eu\/index.php\/2024\/07\/23\/port-del-comte-cara-nord\/#primaryimage\"},\"image\":{\"@id\":\"https:\/\/www.overtheclouds.eu\/index.php\/2024\/07\/23\/port-del-comte-cara-nord\/#primaryimage\"},\"thumbnailUrl\":\"https:\/\/www.overtheclouds.eu\/wp-content\/uploads\/2024\/07\/DJI_0858.jpg\",\"datePublished\":\"2024-07-22T22:15:18+00:00\",\"dateModified\":\"2024-07-22T22:15:21+00:00\",\"description\":\"Port del Comte cara nord &#8211; - &#8211; Extraordinary routes for ordinary bikers\",\"breadcrumb\":{\"@id\":\"https:\/\/www.overtheclouds.eu\/index.php\/2024\/07\/23\/port-del-comte-cara-nord\/#breadcrumb\"},\"inLanguage\":\"es\",\"potentialAction\":[{\"@type\":\"ReadAction\",\"target\":[\"https:\/\/www.overtheclouds.eu\/index.php\/2024\/07\/23\/port-del-comte-cara-nord\/\"]}]},{\"@type\":\"ImageObject\",\"inLanguage\":\"es\",\"@id\":\"https:\/\/www.overtheclouds.eu\/index.php\/2024\/07\/23\/port-del-comte-cara-nord\/#primaryimage\",\"url\":\"https:\/\/www.overtheclouds.eu\/wp-content\/uploads\/2024\/07\/DJI_0858.jpg\",\"contentUrl\":\"https:\/\/www.overtheclouds.eu\/wp-content\/uploads\/2024\/07\/DJI_0858.jpg\",\"width\":1000,\"height\":562,\"caption\":\"default\"},{\"@type\":\"BreadcrumbList\",\"@id\":\"https:\/\/www.overtheclouds.eu\/index.php\/2024\/07\/23\/port-del-comte-cara-nord\/#breadcrumb\",\"itemListElement\":[{\"@type\":\"ListItem\",\"position\":1,\"name\":\"Inici\",\"item\":\"https:\/\/www.overtheclouds.eu\/\"},{\"@type\":\"ListItem\",\"position\":2,\"name\":\"-\",\"item\":\"https:\/\/www.overtheclouds.eu\/index.php\/category\/sin-categoria\/\"},{\"@type\":\"ListItem\",\"position\":3,\"name\":\"Port del Comte cara nord\"}]},{\"@type\":\"WebSite\",\"@id\":\"https:\/\/www.overtheclouds.eu\/#website\",\"url\":\"https:\/\/www.overtheclouds.eu\/\",\"name\":\"Over the Clouds\",\"description\":\"El plaer de rec\u00f3rrer valls, carenes i assolir cims\",\"publisher\":{\"@id\":\"https:\/\/www.overtheclouds.eu\/#organization\"},\"potentialAction\":[{\"@type\":\"SearchAction\",\"target\":{\"@type\":\"EntryPoint\",\"urlTemplate\":\"https:\/\/www.overtheclouds.eu\/?s={search_term_string}\"},\"query-input\":\"required name=search_term_string\"}],\"inLanguage\":\"es\"},{\"@type\":\"Organization\",\"@id\":\"https:\/\/www.overtheclouds.eu\/#organization\",\"name\":\"Over the Clouds\",\"url\":\"https:\/\/www.overtheclouds.eu\/\",\"logo\":{\"@type\":\"ImageObject\",\"inLanguage\":\"es\",\"@id\":\"https:\/\/www.overtheclouds.eu\/#\/schema\/logo\/image\/\",\"url\":\"https:\/\/www.overtheclouds.eu\/wp-content\/uploads\/2020\/02\/logo-4.png\",\"contentUrl\":\"https:\/\/www.overtheclouds.eu\/wp-content\/uploads\/2020\/02\/logo-4.png\",\"width\":612,\"height\":418,\"caption\":\"Over the Clouds\"},\"image\":{\"@id\":\"https:\/\/www.overtheclouds.eu\/#\/schema\/logo\/image\/\"}},{\"@type\":\"Person\",\"@id\":\"https:\/\/www.overtheclouds.eu\/#\/schema\/person\/283fe644ef85985e7a0cad3f42b6cc63\",\"name\":\"Jaume\",\"image\":{\"@type\":\"ImageObject\",\"inLanguage\":\"es\",\"@id\":\"https:\/\/www.overtheclouds.eu\/#\/schema\/person\/image\/\",\"url\":\"https:\/\/secure.gravatar.com\/avatar\/86c0905ad41bd45ffed5903a626e36c9?s=96&d=blank&r=g\",\"contentUrl\":\"https:\/\/secure.gravatar.com\/avatar\/86c0905ad41bd45ffed5903a626e36c9?s=96&d=blank&r=g\",\"caption\":\"Jaume\"}}]}<\/script>\n<!-- \/ Yoast SEO plugin. -->","yoast_head_json":{"title":"Port del Comte cara nord &#8211; Over the Clouds","description":"Port del Comte cara nord &#8211; - &#8211; Extraordinary routes for ordinary bikers","robots":{"index":"index","follow":"follow","max-snippet":"max-snippet:-1","max-image-preview":"max-image-preview:large","max-video-preview":"max-video-preview:-1"},"canonical":"https:\/\/www.overtheclouds.eu\/index.php\/2024\/07\/23\/port-del-comte-cara-nord\/","og_locale":"es_ES","og_type":"article","og_title":"Port del Comte cara nord &#8211; Over the Clouds","og_description":"Port del Comte cara nord &#8211; - &#8211; Extraordinary routes for ordinary bikers","og_url":"https:\/\/www.overtheclouds.eu\/index.php\/2024\/07\/23\/port-del-comte-cara-nord\/","og_site_name":"Over the Clouds","article_published_time":"2024-07-22T22:15:18+00:00","article_modified_time":"2024-07-22T22:15:21+00:00","og_image":[{"width":1000,"height":562,"url":"https:\/\/www.overtheclouds.eu\/wp-content\/uploads\/2024\/07\/DJI_0858.jpg","type":"image\/jpeg"}],"author":"Jaume","twitter_card":"summary_large_image","twitter_misc":{"Escrito por":"Jaume","Tiempo de lectura":"2 minutos"},"schema":{"@context":"https:\/\/schema.org","@graph":[{"@type":"Article","@id":"https:\/\/www.overtheclouds.eu\/index.php\/2024\/07\/23\/port-del-comte-cara-nord\/#article","isPartOf":{"@id":"https:\/\/www.overtheclouds.eu\/index.php\/2024\/07\/23\/port-del-comte-cara-nord\/"},"author":{"name":"Jaume","@id":"https:\/\/www.overtheclouds.eu\/#\/schema\/person\/283fe644ef85985e7a0cad3f42b6cc63"},"headline":"Port del Comte cara nord","datePublished":"2024-07-22T22:15:18+00:00","dateModified":"2024-07-22T22:15:21+00:00","mainEntityOfPage":{"@id":"https:\/\/www.overtheclouds.eu\/index.php\/2024\/07\/23\/port-del-comte-cara-nord\/"},"wordCount":284,"commentCount":0,"publisher":{"@id":"https:\/\/www.overtheclouds.eu\/#organization"},"image":{"@id":"https:\/\/www.overtheclouds.eu\/index.php\/2024\/07\/23\/port-del-comte-cara-nord\/#primaryimage"},"thumbnailUrl":"https:\/\/www.overtheclouds.eu\/wp-content\/uploads\/2024\/07\/DJI_0858.jpg","articleSection":["-","\u26f0 1501-2500m","Blava (Intermitja)","Prepirineu","\ud83d\udeb2 95-99%"],"inLanguage":"es","potentialAction":[{"@type":"CommentAction","name":"Comment","target":["https:\/\/www.overtheclouds.eu\/index.php\/2024\/07\/23\/port-del-comte-cara-nord\/#respond"]}]},{"@type":"WebPage","@id":"https:\/\/www.overtheclouds.eu\/index.php\/2024\/07\/23\/port-del-comte-cara-nord\/","url":"https:\/\/www.overtheclouds.eu\/index.php\/2024\/07\/23\/port-del-comte-cara-nord\/","name":"Port del Comte cara nord &#8211; Over the Clouds","isPartOf":{"@id":"https:\/\/www.overtheclouds.eu\/#website"},"primaryImageOfPage":{"@id":"https:\/\/www.overtheclouds.eu\/index.php\/2024\/07\/23\/port-del-comte-cara-nord\/#primaryimage"},"image":{"@id":"https:\/\/www.overtheclouds.eu\/index.php\/2024\/07\/23\/port-del-comte-cara-nord\/#primaryimage"},"thumbnailUrl":"https:\/\/www.overtheclouds.eu\/wp-content\/uploads\/2024\/07\/DJI_0858.jpg","datePublished":"2024-07-22T22:15:18+00:00","dateModified":"2024-07-22T22:15:21+00:00","description":"Port del Comte cara nord &#8211; - &#8211; Extraordinary routes for ordinary bikers","breadcrumb":{"@id":"https:\/\/www.overtheclouds.eu\/index.php\/2024\/07\/23\/port-del-comte-cara-nord\/#breadcrumb"},"inLanguage":"es","potentialAction":[{"@type":"ReadAction","target":["https:\/\/www.overtheclouds.eu\/index.php\/2024\/07\/23\/port-del-comte-cara-nord\/"]}]},{"@type":"ImageObject","inLanguage":"es","@id":"https:\/\/www.overtheclouds.eu\/index.php\/2024\/07\/23\/port-del-comte-cara-nord\/#primaryimage","url":"https:\/\/www.overtheclouds.eu\/wp-content\/uploads\/2024\/07\/DJI_0858.jpg","contentUrl":"https:\/\/www.overtheclouds.eu\/wp-content\/uploads\/2024\/07\/DJI_0858.jpg","width":1000,"height":562,"caption":"default"},{"@type":"BreadcrumbList","@id":"https:\/\/www.overtheclouds.eu\/index.php\/2024\/07\/23\/port-del-comte-cara-nord\/#breadcrumb","itemListElement":[{"@type":"ListItem","position":1,"name":"Inici","item":"https:\/\/www.overtheclouds.eu\/"},{"@type":"ListItem","position":2,"name":"-","item":"https:\/\/www.overtheclouds.eu\/index.php\/category\/sin-categoria\/"},{"@type":"ListItem","position":3,"name":"Port del Comte cara nord"}]},{"@type":"WebSite","@id":"https:\/\/www.overtheclouds.eu\/#website","url":"https:\/\/www.overtheclouds.eu\/","name":"Over the Clouds","description":"El plaer de rec\u00f3rrer valls, carenes i assolir cims","publisher":{"@id":"https:\/\/www.overtheclouds.eu\/#organization"},"potentialAction":[{"@type":"SearchAction","target":{"@type":"EntryPoint","urlTemplate":"https:\/\/www.overtheclouds.eu\/?s={search_term_string}"},"query-input":"required name=search_term_string"}],"inLanguage":"es"},{"@type":"Organization","@id":"https:\/\/www.overtheclouds.eu\/#organization","name":"Over the Clouds","url":"https:\/\/www.overtheclouds.eu\/","logo":{"@type":"ImageObject","inLanguage":"es","@id":"https:\/\/www.overtheclouds.eu\/#\/schema\/logo\/image\/","url":"https:\/\/www.overtheclouds.eu\/wp-content\/uploads\/2020\/02\/logo-4.png","contentUrl":"https:\/\/www.overtheclouds.eu\/wp-content\/uploads\/2020\/02\/logo-4.png","width":612,"height":418,"caption":"Over the Clouds"},"image":{"@id":"https:\/\/www.overtheclouds.eu\/#\/schema\/logo\/image\/"}},{"@type":"Person","@id":"https:\/\/www.overtheclouds.eu\/#\/schema\/person\/283fe644ef85985e7a0cad3f42b6cc63","name":"Jaume","image":{"@type":"ImageObject","inLanguage":"es","@id":"https:\/\/www.overtheclouds.eu\/#\/schema\/person\/image\/","url":"https:\/\/secure.gravatar.com\/avatar\/86c0905ad41bd45ffed5903a626e36c9?s=96&d=blank&r=g","contentUrl":"https:\/\/secure.gravatar.com\/avatar\/86c0905ad41bd45ffed5903a626e36c9?s=96&d=blank&r=g","caption":"Jaume"}}]}},"_links":{"self":[{"href":"https:\/\/www.overtheclouds.eu\/index.php\/wp-json\/wp\/v2\/posts\/2385"}],"collection":[{"href":"https:\/\/www.overtheclouds.eu\/index.php\/wp-json\/wp\/v2\/posts"}],"about":[{"href":"https:\/\/www.overtheclouds.eu\/index.php\/wp-json\/wp\/v2\/types\/post"}],"author":[{"embeddable":true,"href":"https:\/\/www.overtheclouds.eu\/index.php\/wp-json\/wp\/v2\/users\/2"}],"replies":[{"embeddable":true,"href":"https:\/\/www.overtheclouds.eu\/index.php\/wp-json\/wp\/v2\/comments?post=2385"}],"version-history":[{"count":2,"href":"https:\/\/www.overtheclouds.eu\/index.php\/wp-json\/wp\/v2\/posts\/2385\/revisions"}],"predecessor-version":[{"id":2389,"href":"https:\/\/www.overtheclouds.eu\/index.php\/wp-json\/wp\/v2\/posts\/2385\/revisions\/2389"}],"wp:featuredmedia":[{"embeddable":true,"href":"https:\/\/www.overtheclouds.eu\/index.php\/wp-json\/wp\/v2\/media\/2388"}],"wp:attachment":[{"href":"https:\/\/www.overtheclouds.eu\/index.php\/wp-json\/wp\/v2\/media?parent=2385"}],"wp:term":[{"taxonomy":"category","embeddable":true,"href":"https:\/\/www.overtheclouds.eu\/index.php\/wp-json\/wp\/v2\/categories?post=2385"},{"taxonomy":"post_tag","embeddable":true,"href":"https:\/\/www.overtheclouds.eu\/index.php\/wp-json\/wp\/v2\/tags?post=2385"}],"curies":[{"name":"wp","href":"https:\/\/api.w.org\/{rel}","templated":true}]}}