{"id":2380,"date":"2024-07-16T17:57:05","date_gmt":"2024-07-16T15:57:05","guid":{"rendered":"https:\/\/www.overtheclouds.eu\/?p=2380"},"modified":"2024-07-16T17:57:09","modified_gmt":"2024-07-16T15:57:09","slug":"cims-dera-tuca-i-estanh-descunhau","status":"publish","type":"post","link":"https:\/\/www.overtheclouds.eu\/index.php\/2024\/07\/16\/cims-dera-tuca-i-estanh-descunhau\/","title":{"rendered":"Cims d&#8217;Era Tuca i estanh d&#8217;Escunhau"},"content":{"rendered":"\n<h4 class=\"wp-block-heading\">Al\u00e7ada m\u00e0xima de la ruta:<\/h4>\n\n\n\n<p>2.224 metres<\/p>\n\n\n\n<h4 class=\"wp-block-heading\">Descripci\u00f3 breu:<\/h4>\n\n\n\n<p>Exigent ruta que sortint del fons de la vall puja fins a les parts m\u00e9s altes de l&#8217;antiga estaci\u00f3 d&#8217;esqu\u00ed d&#8217;Era Tuca. La pujada fins a la base de l&#8217;estaci\u00f3 l&#8217;he fet seguint senders amb trams molt empinats que remunten l&#8217;espessa avetosa del b\u00f2sc de Betren. Un cop s&#8217;arriba a la zona de prats, la pujada fins a Era Cauva (punt m\u00e9s alt de la ruta) \u00e9s molt exigent degut a un terreny molt dret i irregular sense traces de cam\u00ed. Des del cim les panor\u00e0miques s\u00f3n molt extenses als quatre vents. Per anar fins el proper Tuc de Mitdia es pedala c\u00f2modament per un altipl\u00e0 encatifat de flors i amb alguna basseta. \u00c9s un cim que no presenta cap dificultat per\u00f2 que t\u00e9 una panor\u00e0mica sobre el Mijaran fabulosa. La ruta ara es dirigeix cap a la vall que ens queda a llevant, \u00e9s la del riu Bargad\u00e8ra que t\u00e9 la seva cap\u00e7alera a l&#8217;Estanh d&#8217;Escunhau. La baixada \u00e9s llarga i amb fort pendent per\u00f2 amb un marcat cam\u00ed que presenta alguns passos una mica t\u00e8cnics. Abans d&#8217;arribar al fons de la vall m&#8217;he desviar per anar a buscar un antic cam\u00ed que quasi no es coneix i que va planer a mitja costa. S&#8217;hi pedala for\u00e7a b\u00e9. Al final entroca amb el cam\u00ed principal de pujada al llac prop del planell on hi ha empla\u00e7ada la cabana d&#8217;Estanho. Remuntem un llom herbat i pedreg\u00f3s i ja sortim en vistes de l&#8217;estany. L&#8217;estanh d&#8217;Escunhau est\u00e0 situat dins d&#8217;una cubeta envoltada d&#8217;alts espadats que configuren el Poi d&#8217;Estanho a ponent i el Pic dera Aubeta a llevant. Com a curiositat el desgu\u00e0s daquest estanh \u00e9s per un fenomen c\u00e0rstic per on desapareixen les aig\u00fces. Val la pena visitar-lo. Refem el cam\u00ed pel que hi hem arribat per\u00f2 ara sempre seguint el cam\u00ed principal que pel fons de la vall ens porta fins el refugi i santet d&#8217;Escunhau on ja trobem el final de la pista. Uns metres m\u00e9s avall aconsello fer una aturadeta a la H\u00f2nt des Audh\u00e8ts d&#8217;aigua fresqu\u00edssima. Es continua baixant per la pista que aviat s&#8217;endinsa a l&#8217;extensa avetosa del b\u00f2sc d&#8217;Escunhau. Es baixa r\u00e0pidament fins el fons de la vall a trams per pista i per antics senders que ens porten al poble de Betren, Vielha i en el meu cas Gausac. Insisteixo a remarcar l&#8217;exig\u00e8ncia de la pujada fins Era Cauva. Si no esteu avesats a pujades exigents aquesta ruta la podeu trobar for\u00e7a dura. Aix\u00f2 si, gaudireu d&#8217;unes panor\u00e0miques espectaculars.<\/p>\n\n\n\n<h4 class=\"wp-block-heading\">\u00c0rea geogr\u00e0fica:<\/h4>\n\n\n\n<p>Val d&#8217;Aran<\/p>\n\n\n\n<h4 class=\"wp-block-heading\">Ciclabilitat:<\/h4>\n\n\n\n<div class=\"wptime-plugin-progress-wrap\" style=\"max-width:300px;margin-bottom:30px;\"><div class=\"wptime-plugin-progress-bar\" style=\"background:#0fa628;width:95%;\"><\/div><span>Ciclabilitat 95%<\/span><\/div>\n\n\n\n<h4 class=\"wp-block-heading\">Dificultat:<\/h4>\n\n\n\n<p class=\"verda\">Negra<\/p>\n\n\n\n<div class=\"wp-block-group\"><div class=\"wp-block-group__inner-container is-layout-flow wp-block-group-is-layout-flow\">\n<h4 class=\"wp-block-heading\">Briefing de la ruta<\/h4>\n\n\n<\/div><\/div>\n\n\n\n<div class=\"wp-block-group\"><div class=\"wp-block-group__inner-container is-layout-flow wp-block-group-is-layout-flow\">\n<h4 class=\"wp-block-heading\">V\u00eddeo de la ruta<\/h4>\n\n\n\n<figure class=\"wp-block-embed is-type-video is-provider-youtube wp-block-embed-youtube wp-embed-aspect-16-9 wp-has-aspect-ratio\"><div class=\"wp-block-embed__wrapper\">\n<iframe loading=\"lazy\" title=\"Era Tuca i l&#039;Estanh d&#039;Escunhau\" width=\"820\" height=\"461\" src=\"https:\/\/www.youtube.com\/embed\/ClhR_sSRIB8?feature=oembed\" frameborder=\"0\" allow=\"accelerometer; autoplay; clipboard-write; encrypted-media; gyroscope; picture-in-picture; web-share\" referrerpolicy=\"strict-origin-when-cross-origin\" allowfullscreen><\/iframe>\n<\/div><\/figure>\n<\/div><\/div>\n\n\n\n<div class=\"wp-block-group\"><div class=\"wp-block-group__inner-container is-layout-flow wp-block-group-is-layout-flow\">\n<h4 class=\"wp-block-heading\">Descarrega el track de la ruta<\/h4>\n<\/div><\/div>\n\n\n\n<div class=\"wp-block-group\"><div class=\"wp-block-group__inner-container is-layout-flow wp-block-group-is-layout-flow\">\n<h4 class=\"wp-block-heading\">Galeria d&#8217;imatges<\/h4>\n<\/div><\/div>\n\n\n<div class='photonic-google-stream photonic-stream ' id='photonic-google-stream-1'>\n\r\n<div class='photonic-error photonic-google-error' id='photonic-google-error-1'>\r\n\t<span class='photonic-error-icon photonic-icon'>&nbsp;<\/span>\r\n\t<div class='photonic-message'>\r\n\t\tNo se pudo obtener datos. Error:<br \/><code>\nRequest had insufficient authentication scopes.<\/code><br \/>\n\r\n\t<\/div>\r\n<\/div>\n\n<\/div><!-- .photonic-stream or .photonic-panel -->\n\n\n<p>&nbsp;<\/p>","protected":false},"excerpt":{"rendered":"<p>Al\u00e7ada m\u00e0xima de la ruta: 2.224 metres Descripci\u00f3 breu: Exigent ruta que sortint del fons de la vall puja fins a les parts m\u00e9s altes de l&#8217;antiga estaci\u00f3 d&#8217;esqu\u00ed d&#8217;Era Tuca. La pujada fins a la base de l&#8217;estaci\u00f3 l&#8217;he &hellip; <a href=\"https:\/\/www.overtheclouds.eu\/index.php\/2024\/07\/16\/cims-dera-tuca-i-estanh-descunhau\/\" class=\"more-link\"><span class=\"more-button\">TOTA LA RUTA AQU\u00cd<span class=\"screen-reader-text\">Cims d&#8217;Era Tuca i estanh d&#8217;Escunhau<\/span><\/span><\/a><\/p>\n","protected":false},"author":2,"featured_media":2382,"comment_status":"open","ping_status":"closed","sticky":false,"template":"","format":"standard","meta":{"_exactmetrics_skip_tracking":false,"_exactmetrics_sitenote_active":false,"_exactmetrics_sitenote_note":"","_exactmetrics_sitenote_category":0,"footnotes":""},"categories":[1,17,15,3,22],"tags":[],"yoast_head":"<!-- This site is optimized with the Yoast SEO plugin v22.7 - https:\/\/yoast.com\/wordpress\/plugins\/seo\/ -->\n<title>Cims d&#039;Era Tuca i estanh d&#039;Escunhau &#8211; Over the Clouds<\/title>\n<meta name=\"description\" content=\"Cims d&#039;Era Tuca i estanh d&#039;Escunhau &#8211; - &#8211; Extraordinary routes for ordinary bikers\" \/>\n<meta name=\"robots\" content=\"index, follow, max-snippet:-1, max-image-preview:large, max-video-preview:-1\" \/>\n<link rel=\"canonical\" href=\"https:\/\/www.overtheclouds.eu\/index.php\/2024\/07\/16\/cims-dera-tuca-i-estanh-descunhau\/\" \/>\n<meta property=\"og:locale\" content=\"es_ES\" \/>\n<meta property=\"og:type\" content=\"article\" \/>\n<meta property=\"og:title\" content=\"Cims d&#039;Era Tuca i estanh d&#039;Escunhau &#8211; Over the Clouds\" \/>\n<meta property=\"og:description\" content=\"Cims d&#039;Era Tuca i estanh d&#039;Escunhau &#8211; - &#8211; Extraordinary routes for ordinary bikers\" \/>\n<meta property=\"og:url\" content=\"https:\/\/www.overtheclouds.eu\/index.php\/2024\/07\/16\/cims-dera-tuca-i-estanh-descunhau\/\" \/>\n<meta property=\"og:site_name\" content=\"Over the Clouds\" \/>\n<meta property=\"article:published_time\" content=\"2024-07-16T15:57:05+00:00\" \/>\n<meta property=\"article:modified_time\" content=\"2024-07-16T15:57:09+00:00\" \/>\n<meta property=\"og:image\" content=\"https:\/\/www.overtheclouds.eu\/wp-content\/uploads\/2024\/07\/P1005338.jpg\" \/>\n\t<meta property=\"og:image:width\" content=\"1000\" \/>\n\t<meta property=\"og:image:height\" content=\"562\" \/>\n\t<meta property=\"og:image:type\" content=\"image\/jpeg\" \/>\n<meta name=\"author\" content=\"Jaume\" \/>\n<meta name=\"twitter:card\" content=\"summary_large_image\" \/>\n<meta name=\"twitter:label1\" content=\"Escrito por\" \/>\n\t<meta name=\"twitter:data1\" content=\"Jaume\" \/>\n\t<meta name=\"twitter:label2\" content=\"Tiempo de lectura\" \/>\n\t<meta name=\"twitter:data2\" content=\"3 minutos\" \/>\n<script type=\"application\/ld+json\" class=\"yoast-schema-graph\">{\"@context\":\"https:\/\/schema.org\",\"@graph\":[{\"@type\":\"Article\",\"@id\":\"https:\/\/www.overtheclouds.eu\/index.php\/2024\/07\/16\/cims-dera-tuca-i-estanh-descunhau\/#article\",\"isPartOf\":{\"@id\":\"https:\/\/www.overtheclouds.eu\/index.php\/2024\/07\/16\/cims-dera-tuca-i-estanh-descunhau\/\"},\"author\":{\"name\":\"Jaume\",\"@id\":\"https:\/\/www.overtheclouds.eu\/#\/schema\/person\/283fe644ef85985e7a0cad3f42b6cc63\"},\"headline\":\"Cims d&#8217;Era Tuca i estanh d&#8217;Escunhau\",\"datePublished\":\"2024-07-16T15:57:05+00:00\",\"dateModified\":\"2024-07-16T15:57:09+00:00\",\"mainEntityOfPage\":{\"@id\":\"https:\/\/www.overtheclouds.eu\/index.php\/2024\/07\/16\/cims-dera-tuca-i-estanh-descunhau\/\"},\"wordCount\":524,\"commentCount\":0,\"publisher\":{\"@id\":\"https:\/\/www.overtheclouds.eu\/#organization\"},\"image\":{\"@id\":\"https:\/\/www.overtheclouds.eu\/index.php\/2024\/07\/16\/cims-dera-tuca-i-estanh-descunhau\/#primaryimage\"},\"thumbnailUrl\":\"https:\/\/www.overtheclouds.eu\/wp-content\/uploads\/2024\/07\/P1005338.jpg\",\"articleSection\":[\"-\",\"\u26f0 1501-2500m\",\"Negra (Molt dif\u00edcil)\",\"Pirineu catal\u00e0\",\"\ud83d\udeb2 95-99%\"],\"inLanguage\":\"es\",\"potentialAction\":[{\"@type\":\"CommentAction\",\"name\":\"Comment\",\"target\":[\"https:\/\/www.overtheclouds.eu\/index.php\/2024\/07\/16\/cims-dera-tuca-i-estanh-descunhau\/#respond\"]}]},{\"@type\":\"WebPage\",\"@id\":\"https:\/\/www.overtheclouds.eu\/index.php\/2024\/07\/16\/cims-dera-tuca-i-estanh-descunhau\/\",\"url\":\"https:\/\/www.overtheclouds.eu\/index.php\/2024\/07\/16\/cims-dera-tuca-i-estanh-descunhau\/\",\"name\":\"Cims d'Era Tuca i estanh d'Escunhau &#8211; Over the Clouds\",\"isPartOf\":{\"@id\":\"https:\/\/www.overtheclouds.eu\/#website\"},\"primaryImageOfPage\":{\"@id\":\"https:\/\/www.overtheclouds.eu\/index.php\/2024\/07\/16\/cims-dera-tuca-i-estanh-descunhau\/#primaryimage\"},\"image\":{\"@id\":\"https:\/\/www.overtheclouds.eu\/index.php\/2024\/07\/16\/cims-dera-tuca-i-estanh-descunhau\/#primaryimage\"},\"thumbnailUrl\":\"https:\/\/www.overtheclouds.eu\/wp-content\/uploads\/2024\/07\/P1005338.jpg\",\"datePublished\":\"2024-07-16T15:57:05+00:00\",\"dateModified\":\"2024-07-16T15:57:09+00:00\",\"description\":\"Cims d'Era Tuca i estanh d'Escunhau &#8211; - &#8211; Extraordinary routes for ordinary bikers\",\"breadcrumb\":{\"@id\":\"https:\/\/www.overtheclouds.eu\/index.php\/2024\/07\/16\/cims-dera-tuca-i-estanh-descunhau\/#breadcrumb\"},\"inLanguage\":\"es\",\"potentialAction\":[{\"@type\":\"ReadAction\",\"target\":[\"https:\/\/www.overtheclouds.eu\/index.php\/2024\/07\/16\/cims-dera-tuca-i-estanh-descunhau\/\"]}]},{\"@type\":\"ImageObject\",\"inLanguage\":\"es\",\"@id\":\"https:\/\/www.overtheclouds.eu\/index.php\/2024\/07\/16\/cims-dera-tuca-i-estanh-descunhau\/#primaryimage\",\"url\":\"https:\/\/www.overtheclouds.eu\/wp-content\/uploads\/2024\/07\/P1005338.jpg\",\"contentUrl\":\"https:\/\/www.overtheclouds.eu\/wp-content\/uploads\/2024\/07\/P1005338.jpg\",\"width\":1000,\"height\":562},{\"@type\":\"BreadcrumbList\",\"@id\":\"https:\/\/www.overtheclouds.eu\/index.php\/2024\/07\/16\/cims-dera-tuca-i-estanh-descunhau\/#breadcrumb\",\"itemListElement\":[{\"@type\":\"ListItem\",\"position\":1,\"name\":\"Inici\",\"item\":\"https:\/\/www.overtheclouds.eu\/\"},{\"@type\":\"ListItem\",\"position\":2,\"name\":\"-\",\"item\":\"https:\/\/www.overtheclouds.eu\/index.php\/category\/sin-categoria\/\"},{\"@type\":\"ListItem\",\"position\":3,\"name\":\"Cims d&#8217;Era Tuca i estanh d&#8217;Escunhau\"}]},{\"@type\":\"WebSite\",\"@id\":\"https:\/\/www.overtheclouds.eu\/#website\",\"url\":\"https:\/\/www.overtheclouds.eu\/\",\"name\":\"Over the Clouds\",\"description\":\"El plaer de rec\u00f3rrer valls, carenes i assolir cims\",\"publisher\":{\"@id\":\"https:\/\/www.overtheclouds.eu\/#organization\"},\"potentialAction\":[{\"@type\":\"SearchAction\",\"target\":{\"@type\":\"EntryPoint\",\"urlTemplate\":\"https:\/\/www.overtheclouds.eu\/?s={search_term_string}\"},\"query-input\":\"required name=search_term_string\"}],\"inLanguage\":\"es\"},{\"@type\":\"Organization\",\"@id\":\"https:\/\/www.overtheclouds.eu\/#organization\",\"name\":\"Over the Clouds\",\"url\":\"https:\/\/www.overtheclouds.eu\/\",\"logo\":{\"@type\":\"ImageObject\",\"inLanguage\":\"es\",\"@id\":\"https:\/\/www.overtheclouds.eu\/#\/schema\/logo\/image\/\",\"url\":\"https:\/\/www.overtheclouds.eu\/wp-content\/uploads\/2020\/02\/logo-4.png\",\"contentUrl\":\"https:\/\/www.overtheclouds.eu\/wp-content\/uploads\/2020\/02\/logo-4.png\",\"width\":612,\"height\":418,\"caption\":\"Over the Clouds\"},\"image\":{\"@id\":\"https:\/\/www.overtheclouds.eu\/#\/schema\/logo\/image\/\"}},{\"@type\":\"Person\",\"@id\":\"https:\/\/www.overtheclouds.eu\/#\/schema\/person\/283fe644ef85985e7a0cad3f42b6cc63\",\"name\":\"Jaume\",\"image\":{\"@type\":\"ImageObject\",\"inLanguage\":\"es\",\"@id\":\"https:\/\/www.overtheclouds.eu\/#\/schema\/person\/image\/\",\"url\":\"https:\/\/secure.gravatar.com\/avatar\/86c0905ad41bd45ffed5903a626e36c9?s=96&d=blank&r=g\",\"contentUrl\":\"https:\/\/secure.gravatar.com\/avatar\/86c0905ad41bd45ffed5903a626e36c9?s=96&d=blank&r=g\",\"caption\":\"Jaume\"}}]}<\/script>\n<!-- \/ Yoast SEO plugin. -->","yoast_head_json":{"title":"Cims d'Era Tuca i estanh d'Escunhau &#8211; Over the Clouds","description":"Cims d'Era Tuca i estanh d'Escunhau &#8211; - &#8211; Extraordinary routes for ordinary bikers","robots":{"index":"index","follow":"follow","max-snippet":"max-snippet:-1","max-image-preview":"max-image-preview:large","max-video-preview":"max-video-preview:-1"},"canonical":"https:\/\/www.overtheclouds.eu\/index.php\/2024\/07\/16\/cims-dera-tuca-i-estanh-descunhau\/","og_locale":"es_ES","og_type":"article","og_title":"Cims d'Era Tuca i estanh d'Escunhau &#8211; Over the Clouds","og_description":"Cims d'Era Tuca i estanh d'Escunhau &#8211; - &#8211; Extraordinary routes for ordinary bikers","og_url":"https:\/\/www.overtheclouds.eu\/index.php\/2024\/07\/16\/cims-dera-tuca-i-estanh-descunhau\/","og_site_name":"Over the Clouds","article_published_time":"2024-07-16T15:57:05+00:00","article_modified_time":"2024-07-16T15:57:09+00:00","og_image":[{"width":1000,"height":562,"url":"https:\/\/www.overtheclouds.eu\/wp-content\/uploads\/2024\/07\/P1005338.jpg","type":"image\/jpeg"}],"author":"Jaume","twitter_card":"summary_large_image","twitter_misc":{"Escrito por":"Jaume","Tiempo de lectura":"3 minutos"},"schema":{"@context":"https:\/\/schema.org","@graph":[{"@type":"Article","@id":"https:\/\/www.overtheclouds.eu\/index.php\/2024\/07\/16\/cims-dera-tuca-i-estanh-descunhau\/#article","isPartOf":{"@id":"https:\/\/www.overtheclouds.eu\/index.php\/2024\/07\/16\/cims-dera-tuca-i-estanh-descunhau\/"},"author":{"name":"Jaume","@id":"https:\/\/www.overtheclouds.eu\/#\/schema\/person\/283fe644ef85985e7a0cad3f42b6cc63"},"headline":"Cims d&#8217;Era Tuca i estanh d&#8217;Escunhau","datePublished":"2024-07-16T15:57:05+00:00","dateModified":"2024-07-16T15:57:09+00:00","mainEntityOfPage":{"@id":"https:\/\/www.overtheclouds.eu\/index.php\/2024\/07\/16\/cims-dera-tuca-i-estanh-descunhau\/"},"wordCount":524,"commentCount":0,"publisher":{"@id":"https:\/\/www.overtheclouds.eu\/#organization"},"image":{"@id":"https:\/\/www.overtheclouds.eu\/index.php\/2024\/07\/16\/cims-dera-tuca-i-estanh-descunhau\/#primaryimage"},"thumbnailUrl":"https:\/\/www.overtheclouds.eu\/wp-content\/uploads\/2024\/07\/P1005338.jpg","articleSection":["-","\u26f0 1501-2500m","Negra (Molt dif\u00edcil)","Pirineu catal\u00e0","\ud83d\udeb2 95-99%"],"inLanguage":"es","potentialAction":[{"@type":"CommentAction","name":"Comment","target":["https:\/\/www.overtheclouds.eu\/index.php\/2024\/07\/16\/cims-dera-tuca-i-estanh-descunhau\/#respond"]}]},{"@type":"WebPage","@id":"https:\/\/www.overtheclouds.eu\/index.php\/2024\/07\/16\/cims-dera-tuca-i-estanh-descunhau\/","url":"https:\/\/www.overtheclouds.eu\/index.php\/2024\/07\/16\/cims-dera-tuca-i-estanh-descunhau\/","name":"Cims d'Era Tuca i estanh d'Escunhau &#8211; Over the Clouds","isPartOf":{"@id":"https:\/\/www.overtheclouds.eu\/#website"},"primaryImageOfPage":{"@id":"https:\/\/www.overtheclouds.eu\/index.php\/2024\/07\/16\/cims-dera-tuca-i-estanh-descunhau\/#primaryimage"},"image":{"@id":"https:\/\/www.overtheclouds.eu\/index.php\/2024\/07\/16\/cims-dera-tuca-i-estanh-descunhau\/#primaryimage"},"thumbnailUrl":"https:\/\/www.overtheclouds.eu\/wp-content\/uploads\/2024\/07\/P1005338.jpg","datePublished":"2024-07-16T15:57:05+00:00","dateModified":"2024-07-16T15:57:09+00:00","description":"Cims d'Era Tuca i estanh d'Escunhau &#8211; - &#8211; Extraordinary routes for ordinary bikers","breadcrumb":{"@id":"https:\/\/www.overtheclouds.eu\/index.php\/2024\/07\/16\/cims-dera-tuca-i-estanh-descunhau\/#breadcrumb"},"inLanguage":"es","potentialAction":[{"@type":"ReadAction","target":["https:\/\/www.overtheclouds.eu\/index.php\/2024\/07\/16\/cims-dera-tuca-i-estanh-descunhau\/"]}]},{"@type":"ImageObject","inLanguage":"es","@id":"https:\/\/www.overtheclouds.eu\/index.php\/2024\/07\/16\/cims-dera-tuca-i-estanh-descunhau\/#primaryimage","url":"https:\/\/www.overtheclouds.eu\/wp-content\/uploads\/2024\/07\/P1005338.jpg","contentUrl":"https:\/\/www.overtheclouds.eu\/wp-content\/uploads\/2024\/07\/P1005338.jpg","width":1000,"height":562},{"@type":"BreadcrumbList","@id":"https:\/\/www.overtheclouds.eu\/index.php\/2024\/07\/16\/cims-dera-tuca-i-estanh-descunhau\/#breadcrumb","itemListElement":[{"@type":"ListItem","position":1,"name":"Inici","item":"https:\/\/www.overtheclouds.eu\/"},{"@type":"ListItem","position":2,"name":"-","item":"https:\/\/www.overtheclouds.eu\/index.php\/category\/sin-categoria\/"},{"@type":"ListItem","position":3,"name":"Cims d&#8217;Era Tuca i estanh d&#8217;Escunhau"}]},{"@type":"WebSite","@id":"https:\/\/www.overtheclouds.eu\/#website","url":"https:\/\/www.overtheclouds.eu\/","name":"Over the Clouds","description":"El plaer de rec\u00f3rrer valls, carenes i assolir cims","publisher":{"@id":"https:\/\/www.overtheclouds.eu\/#organization"},"potentialAction":[{"@type":"SearchAction","target":{"@type":"EntryPoint","urlTemplate":"https:\/\/www.overtheclouds.eu\/?s={search_term_string}"},"query-input":"required name=search_term_string"}],"inLanguage":"es"},{"@type":"Organization","@id":"https:\/\/www.overtheclouds.eu\/#organization","name":"Over the Clouds","url":"https:\/\/www.overtheclouds.eu\/","logo":{"@type":"ImageObject","inLanguage":"es","@id":"https:\/\/www.overtheclouds.eu\/#\/schema\/logo\/image\/","url":"https:\/\/www.overtheclouds.eu\/wp-content\/uploads\/2020\/02\/logo-4.png","contentUrl":"https:\/\/www.overtheclouds.eu\/wp-content\/uploads\/2020\/02\/logo-4.png","width":612,"height":418,"caption":"Over the Clouds"},"image":{"@id":"https:\/\/www.overtheclouds.eu\/#\/schema\/logo\/image\/"}},{"@type":"Person","@id":"https:\/\/www.overtheclouds.eu\/#\/schema\/person\/283fe644ef85985e7a0cad3f42b6cc63","name":"Jaume","image":{"@type":"ImageObject","inLanguage":"es","@id":"https:\/\/www.overtheclouds.eu\/#\/schema\/person\/image\/","url":"https:\/\/secure.gravatar.com\/avatar\/86c0905ad41bd45ffed5903a626e36c9?s=96&d=blank&r=g","contentUrl":"https:\/\/secure.gravatar.com\/avatar\/86c0905ad41bd45ffed5903a626e36c9?s=96&d=blank&r=g","caption":"Jaume"}}]}},"_links":{"self":[{"href":"https:\/\/www.overtheclouds.eu\/index.php\/wp-json\/wp\/v2\/posts\/2380"}],"collection":[{"href":"https:\/\/www.overtheclouds.eu\/index.php\/wp-json\/wp\/v2\/posts"}],"about":[{"href":"https:\/\/www.overtheclouds.eu\/index.php\/wp-json\/wp\/v2\/types\/post"}],"author":[{"embeddable":true,"href":"https:\/\/www.overtheclouds.eu\/index.php\/wp-json\/wp\/v2\/users\/2"}],"replies":[{"embeddable":true,"href":"https:\/\/www.overtheclouds.eu\/index.php\/wp-json\/wp\/v2\/comments?post=2380"}],"version-history":[{"count":2,"href":"https:\/\/www.overtheclouds.eu\/index.php\/wp-json\/wp\/v2\/posts\/2380\/revisions"}],"predecessor-version":[{"id":2383,"href":"https:\/\/www.overtheclouds.eu\/index.php\/wp-json\/wp\/v2\/posts\/2380\/revisions\/2383"}],"wp:featuredmedia":[{"embeddable":true,"href":"https:\/\/www.overtheclouds.eu\/index.php\/wp-json\/wp\/v2\/media\/2382"}],"wp:attachment":[{"href":"https:\/\/www.overtheclouds.eu\/index.php\/wp-json\/wp\/v2\/media?parent=2380"}],"wp:term":[{"taxonomy":"category","embeddable":true,"href":"https:\/\/www.overtheclouds.eu\/index.php\/wp-json\/wp\/v2\/categories?post=2380"},{"taxonomy":"post_tag","embeddable":true,"href":"https:\/\/www.overtheclouds.eu\/index.php\/wp-json\/wp\/v2\/tags?post=2380"}],"curies":[{"name":"wp","href":"https:\/\/api.w.org\/{rel}","templated":true}]}}