{"id":2375,"date":"2024-07-10T13:31:59","date_gmt":"2024-07-10T11:31:59","guid":{"rendered":"https:\/\/www.overtheclouds.eu\/?p=2375"},"modified":"2024-07-10T13:32:02","modified_gmt":"2024-07-10T11:32:02","slug":"liat-tuc-des-armeros-varrados-laran-miner-i-desconegut","status":"publish","type":"post","link":"https:\/\/www.overtheclouds.eu\/index.php\/2024\/07\/10\/liat-tuc-des-armeros-varrados-laran-miner-i-desconegut\/","title":{"rendered":"Liat-Tuc des Arm\u00e8ros-Varrad\u00f2s. L&#8217;Aran miner i desconegut"},"content":{"rendered":"\n<h4 class=\"wp-block-heading\">Al\u00e7ada m\u00e0xima de la ruta:<\/h4>\n\n\n\n<p>2.534 metres<\/p>\n\n\n\n<h4 class=\"wp-block-heading\">Descripci\u00f3 breu:<\/h4>\n\n\n\n<p>La Val d&#8217;Aran possiblement sigui la comarca m\u00e9s muntanyosa de Catalunya. Per la seva situaci\u00f3 geogr\u00e0fica presenta grans contrastos dins de la pr\u00f2pia comarca tot plegat acompanyat de grans i sublims paisatges.<br>Aquest cop he triat uns paratges del nord de l&#8217;Aran que combina indrets molt coneguts amb d&#8217;altres totalment desconeguts i molt poc ciclats.<br>Pujar a les mines de Liat \u00e9s una cl\u00e0ssica excursi\u00f3 dins del m\u00f3n de la btt. En canvi donar la volta al tuc des Arm\u00e8ros, fer el seu cim i retornar a Bagergue pels camins deth Cap des Malhs dera Tart\u00e8ra i el des Marr\u00e8cs aix\u00f2 ja \u00e9s una altre hist\u00f2ria.<br>Aix\u00ed doncs comen\u00e7o la descripci\u00f3. Es tracta d&#8217;una ruta circular que t\u00e9 el seu punt d&#8217;inici a l&#8217;extens pla Era Lana, un quil\u00f2metre m\u00e9s amunt del bonic poble de Bagergue. En aquest punt es troba l&#8217;inici de dues pistes. La de la dreta que puja a les mines de Liat i la de l&#8217;esquerra que es dirigeix al la Colhada de Varrad\u00f2s. Comen\u00e7o seguint la de Liat que va guanyant al\u00e7ada sempre paral\u00b7lela al vermell\u00f2s riu Unh\u00f2la. Acostuma a estar en for\u00e7a bon estat fins a la zona des Calhaus i la zona de les restes mineres de les mines deth Plan de Tor. Hi arribareu sense cap dificultat. Us aconsello que feu una aturadeta de tant en tant per observar indrets com la bonica cascada des Calhaus o el curi\u00f3s Plan deth Tor amb uns semicercles naturals perfectes.<br>A partir d&#8217;aquest indret la pista ja est\u00e0 una mica m\u00e9s deteriorada per\u00f2 del tot ciclable. El pendent es suavitza i tot planejant arribarem al pla dhet Pas Estret, una extensa plan\u00faria herbada molt concorreguda pel bestiar a l&#8217;estiu.<br>Ara la pista es redre\u00e7a i el seu estat, en alguns trams \u00e9s molt deteriorat.<br>Arribem al refugi de Liat, una petita edificaci\u00f3 lliure amb servei d&#8217;av\u00eds d&#8217;emerg\u00e8ncies. S&#8217;agraeix trobar una instal\u00b7laci\u00f3 aix\u00ed en un lloc tan remot.<br>Estem al centre del que havien estat unes importants explotacions mineres a principis del segle XX. Aix\u00ed ho testimonia les entrades de les mines amb les vies de les vagonetes i la ferralla escampada per l&#8217;entorn, destacant les restes de l&#8217;antic telef\u00e8ric que transportava el material fins el rentador (bocard) de Pontaut, al costat del riu Garona i de la frontera francesa.<br>Seguim pujant per la pista fins arribar a les instal\u00b7lacions de les cases dels miners. Grans panor\u00e0miques sobre el vessant oest del tuc del Maub\u00e8rme i de l&#8217;estanh Long. Una curta baixada ens porta fins a la riba de l&#8217;amagat estanh de Pica Palom\u00e8ra, situat en una petita clotada entre les serres del mateix nom i la de G\u00fc\u00e8rri. Fins aqu\u00ed el recorregut ha estat de bon fer i sense cap dificultat d&#8217;orientaci\u00f3.<br>A partir d&#8217;aqu\u00ed iniciem la part m\u00e9s espectacular. Poc a poc ens anirem endinsant en uns paratges molt salvatges i solitaris. El gps ara s\u00ed que es fa imprescindible. Comencem pujant a una petita collada, molt panor\u00e0mica, on hi trobarem un curi\u00f3s banc de marbre. Molt curi\u00f3s!. Qu\u00ed li ha col\u00b7locat en aquest indret tan apartat?<br>Seguim en direcci\u00f3 a ponent perdent una mica d&#8217;al\u00e7ada. El cam\u00ed \u00e9s poc marcat per\u00f2 ciclable. Davant nostre, a l&#8217;esquerra, observem l&#8217;alt\u00edvol tuc des Arm\u00e8ros que ens disposem a vorejar pel seu vessant nord. Despr\u00e9s de creuar l&#8217;\u00e0mpli Coret dera Ansa dera Caud\u00e8ra el voregem per un marcat cam\u00ed sense cap dificultat.<br>Fem una curta pujada i ja sortim en vistes de l&#8217;amagada clotada on hi ha empla\u00e7at l&#8217;estanh des Arm\u00e8ros, ja el vessant de ponent d&#8217;aquest cim. Lloc solitari, salvatge i amb grans panor\u00e0miques.<br>Resseguim aquest coma herbada i abans de deixar-la deixem el cam\u00ed principal i ens desviem a l&#8217;esquerra, sense cam\u00ed, per iniciar la pujada al tuc des Arm\u00e8ros. A partir d&#8217;aqu\u00ed pedalarem per pendents aglevades sense rastre de cam\u00ed. Assolirem un collet entre els cims d&#8217;Arm\u00e8ros al nord i el Cap des Malhs dera Tart\u00e8ra al sud. Ens dirigim cap el nord per iniciar la pujada pel vessant sud del tuc des Arm\u00e8ros. Forta pujada amb algun tram no ciclable degut al fort pendent. \u00c9s un tram curt. Acabarem arribant pedalant al cim. Espectacular panor\u00e0mica degut al seu estrat\u00e8gic empla\u00e7ament. Cap a llevant tota la carena del mass\u00eds del Maub\u00e8rme, al nord la zona de Liat i a la llunyania l&#8217;Ari\u00e8ge francesa, cap a ponent la vall de Varrad\u00f2s i a la llunyania la Maladeta i cap el sud les aglevades pendents de les pastures de Varrad\u00f2s amb els cimals dera Pinc\u00e8la i Arenho amb el tel\u00f3 de fons de les cretes de Saboredo, Colom\u00e8rs i Montardo. No tingueu pressa. Gaudiu del moment.<br>Iniciem la davallada pel mateix cam\u00ed que hem pujat fins entroncar de nou amb el cam\u00ed principal al final de la pleta de l&#8217;estanh des Arm\u00e8ros. Tornem a trobar un cam\u00ed bastant fressat. Malgrat aix\u00f2 no us oblideu de mirar el track al gps. Despr\u00e9s de revoltar els pendents rocosos dels Malhs dera Tart\u00e8ra anem perdent al\u00e7ada per extenses zones herbades fins arribar a la colhada de Varrad\u00f2s on trobem la pista de Bagergue al Saut deth Pish. Creuem el pas canadenc i la deixem per iniciar la baixada pel sender de Moredo. \u00c9s un sender no massa marcat per\u00f2 que quan el trobem ser\u00e0 dif\u00edcil que el perdem. Passem pel costat de la cabana de Moredo i continuem baixant per un sender que est\u00e0 for\u00e7a arranjat. Fins hi tot hi ha passeres per creuar els petits rierols que trobem. Sortim de nou a la pista que puja de Bagergue a l&#8217;indret de la Barra d&#8217;H\u00e8r. La deixem immediatament per iniciar la davallada final (pal indicador) cap el fons de la vall per hist\u00f2ric cam\u00ed ramader des Marr\u00e8cs. Un r\u00e0pid descens ens baixar\u00e0 de nou al Plan de Lana que creuarem seguint la pista asfaltada fins arribar finalment al punt de sortida.<br>Si us agrada l&#8217;aventura i l&#8217;alta muntanya no us podeu perdre aquesta ruta.<br>Espero que en gaudiu tant com ho he fet jo.<\/p>\n\n\n\n<h4 class=\"wp-block-heading\">\u00c0rea geogr\u00e0fica:<\/h4>\n\n\n\n<p>Val d&#8217;Aran<\/p>\n\n\n\n<h4 class=\"wp-block-heading\">Ciclabilitat:<\/h4>\n\n\n\n<div class=\"wptime-plugin-progress-wrap\" style=\"max-width:300px;margin-bottom:30px;\"><div class=\"wptime-plugin-progress-bar\" style=\"background:#0fa628;width:95%;\"><\/div><span>Ciclabilitat 95%<\/span><\/div>\n\n\n\n<h4 class=\"wp-block-heading\">Dificultat:<\/h4>\n\n\n\n<p class=\"negra\"><\/p>\n\n\n\n<p class=\"vermella\">Vermella<\/p>\n\n\n\n<div class=\"wp-block-group\"><div class=\"wp-block-group__inner-container is-layout-flow wp-block-group-is-layout-flow\">\n<h4 class=\"wp-block-heading\">Briefing de la ruta<\/h4>\n\n\n<\/div><\/div>\n\n\n\n<div class=\"wp-block-group\"><div class=\"wp-block-group__inner-container is-layout-flow wp-block-group-is-layout-flow\">\n<h4 class=\"wp-block-heading\">V\u00eddeo de la ruta<\/h4>\n\n\n\n<figure class=\"wp-block-embed is-type-video is-provider-youtube wp-block-embed-youtube wp-embed-aspect-16-9 wp-has-aspect-ratio\"><div class=\"wp-block-embed__wrapper\">\n<iframe loading=\"lazy\" title=\"Liat-Arm\u00e8ros-Varrad\u00f2s. Per les carenes atl\u00e0ntiques de l&#039;Aran.\" width=\"820\" height=\"461\" src=\"https:\/\/www.youtube.com\/embed\/w-oGwAtL2pI?feature=oembed\" frameborder=\"0\" allow=\"accelerometer; autoplay; clipboard-write; encrypted-media; gyroscope; picture-in-picture; web-share\" referrerpolicy=\"strict-origin-when-cross-origin\" allowfullscreen><\/iframe>\n<\/div><\/figure>\n<\/div><\/div>\n\n\n\n<div class=\"wp-block-group\"><div class=\"wp-block-group__inner-container is-layout-flow wp-block-group-is-layout-flow\">\n<h4 class=\"wp-block-heading\">Descarrega el track de la ruta<\/h4>\n\n\n\n<div class=\"wp-block-file\"><a id=\"wp-block-file--media-941f1619-e2a2-437d-9d89-ac3419aeb1d5\" href=\"https:\/\/www.overtheclouds.eu\/wp-content\/uploads\/2024\/07\/24-07-04-Liat-Armeros-Varrados.gpx\">24-07-04-Liat-Armeros-Varrados<\/a><a href=\"https:\/\/www.overtheclouds.eu\/wp-content\/uploads\/2024\/07\/24-07-04-Liat-Armeros-Varrados.gpx\" class=\"wp-block-file__button wp-element-button\" download aria-describedby=\"wp-block-file--media-941f1619-e2a2-437d-9d89-ac3419aeb1d5\">Descarrega<\/a><\/div>\n<\/div><\/div>\n\n\n\n<div class=\"wp-block-group\"><div class=\"wp-block-group__inner-container is-layout-flow wp-block-group-is-layout-flow\">\n<h4 class=\"wp-block-heading\">Galeria d&#8217;imatges<\/h4>\n<\/div><\/div>\n\n\n<div class='photonic-google-stream photonic-stream ' id='photonic-google-stream-1'>\n\r\n<div class='photonic-error photonic-google-error' id='photonic-google-error-1'>\r\n\t<span class='photonic-error-icon photonic-icon'>&nbsp;<\/span>\r\n\t<div class='photonic-message'>\r\n\t\tNo se pudo obtener datos. Error:<br \/><code>\nRequest had insufficient authentication scopes.<\/code><br \/>\n\r\n\t<\/div>\r\n<\/div>\n\n<\/div><!-- .photonic-stream or .photonic-panel -->\n\n\n<p>&nbsp;<\/p>","protected":false},"excerpt":{"rendered":"<p>Al\u00e7ada m\u00e0xima de la ruta: 2.534 metres Descripci\u00f3 breu: La Val d&#8217;Aran possiblement sigui la comarca m\u00e9s muntanyosa de Catalunya. Per la seva situaci\u00f3 geogr\u00e0fica presenta grans contrastos dins de la pr\u00f2pia comarca tot plegat acompanyat de grans i sublims &hellip; <a href=\"https:\/\/www.overtheclouds.eu\/index.php\/2024\/07\/10\/liat-tuc-des-armeros-varrados-laran-miner-i-desconegut\/\" class=\"more-link\"><span class=\"more-button\">TOTA LA RUTA AQU\u00cd<span class=\"screen-reader-text\">Liat-Tuc des Arm\u00e8ros-Varrad\u00f2s. L&#8217;Aran miner i desconegut<\/span><\/span><\/a><\/p>\n","protected":false},"author":2,"featured_media":2378,"comment_status":"open","ping_status":"closed","sticky":false,"template":"","format":"standard","meta":{"_exactmetrics_skip_tracking":false,"_exactmetrics_sitenote_active":false,"_exactmetrics_sitenote_note":"","_exactmetrics_sitenote_category":0,"footnotes":""},"categories":[1,18,3,14,22],"tags":[],"yoast_head":"<!-- This site is optimized with the Yoast SEO plugin v22.7 - https:\/\/yoast.com\/wordpress\/plugins\/seo\/ -->\n<title>Liat-Tuc des Arm\u00e8ros-Varrad\u00f2s. L&#039;Aran miner i desconegut &#8211; Over the Clouds<\/title>\n<meta name=\"description\" content=\"Liat-Tuc des Arm\u00e8ros-Varrad\u00f2s. L&#039;Aran miner i desconegut &#8211; - &#8211; Extraordinary routes for ordinary bikers\" \/>\n<meta name=\"robots\" content=\"index, follow, max-snippet:-1, max-image-preview:large, max-video-preview:-1\" \/>\n<link rel=\"canonical\" href=\"https:\/\/www.overtheclouds.eu\/index.php\/2024\/07\/10\/liat-tuc-des-armeros-varrados-laran-miner-i-desconegut\/\" \/>\n<meta property=\"og:locale\" content=\"es_ES\" \/>\n<meta property=\"og:type\" content=\"article\" \/>\n<meta property=\"og:title\" content=\"Liat-Tuc des Arm\u00e8ros-Varrad\u00f2s. L&#039;Aran miner i desconegut &#8211; Over the Clouds\" \/>\n<meta property=\"og:description\" content=\"Liat-Tuc des Arm\u00e8ros-Varrad\u00f2s. L&#039;Aran miner i desconegut &#8211; - &#8211; Extraordinary routes for ordinary bikers\" \/>\n<meta property=\"og:url\" content=\"https:\/\/www.overtheclouds.eu\/index.php\/2024\/07\/10\/liat-tuc-des-armeros-varrados-laran-miner-i-desconegut\/\" \/>\n<meta property=\"og:site_name\" content=\"Over the Clouds\" \/>\n<meta property=\"article:published_time\" content=\"2024-07-10T11:31:59+00:00\" \/>\n<meta property=\"article:modified_time\" content=\"2024-07-10T11:32:02+00:00\" \/>\n<meta property=\"og:image\" content=\"https:\/\/www.overtheclouds.eu\/wp-content\/uploads\/2024\/07\/P1005268.jpg\" \/>\n\t<meta property=\"og:image:width\" content=\"579\" \/>\n\t<meta property=\"og:image:height\" content=\"325\" \/>\n\t<meta property=\"og:image:type\" content=\"image\/jpeg\" \/>\n<meta name=\"author\" content=\"Jaume\" \/>\n<meta name=\"twitter:card\" content=\"summary_large_image\" \/>\n<meta name=\"twitter:label1\" content=\"Escrito por\" \/>\n\t<meta name=\"twitter:data1\" content=\"Jaume\" \/>\n\t<meta name=\"twitter:label2\" content=\"Tiempo de lectura\" \/>\n\t<meta name=\"twitter:data2\" content=\"5 minutos\" \/>\n<script type=\"application\/ld+json\" class=\"yoast-schema-graph\">{\"@context\":\"https:\/\/schema.org\",\"@graph\":[{\"@type\":\"Article\",\"@id\":\"https:\/\/www.overtheclouds.eu\/index.php\/2024\/07\/10\/liat-tuc-des-armeros-varrados-laran-miner-i-desconegut\/#article\",\"isPartOf\":{\"@id\":\"https:\/\/www.overtheclouds.eu\/index.php\/2024\/07\/10\/liat-tuc-des-armeros-varrados-laran-miner-i-desconegut\/\"},\"author\":{\"name\":\"Jaume\",\"@id\":\"https:\/\/www.overtheclouds.eu\/#\/schema\/person\/283fe644ef85985e7a0cad3f42b6cc63\"},\"headline\":\"Liat-Tuc des Arm\u00e8ros-Varrad\u00f2s. L&#8217;Aran miner i desconegut\",\"datePublished\":\"2024-07-10T11:31:59+00:00\",\"dateModified\":\"2024-07-10T11:32:02+00:00\",\"mainEntityOfPage\":{\"@id\":\"https:\/\/www.overtheclouds.eu\/index.php\/2024\/07\/10\/liat-tuc-des-armeros-varrados-laran-miner-i-desconegut\/\"},\"wordCount\":1163,\"commentCount\":0,\"publisher\":{\"@id\":\"https:\/\/www.overtheclouds.eu\/#organization\"},\"image\":{\"@id\":\"https:\/\/www.overtheclouds.eu\/index.php\/2024\/07\/10\/liat-tuc-des-armeros-varrados-laran-miner-i-desconegut\/#primaryimage\"},\"thumbnailUrl\":\"https:\/\/www.overtheclouds.eu\/wp-content\/uploads\/2024\/07\/P1005268.jpg\",\"articleSection\":[\"-\",\"\u26f0 &gt;2501m\",\"Pirineu catal\u00e0\",\"Vermella (Dif\u00edcil)\",\"\ud83d\udeb2 95-99%\"],\"inLanguage\":\"es\",\"potentialAction\":[{\"@type\":\"CommentAction\",\"name\":\"Comment\",\"target\":[\"https:\/\/www.overtheclouds.eu\/index.php\/2024\/07\/10\/liat-tuc-des-armeros-varrados-laran-miner-i-desconegut\/#respond\"]}]},{\"@type\":\"WebPage\",\"@id\":\"https:\/\/www.overtheclouds.eu\/index.php\/2024\/07\/10\/liat-tuc-des-armeros-varrados-laran-miner-i-desconegut\/\",\"url\":\"https:\/\/www.overtheclouds.eu\/index.php\/2024\/07\/10\/liat-tuc-des-armeros-varrados-laran-miner-i-desconegut\/\",\"name\":\"Liat-Tuc des Arm\u00e8ros-Varrad\u00f2s. L'Aran miner i desconegut &#8211; Over the Clouds\",\"isPartOf\":{\"@id\":\"https:\/\/www.overtheclouds.eu\/#website\"},\"primaryImageOfPage\":{\"@id\":\"https:\/\/www.overtheclouds.eu\/index.php\/2024\/07\/10\/liat-tuc-des-armeros-varrados-laran-miner-i-desconegut\/#primaryimage\"},\"image\":{\"@id\":\"https:\/\/www.overtheclouds.eu\/index.php\/2024\/07\/10\/liat-tuc-des-armeros-varrados-laran-miner-i-desconegut\/#primaryimage\"},\"thumbnailUrl\":\"https:\/\/www.overtheclouds.eu\/wp-content\/uploads\/2024\/07\/P1005268.jpg\",\"datePublished\":\"2024-07-10T11:31:59+00:00\",\"dateModified\":\"2024-07-10T11:32:02+00:00\",\"description\":\"Liat-Tuc des Arm\u00e8ros-Varrad\u00f2s. L'Aran miner i desconegut &#8211; - &#8211; Extraordinary routes for ordinary bikers\",\"breadcrumb\":{\"@id\":\"https:\/\/www.overtheclouds.eu\/index.php\/2024\/07\/10\/liat-tuc-des-armeros-varrados-laran-miner-i-desconegut\/#breadcrumb\"},\"inLanguage\":\"es\",\"potentialAction\":[{\"@type\":\"ReadAction\",\"target\":[\"https:\/\/www.overtheclouds.eu\/index.php\/2024\/07\/10\/liat-tuc-des-armeros-varrados-laran-miner-i-desconegut\/\"]}]},{\"@type\":\"ImageObject\",\"inLanguage\":\"es\",\"@id\":\"https:\/\/www.overtheclouds.eu\/index.php\/2024\/07\/10\/liat-tuc-des-armeros-varrados-laran-miner-i-desconegut\/#primaryimage\",\"url\":\"https:\/\/www.overtheclouds.eu\/wp-content\/uploads\/2024\/07\/P1005268.jpg\",\"contentUrl\":\"https:\/\/www.overtheclouds.eu\/wp-content\/uploads\/2024\/07\/P1005268.jpg\",\"width\":579,\"height\":325},{\"@type\":\"BreadcrumbList\",\"@id\":\"https:\/\/www.overtheclouds.eu\/index.php\/2024\/07\/10\/liat-tuc-des-armeros-varrados-laran-miner-i-desconegut\/#breadcrumb\",\"itemListElement\":[{\"@type\":\"ListItem\",\"position\":1,\"name\":\"Inici\",\"item\":\"https:\/\/www.overtheclouds.eu\/\"},{\"@type\":\"ListItem\",\"position\":2,\"name\":\"-\",\"item\":\"https:\/\/www.overtheclouds.eu\/index.php\/category\/sin-categoria\/\"},{\"@type\":\"ListItem\",\"position\":3,\"name\":\"Liat-Tuc des Arm\u00e8ros-Varrad\u00f2s. L&#8217;Aran miner i desconegut\"}]},{\"@type\":\"WebSite\",\"@id\":\"https:\/\/www.overtheclouds.eu\/#website\",\"url\":\"https:\/\/www.overtheclouds.eu\/\",\"name\":\"Over the Clouds\",\"description\":\"El plaer de rec\u00f3rrer valls, carenes i assolir cims\",\"publisher\":{\"@id\":\"https:\/\/www.overtheclouds.eu\/#organization\"},\"potentialAction\":[{\"@type\":\"SearchAction\",\"target\":{\"@type\":\"EntryPoint\",\"urlTemplate\":\"https:\/\/www.overtheclouds.eu\/?s={search_term_string}\"},\"query-input\":\"required name=search_term_string\"}],\"inLanguage\":\"es\"},{\"@type\":\"Organization\",\"@id\":\"https:\/\/www.overtheclouds.eu\/#organization\",\"name\":\"Over the Clouds\",\"url\":\"https:\/\/www.overtheclouds.eu\/\",\"logo\":{\"@type\":\"ImageObject\",\"inLanguage\":\"es\",\"@id\":\"https:\/\/www.overtheclouds.eu\/#\/schema\/logo\/image\/\",\"url\":\"https:\/\/www.overtheclouds.eu\/wp-content\/uploads\/2020\/02\/logo-4.png\",\"contentUrl\":\"https:\/\/www.overtheclouds.eu\/wp-content\/uploads\/2020\/02\/logo-4.png\",\"width\":612,\"height\":418,\"caption\":\"Over the Clouds\"},\"image\":{\"@id\":\"https:\/\/www.overtheclouds.eu\/#\/schema\/logo\/image\/\"}},{\"@type\":\"Person\",\"@id\":\"https:\/\/www.overtheclouds.eu\/#\/schema\/person\/283fe644ef85985e7a0cad3f42b6cc63\",\"name\":\"Jaume\",\"image\":{\"@type\":\"ImageObject\",\"inLanguage\":\"es\",\"@id\":\"https:\/\/www.overtheclouds.eu\/#\/schema\/person\/image\/\",\"url\":\"https:\/\/secure.gravatar.com\/avatar\/86c0905ad41bd45ffed5903a626e36c9?s=96&d=blank&r=g\",\"contentUrl\":\"https:\/\/secure.gravatar.com\/avatar\/86c0905ad41bd45ffed5903a626e36c9?s=96&d=blank&r=g\",\"caption\":\"Jaume\"}}]}<\/script>\n<!-- \/ Yoast SEO plugin. -->","yoast_head_json":{"title":"Liat-Tuc des Arm\u00e8ros-Varrad\u00f2s. L'Aran miner i desconegut &#8211; Over the Clouds","description":"Liat-Tuc des Arm\u00e8ros-Varrad\u00f2s. L'Aran miner i desconegut &#8211; - &#8211; Extraordinary routes for ordinary bikers","robots":{"index":"index","follow":"follow","max-snippet":"max-snippet:-1","max-image-preview":"max-image-preview:large","max-video-preview":"max-video-preview:-1"},"canonical":"https:\/\/www.overtheclouds.eu\/index.php\/2024\/07\/10\/liat-tuc-des-armeros-varrados-laran-miner-i-desconegut\/","og_locale":"es_ES","og_type":"article","og_title":"Liat-Tuc des Arm\u00e8ros-Varrad\u00f2s. L'Aran miner i desconegut &#8211; Over the Clouds","og_description":"Liat-Tuc des Arm\u00e8ros-Varrad\u00f2s. L'Aran miner i desconegut &#8211; - &#8211; Extraordinary routes for ordinary bikers","og_url":"https:\/\/www.overtheclouds.eu\/index.php\/2024\/07\/10\/liat-tuc-des-armeros-varrados-laran-miner-i-desconegut\/","og_site_name":"Over the Clouds","article_published_time":"2024-07-10T11:31:59+00:00","article_modified_time":"2024-07-10T11:32:02+00:00","og_image":[{"width":579,"height":325,"url":"https:\/\/www.overtheclouds.eu\/wp-content\/uploads\/2024\/07\/P1005268.jpg","type":"image\/jpeg"}],"author":"Jaume","twitter_card":"summary_large_image","twitter_misc":{"Escrito por":"Jaume","Tiempo de lectura":"5 minutos"},"schema":{"@context":"https:\/\/schema.org","@graph":[{"@type":"Article","@id":"https:\/\/www.overtheclouds.eu\/index.php\/2024\/07\/10\/liat-tuc-des-armeros-varrados-laran-miner-i-desconegut\/#article","isPartOf":{"@id":"https:\/\/www.overtheclouds.eu\/index.php\/2024\/07\/10\/liat-tuc-des-armeros-varrados-laran-miner-i-desconegut\/"},"author":{"name":"Jaume","@id":"https:\/\/www.overtheclouds.eu\/#\/schema\/person\/283fe644ef85985e7a0cad3f42b6cc63"},"headline":"Liat-Tuc des Arm\u00e8ros-Varrad\u00f2s. L&#8217;Aran miner i desconegut","datePublished":"2024-07-10T11:31:59+00:00","dateModified":"2024-07-10T11:32:02+00:00","mainEntityOfPage":{"@id":"https:\/\/www.overtheclouds.eu\/index.php\/2024\/07\/10\/liat-tuc-des-armeros-varrados-laran-miner-i-desconegut\/"},"wordCount":1163,"commentCount":0,"publisher":{"@id":"https:\/\/www.overtheclouds.eu\/#organization"},"image":{"@id":"https:\/\/www.overtheclouds.eu\/index.php\/2024\/07\/10\/liat-tuc-des-armeros-varrados-laran-miner-i-desconegut\/#primaryimage"},"thumbnailUrl":"https:\/\/www.overtheclouds.eu\/wp-content\/uploads\/2024\/07\/P1005268.jpg","articleSection":["-","\u26f0 &gt;2501m","Pirineu catal\u00e0","Vermella (Dif\u00edcil)","\ud83d\udeb2 95-99%"],"inLanguage":"es","potentialAction":[{"@type":"CommentAction","name":"Comment","target":["https:\/\/www.overtheclouds.eu\/index.php\/2024\/07\/10\/liat-tuc-des-armeros-varrados-laran-miner-i-desconegut\/#respond"]}]},{"@type":"WebPage","@id":"https:\/\/www.overtheclouds.eu\/index.php\/2024\/07\/10\/liat-tuc-des-armeros-varrados-laran-miner-i-desconegut\/","url":"https:\/\/www.overtheclouds.eu\/index.php\/2024\/07\/10\/liat-tuc-des-armeros-varrados-laran-miner-i-desconegut\/","name":"Liat-Tuc des Arm\u00e8ros-Varrad\u00f2s. L'Aran miner i desconegut &#8211; Over the Clouds","isPartOf":{"@id":"https:\/\/www.overtheclouds.eu\/#website"},"primaryImageOfPage":{"@id":"https:\/\/www.overtheclouds.eu\/index.php\/2024\/07\/10\/liat-tuc-des-armeros-varrados-laran-miner-i-desconegut\/#primaryimage"},"image":{"@id":"https:\/\/www.overtheclouds.eu\/index.php\/2024\/07\/10\/liat-tuc-des-armeros-varrados-laran-miner-i-desconegut\/#primaryimage"},"thumbnailUrl":"https:\/\/www.overtheclouds.eu\/wp-content\/uploads\/2024\/07\/P1005268.jpg","datePublished":"2024-07-10T11:31:59+00:00","dateModified":"2024-07-10T11:32:02+00:00","description":"Liat-Tuc des Arm\u00e8ros-Varrad\u00f2s. L'Aran miner i desconegut &#8211; - &#8211; Extraordinary routes for ordinary bikers","breadcrumb":{"@id":"https:\/\/www.overtheclouds.eu\/index.php\/2024\/07\/10\/liat-tuc-des-armeros-varrados-laran-miner-i-desconegut\/#breadcrumb"},"inLanguage":"es","potentialAction":[{"@type":"ReadAction","target":["https:\/\/www.overtheclouds.eu\/index.php\/2024\/07\/10\/liat-tuc-des-armeros-varrados-laran-miner-i-desconegut\/"]}]},{"@type":"ImageObject","inLanguage":"es","@id":"https:\/\/www.overtheclouds.eu\/index.php\/2024\/07\/10\/liat-tuc-des-armeros-varrados-laran-miner-i-desconegut\/#primaryimage","url":"https:\/\/www.overtheclouds.eu\/wp-content\/uploads\/2024\/07\/P1005268.jpg","contentUrl":"https:\/\/www.overtheclouds.eu\/wp-content\/uploads\/2024\/07\/P1005268.jpg","width":579,"height":325},{"@type":"BreadcrumbList","@id":"https:\/\/www.overtheclouds.eu\/index.php\/2024\/07\/10\/liat-tuc-des-armeros-varrados-laran-miner-i-desconegut\/#breadcrumb","itemListElement":[{"@type":"ListItem","position":1,"name":"Inici","item":"https:\/\/www.overtheclouds.eu\/"},{"@type":"ListItem","position":2,"name":"-","item":"https:\/\/www.overtheclouds.eu\/index.php\/category\/sin-categoria\/"},{"@type":"ListItem","position":3,"name":"Liat-Tuc des Arm\u00e8ros-Varrad\u00f2s. L&#8217;Aran miner i desconegut"}]},{"@type":"WebSite","@id":"https:\/\/www.overtheclouds.eu\/#website","url":"https:\/\/www.overtheclouds.eu\/","name":"Over the Clouds","description":"El plaer de rec\u00f3rrer valls, carenes i assolir cims","publisher":{"@id":"https:\/\/www.overtheclouds.eu\/#organization"},"potentialAction":[{"@type":"SearchAction","target":{"@type":"EntryPoint","urlTemplate":"https:\/\/www.overtheclouds.eu\/?s={search_term_string}"},"query-input":"required name=search_term_string"}],"inLanguage":"es"},{"@type":"Organization","@id":"https:\/\/www.overtheclouds.eu\/#organization","name":"Over the Clouds","url":"https:\/\/www.overtheclouds.eu\/","logo":{"@type":"ImageObject","inLanguage":"es","@id":"https:\/\/www.overtheclouds.eu\/#\/schema\/logo\/image\/","url":"https:\/\/www.overtheclouds.eu\/wp-content\/uploads\/2020\/02\/logo-4.png","contentUrl":"https:\/\/www.overtheclouds.eu\/wp-content\/uploads\/2020\/02\/logo-4.png","width":612,"height":418,"caption":"Over the Clouds"},"image":{"@id":"https:\/\/www.overtheclouds.eu\/#\/schema\/logo\/image\/"}},{"@type":"Person","@id":"https:\/\/www.overtheclouds.eu\/#\/schema\/person\/283fe644ef85985e7a0cad3f42b6cc63","name":"Jaume","image":{"@type":"ImageObject","inLanguage":"es","@id":"https:\/\/www.overtheclouds.eu\/#\/schema\/person\/image\/","url":"https:\/\/secure.gravatar.com\/avatar\/86c0905ad41bd45ffed5903a626e36c9?s=96&d=blank&r=g","contentUrl":"https:\/\/secure.gravatar.com\/avatar\/86c0905ad41bd45ffed5903a626e36c9?s=96&d=blank&r=g","caption":"Jaume"}}]}},"_links":{"self":[{"href":"https:\/\/www.overtheclouds.eu\/index.php\/wp-json\/wp\/v2\/posts\/2375"}],"collection":[{"href":"https:\/\/www.overtheclouds.eu\/index.php\/wp-json\/wp\/v2\/posts"}],"about":[{"href":"https:\/\/www.overtheclouds.eu\/index.php\/wp-json\/wp\/v2\/types\/post"}],"author":[{"embeddable":true,"href":"https:\/\/www.overtheclouds.eu\/index.php\/wp-json\/wp\/v2\/users\/2"}],"replies":[{"embeddable":true,"href":"https:\/\/www.overtheclouds.eu\/index.php\/wp-json\/wp\/v2\/comments?post=2375"}],"version-history":[{"count":2,"href":"https:\/\/www.overtheclouds.eu\/index.php\/wp-json\/wp\/v2\/posts\/2375\/revisions"}],"predecessor-version":[{"id":2379,"href":"https:\/\/www.overtheclouds.eu\/index.php\/wp-json\/wp\/v2\/posts\/2375\/revisions\/2379"}],"wp:featuredmedia":[{"embeddable":true,"href":"https:\/\/www.overtheclouds.eu\/index.php\/wp-json\/wp\/v2\/media\/2378"}],"wp:attachment":[{"href":"https:\/\/www.overtheclouds.eu\/index.php\/wp-json\/wp\/v2\/media?parent=2375"}],"wp:term":[{"taxonomy":"category","embeddable":true,"href":"https:\/\/www.overtheclouds.eu\/index.php\/wp-json\/wp\/v2\/categories?post=2375"},{"taxonomy":"post_tag","embeddable":true,"href":"https:\/\/www.overtheclouds.eu\/index.php\/wp-json\/wp\/v2\/tags?post=2375"}],"curies":[{"name":"wp","href":"https:\/\/api.w.org\/{rel}","templated":true}]}}