{"id":2312,"date":"2024-05-15T21:10:03","date_gmt":"2024-05-15T19:10:03","guid":{"rendered":"https:\/\/www.overtheclouds.eu\/?p=2312"},"modified":"2024-05-15T21:10:06","modified_gmt":"2024-05-15T19:10:06","slug":"naut-aran-pruedo-porera-vaqueira","status":"publish","type":"post","link":"https:\/\/www.overtheclouds.eu\/index.php\/2024\/05\/15\/naut-aran-pruedo-porera-vaqueira\/","title":{"rendered":"Naut Aran: Pr\u00fcedo-Por\u00e8ra-Vaqu\u00e8ira"},"content":{"rendered":"\n<h4 class=\"wp-block-heading\">Al\u00e7ada m\u00e0xima de la ruta:<\/h4>\n\n\n\n<p>2.050 metres<\/p>\n\n\n\n<h4 class=\"wp-block-heading\">Descripci\u00f3 breu:<\/h4>\n\n\n\n<p>El punt de sortida \u00e9s l&#8217;aparcament del poble d&#8217;Arties. Comen\u00e7o a pedalar pel costat de la central hidroel\u00e8ctrica i aviat m&#8217;endinso a la val de l&#8217;arriu Valarties. Fins al p\u00f2nt deth Ress\u00e8c pujo per una pista asfaltada. Davant tinc el vessant nord del majestu\u00f3s Montardo. A l&#8217;arribar al que queda dels antics barracons deth Ress\u00e8c deixo la pista deth Pontet de Rius i comen\u00e7o la pujada per la de Loseron. Aviat la deixo per seguir pujant pel sender del b\u00f2sc de Loseron (marques del GR-11) que s&#8217;endinsa en una majestuosa avetosa. Despr\u00e9s d&#8217;un tram molt bonic, es surt del bosc ja al mig de les extenses pastures de Loseron, al costat de l&#8217;arriu Rencules. Creuem el riu per una nova i s\u00f2lida passera i aviat deixem el sender per pujar pel mig dels prats fins trobar la pista de Pr\u00fcedo. La seguim, deixant aviat el desviament de Montcasau a la dreta i c\u00f2modament arribem a l&#8217;altipl\u00e0 de Pr\u00fcedo on aconsello fer una visita a la seva abundosa font situada a pocs metres de la pista i molt a prop de les dues cabanes. Gran panor\u00e0mica sobre el vessant est del Montardo. Seguim pedalant per aquest altipl\u00e0 de prats de pastura, al peu del piramidal Tuc de Salana fins que arribem al punt m\u00e9s alt de la ruta on deixem la pista i iniciem la baixada cap a la Coma de Montaner. \u00c9s molt habitual trobar alguna fita de pedres en el punt on comen\u00e7a aquest sender. \u00c9s un sender no massa clar al comen\u00e7ament malgrat estar senyalitzat com un PR. El gps en el seu primer tram \u00e9s gaireb\u00e9 imprescindible. S&#8217;arriba al fons de la clotada i es baixa sempre pel seu llit per un corriol bastant evident. Un bon tros avall es troba una pista secund\u00e0ria que ens porta fins a la pista asfaltada d&#8217;Aiguam\u00f2g. La seguim a la dreta fins arribar al P\u00f2nt des Banhs on prenem la pista de l&#8217;esquerra que ens pujar\u00e0 fins els plans de Por\u00e8ra. Seguiu el track per visitar la petita cabana i el curi\u00f3s fenomen c\u00e0rstic que hi ha molt a prop consistent en la desaparici\u00f3 de l&#8217;aigua del riuet sota una roca. Visitat aquest bonic indret, seguiu per corriols de bestiar i camp a trav\u00e9s pel mig d&#8217;extenses zones de pastura fins enlla\u00e7ar amb el marcat sender que baixa cap a la Val de Ruda. Es tracta d&#8217;una baixada for\u00e7a c\u00f2mode malgrat que presenta algun pas una mica t\u00e8cnic. Compte amb la baixada final abans de la cabana deth Corrau de Ruda, \u00e9s molt dreta i llarga. Un cop a la cabana ja trobem la cru\u00eflla de pistes de la val de Ruda. Seguir per la de la dreta que ens porta a creuar l&#8217;arriu Garona de Ruda i pujar fins a la carretera C-28 que creuem per iniciar la pujada per un molt marcat sender que ens puja fins a les pistes d&#8217;esqu\u00ed de la muntanya de Vaqu\u00e8ira. Arribem a la urbanitzaci\u00f3 de Tanau, a mitja pujada del Plan de Beret. Seguim un tram de pujada per aquesta carretera fins que trobem la pista que baixa a Bagergue. \u00c9s l&#8217;antiga pista d&#8217;acc\u00e9s al Plan de Beret. Hi comencem a baixar amb grans panor\u00e0miques sobre el Naut Aran. A mitja baixada la deixem per seguir per un sender que al principi no \u00e9s massa marcat per\u00f2 que de seguida es converteix amb un cam\u00ed molt fressat. Estem baixant cap el Cl\u00f2t des Hormiguers. \u00c9s un sender que fa unes marrades molt boniques abans d&#8217;endinsar-se en un frond\u00f3s bosc d&#8217;avellaners i que ens porta fins a la part superior de Salard\u00fa a l&#8217;indret de l&#8217;inici de la carretera de Bagergue que la deixem per baixar al petit poble d&#8217;Unha. El creuem i pel Camin Reiau baixem a Gessa i finalment, per aquest bon cam\u00ed, arribem de nou a Arties al mateix punt on hem iniciat l&#8217;excursi\u00f3. No vulgueu c\u00f3rrer i gaudiu de l&#8217;espectacle natural.<\/p>\n\n\n\n<h4 class=\"wp-block-heading\">\u00c0rea geogr\u00e0fica:<\/h4>\n\n\n\n<p>Val d&#8217;Aran<\/p>\n\n\n\n<h4 class=\"wp-block-heading\">Ciclabilitat:<\/h4>\n\n\n\n<div class=\"wptime-plugin-progress-wrap\" style=\"max-width:300px;margin-bottom:30px;\"><div class=\"wptime-plugin-progress-bar\" style=\"background:#0fa628;width:95%;\"><\/div><span>Ciclabilitat 95%<\/span><\/div>\n\n\n\n<h4 class=\"wp-block-heading\">Dificultat:<\/h4>\n\n\n\n<p class=\"verda\"><\/p>\n\n\n\n<p class=\"blava\"><\/p>\n\n\n\n<p class=\"vermella\">Vermella<\/p>\n\n\n\n<p class=\"negra\"><\/p>\n\n\n\n<div class=\"wp-block-group\"><div class=\"wp-block-group__inner-container is-layout-flow wp-block-group-is-layout-flow\">\n<h4 class=\"wp-block-heading\">Briefing de la ruta<\/h4>\n\n\n<\/div><\/div>\n\n\n\n<div class=\"wp-block-group\"><div class=\"wp-block-group__inner-container is-layout-flow wp-block-group-is-layout-flow\">\n<h4 class=\"wp-block-heading\">V\u00eddeo de la ruta<\/h4>\n\n\n\n<figure class=\"wp-block-embed is-type-video is-provider-youtube wp-block-embed-youtube wp-embed-aspect-16-9 wp-has-aspect-ratio\"><div class=\"wp-block-embed__wrapper\">\n<iframe loading=\"lazy\" title=\"Naut Aran: Pr\u00fcedo - Por\u00e8ra - Vaqu\u00e8ira\" width=\"820\" height=\"461\" src=\"https:\/\/www.youtube.com\/embed\/qQ6b1tIAkqY?feature=oembed\" frameborder=\"0\" allow=\"accelerometer; autoplay; clipboard-write; encrypted-media; gyroscope; picture-in-picture; web-share\" referrerpolicy=\"strict-origin-when-cross-origin\" allowfullscreen><\/iframe>\n<\/div><\/figure>\n<\/div><\/div>\n\n\n\n<div class=\"wp-block-group\"><div class=\"wp-block-group__inner-container is-layout-flow wp-block-group-is-layout-flow\">\n<h4 class=\"wp-block-heading\">Descarrega el track de la ruta<\/h4>\n\n\n\n<div class=\"wp-block-file\"><a id=\"wp-block-file--media-982215aa-64d3-40a8-8245-d46d078aee2b\" href=\"https:\/\/www.overtheclouds.eu\/wp-content\/uploads\/2024\/05\/24-05-11-Pruedo-Porera-Vaqueira.gpx\">24-05-11-Pruedo-Porera-Vaqueira<\/a><a href=\"https:\/\/www.overtheclouds.eu\/wp-content\/uploads\/2024\/05\/24-05-11-Pruedo-Porera-Vaqueira.gpx\" class=\"wp-block-file__button wp-element-button\" download aria-describedby=\"wp-block-file--media-982215aa-64d3-40a8-8245-d46d078aee2b\">Descarrega<\/a><\/div>\n<\/div><\/div>\n\n\n\n<div class=\"wp-block-group\"><div class=\"wp-block-group__inner-container is-layout-flow wp-block-group-is-layout-flow\">\n<h4 class=\"wp-block-heading\">Galeria d&#8217;imatges<\/h4>\n<\/div><\/div>\n\n\n<div class='photonic-google-stream photonic-stream ' id='photonic-google-stream-1'>\n\r\n<div class='photonic-error photonic-google-error' id='photonic-google-error-1'>\r\n\t<span class='photonic-error-icon photonic-icon'>&nbsp;<\/span>\r\n\t<div class='photonic-message'>\r\n\t\tNo se pudo obtener datos. Error:<br \/><code>\nRequest had insufficient authentication scopes.<\/code><br \/>\n\r\n\t<\/div>\r\n<\/div>\n\n<\/div><!-- .photonic-stream or .photonic-panel -->\n\n\n<p>&nbsp;<\/p>","protected":false},"excerpt":{"rendered":"<p>Al\u00e7ada m\u00e0xima de la ruta: 2.050 metres Descripci\u00f3 breu: El punt de sortida \u00e9s l&#8217;aparcament del poble d&#8217;Arties. Comen\u00e7o a pedalar pel costat de la central hidroel\u00e8ctrica i aviat m&#8217;endinso a la val de l&#8217;arriu Valarties. Fins al p\u00f2nt deth &hellip; <a href=\"https:\/\/www.overtheclouds.eu\/index.php\/2024\/05\/15\/naut-aran-pruedo-porera-vaqueira\/\" class=\"more-link\"><span class=\"more-button\">TOTA LA RUTA AQU\u00cd<span class=\"screen-reader-text\">Naut Aran: Pr\u00fcedo-Por\u00e8ra-Vaqu\u00e8ira<\/span><\/span><\/a><\/p>\n","protected":false},"author":2,"featured_media":2315,"comment_status":"open","ping_status":"closed","sticky":false,"template":"","format":"standard","meta":{"_exactmetrics_skip_tracking":false,"_exactmetrics_sitenote_active":false,"_exactmetrics_sitenote_note":"","_exactmetrics_sitenote_category":0,"footnotes":""},"categories":[1,17,10,11,8,9,3,14,22],"tags":[],"yoast_head":"<!-- This site is optimized with the Yoast SEO plugin v22.7 - https:\/\/yoast.com\/wordpress\/plugins\/seo\/ -->\n<title>Naut Aran: Pr\u00fcedo-Por\u00e8ra-Vaqu\u00e8ira &#8211; Over the Clouds<\/title>\n<meta name=\"description\" content=\"Naut Aran: Pr\u00fcedo-Por\u00e8ra-Vaqu\u00e8ira &#8211; - &#8211; Extraordinary routes for ordinary bikers\" \/>\n<meta name=\"robots\" content=\"index, follow, max-snippet:-1, max-image-preview:large, max-video-preview:-1\" \/>\n<link rel=\"canonical\" href=\"https:\/\/www.overtheclouds.eu\/index.php\/2024\/05\/15\/naut-aran-pruedo-porera-vaqueira\/\" \/>\n<meta property=\"og:locale\" content=\"es_ES\" \/>\n<meta property=\"og:type\" content=\"article\" \/>\n<meta property=\"og:title\" content=\"Naut Aran: Pr\u00fcedo-Por\u00e8ra-Vaqu\u00e8ira &#8211; Over the Clouds\" \/>\n<meta property=\"og:description\" content=\"Naut Aran: Pr\u00fcedo-Por\u00e8ra-Vaqu\u00e8ira &#8211; - &#8211; Extraordinary routes for ordinary bikers\" \/>\n<meta property=\"og:url\" content=\"https:\/\/www.overtheclouds.eu\/index.php\/2024\/05\/15\/naut-aran-pruedo-porera-vaqueira\/\" \/>\n<meta property=\"og:site_name\" content=\"Over the Clouds\" \/>\n<meta property=\"article:published_time\" content=\"2024-05-15T19:10:03+00:00\" \/>\n<meta property=\"article:modified_time\" content=\"2024-05-15T19:10:06+00:00\" \/>\n<meta property=\"og:image\" content=\"https:\/\/www.overtheclouds.eu\/wp-content\/uploads\/2024\/05\/P1004809-scaled.jpg\" \/>\n\t<meta property=\"og:image:width\" content=\"2560\" \/>\n\t<meta property=\"og:image:height\" content=\"1440\" \/>\n\t<meta property=\"og:image:type\" content=\"image\/jpeg\" \/>\n<meta name=\"author\" content=\"Jaume\" \/>\n<meta name=\"twitter:card\" content=\"summary_large_image\" \/>\n<meta name=\"twitter:label1\" content=\"Escrito por\" \/>\n\t<meta name=\"twitter:data1\" content=\"Jaume\" \/>\n\t<meta name=\"twitter:label2\" content=\"Tiempo de lectura\" \/>\n\t<meta name=\"twitter:data2\" content=\"4 minutos\" \/>\n<script type=\"application\/ld+json\" class=\"yoast-schema-graph\">{\"@context\":\"https:\/\/schema.org\",\"@graph\":[{\"@type\":\"Article\",\"@id\":\"https:\/\/www.overtheclouds.eu\/index.php\/2024\/05\/15\/naut-aran-pruedo-porera-vaqueira\/#article\",\"isPartOf\":{\"@id\":\"https:\/\/www.overtheclouds.eu\/index.php\/2024\/05\/15\/naut-aran-pruedo-porera-vaqueira\/\"},\"author\":{\"name\":\"Jaume\",\"@id\":\"https:\/\/www.overtheclouds.eu\/#\/schema\/person\/283fe644ef85985e7a0cad3f42b6cc63\"},\"headline\":\"Naut Aran: Pr\u00fcedo-Por\u00e8ra-Vaqu\u00e8ira\",\"datePublished\":\"2024-05-15T19:10:03+00:00\",\"dateModified\":\"2024-05-15T19:10:06+00:00\",\"mainEntityOfPage\":{\"@id\":\"https:\/\/www.overtheclouds.eu\/index.php\/2024\/05\/15\/naut-aran-pruedo-porera-vaqueira\/\"},\"wordCount\":773,\"commentCount\":0,\"publisher\":{\"@id\":\"https:\/\/www.overtheclouds.eu\/#organization\"},\"image\":{\"@id\":\"https:\/\/www.overtheclouds.eu\/index.php\/2024\/05\/15\/naut-aran-pruedo-porera-vaqueira\/#primaryimage\"},\"thumbnailUrl\":\"https:\/\/www.overtheclouds.eu\/wp-content\/uploads\/2024\/05\/P1004809-scaled.jpg\",\"articleSection\":[\"-\",\"\u26f0 1501-2500m\",\"Al\u00e7ada m\u00e0xima\",\"Ciclabilitat\",\"Dificultat\",\"Geografia\",\"Pirineu catal\u00e0\",\"Vermella (Dif\u00edcil)\",\"\ud83d\udeb2 95-99%\"],\"inLanguage\":\"es\",\"potentialAction\":[{\"@type\":\"CommentAction\",\"name\":\"Comment\",\"target\":[\"https:\/\/www.overtheclouds.eu\/index.php\/2024\/05\/15\/naut-aran-pruedo-porera-vaqueira\/#respond\"]}]},{\"@type\":\"WebPage\",\"@id\":\"https:\/\/www.overtheclouds.eu\/index.php\/2024\/05\/15\/naut-aran-pruedo-porera-vaqueira\/\",\"url\":\"https:\/\/www.overtheclouds.eu\/index.php\/2024\/05\/15\/naut-aran-pruedo-porera-vaqueira\/\",\"name\":\"Naut Aran: Pr\u00fcedo-Por\u00e8ra-Vaqu\u00e8ira &#8211; Over the Clouds\",\"isPartOf\":{\"@id\":\"https:\/\/www.overtheclouds.eu\/#website\"},\"primaryImageOfPage\":{\"@id\":\"https:\/\/www.overtheclouds.eu\/index.php\/2024\/05\/15\/naut-aran-pruedo-porera-vaqueira\/#primaryimage\"},\"image\":{\"@id\":\"https:\/\/www.overtheclouds.eu\/index.php\/2024\/05\/15\/naut-aran-pruedo-porera-vaqueira\/#primaryimage\"},\"thumbnailUrl\":\"https:\/\/www.overtheclouds.eu\/wp-content\/uploads\/2024\/05\/P1004809-scaled.jpg\",\"datePublished\":\"2024-05-15T19:10:03+00:00\",\"dateModified\":\"2024-05-15T19:10:06+00:00\",\"description\":\"Naut Aran: Pr\u00fcedo-Por\u00e8ra-Vaqu\u00e8ira &#8211; - &#8211; Extraordinary routes for ordinary bikers\",\"breadcrumb\":{\"@id\":\"https:\/\/www.overtheclouds.eu\/index.php\/2024\/05\/15\/naut-aran-pruedo-porera-vaqueira\/#breadcrumb\"},\"inLanguage\":\"es\",\"potentialAction\":[{\"@type\":\"ReadAction\",\"target\":[\"https:\/\/www.overtheclouds.eu\/index.php\/2024\/05\/15\/naut-aran-pruedo-porera-vaqueira\/\"]}]},{\"@type\":\"ImageObject\",\"inLanguage\":\"es\",\"@id\":\"https:\/\/www.overtheclouds.eu\/index.php\/2024\/05\/15\/naut-aran-pruedo-porera-vaqueira\/#primaryimage\",\"url\":\"https:\/\/www.overtheclouds.eu\/wp-content\/uploads\/2024\/05\/P1004809-scaled.jpg\",\"contentUrl\":\"https:\/\/www.overtheclouds.eu\/wp-content\/uploads\/2024\/05\/P1004809-scaled.jpg\",\"width\":2560,\"height\":1440},{\"@type\":\"BreadcrumbList\",\"@id\":\"https:\/\/www.overtheclouds.eu\/index.php\/2024\/05\/15\/naut-aran-pruedo-porera-vaqueira\/#breadcrumb\",\"itemListElement\":[{\"@type\":\"ListItem\",\"position\":1,\"name\":\"Inici\",\"item\":\"https:\/\/www.overtheclouds.eu\/\"},{\"@type\":\"ListItem\",\"position\":2,\"name\":\"-\",\"item\":\"https:\/\/www.overtheclouds.eu\/index.php\/category\/sin-categoria\/\"},{\"@type\":\"ListItem\",\"position\":3,\"name\":\"Naut Aran: Pr\u00fcedo-Por\u00e8ra-Vaqu\u00e8ira\"}]},{\"@type\":\"WebSite\",\"@id\":\"https:\/\/www.overtheclouds.eu\/#website\",\"url\":\"https:\/\/www.overtheclouds.eu\/\",\"name\":\"Over the Clouds\",\"description\":\"El plaer de rec\u00f3rrer valls, carenes i assolir cims\",\"publisher\":{\"@id\":\"https:\/\/www.overtheclouds.eu\/#organization\"},\"potentialAction\":[{\"@type\":\"SearchAction\",\"target\":{\"@type\":\"EntryPoint\",\"urlTemplate\":\"https:\/\/www.overtheclouds.eu\/?s={search_term_string}\"},\"query-input\":\"required name=search_term_string\"}],\"inLanguage\":\"es\"},{\"@type\":\"Organization\",\"@id\":\"https:\/\/www.overtheclouds.eu\/#organization\",\"name\":\"Over the Clouds\",\"url\":\"https:\/\/www.overtheclouds.eu\/\",\"logo\":{\"@type\":\"ImageObject\",\"inLanguage\":\"es\",\"@id\":\"https:\/\/www.overtheclouds.eu\/#\/schema\/logo\/image\/\",\"url\":\"https:\/\/www.overtheclouds.eu\/wp-content\/uploads\/2020\/02\/logo-4.png\",\"contentUrl\":\"https:\/\/www.overtheclouds.eu\/wp-content\/uploads\/2020\/02\/logo-4.png\",\"width\":612,\"height\":418,\"caption\":\"Over the Clouds\"},\"image\":{\"@id\":\"https:\/\/www.overtheclouds.eu\/#\/schema\/logo\/image\/\"}},{\"@type\":\"Person\",\"@id\":\"https:\/\/www.overtheclouds.eu\/#\/schema\/person\/283fe644ef85985e7a0cad3f42b6cc63\",\"name\":\"Jaume\",\"image\":{\"@type\":\"ImageObject\",\"inLanguage\":\"es\",\"@id\":\"https:\/\/www.overtheclouds.eu\/#\/schema\/person\/image\/\",\"url\":\"https:\/\/secure.gravatar.com\/avatar\/86c0905ad41bd45ffed5903a626e36c9?s=96&d=blank&r=g\",\"contentUrl\":\"https:\/\/secure.gravatar.com\/avatar\/86c0905ad41bd45ffed5903a626e36c9?s=96&d=blank&r=g\",\"caption\":\"Jaume\"}}]}<\/script>\n<!-- \/ Yoast SEO plugin. -->","yoast_head_json":{"title":"Naut Aran: Pr\u00fcedo-Por\u00e8ra-Vaqu\u00e8ira &#8211; Over the Clouds","description":"Naut Aran: Pr\u00fcedo-Por\u00e8ra-Vaqu\u00e8ira &#8211; - &#8211; Extraordinary routes for ordinary bikers","robots":{"index":"index","follow":"follow","max-snippet":"max-snippet:-1","max-image-preview":"max-image-preview:large","max-video-preview":"max-video-preview:-1"},"canonical":"https:\/\/www.overtheclouds.eu\/index.php\/2024\/05\/15\/naut-aran-pruedo-porera-vaqueira\/","og_locale":"es_ES","og_type":"article","og_title":"Naut Aran: Pr\u00fcedo-Por\u00e8ra-Vaqu\u00e8ira &#8211; Over the Clouds","og_description":"Naut Aran: Pr\u00fcedo-Por\u00e8ra-Vaqu\u00e8ira &#8211; - &#8211; Extraordinary routes for ordinary bikers","og_url":"https:\/\/www.overtheclouds.eu\/index.php\/2024\/05\/15\/naut-aran-pruedo-porera-vaqueira\/","og_site_name":"Over the Clouds","article_published_time":"2024-05-15T19:10:03+00:00","article_modified_time":"2024-05-15T19:10:06+00:00","og_image":[{"width":2560,"height":1440,"url":"https:\/\/www.overtheclouds.eu\/wp-content\/uploads\/2024\/05\/P1004809-scaled.jpg","type":"image\/jpeg"}],"author":"Jaume","twitter_card":"summary_large_image","twitter_misc":{"Escrito por":"Jaume","Tiempo de lectura":"4 minutos"},"schema":{"@context":"https:\/\/schema.org","@graph":[{"@type":"Article","@id":"https:\/\/www.overtheclouds.eu\/index.php\/2024\/05\/15\/naut-aran-pruedo-porera-vaqueira\/#article","isPartOf":{"@id":"https:\/\/www.overtheclouds.eu\/index.php\/2024\/05\/15\/naut-aran-pruedo-porera-vaqueira\/"},"author":{"name":"Jaume","@id":"https:\/\/www.overtheclouds.eu\/#\/schema\/person\/283fe644ef85985e7a0cad3f42b6cc63"},"headline":"Naut Aran: Pr\u00fcedo-Por\u00e8ra-Vaqu\u00e8ira","datePublished":"2024-05-15T19:10:03+00:00","dateModified":"2024-05-15T19:10:06+00:00","mainEntityOfPage":{"@id":"https:\/\/www.overtheclouds.eu\/index.php\/2024\/05\/15\/naut-aran-pruedo-porera-vaqueira\/"},"wordCount":773,"commentCount":0,"publisher":{"@id":"https:\/\/www.overtheclouds.eu\/#organization"},"image":{"@id":"https:\/\/www.overtheclouds.eu\/index.php\/2024\/05\/15\/naut-aran-pruedo-porera-vaqueira\/#primaryimage"},"thumbnailUrl":"https:\/\/www.overtheclouds.eu\/wp-content\/uploads\/2024\/05\/P1004809-scaled.jpg","articleSection":["-","\u26f0 1501-2500m","Al\u00e7ada m\u00e0xima","Ciclabilitat","Dificultat","Geografia","Pirineu catal\u00e0","Vermella (Dif\u00edcil)","\ud83d\udeb2 95-99%"],"inLanguage":"es","potentialAction":[{"@type":"CommentAction","name":"Comment","target":["https:\/\/www.overtheclouds.eu\/index.php\/2024\/05\/15\/naut-aran-pruedo-porera-vaqueira\/#respond"]}]},{"@type":"WebPage","@id":"https:\/\/www.overtheclouds.eu\/index.php\/2024\/05\/15\/naut-aran-pruedo-porera-vaqueira\/","url":"https:\/\/www.overtheclouds.eu\/index.php\/2024\/05\/15\/naut-aran-pruedo-porera-vaqueira\/","name":"Naut Aran: Pr\u00fcedo-Por\u00e8ra-Vaqu\u00e8ira &#8211; Over the Clouds","isPartOf":{"@id":"https:\/\/www.overtheclouds.eu\/#website"},"primaryImageOfPage":{"@id":"https:\/\/www.overtheclouds.eu\/index.php\/2024\/05\/15\/naut-aran-pruedo-porera-vaqueira\/#primaryimage"},"image":{"@id":"https:\/\/www.overtheclouds.eu\/index.php\/2024\/05\/15\/naut-aran-pruedo-porera-vaqueira\/#primaryimage"},"thumbnailUrl":"https:\/\/www.overtheclouds.eu\/wp-content\/uploads\/2024\/05\/P1004809-scaled.jpg","datePublished":"2024-05-15T19:10:03+00:00","dateModified":"2024-05-15T19:10:06+00:00","description":"Naut Aran: Pr\u00fcedo-Por\u00e8ra-Vaqu\u00e8ira &#8211; - &#8211; Extraordinary routes for ordinary bikers","breadcrumb":{"@id":"https:\/\/www.overtheclouds.eu\/index.php\/2024\/05\/15\/naut-aran-pruedo-porera-vaqueira\/#breadcrumb"},"inLanguage":"es","potentialAction":[{"@type":"ReadAction","target":["https:\/\/www.overtheclouds.eu\/index.php\/2024\/05\/15\/naut-aran-pruedo-porera-vaqueira\/"]}]},{"@type":"ImageObject","inLanguage":"es","@id":"https:\/\/www.overtheclouds.eu\/index.php\/2024\/05\/15\/naut-aran-pruedo-porera-vaqueira\/#primaryimage","url":"https:\/\/www.overtheclouds.eu\/wp-content\/uploads\/2024\/05\/P1004809-scaled.jpg","contentUrl":"https:\/\/www.overtheclouds.eu\/wp-content\/uploads\/2024\/05\/P1004809-scaled.jpg","width":2560,"height":1440},{"@type":"BreadcrumbList","@id":"https:\/\/www.overtheclouds.eu\/index.php\/2024\/05\/15\/naut-aran-pruedo-porera-vaqueira\/#breadcrumb","itemListElement":[{"@type":"ListItem","position":1,"name":"Inici","item":"https:\/\/www.overtheclouds.eu\/"},{"@type":"ListItem","position":2,"name":"-","item":"https:\/\/www.overtheclouds.eu\/index.php\/category\/sin-categoria\/"},{"@type":"ListItem","position":3,"name":"Naut Aran: Pr\u00fcedo-Por\u00e8ra-Vaqu\u00e8ira"}]},{"@type":"WebSite","@id":"https:\/\/www.overtheclouds.eu\/#website","url":"https:\/\/www.overtheclouds.eu\/","name":"Over the Clouds","description":"El plaer de rec\u00f3rrer valls, carenes i assolir cims","publisher":{"@id":"https:\/\/www.overtheclouds.eu\/#organization"},"potentialAction":[{"@type":"SearchAction","target":{"@type":"EntryPoint","urlTemplate":"https:\/\/www.overtheclouds.eu\/?s={search_term_string}"},"query-input":"required name=search_term_string"}],"inLanguage":"es"},{"@type":"Organization","@id":"https:\/\/www.overtheclouds.eu\/#organization","name":"Over the Clouds","url":"https:\/\/www.overtheclouds.eu\/","logo":{"@type":"ImageObject","inLanguage":"es","@id":"https:\/\/www.overtheclouds.eu\/#\/schema\/logo\/image\/","url":"https:\/\/www.overtheclouds.eu\/wp-content\/uploads\/2020\/02\/logo-4.png","contentUrl":"https:\/\/www.overtheclouds.eu\/wp-content\/uploads\/2020\/02\/logo-4.png","width":612,"height":418,"caption":"Over the Clouds"},"image":{"@id":"https:\/\/www.overtheclouds.eu\/#\/schema\/logo\/image\/"}},{"@type":"Person","@id":"https:\/\/www.overtheclouds.eu\/#\/schema\/person\/283fe644ef85985e7a0cad3f42b6cc63","name":"Jaume","image":{"@type":"ImageObject","inLanguage":"es","@id":"https:\/\/www.overtheclouds.eu\/#\/schema\/person\/image\/","url":"https:\/\/secure.gravatar.com\/avatar\/86c0905ad41bd45ffed5903a626e36c9?s=96&d=blank&r=g","contentUrl":"https:\/\/secure.gravatar.com\/avatar\/86c0905ad41bd45ffed5903a626e36c9?s=96&d=blank&r=g","caption":"Jaume"}}]}},"_links":{"self":[{"href":"https:\/\/www.overtheclouds.eu\/index.php\/wp-json\/wp\/v2\/posts\/2312"}],"collection":[{"href":"https:\/\/www.overtheclouds.eu\/index.php\/wp-json\/wp\/v2\/posts"}],"about":[{"href":"https:\/\/www.overtheclouds.eu\/index.php\/wp-json\/wp\/v2\/types\/post"}],"author":[{"embeddable":true,"href":"https:\/\/www.overtheclouds.eu\/index.php\/wp-json\/wp\/v2\/users\/2"}],"replies":[{"embeddable":true,"href":"https:\/\/www.overtheclouds.eu\/index.php\/wp-json\/wp\/v2\/comments?post=2312"}],"version-history":[{"count":2,"href":"https:\/\/www.overtheclouds.eu\/index.php\/wp-json\/wp\/v2\/posts\/2312\/revisions"}],"predecessor-version":[{"id":2316,"href":"https:\/\/www.overtheclouds.eu\/index.php\/wp-json\/wp\/v2\/posts\/2312\/revisions\/2316"}],"wp:featuredmedia":[{"embeddable":true,"href":"https:\/\/www.overtheclouds.eu\/index.php\/wp-json\/wp\/v2\/media\/2315"}],"wp:attachment":[{"href":"https:\/\/www.overtheclouds.eu\/index.php\/wp-json\/wp\/v2\/media?parent=2312"}],"wp:term":[{"taxonomy":"category","embeddable":true,"href":"https:\/\/www.overtheclouds.eu\/index.php\/wp-json\/wp\/v2\/categories?post=2312"},{"taxonomy":"post_tag","embeddable":true,"href":"https:\/\/www.overtheclouds.eu\/index.php\/wp-json\/wp\/v2\/tags?post=2312"}],"curies":[{"name":"wp","href":"https:\/\/api.w.org\/{rel}","templated":true}]}}