{"id":2307,"date":"2024-05-15T20:58:35","date_gmt":"2024-05-15T18:58:35","guid":{"rendered":"https:\/\/www.overtheclouds.eu\/?p=2307"},"modified":"2024-05-15T20:58:38","modified_gmt":"2024-05-15T18:58:38","slug":"serra-densija-i-cingles-de-vallcebre","status":"publish","type":"post","link":"https:\/\/www.overtheclouds.eu\/index.php\/2024\/05\/15\/serra-densija-i-cingles-de-vallcebre\/","title":{"rendered":"Serra d&#8217;Ensija i cingles de Vallcebre"},"content":{"rendered":"\n<h4 class=\"wp-block-heading\">Al\u00e7ada m\u00e0xima de la ruta:<\/h4>\n\n\n\n<p>2.322 metres<\/p>\n\n\n\n<h4 class=\"wp-block-heading\">Descripci\u00f3 breu:<\/h4>\n\n\n\n<p>Interessant i dura ruta per la Serra d&#8217;Ensija, resseguint les seves parts m\u00e9s altes i seguidament el seu vessant de llevant on hi trobem una cinglera for\u00e7a llarga sobre la vall del riu Llobregat. Comencem pedalant pel costat de la font i de seguida ens endinsem al bosc que en aquest primer tram segueix paral\u00b7lel al pedreg\u00f3s Torrent de la Font d&#8217;Ensija. Pedalarem poca estona perqu\u00e8 aviat ens veurem obligats a emp\u00e9nyer la bici uns 400 metres que no s\u00f3n ciclables. Quan arribem a l&#8217;indret de la Planella Petita la cosa ja comen\u00e7a a canviar. Poc a poc anem deixant la torrentera i el bosc es va fent m\u00e9s esclarissat. Tamb\u00e9 el cam\u00ed millora i ja podem tornar a pedalar. Guanyem al\u00e7ada r\u00e0pidament tot contemplant unes extens panor\u00e0miques sobre la vall de Saldes i el majestu\u00f3s Pedraforca i darrera seu els cims orientals de la Serra del Cad\u00ed. Estem seguint el PR c-79. Anem pujant per un bon cam\u00ed que va superant pendents aglevades. Passem per la Planella Gran i ens disposem a superar el darrer tram de pujada fins arribar a les extenses plan\u00faries del Pla Gran d&#8217;Ensija on hi ha emple\u00e7at el refugi i la font. L&#8217;esfor\u00e7 de la pujada queda \u00e0mpliament recompensat pel pedaleig relaxant pel mig d&#8217;aquesta extensa catifa herbada. Passat el refugi el cam\u00ed, molt evident, continua pujant sense massa dificultat en direcci\u00f3 a ponent. Un cop superada la primera pujada arribem a un ampli collet. Arribats aqu\u00ed aconsello deixar el cam\u00ed, que es torna molt costerut i pedreg\u00f3s, i anar a fer una lla\u00e7ada per l&#8217;\u00e0mpli vessant herbat de la dreta. D&#8217;aquesta manera salvarem aquest tram tot pedalant i sense massa complicaci\u00f3. Un cop entroncat de nou el cam\u00ed ja ens dirigim sense cap problema fins el proper cim del Cap del Llitzet o Cap de la Gallina Pelada (2317 m.), punt culminant d&#8217;aquests serra. Gran panor\u00e0mica!! Un cop ben amarats d&#8217;aquestes panor\u00e0miques refem el cam\u00ed fins el refugi pel mateix cam\u00ed pel que hem pujat. Un cop hi arribem comencem a pujar, sense cam\u00ed, pel mig dels aglevats en direcci\u00f3 als Amorriadors per pujar fins al Cap del Pla de les Tores (2285 m.). Aquest \u00e9s un cim poc freq\u00fcentat per\u00f2 que ofereix unes grans panor\u00e0miques cap el vessant sud, sobretot dels Rasos de Peguera. Seguim pedalant per les part m\u00e9s altes i ara ens dirigim cap a la Creu de Ferro al que hi arribem sense cap dificultat tot seguint un marcat corriol. Comencem a perdre al\u00e7ada i aviat arribem al Pla d&#8217;Ensija, situat entre la Creu de Ferro i el Serrat Voltor. Hi trobareu un pal indicador. Us aconsello que no en feu cas. Seguiu un centenar de metres m\u00e9s cap el Serrat Voltor i llavors, quan veieu un llom herbat que es despenja a la dreta us hi aneu. Aqu\u00ed el track ser\u00e0 de gran ajuda. No el deixeu. Us dic aix\u00f2 perqu\u00e8 us estalviareu un tram de cam\u00ed que no \u00e9s ciclable. Comenceu a perdre altura r\u00e0pidament per un cam\u00ed for\u00e7a costerut que en algun tram us obligar\u00e0 a baixar de la bici. Arribareu a la Font del C\u00f3ms, normalment eixuta, situada al mig de la rasa del mateix nom. El cam\u00ed ara planeja resseguint el Serrat dels Bous i tot seguit torna a baixar cap a l&#8217;Era d&#8217;en Pei fins arribar sobre mateix de la paret on hi ha es petjades de dinosaures del Centre d&#8217;Interpretaci\u00f3 de Fumanya. Aqu\u00ed ja trobem una pista que r\u00e0pidament ens baixa fins a l&#8217;aparcament d&#8217;aquest centre. Podeu fer-hi una visita o simplement observar l&#8217;alta paret amb les petjades. Per pista asfaltada arribem al Coll de Fumanya on la deixem per iniciar el sender de l&#8217;Artic que ens porta fins el Grau del Coll de Fumanya on comen\u00e7arem la davallada per dins d&#8217;un bonic bosc cap a la cinglera de Vallcebre. Llarga baixada que en cas de trobar el terreny moll cal fer-la amb molta precauci\u00f3 per les pedres lliscants que trobareu al llarg del cam\u00ed. Passareu per les cru\u00eflles de m\u00faltiples graus que baixen cap a la vall de F\u00edgols. Finalment el cam\u00ed surt a una pista prop del Grau de les Granotes. Passeu pel mas de Cal Menut de Rotacans, situat sobre la balconada de la cinglera, i continuem baixant altre cop per un sender ara molt m\u00e9s panor\u00e0mic fins arribar al punt m\u00e9s baix de la ruta, La Foradada, un engorjat sobre el Torrent de Vallcebre que travessem per un pont. Pel vell cam\u00ed anem pujant fins arribar al poble de Vallcebre on hi trobareu diferents serveis per refer forces. Sortim del poble i per un bonic sender empedrat pugem fins a Cal Borni. Seguim un curt tram de carretera i aviat ens desviem per iniciar el darrer sender de la jornada. Aquest comen\u00e7a al costat de la Font de la Gotgot i es comen\u00e7a a enfilar per dins d&#8217;un esp\u00e8s bosc de pi negre que ens porta fins a la porta de la mina Nova del Coll de Pradell, que s&#8217;explota amb finalitats tur\u00edstiques, a la que hi arribem despr\u00e9s de passar una passera. Ara nom\u00e9s ens falta sortir a la carretera, fer un curt tram d&#8217;aquesta fins al Coll de Pradell i acabar d&#8217;arribar de nou al punt de sortida. Us asseguro que \u00e9s una de les rutes m\u00e9s completes que podeu fer per la Serra d&#8217;Ensija i la seu vessant oriental. Aix\u00f2 s\u00ed, aneu mentalitzats de les dificultats que hi trobareu.Inserta aqu\u00ed la descripci\u00f3 breu<\/p>\n\n\n\n<h4 class=\"wp-block-heading\">\u00c0rea geogr\u00e0fica:<\/h4>\n\n\n\n<p>Bergued\u00e0<\/p>\n\n\n\n<h4 class=\"wp-block-heading\">Ciclabilitat:<\/h4>\n\n\n\n<div class=\"wptime-plugin-progress-wrap\" style=\"max-width:300px;margin-bottom:30px;\"><div class=\"wptime-plugin-progress-bar\" style=\"background:#0fa628;width:90%;\"><\/div><span>Ciclabilitat 90%<\/span><\/div>\n\n\n\n<h4 class=\"wp-block-heading\">Dificultat:<\/h4>\n\n\n\n<p class=\"vermella\"><\/p>\n\n\n\n<p class=\"negra\">Negra<\/p>\n\n\n\n<div class=\"wp-block-group\"><div class=\"wp-block-group__inner-container is-layout-flow wp-block-group-is-layout-flow\">\n<h4 class=\"wp-block-heading\">Briefing de la ruta<\/h4>\n\n\n<\/div><\/div>\n\n\n\n<div class=\"wp-block-group\"><div class=\"wp-block-group__inner-container is-layout-flow wp-block-group-is-layout-flow\">\n<h4 class=\"wp-block-heading\">V\u00eddeo de la ruta<\/h4>\n\n\n\n<figure class=\"wp-block-embed is-type-video is-provider-youtube wp-block-embed-youtube wp-embed-aspect-16-9 wp-has-aspect-ratio\"><div class=\"wp-block-embed__wrapper\">\n<iframe loading=\"lazy\" title=\"La Serra d&#039;Ensija i els cingles de Vallcebre\" width=\"820\" height=\"461\" src=\"https:\/\/www.youtube.com\/embed\/IxiQFkGxoUU?feature=oembed\" frameborder=\"0\" allow=\"accelerometer; autoplay; clipboard-write; encrypted-media; gyroscope; picture-in-picture; web-share\" referrerpolicy=\"strict-origin-when-cross-origin\" allowfullscreen><\/iframe>\n<\/div><\/figure>\n<\/div><\/div>\n\n\n\n<div class=\"wp-block-group\"><div class=\"wp-block-group__inner-container is-layout-flow wp-block-group-is-layout-flow\">\n<h4 class=\"wp-block-heading\">Descarrega el track de la ruta<\/h4>\n\n\n<\/div><\/div>\n\n\n\n<div class=\"wp-block-group\"><div class=\"wp-block-group__inner-container is-layout-flow wp-block-group-is-layout-flow\">\n<h4 class=\"wp-block-heading\">Galeria d&#8217;imatges<\/h4>\n<\/div><\/div>\n\n\n<div class='photonic-google-stream photonic-stream ' id='photonic-google-stream-1'>\n\r\n<div class='photonic-error photonic-google-error' id='photonic-google-error-1'>\r\n\t<span class='photonic-error-icon photonic-icon'>&nbsp;<\/span>\r\n\t<div class='photonic-message'>\r\n\t\tNo se pudo obtener datos. Error:<br \/><code>\nRequest had insufficient authentication scopes.<\/code><br \/>\n\r\n\t<\/div>\r\n<\/div>\n\n<\/div><!-- .photonic-stream or .photonic-panel -->\n\n\n<p>&nbsp;<\/p>","protected":false},"excerpt":{"rendered":"<p>Al\u00e7ada m\u00e0xima de la ruta: 2.322 metres Descripci\u00f3 breu: Interessant i dura ruta per la Serra d&#8217;Ensija, resseguint les seves parts m\u00e9s altes i seguidament el seu vessant de llevant on hi trobem una cinglera for\u00e7a llarga sobre la vall &hellip; <a href=\"https:\/\/www.overtheclouds.eu\/index.php\/2024\/05\/15\/serra-densija-i-cingles-de-vallcebre\/\" class=\"more-link\"><span class=\"more-button\">TOTA LA RUTA AQU\u00cd<span class=\"screen-reader-text\">Serra d&#8217;Ensija i cingles de Vallcebre<\/span><\/span><\/a><\/p>\n","protected":false},"author":2,"featured_media":2309,"comment_status":"open","ping_status":"closed","sticky":false,"template":"","format":"standard","meta":{"_exactmetrics_skip_tracking":false,"_exactmetrics_sitenote_active":false,"_exactmetrics_sitenote_note":"","_exactmetrics_sitenote_category":0,"footnotes":""},"categories":[1,17,10,11,8,28,14,21],"tags":[],"yoast_head":"<!-- This site is optimized with the Yoast SEO plugin v22.7 - https:\/\/yoast.com\/wordpress\/plugins\/seo\/ -->\n<title>Serra d&#039;Ensija i cingles de Vallcebre &#8211; Over the Clouds<\/title>\n<meta name=\"description\" content=\"Serra d&#039;Ensija i cingles de Vallcebre &#8211; - &#8211; Extraordinary routes for ordinary bikers\" \/>\n<meta name=\"robots\" content=\"index, follow, max-snippet:-1, max-image-preview:large, max-video-preview:-1\" \/>\n<link rel=\"canonical\" href=\"https:\/\/www.overtheclouds.eu\/index.php\/2024\/05\/15\/serra-densija-i-cingles-de-vallcebre\/\" \/>\n<meta property=\"og:locale\" content=\"es_ES\" \/>\n<meta property=\"og:type\" content=\"article\" \/>\n<meta property=\"og:title\" content=\"Serra d&#039;Ensija i cingles de Vallcebre &#8211; Over the Clouds\" \/>\n<meta property=\"og:description\" content=\"Serra d&#039;Ensija i cingles de Vallcebre &#8211; - &#8211; Extraordinary routes for ordinary bikers\" \/>\n<meta property=\"og:url\" content=\"https:\/\/www.overtheclouds.eu\/index.php\/2024\/05\/15\/serra-densija-i-cingles-de-vallcebre\/\" \/>\n<meta property=\"og:site_name\" content=\"Over the Clouds\" \/>\n<meta property=\"article:published_time\" content=\"2024-05-15T18:58:35+00:00\" \/>\n<meta property=\"article:modified_time\" content=\"2024-05-15T18:58:38+00:00\" \/>\n<meta property=\"og:image\" content=\"https:\/\/www.overtheclouds.eu\/wp-content\/uploads\/2024\/05\/P1004654-scaled.jpg\" \/>\n\t<meta property=\"og:image:width\" content=\"2560\" \/>\n\t<meta property=\"og:image:height\" content=\"1442\" \/>\n\t<meta property=\"og:image:type\" content=\"image\/jpeg\" \/>\n<meta name=\"author\" content=\"Jaume\" \/>\n<meta name=\"twitter:card\" content=\"summary_large_image\" \/>\n<meta name=\"twitter:label1\" content=\"Escrito por\" \/>\n\t<meta name=\"twitter:data1\" content=\"Jaume\" \/>\n\t<meta name=\"twitter:label2\" content=\"Tiempo de lectura\" \/>\n\t<meta name=\"twitter:data2\" content=\"5 minutos\" \/>\n<script type=\"application\/ld+json\" class=\"yoast-schema-graph\">{\"@context\":\"https:\/\/schema.org\",\"@graph\":[{\"@type\":\"Article\",\"@id\":\"https:\/\/www.overtheclouds.eu\/index.php\/2024\/05\/15\/serra-densija-i-cingles-de-vallcebre\/#article\",\"isPartOf\":{\"@id\":\"https:\/\/www.overtheclouds.eu\/index.php\/2024\/05\/15\/serra-densija-i-cingles-de-vallcebre\/\"},\"author\":{\"name\":\"Jaume\",\"@id\":\"https:\/\/www.overtheclouds.eu\/#\/schema\/person\/283fe644ef85985e7a0cad3f42b6cc63\"},\"headline\":\"Serra d&#8217;Ensija i cingles de Vallcebre\",\"datePublished\":\"2024-05-15T18:58:35+00:00\",\"dateModified\":\"2024-05-15T18:58:38+00:00\",\"mainEntityOfPage\":{\"@id\":\"https:\/\/www.overtheclouds.eu\/index.php\/2024\/05\/15\/serra-densija-i-cingles-de-vallcebre\/\"},\"wordCount\":1024,\"commentCount\":0,\"publisher\":{\"@id\":\"https:\/\/www.overtheclouds.eu\/#organization\"},\"image\":{\"@id\":\"https:\/\/www.overtheclouds.eu\/index.php\/2024\/05\/15\/serra-densija-i-cingles-de-vallcebre\/#primaryimage\"},\"thumbnailUrl\":\"https:\/\/www.overtheclouds.eu\/wp-content\/uploads\/2024\/05\/P1004654-scaled.jpg\",\"articleSection\":[\"-\",\"\u26f0 1501-2500m\",\"Al\u00e7ada m\u00e0xima\",\"Ciclabilitat\",\"Dificultat\",\"Prepirineu\",\"Vermella (Dif\u00edcil)\",\"\ud83d\udeb2 90-95%\"],\"inLanguage\":\"es\",\"potentialAction\":[{\"@type\":\"CommentAction\",\"name\":\"Comment\",\"target\":[\"https:\/\/www.overtheclouds.eu\/index.php\/2024\/05\/15\/serra-densija-i-cingles-de-vallcebre\/#respond\"]}]},{\"@type\":\"WebPage\",\"@id\":\"https:\/\/www.overtheclouds.eu\/index.php\/2024\/05\/15\/serra-densija-i-cingles-de-vallcebre\/\",\"url\":\"https:\/\/www.overtheclouds.eu\/index.php\/2024\/05\/15\/serra-densija-i-cingles-de-vallcebre\/\",\"name\":\"Serra d'Ensija i cingles de Vallcebre &#8211; Over the Clouds\",\"isPartOf\":{\"@id\":\"https:\/\/www.overtheclouds.eu\/#website\"},\"primaryImageOfPage\":{\"@id\":\"https:\/\/www.overtheclouds.eu\/index.php\/2024\/05\/15\/serra-densija-i-cingles-de-vallcebre\/#primaryimage\"},\"image\":{\"@id\":\"https:\/\/www.overtheclouds.eu\/index.php\/2024\/05\/15\/serra-densija-i-cingles-de-vallcebre\/#primaryimage\"},\"thumbnailUrl\":\"https:\/\/www.overtheclouds.eu\/wp-content\/uploads\/2024\/05\/P1004654-scaled.jpg\",\"datePublished\":\"2024-05-15T18:58:35+00:00\",\"dateModified\":\"2024-05-15T18:58:38+00:00\",\"description\":\"Serra d'Ensija i cingles de Vallcebre &#8211; - &#8211; Extraordinary routes for ordinary bikers\",\"breadcrumb\":{\"@id\":\"https:\/\/www.overtheclouds.eu\/index.php\/2024\/05\/15\/serra-densija-i-cingles-de-vallcebre\/#breadcrumb\"},\"inLanguage\":\"es\",\"potentialAction\":[{\"@type\":\"ReadAction\",\"target\":[\"https:\/\/www.overtheclouds.eu\/index.php\/2024\/05\/15\/serra-densija-i-cingles-de-vallcebre\/\"]}]},{\"@type\":\"ImageObject\",\"inLanguage\":\"es\",\"@id\":\"https:\/\/www.overtheclouds.eu\/index.php\/2024\/05\/15\/serra-densija-i-cingles-de-vallcebre\/#primaryimage\",\"url\":\"https:\/\/www.overtheclouds.eu\/wp-content\/uploads\/2024\/05\/P1004654-scaled.jpg\",\"contentUrl\":\"https:\/\/www.overtheclouds.eu\/wp-content\/uploads\/2024\/05\/P1004654-scaled.jpg\",\"width\":2560,\"height\":1442},{\"@type\":\"BreadcrumbList\",\"@id\":\"https:\/\/www.overtheclouds.eu\/index.php\/2024\/05\/15\/serra-densija-i-cingles-de-vallcebre\/#breadcrumb\",\"itemListElement\":[{\"@type\":\"ListItem\",\"position\":1,\"name\":\"Inici\",\"item\":\"https:\/\/www.overtheclouds.eu\/\"},{\"@type\":\"ListItem\",\"position\":2,\"name\":\"-\",\"item\":\"https:\/\/www.overtheclouds.eu\/index.php\/category\/sin-categoria\/\"},{\"@type\":\"ListItem\",\"position\":3,\"name\":\"Serra d&#8217;Ensija i cingles de Vallcebre\"}]},{\"@type\":\"WebSite\",\"@id\":\"https:\/\/www.overtheclouds.eu\/#website\",\"url\":\"https:\/\/www.overtheclouds.eu\/\",\"name\":\"Over the Clouds\",\"description\":\"El plaer de rec\u00f3rrer valls, carenes i assolir cims\",\"publisher\":{\"@id\":\"https:\/\/www.overtheclouds.eu\/#organization\"},\"potentialAction\":[{\"@type\":\"SearchAction\",\"target\":{\"@type\":\"EntryPoint\",\"urlTemplate\":\"https:\/\/www.overtheclouds.eu\/?s={search_term_string}\"},\"query-input\":\"required name=search_term_string\"}],\"inLanguage\":\"es\"},{\"@type\":\"Organization\",\"@id\":\"https:\/\/www.overtheclouds.eu\/#organization\",\"name\":\"Over the Clouds\",\"url\":\"https:\/\/www.overtheclouds.eu\/\",\"logo\":{\"@type\":\"ImageObject\",\"inLanguage\":\"es\",\"@id\":\"https:\/\/www.overtheclouds.eu\/#\/schema\/logo\/image\/\",\"url\":\"https:\/\/www.overtheclouds.eu\/wp-content\/uploads\/2020\/02\/logo-4.png\",\"contentUrl\":\"https:\/\/www.overtheclouds.eu\/wp-content\/uploads\/2020\/02\/logo-4.png\",\"width\":612,\"height\":418,\"caption\":\"Over the Clouds\"},\"image\":{\"@id\":\"https:\/\/www.overtheclouds.eu\/#\/schema\/logo\/image\/\"}},{\"@type\":\"Person\",\"@id\":\"https:\/\/www.overtheclouds.eu\/#\/schema\/person\/283fe644ef85985e7a0cad3f42b6cc63\",\"name\":\"Jaume\",\"image\":{\"@type\":\"ImageObject\",\"inLanguage\":\"es\",\"@id\":\"https:\/\/www.overtheclouds.eu\/#\/schema\/person\/image\/\",\"url\":\"https:\/\/secure.gravatar.com\/avatar\/86c0905ad41bd45ffed5903a626e36c9?s=96&d=blank&r=g\",\"contentUrl\":\"https:\/\/secure.gravatar.com\/avatar\/86c0905ad41bd45ffed5903a626e36c9?s=96&d=blank&r=g\",\"caption\":\"Jaume\"}}]}<\/script>\n<!-- \/ Yoast SEO plugin. -->","yoast_head_json":{"title":"Serra d'Ensija i cingles de Vallcebre &#8211; Over the Clouds","description":"Serra d'Ensija i cingles de Vallcebre &#8211; - &#8211; Extraordinary routes for ordinary bikers","robots":{"index":"index","follow":"follow","max-snippet":"max-snippet:-1","max-image-preview":"max-image-preview:large","max-video-preview":"max-video-preview:-1"},"canonical":"https:\/\/www.overtheclouds.eu\/index.php\/2024\/05\/15\/serra-densija-i-cingles-de-vallcebre\/","og_locale":"es_ES","og_type":"article","og_title":"Serra d'Ensija i cingles de Vallcebre &#8211; Over the Clouds","og_description":"Serra d'Ensija i cingles de Vallcebre &#8211; - &#8211; Extraordinary routes for ordinary bikers","og_url":"https:\/\/www.overtheclouds.eu\/index.php\/2024\/05\/15\/serra-densija-i-cingles-de-vallcebre\/","og_site_name":"Over the Clouds","article_published_time":"2024-05-15T18:58:35+00:00","article_modified_time":"2024-05-15T18:58:38+00:00","og_image":[{"width":2560,"height":1442,"url":"https:\/\/www.overtheclouds.eu\/wp-content\/uploads\/2024\/05\/P1004654-scaled.jpg","type":"image\/jpeg"}],"author":"Jaume","twitter_card":"summary_large_image","twitter_misc":{"Escrito por":"Jaume","Tiempo de lectura":"5 minutos"},"schema":{"@context":"https:\/\/schema.org","@graph":[{"@type":"Article","@id":"https:\/\/www.overtheclouds.eu\/index.php\/2024\/05\/15\/serra-densija-i-cingles-de-vallcebre\/#article","isPartOf":{"@id":"https:\/\/www.overtheclouds.eu\/index.php\/2024\/05\/15\/serra-densija-i-cingles-de-vallcebre\/"},"author":{"name":"Jaume","@id":"https:\/\/www.overtheclouds.eu\/#\/schema\/person\/283fe644ef85985e7a0cad3f42b6cc63"},"headline":"Serra d&#8217;Ensija i cingles de Vallcebre","datePublished":"2024-05-15T18:58:35+00:00","dateModified":"2024-05-15T18:58:38+00:00","mainEntityOfPage":{"@id":"https:\/\/www.overtheclouds.eu\/index.php\/2024\/05\/15\/serra-densija-i-cingles-de-vallcebre\/"},"wordCount":1024,"commentCount":0,"publisher":{"@id":"https:\/\/www.overtheclouds.eu\/#organization"},"image":{"@id":"https:\/\/www.overtheclouds.eu\/index.php\/2024\/05\/15\/serra-densija-i-cingles-de-vallcebre\/#primaryimage"},"thumbnailUrl":"https:\/\/www.overtheclouds.eu\/wp-content\/uploads\/2024\/05\/P1004654-scaled.jpg","articleSection":["-","\u26f0 1501-2500m","Al\u00e7ada m\u00e0xima","Ciclabilitat","Dificultat","Prepirineu","Vermella (Dif\u00edcil)","\ud83d\udeb2 90-95%"],"inLanguage":"es","potentialAction":[{"@type":"CommentAction","name":"Comment","target":["https:\/\/www.overtheclouds.eu\/index.php\/2024\/05\/15\/serra-densija-i-cingles-de-vallcebre\/#respond"]}]},{"@type":"WebPage","@id":"https:\/\/www.overtheclouds.eu\/index.php\/2024\/05\/15\/serra-densija-i-cingles-de-vallcebre\/","url":"https:\/\/www.overtheclouds.eu\/index.php\/2024\/05\/15\/serra-densija-i-cingles-de-vallcebre\/","name":"Serra d'Ensija i cingles de Vallcebre &#8211; Over the Clouds","isPartOf":{"@id":"https:\/\/www.overtheclouds.eu\/#website"},"primaryImageOfPage":{"@id":"https:\/\/www.overtheclouds.eu\/index.php\/2024\/05\/15\/serra-densija-i-cingles-de-vallcebre\/#primaryimage"},"image":{"@id":"https:\/\/www.overtheclouds.eu\/index.php\/2024\/05\/15\/serra-densija-i-cingles-de-vallcebre\/#primaryimage"},"thumbnailUrl":"https:\/\/www.overtheclouds.eu\/wp-content\/uploads\/2024\/05\/P1004654-scaled.jpg","datePublished":"2024-05-15T18:58:35+00:00","dateModified":"2024-05-15T18:58:38+00:00","description":"Serra d'Ensija i cingles de Vallcebre &#8211; - &#8211; Extraordinary routes for ordinary bikers","breadcrumb":{"@id":"https:\/\/www.overtheclouds.eu\/index.php\/2024\/05\/15\/serra-densija-i-cingles-de-vallcebre\/#breadcrumb"},"inLanguage":"es","potentialAction":[{"@type":"ReadAction","target":["https:\/\/www.overtheclouds.eu\/index.php\/2024\/05\/15\/serra-densija-i-cingles-de-vallcebre\/"]}]},{"@type":"ImageObject","inLanguage":"es","@id":"https:\/\/www.overtheclouds.eu\/index.php\/2024\/05\/15\/serra-densija-i-cingles-de-vallcebre\/#primaryimage","url":"https:\/\/www.overtheclouds.eu\/wp-content\/uploads\/2024\/05\/P1004654-scaled.jpg","contentUrl":"https:\/\/www.overtheclouds.eu\/wp-content\/uploads\/2024\/05\/P1004654-scaled.jpg","width":2560,"height":1442},{"@type":"BreadcrumbList","@id":"https:\/\/www.overtheclouds.eu\/index.php\/2024\/05\/15\/serra-densija-i-cingles-de-vallcebre\/#breadcrumb","itemListElement":[{"@type":"ListItem","position":1,"name":"Inici","item":"https:\/\/www.overtheclouds.eu\/"},{"@type":"ListItem","position":2,"name":"-","item":"https:\/\/www.overtheclouds.eu\/index.php\/category\/sin-categoria\/"},{"@type":"ListItem","position":3,"name":"Serra d&#8217;Ensija i cingles de Vallcebre"}]},{"@type":"WebSite","@id":"https:\/\/www.overtheclouds.eu\/#website","url":"https:\/\/www.overtheclouds.eu\/","name":"Over the Clouds","description":"El plaer de rec\u00f3rrer valls, carenes i assolir cims","publisher":{"@id":"https:\/\/www.overtheclouds.eu\/#organization"},"potentialAction":[{"@type":"SearchAction","target":{"@type":"EntryPoint","urlTemplate":"https:\/\/www.overtheclouds.eu\/?s={search_term_string}"},"query-input":"required name=search_term_string"}],"inLanguage":"es"},{"@type":"Organization","@id":"https:\/\/www.overtheclouds.eu\/#organization","name":"Over the Clouds","url":"https:\/\/www.overtheclouds.eu\/","logo":{"@type":"ImageObject","inLanguage":"es","@id":"https:\/\/www.overtheclouds.eu\/#\/schema\/logo\/image\/","url":"https:\/\/www.overtheclouds.eu\/wp-content\/uploads\/2020\/02\/logo-4.png","contentUrl":"https:\/\/www.overtheclouds.eu\/wp-content\/uploads\/2020\/02\/logo-4.png","width":612,"height":418,"caption":"Over the Clouds"},"image":{"@id":"https:\/\/www.overtheclouds.eu\/#\/schema\/logo\/image\/"}},{"@type":"Person","@id":"https:\/\/www.overtheclouds.eu\/#\/schema\/person\/283fe644ef85985e7a0cad3f42b6cc63","name":"Jaume","image":{"@type":"ImageObject","inLanguage":"es","@id":"https:\/\/www.overtheclouds.eu\/#\/schema\/person\/image\/","url":"https:\/\/secure.gravatar.com\/avatar\/86c0905ad41bd45ffed5903a626e36c9?s=96&d=blank&r=g","contentUrl":"https:\/\/secure.gravatar.com\/avatar\/86c0905ad41bd45ffed5903a626e36c9?s=96&d=blank&r=g","caption":"Jaume"}}]}},"_links":{"self":[{"href":"https:\/\/www.overtheclouds.eu\/index.php\/wp-json\/wp\/v2\/posts\/2307"}],"collection":[{"href":"https:\/\/www.overtheclouds.eu\/index.php\/wp-json\/wp\/v2\/posts"}],"about":[{"href":"https:\/\/www.overtheclouds.eu\/index.php\/wp-json\/wp\/v2\/types\/post"}],"author":[{"embeddable":true,"href":"https:\/\/www.overtheclouds.eu\/index.php\/wp-json\/wp\/v2\/users\/2"}],"replies":[{"embeddable":true,"href":"https:\/\/www.overtheclouds.eu\/index.php\/wp-json\/wp\/v2\/comments?post=2307"}],"version-history":[{"count":3,"href":"https:\/\/www.overtheclouds.eu\/index.php\/wp-json\/wp\/v2\/posts\/2307\/revisions"}],"predecessor-version":[{"id":2311,"href":"https:\/\/www.overtheclouds.eu\/index.php\/wp-json\/wp\/v2\/posts\/2307\/revisions\/2311"}],"wp:featuredmedia":[{"embeddable":true,"href":"https:\/\/www.overtheclouds.eu\/index.php\/wp-json\/wp\/v2\/media\/2309"}],"wp:attachment":[{"href":"https:\/\/www.overtheclouds.eu\/index.php\/wp-json\/wp\/v2\/media?parent=2307"}],"wp:term":[{"taxonomy":"category","embeddable":true,"href":"https:\/\/www.overtheclouds.eu\/index.php\/wp-json\/wp\/v2\/categories?post=2307"},{"taxonomy":"post_tag","embeddable":true,"href":"https:\/\/www.overtheclouds.eu\/index.php\/wp-json\/wp\/v2\/tags?post=2307"}],"curies":[{"name":"wp","href":"https:\/\/api.w.org\/{rel}","templated":true}]}}