{"id":2297,"date":"2024-05-15T09:21:57","date_gmt":"2024-05-15T07:21:57","guid":{"rendered":"https:\/\/www.overtheclouds.eu\/?p=2297"},"modified":"2024-05-15T09:22:01","modified_gmt":"2024-05-15T07:22:01","slug":"la-carbassa-des-de-talltendre","status":"publish","type":"post","link":"https:\/\/www.overtheclouds.eu\/index.php\/2024\/05\/15\/la-carbassa-des-de-talltendre\/","title":{"rendered":"La Carbassa des de Talltendre"},"content":{"rendered":"\n<h4 class=\"wp-block-heading\">Al\u00e7ada m\u00e0xima de la ruta:<\/h4>\n\n\n\n<p>2736 metres<\/p>\n\n\n\n<h4 class=\"wp-block-heading\">Descripci\u00f3 breu:<\/h4>\n\n\n\n<p>Interessant ruta d&#8217;alta muntanya hivernal amb e.bike. Sortim del poble de Talltendre, un agregat al municipi de Bellver de Cerdanya, situat a uns 1600 metres d&#8217;al\u00e7ada amb unes grans panor\u00e0miques sobre la vall ceretana i el murallam nord del Cad\u00ed. Sortim del poble per la seva part occidental i seguim per un ben marcat sender que es dirigeix, despr\u00e9s de creuar el torrent de la Guilla, cap el Serrat de Sobirons. Hi ha un tram de pujada una mica dura i t\u00e8cnica. Un cop superat aquest tram ja trobem una pista forestal que ens porta fins a l&#8217;encimbellat mas de la Bastida. Un casalot format per tres peces adossades. Hi passem a tocar i seguim per una bona pista cap la Serra de Santa Anna. En tot aquest tram trobareu unes quantes portes de fil de vailets del bestiar. Recordeu de tancar-les. Quan la pista gira cap el nord i entra al bosc trobarem una cru\u00eflla. Deixem a l&#8217;esquerra la pista que ens portaria a Coborriu de la Llosa i seguim la de la dreta que als pocs metres est\u00e0 barrada al pas de cotxes i motos mitjan\u00e7ant una cadena. Seguim per aquesta pista que s&#8217;enfila fort fins arribar a la part superior del bosc al coll de la Font del Ferro on s&#8217;acaba. Davant nostre ja albirem la Serra del Reller a la que ens dirigim. Primer creuarem un esclarissada pineda de pi negre i, per mig d&#8217;aglevats i sense cam\u00ed anirem a pujar a l&#8217;amplia collada de Coma de Fornos. Ja ens trobem a 2224 metres d&#8217;al\u00e7ada. Un cop a la collada agafem direcci\u00f3 nord i per un marcat sender anem pujant pel vessant oest del tossal de l&#8217;Amorriador fins arribar a les \u00e0mplies i extenses plan\u00faries aglevades de la Serra del Reller. Davant nostre ens esperen els trams m\u00e9s durs de la pujada. Sense cam\u00ed anirem superant pendents importants tot fent ziga-zagues per aquests amplis lloms. Anem combinant trams m\u00e9s planers amb rampes de considerable desnivell. Deixem a la nostra dreta el Tur\u00f3 de Clots que no \u00e9s cap cim prominent i ens disposem a fer el darrer esfor\u00e7 fins arribar a l&#8217;extens altipl\u00e0 on hi ha el cim de La Carbassa (2735 m.). Per la seva situaci\u00f3, entre les valls de la Llosa a l&#8217;oest i la del Duran a l&#8217;est, tenim unes bones panor\u00e0miques del sector entre la Tossa Plana de Lles a l&#8217;oest i el Puigpedr\u00f3s a l&#8217;est. Cap el sud la vall ceretana i m\u00e9s enll\u00e0 des del Cad\u00ed fins al Cabra d&#8217;Ase. Gran panor\u00e0mica. Iniciem el retorn refent el darrer tram de pujada. Un cop passat el Tur\u00f3 de Clots anem prenent direcci\u00f3 sud-est pel mig d&#8217;\u00e0mplies zones de pastura fins arribar al Pla de Salades. Imprescindible seguir el track at\u00e8s que ens trobem en mig de grans extensions i sense cap cam\u00ed marcat. Arribem al Prat d&#8217;Olopte on trobarem les traces poc definides de veh\u00edcles tot terreny. Entrem al bosc i el cam\u00ed ja \u00e9s molt definit. Sense possibilitat de p\u00e8rdua arribem a Coll Pan (2093 m.) En aquest punt seguim per un bon sender (el n\u00famero 104 del senders de Cerdanya) marcat amb les cl\u00e0ssiques marques grogues i nombre s negres. \u00c9s un sender molt bonic que primer baixa a creuar el torrent de Pasd\u00e9ller i llavors puja suaument pel mig d&#8217;un bonic bosc de pi negre fins a sortir als plans de l&#8217;Orri on ja trobem una pista que aviat entronca amb la que baixa de la barraca dels Escalders. Seguim pista avall. En dos trams la deixarem per seguir l&#8217;antic cam\u00ed que ens retorna a la pista de nou. Finalment una r\u00e0pida baixada per aquesta pista ens portar\u00e0 de nou a Talltendre on acabarem aquest interessant ruta. Qualifico la ruta de dif\u00edcil per dos motius, per les dures rampes que cal superar i per la navegaci\u00f3 camp a trav\u00e9s de les parts m\u00e9s altes. La ciclabilitat per una e-bike \u00e9s del 100% sempre que tinguem un bon nivell t\u00e8cnic i f\u00edsic.<\/p>\n\n\n\n<h4 class=\"wp-block-heading\">\u00c0rea geogr\u00e0fica:<\/h4>\n\n\n\n<p>Cerdanya<\/p>\n\n\n\n<h4 class=\"wp-block-heading\">Ciclabilitat:<\/h4>\n\n\n\n<div class=\"wptime-plugin-progress-wrap\" style=\"max-width:300px;margin-bottom:30px;\"><div class=\"wptime-plugin-progress-bar\" style=\"background:#0fa628;width:100%;\"><\/div><span>Ciclabilitat 100%<\/span><\/div>\n\n\n\n<h4 class=\"wp-block-heading\">Dificultat:<\/h4>\n\n\n\n<p class=\"verda\"><\/p>\n\n\n\n<p class=\"blava\"><\/p>\n\n\n\n<p class=\"vermella\">Vermella<\/p>\n\n\n\n<p class=\"negra\"><\/p>\n\n\n\n<div class=\"wp-block-group\"><div class=\"wp-block-group__inner-container is-layout-flow wp-block-group-is-layout-flow\">\n<h4 class=\"wp-block-heading\">Briefing de la ruta<\/h4>\n\n\n<\/div><\/div>\n\n\n\n<div class=\"wp-block-group\"><div class=\"wp-block-group__inner-container is-layout-flow wp-block-group-is-layout-flow\">\n<h4 class=\"wp-block-heading\">V\u00eddeo de la ruta<\/h4>\n\n\n\n<figure class=\"wp-block-embed is-type-video is-provider-youtube wp-block-embed-youtube wp-embed-aspect-16-9 wp-has-aspect-ratio\"><div class=\"wp-block-embed__wrapper\">\n<iframe loading=\"lazy\" title=\"La Carbassa des de Talltendre\" width=\"820\" height=\"461\" src=\"https:\/\/www.youtube.com\/embed\/DbkJKZ7oozA?feature=oembed\" frameborder=\"0\" allow=\"accelerometer; autoplay; clipboard-write; encrypted-media; gyroscope; picture-in-picture; web-share\" referrerpolicy=\"strict-origin-when-cross-origin\" allowfullscreen><\/iframe>\n<\/div><\/figure>\n<\/div><\/div>\n\n\n\n<div class=\"wp-block-group\"><div class=\"wp-block-group__inner-container is-layout-flow wp-block-group-is-layout-flow\">\n<h4 class=\"wp-block-heading\">Descarrega el track de la ruta<\/h4>\n\n\n\n<div class=\"wp-block-file\"><a id=\"wp-block-file--media-1b0cde24-825f-4f12-96a0-dcbcacfdadf5\" href=\"https:\/\/www.overtheclouds.eu\/wp-content\/uploads\/2024\/05\/23-12-28-Talltendre-La-Carbassa-Coll-Pan.gpx\">23-12-28-Talltendre-La-Carbassa-Coll-Pan<\/a><a href=\"https:\/\/www.overtheclouds.eu\/wp-content\/uploads\/2024\/05\/23-12-28-Talltendre-La-Carbassa-Coll-Pan.gpx\" class=\"wp-block-file__button wp-element-button\" download aria-describedby=\"wp-block-file--media-1b0cde24-825f-4f12-96a0-dcbcacfdadf5\">Descarrega<\/a><\/div>\n<\/div><\/div>\n\n\n\n<div class=\"wp-block-group\"><div class=\"wp-block-group__inner-container is-layout-flow wp-block-group-is-layout-flow\">\n<h4 class=\"wp-block-heading\">Galeria d&#8217;imatges<\/h4>\n<\/div><\/div>\n\n\n<div class='photonic-google-stream photonic-stream ' id='photonic-google-stream-1'>\n\r\n<div class='photonic-error photonic-google-error' id='photonic-google-error-1'>\r\n\t<span class='photonic-error-icon photonic-icon'>&nbsp;<\/span>\r\n\t<div class='photonic-message'>\r\n\t\tNo se pudo obtener datos. Error:<br \/><code>\nRequest had insufficient authentication scopes.<\/code><br \/>\n\r\n\t<\/div>\r\n<\/div>\n\n<\/div><!-- .photonic-stream or .photonic-panel -->\n\n\n<p>&nbsp;<\/p>","protected":false},"excerpt":{"rendered":"<p>Al\u00e7ada m\u00e0xima de la ruta: 2736 metres Descripci\u00f3 breu: Interessant ruta d&#8217;alta muntanya hivernal amb e.bike. Sortim del poble de Talltendre, un agregat al municipi de Bellver de Cerdanya, situat a uns 1600 metres d&#8217;al\u00e7ada amb unes grans panor\u00e0miques sobre &hellip; <a href=\"https:\/\/www.overtheclouds.eu\/index.php\/2024\/05\/15\/la-carbassa-des-de-talltendre\/\" class=\"more-link\"><span class=\"more-button\">TOTA LA RUTA AQU\u00cd<span class=\"screen-reader-text\">La Carbassa des de Talltendre<\/span><\/span><\/a><\/p>\n","protected":false},"author":2,"featured_media":2300,"comment_status":"open","ping_status":"closed","sticky":false,"template":"","format":"standard","meta":{"_exactmetrics_skip_tracking":false,"_exactmetrics_sitenote_active":false,"_exactmetrics_sitenote_note":"","_exactmetrics_sitenote_category":0,"footnotes":""},"categories":[1,17,3,14,23],"tags":[],"yoast_head":"<!-- This site is optimized with the Yoast SEO plugin v22.7 - https:\/\/yoast.com\/wordpress\/plugins\/seo\/ -->\n<title>La Carbassa des de Talltendre &#8211; Over the Clouds<\/title>\n<meta name=\"description\" content=\"La Carbassa des de Talltendre &#8211; - &#8211; Extraordinary routes for ordinary bikers\" \/>\n<meta name=\"robots\" content=\"index, follow, max-snippet:-1, max-image-preview:large, max-video-preview:-1\" \/>\n<link rel=\"canonical\" href=\"https:\/\/www.overtheclouds.eu\/index.php\/2024\/05\/15\/la-carbassa-des-de-talltendre\/\" \/>\n<meta property=\"og:locale\" content=\"es_ES\" \/>\n<meta property=\"og:type\" content=\"article\" \/>\n<meta property=\"og:title\" content=\"La Carbassa des de Talltendre &#8211; Over the Clouds\" \/>\n<meta property=\"og:description\" content=\"La Carbassa des de Talltendre &#8211; - &#8211; Extraordinary routes for ordinary bikers\" \/>\n<meta property=\"og:url\" content=\"https:\/\/www.overtheclouds.eu\/index.php\/2024\/05\/15\/la-carbassa-des-de-talltendre\/\" \/>\n<meta property=\"og:site_name\" content=\"Over the Clouds\" \/>\n<meta property=\"article:published_time\" content=\"2024-05-15T07:21:57+00:00\" \/>\n<meta property=\"article:modified_time\" content=\"2024-05-15T07:22:01+00:00\" \/>\n<meta property=\"og:image\" content=\"https:\/\/www.overtheclouds.eu\/wp-content\/uploads\/2024\/05\/P1004010-scaled.jpg\" \/>\n\t<meta property=\"og:image:width\" content=\"2560\" \/>\n\t<meta property=\"og:image:height\" content=\"1440\" \/>\n\t<meta property=\"og:image:type\" content=\"image\/jpeg\" \/>\n<meta name=\"author\" content=\"Jaume\" \/>\n<meta name=\"twitter:card\" content=\"summary_large_image\" \/>\n<meta name=\"twitter:label1\" content=\"Escrito por\" \/>\n\t<meta name=\"twitter:data1\" content=\"Jaume\" \/>\n\t<meta name=\"twitter:label2\" content=\"Tiempo de lectura\" \/>\n\t<meta name=\"twitter:data2\" content=\"4 minutos\" \/>\n<script type=\"application\/ld+json\" class=\"yoast-schema-graph\">{\"@context\":\"https:\/\/schema.org\",\"@graph\":[{\"@type\":\"Article\",\"@id\":\"https:\/\/www.overtheclouds.eu\/index.php\/2024\/05\/15\/la-carbassa-des-de-talltendre\/#article\",\"isPartOf\":{\"@id\":\"https:\/\/www.overtheclouds.eu\/index.php\/2024\/05\/15\/la-carbassa-des-de-talltendre\/\"},\"author\":{\"name\":\"Jaume\",\"@id\":\"https:\/\/www.overtheclouds.eu\/#\/schema\/person\/283fe644ef85985e7a0cad3f42b6cc63\"},\"headline\":\"La Carbassa des de Talltendre\",\"datePublished\":\"2024-05-15T07:21:57+00:00\",\"dateModified\":\"2024-05-15T07:22:01+00:00\",\"mainEntityOfPage\":{\"@id\":\"https:\/\/www.overtheclouds.eu\/index.php\/2024\/05\/15\/la-carbassa-des-de-talltendre\/\"},\"wordCount\":761,\"commentCount\":0,\"publisher\":{\"@id\":\"https:\/\/www.overtheclouds.eu\/#organization\"},\"image\":{\"@id\":\"https:\/\/www.overtheclouds.eu\/index.php\/2024\/05\/15\/la-carbassa-des-de-talltendre\/#primaryimage\"},\"thumbnailUrl\":\"https:\/\/www.overtheclouds.eu\/wp-content\/uploads\/2024\/05\/P1004010-scaled.jpg\",\"articleSection\":[\"-\",\"\u26f0 1501-2500m\",\"Pirineu catal\u00e0\",\"Vermella (Dif\u00edcil)\",\"\ud83d\udeb2 100%\"],\"inLanguage\":\"es\",\"potentialAction\":[{\"@type\":\"CommentAction\",\"name\":\"Comment\",\"target\":[\"https:\/\/www.overtheclouds.eu\/index.php\/2024\/05\/15\/la-carbassa-des-de-talltendre\/#respond\"]}]},{\"@type\":\"WebPage\",\"@id\":\"https:\/\/www.overtheclouds.eu\/index.php\/2024\/05\/15\/la-carbassa-des-de-talltendre\/\",\"url\":\"https:\/\/www.overtheclouds.eu\/index.php\/2024\/05\/15\/la-carbassa-des-de-talltendre\/\",\"name\":\"La Carbassa des de Talltendre &#8211; Over the Clouds\",\"isPartOf\":{\"@id\":\"https:\/\/www.overtheclouds.eu\/#website\"},\"primaryImageOfPage\":{\"@id\":\"https:\/\/www.overtheclouds.eu\/index.php\/2024\/05\/15\/la-carbassa-des-de-talltendre\/#primaryimage\"},\"image\":{\"@id\":\"https:\/\/www.overtheclouds.eu\/index.php\/2024\/05\/15\/la-carbassa-des-de-talltendre\/#primaryimage\"},\"thumbnailUrl\":\"https:\/\/www.overtheclouds.eu\/wp-content\/uploads\/2024\/05\/P1004010-scaled.jpg\",\"datePublished\":\"2024-05-15T07:21:57+00:00\",\"dateModified\":\"2024-05-15T07:22:01+00:00\",\"description\":\"La Carbassa des de Talltendre &#8211; - &#8211; Extraordinary routes for ordinary bikers\",\"breadcrumb\":{\"@id\":\"https:\/\/www.overtheclouds.eu\/index.php\/2024\/05\/15\/la-carbassa-des-de-talltendre\/#breadcrumb\"},\"inLanguage\":\"es\",\"potentialAction\":[{\"@type\":\"ReadAction\",\"target\":[\"https:\/\/www.overtheclouds.eu\/index.php\/2024\/05\/15\/la-carbassa-des-de-talltendre\/\"]}]},{\"@type\":\"ImageObject\",\"inLanguage\":\"es\",\"@id\":\"https:\/\/www.overtheclouds.eu\/index.php\/2024\/05\/15\/la-carbassa-des-de-talltendre\/#primaryimage\",\"url\":\"https:\/\/www.overtheclouds.eu\/wp-content\/uploads\/2024\/05\/P1004010-scaled.jpg\",\"contentUrl\":\"https:\/\/www.overtheclouds.eu\/wp-content\/uploads\/2024\/05\/P1004010-scaled.jpg\",\"width\":2560,\"height\":1440},{\"@type\":\"BreadcrumbList\",\"@id\":\"https:\/\/www.overtheclouds.eu\/index.php\/2024\/05\/15\/la-carbassa-des-de-talltendre\/#breadcrumb\",\"itemListElement\":[{\"@type\":\"ListItem\",\"position\":1,\"name\":\"Inici\",\"item\":\"https:\/\/www.overtheclouds.eu\/\"},{\"@type\":\"ListItem\",\"position\":2,\"name\":\"-\",\"item\":\"https:\/\/www.overtheclouds.eu\/index.php\/category\/sin-categoria\/\"},{\"@type\":\"ListItem\",\"position\":3,\"name\":\"La Carbassa des de Talltendre\"}]},{\"@type\":\"WebSite\",\"@id\":\"https:\/\/www.overtheclouds.eu\/#website\",\"url\":\"https:\/\/www.overtheclouds.eu\/\",\"name\":\"Over the Clouds\",\"description\":\"El plaer de rec\u00f3rrer valls, carenes i assolir cims\",\"publisher\":{\"@id\":\"https:\/\/www.overtheclouds.eu\/#organization\"},\"potentialAction\":[{\"@type\":\"SearchAction\",\"target\":{\"@type\":\"EntryPoint\",\"urlTemplate\":\"https:\/\/www.overtheclouds.eu\/?s={search_term_string}\"},\"query-input\":\"required name=search_term_string\"}],\"inLanguage\":\"es\"},{\"@type\":\"Organization\",\"@id\":\"https:\/\/www.overtheclouds.eu\/#organization\",\"name\":\"Over the Clouds\",\"url\":\"https:\/\/www.overtheclouds.eu\/\",\"logo\":{\"@type\":\"ImageObject\",\"inLanguage\":\"es\",\"@id\":\"https:\/\/www.overtheclouds.eu\/#\/schema\/logo\/image\/\",\"url\":\"https:\/\/www.overtheclouds.eu\/wp-content\/uploads\/2020\/02\/logo-4.png\",\"contentUrl\":\"https:\/\/www.overtheclouds.eu\/wp-content\/uploads\/2020\/02\/logo-4.png\",\"width\":612,\"height\":418,\"caption\":\"Over the Clouds\"},\"image\":{\"@id\":\"https:\/\/www.overtheclouds.eu\/#\/schema\/logo\/image\/\"}},{\"@type\":\"Person\",\"@id\":\"https:\/\/www.overtheclouds.eu\/#\/schema\/person\/283fe644ef85985e7a0cad3f42b6cc63\",\"name\":\"Jaume\",\"image\":{\"@type\":\"ImageObject\",\"inLanguage\":\"es\",\"@id\":\"https:\/\/www.overtheclouds.eu\/#\/schema\/person\/image\/\",\"url\":\"https:\/\/secure.gravatar.com\/avatar\/86c0905ad41bd45ffed5903a626e36c9?s=96&d=blank&r=g\",\"contentUrl\":\"https:\/\/secure.gravatar.com\/avatar\/86c0905ad41bd45ffed5903a626e36c9?s=96&d=blank&r=g\",\"caption\":\"Jaume\"}}]}<\/script>\n<!-- \/ Yoast SEO plugin. -->","yoast_head_json":{"title":"La Carbassa des de Talltendre &#8211; Over the Clouds","description":"La Carbassa des de Talltendre &#8211; - &#8211; Extraordinary routes for ordinary bikers","robots":{"index":"index","follow":"follow","max-snippet":"max-snippet:-1","max-image-preview":"max-image-preview:large","max-video-preview":"max-video-preview:-1"},"canonical":"https:\/\/www.overtheclouds.eu\/index.php\/2024\/05\/15\/la-carbassa-des-de-talltendre\/","og_locale":"es_ES","og_type":"article","og_title":"La Carbassa des de Talltendre &#8211; Over the Clouds","og_description":"La Carbassa des de Talltendre &#8211; - &#8211; Extraordinary routes for ordinary bikers","og_url":"https:\/\/www.overtheclouds.eu\/index.php\/2024\/05\/15\/la-carbassa-des-de-talltendre\/","og_site_name":"Over the Clouds","article_published_time":"2024-05-15T07:21:57+00:00","article_modified_time":"2024-05-15T07:22:01+00:00","og_image":[{"width":2560,"height":1440,"url":"https:\/\/www.overtheclouds.eu\/wp-content\/uploads\/2024\/05\/P1004010-scaled.jpg","type":"image\/jpeg"}],"author":"Jaume","twitter_card":"summary_large_image","twitter_misc":{"Escrito por":"Jaume","Tiempo de lectura":"4 minutos"},"schema":{"@context":"https:\/\/schema.org","@graph":[{"@type":"Article","@id":"https:\/\/www.overtheclouds.eu\/index.php\/2024\/05\/15\/la-carbassa-des-de-talltendre\/#article","isPartOf":{"@id":"https:\/\/www.overtheclouds.eu\/index.php\/2024\/05\/15\/la-carbassa-des-de-talltendre\/"},"author":{"name":"Jaume","@id":"https:\/\/www.overtheclouds.eu\/#\/schema\/person\/283fe644ef85985e7a0cad3f42b6cc63"},"headline":"La Carbassa des de Talltendre","datePublished":"2024-05-15T07:21:57+00:00","dateModified":"2024-05-15T07:22:01+00:00","mainEntityOfPage":{"@id":"https:\/\/www.overtheclouds.eu\/index.php\/2024\/05\/15\/la-carbassa-des-de-talltendre\/"},"wordCount":761,"commentCount":0,"publisher":{"@id":"https:\/\/www.overtheclouds.eu\/#organization"},"image":{"@id":"https:\/\/www.overtheclouds.eu\/index.php\/2024\/05\/15\/la-carbassa-des-de-talltendre\/#primaryimage"},"thumbnailUrl":"https:\/\/www.overtheclouds.eu\/wp-content\/uploads\/2024\/05\/P1004010-scaled.jpg","articleSection":["-","\u26f0 1501-2500m","Pirineu catal\u00e0","Vermella (Dif\u00edcil)","\ud83d\udeb2 100%"],"inLanguage":"es","potentialAction":[{"@type":"CommentAction","name":"Comment","target":["https:\/\/www.overtheclouds.eu\/index.php\/2024\/05\/15\/la-carbassa-des-de-talltendre\/#respond"]}]},{"@type":"WebPage","@id":"https:\/\/www.overtheclouds.eu\/index.php\/2024\/05\/15\/la-carbassa-des-de-talltendre\/","url":"https:\/\/www.overtheclouds.eu\/index.php\/2024\/05\/15\/la-carbassa-des-de-talltendre\/","name":"La Carbassa des de Talltendre &#8211; Over the Clouds","isPartOf":{"@id":"https:\/\/www.overtheclouds.eu\/#website"},"primaryImageOfPage":{"@id":"https:\/\/www.overtheclouds.eu\/index.php\/2024\/05\/15\/la-carbassa-des-de-talltendre\/#primaryimage"},"image":{"@id":"https:\/\/www.overtheclouds.eu\/index.php\/2024\/05\/15\/la-carbassa-des-de-talltendre\/#primaryimage"},"thumbnailUrl":"https:\/\/www.overtheclouds.eu\/wp-content\/uploads\/2024\/05\/P1004010-scaled.jpg","datePublished":"2024-05-15T07:21:57+00:00","dateModified":"2024-05-15T07:22:01+00:00","description":"La Carbassa des de Talltendre &#8211; - &#8211; Extraordinary routes for ordinary bikers","breadcrumb":{"@id":"https:\/\/www.overtheclouds.eu\/index.php\/2024\/05\/15\/la-carbassa-des-de-talltendre\/#breadcrumb"},"inLanguage":"es","potentialAction":[{"@type":"ReadAction","target":["https:\/\/www.overtheclouds.eu\/index.php\/2024\/05\/15\/la-carbassa-des-de-talltendre\/"]}]},{"@type":"ImageObject","inLanguage":"es","@id":"https:\/\/www.overtheclouds.eu\/index.php\/2024\/05\/15\/la-carbassa-des-de-talltendre\/#primaryimage","url":"https:\/\/www.overtheclouds.eu\/wp-content\/uploads\/2024\/05\/P1004010-scaled.jpg","contentUrl":"https:\/\/www.overtheclouds.eu\/wp-content\/uploads\/2024\/05\/P1004010-scaled.jpg","width":2560,"height":1440},{"@type":"BreadcrumbList","@id":"https:\/\/www.overtheclouds.eu\/index.php\/2024\/05\/15\/la-carbassa-des-de-talltendre\/#breadcrumb","itemListElement":[{"@type":"ListItem","position":1,"name":"Inici","item":"https:\/\/www.overtheclouds.eu\/"},{"@type":"ListItem","position":2,"name":"-","item":"https:\/\/www.overtheclouds.eu\/index.php\/category\/sin-categoria\/"},{"@type":"ListItem","position":3,"name":"La Carbassa des de Talltendre"}]},{"@type":"WebSite","@id":"https:\/\/www.overtheclouds.eu\/#website","url":"https:\/\/www.overtheclouds.eu\/","name":"Over the Clouds","description":"El plaer de rec\u00f3rrer valls, carenes i assolir cims","publisher":{"@id":"https:\/\/www.overtheclouds.eu\/#organization"},"potentialAction":[{"@type":"SearchAction","target":{"@type":"EntryPoint","urlTemplate":"https:\/\/www.overtheclouds.eu\/?s={search_term_string}"},"query-input":"required name=search_term_string"}],"inLanguage":"es"},{"@type":"Organization","@id":"https:\/\/www.overtheclouds.eu\/#organization","name":"Over the Clouds","url":"https:\/\/www.overtheclouds.eu\/","logo":{"@type":"ImageObject","inLanguage":"es","@id":"https:\/\/www.overtheclouds.eu\/#\/schema\/logo\/image\/","url":"https:\/\/www.overtheclouds.eu\/wp-content\/uploads\/2020\/02\/logo-4.png","contentUrl":"https:\/\/www.overtheclouds.eu\/wp-content\/uploads\/2020\/02\/logo-4.png","width":612,"height":418,"caption":"Over the Clouds"},"image":{"@id":"https:\/\/www.overtheclouds.eu\/#\/schema\/logo\/image\/"}},{"@type":"Person","@id":"https:\/\/www.overtheclouds.eu\/#\/schema\/person\/283fe644ef85985e7a0cad3f42b6cc63","name":"Jaume","image":{"@type":"ImageObject","inLanguage":"es","@id":"https:\/\/www.overtheclouds.eu\/#\/schema\/person\/image\/","url":"https:\/\/secure.gravatar.com\/avatar\/86c0905ad41bd45ffed5903a626e36c9?s=96&d=blank&r=g","contentUrl":"https:\/\/secure.gravatar.com\/avatar\/86c0905ad41bd45ffed5903a626e36c9?s=96&d=blank&r=g","caption":"Jaume"}}]}},"_links":{"self":[{"href":"https:\/\/www.overtheclouds.eu\/index.php\/wp-json\/wp\/v2\/posts\/2297"}],"collection":[{"href":"https:\/\/www.overtheclouds.eu\/index.php\/wp-json\/wp\/v2\/posts"}],"about":[{"href":"https:\/\/www.overtheclouds.eu\/index.php\/wp-json\/wp\/v2\/types\/post"}],"author":[{"embeddable":true,"href":"https:\/\/www.overtheclouds.eu\/index.php\/wp-json\/wp\/v2\/users\/2"}],"replies":[{"embeddable":true,"href":"https:\/\/www.overtheclouds.eu\/index.php\/wp-json\/wp\/v2\/comments?post=2297"}],"version-history":[{"count":2,"href":"https:\/\/www.overtheclouds.eu\/index.php\/wp-json\/wp\/v2\/posts\/2297\/revisions"}],"predecessor-version":[{"id":2301,"href":"https:\/\/www.overtheclouds.eu\/index.php\/wp-json\/wp\/v2\/posts\/2297\/revisions\/2301"}],"wp:featuredmedia":[{"embeddable":true,"href":"https:\/\/www.overtheclouds.eu\/index.php\/wp-json\/wp\/v2\/media\/2300"}],"wp:attachment":[{"href":"https:\/\/www.overtheclouds.eu\/index.php\/wp-json\/wp\/v2\/media?parent=2297"}],"wp:term":[{"taxonomy":"category","embeddable":true,"href":"https:\/\/www.overtheclouds.eu\/index.php\/wp-json\/wp\/v2\/categories?post=2297"},{"taxonomy":"post_tag","embeddable":true,"href":"https:\/\/www.overtheclouds.eu\/index.php\/wp-json\/wp\/v2\/tags?post=2297"}],"curies":[{"name":"wp","href":"https:\/\/api.w.org\/{rel}","templated":true}]}}