{"id":2274,"date":"2023-10-19T19:04:46","date_gmt":"2023-10-19T17:04:46","guid":{"rendered":"http:\/\/www.overtheclouds.eu\/?p=2274"},"modified":"2023-10-19T19:04:48","modified_gmt":"2023-10-19T17:04:48","slug":"sierra-negra-per-ardones-i-pic-destibafreda","status":"publish","type":"post","link":"https:\/\/www.overtheclouds.eu\/index.php\/2023\/10\/19\/sierra-negra-per-ardones-i-pic-destibafreda\/","title":{"rendered":"Sierra Negra per Ardon\u00e9s i Pic d&#8217;Estibafreda"},"content":{"rendered":"\n<h4 class=\"wp-block-heading\">Al\u00e7ada m\u00e0xima de la ruta:<\/h4>\n\n\n\n<p>2691 metres<\/p>\n\n\n\n<h4 class=\"wp-block-heading\">Descripci\u00f3 breu:<\/h4>\n\n\n\n<p>La Sierra Negra \u00e9s una ruta molt popular pels amants del cicle alpinisme. La seva aproximaci\u00f3 es pot fer des de diferents indrets. Nosaltres n&#8217;hem escollit una que no \u00e9s de les m\u00e9s utilitzades. Hem pujat des de la cabana d&#8217;Ardon\u00e9s i pel costerut Sarrat Gordo. Segurament de totes les opcions aquesta \u00e9s una de les m\u00e9s ciclables. El punt de sortida el situem al poble de Cerler. Sortim del poble i per un bon sender ens atassem al riu Ardon\u00e9s per la palanca del Molino. Ara seguim riu amunt per un sender amb algun pas una mica t\u00e8cnic fins entroncar amb la pista que arriba procedent de la carretera de l&#8217;Ampriu. Properes veiem les impressionants cascades d&#8217;Ardon\u00e9s. Ens hi arribem fent una curta caminada d&#8217;uns cinc minuts (no val la pena anar-hi amb la bici). Us recomano la seva visita, \u00e9s un indret que val la pena. Un cop retornats a les bicis seguim pedalant per la pista fins entroncar amb la carretera. La seguim un tram en pujada fins que trobem a l&#8217;esquerra l&#8217;inici de la pista que es dirigeix a la Pleta i cabana d&#8217;Ardon\u00e9s. S\u00f3n uns 4 km. de pista en molt bon estat que es fan sense cap dificultat. Aquesta pleta i cabana \u00e9s un indret molt concorregut per ramats d&#8217;ovelles que aprofiten les immenses pastures d&#8217;aquests tocoms. Davant mateix de la cabana comencem a pujar pels prats. Al principi el cam\u00ed no \u00e9s massa evident per\u00f2 aviat trobarem un ben marcat cam\u00ed que comen\u00e7a a guanyar al\u00e7ada per l&#8217;allargat i pendent Sarrau Gordo. Per davant tenim uns 2 quil\u00f2metres en el que haurem de superar un desnivell proper als 500 metres. Com que el llom d&#8217;aquesta serra \u00e9s prou ample tenim l&#8217;opci\u00f3 d&#8217;anar fent lla\u00e7ades ben amples i si teniu una mica de t\u00e8cnica el podreu pujar quasi tot pedalant. El darrer tram s&#8217;aplana hi arribareu a l&#8217;\u00e0mplia collada del Cuello Gordo. Davant vostre veureu una diagonal que fa un flanqueig que sembla dif\u00edcil de superar. No us ho penseu. Quan us hi apropeu veureu que \u00e9s un cam\u00ed molt ben marcat i amb un pendent no massa fort. Fins el tram final el pujareu sense cap dificultat. Superat aquest flanqueig ja sereu a dalt de la Sierra Negra. Aqu\u00ed seguim pujant per un molt ben marcat cam\u00ed fins el cim de l&#8217;Estibafreda. Amb menys d&#8217;1 km. hi arribarem pedalant. Estem a 2691 m. i tenim unes panor\u00e0miques sobre el vessant sud de la Maladeta espectaculars. Tamb\u00e9 com a llevant albirem la part central de la Sierra Negra, entre el coll de Llauset i el cim de la Tuca de Roques Trencades. Un cop esplaiats d&#8217;aquestes grans panor\u00e0miques iniciem la la baixada pel llom de l&#8217;allargada serra. Aviat arribem al Collado d&#8217;Ardon\u00e9s amb els petits estanyols anomenats les Balsetes d&#8217;Ardon\u00e9s. Bonic indret. Seguim pedalant pel llom de la serra, ara amb una mica de pujada fins assolir el cim secundari de Tuca Royero. A la nostra esquerra podem observar perfectament l&#8217;itinerari que hem fet de pujada des de la pleta d&#8217;Ardon\u00e9s fins el cap de la serra. Seguim baixant. Mica en mica el pendent \u00e9s m\u00e9s pronunciat en alguns trams per\u00f2 el cam\u00ed, molt trepitjat, es baixa for\u00e7a b\u00e9 i r\u00e0pidament perdem altura. Passem per una altra elevaci\u00f3 secund\u00e0ria, el Picalbo i seguim baixant. Davant tenim el Burroyo, un cim poblats de pins negres. No hi acabem d&#8217;arribar. Entre el Picalbo i el Burroyo hi ha l&#8217;ampla collada herbada de La Solaneta. Quan hi arribem ens decantem cap a l&#8217;esquerra a buscar un sender que baixa pel costat del Barranc d&#8217;Altro. \u00c9s un sender for\u00e7a t\u00e8cnic i pendent en el seu primer tram. Ara ja estem baixant per dins del bosc. Baixada r\u00e0pida. Un tros avall entronquem amb el sender anomenat La Mina que el seguim en baixada. Arribem a les restes d&#8217;unes antigues explotacions mineres. Ara el cam\u00ed ja ha millorat molt i finalment arribem de nou a Cerler per una bonica carrerada empedrada. Creuem el poble pels seus estrets carrers i arribem de nou al punt de sortida. En definitiva, una ruta molt aconsellable i panor\u00e0mica que us far\u00e0 passar una bona matinal amb la e-bike. Jo he consumit uns 400w. El tram m\u00e9s dur \u00e9s el compr\u00e8s entre la cabana d&#8217;Ardones i el Cuello Gordo.<\/p>\n\n\n\n<h4 class=\"wp-block-heading\">\u00c0rea geogr\u00e0fica:<\/h4>\n\n\n\n<p>Vall de Ben\u00e1s<\/p>\n\n\n\n<h4 class=\"wp-block-heading\">Ciclabilitat:<\/h4>\n\n\n\n<div class=\"wptime-plugin-progress-wrap\" style=\"max-width:300px;margin-bottom:30px;\"><div class=\"wptime-plugin-progress-bar\" style=\"background:#0fa628;width:95%;\"><\/div><span>Ciclabilitat 95%<\/span><\/div>\n\n\n\n<h4 class=\"wp-block-heading\">Dificultat:<\/h4>\n\n\n\n<p class=\"verda\"><\/p>\n\n\n\n<p class=\"blava\"><\/p>\n\n\n\n<p class=\"vermella\">Vermella<\/p>\n\n\n\n<p class=\"negra\"><\/p>\n\n\n\n<div class=\"wp-block-group\"><div class=\"wp-block-group__inner-container is-layout-flow wp-block-group-is-layout-flow\">\n<h4 class=\"wp-block-heading\">Briefing de la ruta<\/h4>\n\n\n<\/div><\/div>\n\n\n\n<div class=\"wp-block-group\"><div class=\"wp-block-group__inner-container is-layout-flow wp-block-group-is-layout-flow\">\n<h4 class=\"wp-block-heading\">V\u00eddeo de la ruta<\/h4>\n\n\n\n<figure class=\"wp-block-embed is-type-video is-provider-youtube wp-block-embed-youtube wp-embed-aspect-16-9 wp-has-aspect-ratio\"><div class=\"wp-block-embed__wrapper\">\n<iframe loading=\"lazy\" title=\"Sierra Negra i Estibafreda per Ardon\u00e9s i Sarrau Gordo\" width=\"820\" height=\"461\" src=\"https:\/\/www.youtube.com\/embed\/iekp63ORZag?feature=oembed\" frameborder=\"0\" allow=\"accelerometer; autoplay; clipboard-write; encrypted-media; gyroscope; picture-in-picture; web-share\" allowfullscreen><\/iframe>\n<\/div><\/figure>\n<\/div><\/div>\n\n\n\n<div class=\"wp-block-group\"><div class=\"wp-block-group__inner-container is-layout-flow wp-block-group-is-layout-flow\">\n<h4 class=\"wp-block-heading\">Descarrega el track de la ruta<\/h4>\n\n\n\n<div class=\"wp-block-file\"><a id=\"wp-block-file--media-cce17dd6-8a7b-4a86-9232-e92bfc43d262\" href=\"http:\/\/www.overtheclouds.eu\/wp-content\/uploads\/2023\/10\/23-10-03-Cerler-Sierra-Negra.gpx\">23-10-03-Cerler-Sierra-Negra<\/a><a href=\"http:\/\/www.overtheclouds.eu\/wp-content\/uploads\/2023\/10\/23-10-03-Cerler-Sierra-Negra.gpx\" class=\"wp-block-file__button\" download aria-describedby=\"wp-block-file--media-cce17dd6-8a7b-4a86-9232-e92bfc43d262\">Descarrega<\/a><\/div>\n<\/div><\/div>\n\n\n\n<div class=\"wp-block-group\"><div class=\"wp-block-group__inner-container is-layout-flow wp-block-group-is-layout-flow\">\n<h4 class=\"wp-block-heading\">Galeria d&#8217;imatges<\/h4>\n<\/div><\/div>\n\n\n<div class='photonic-google-stream photonic-stream ' id='photonic-google-stream-1'>\n\r\n<div class='photonic-error photonic-google-error' id='photonic-google-error-1'>\r\n\t<span class='photonic-error-icon photonic-icon'>&nbsp;<\/span>\r\n\t<div class='photonic-message'>\r\n\t\tNo se pudo obtener datos. Error:<br \/><code>\nRequest had insufficient authentication scopes.<\/code><br \/>\n\r\n\t<\/div>\r\n<\/div>\n\n<\/div><!-- .photonic-stream or .photonic-panel -->\n\n\n<p>&nbsp;<\/p>","protected":false},"excerpt":{"rendered":"<p>Al\u00e7ada m\u00e0xima de la ruta: 2691 metres Descripci\u00f3 breu: La Sierra Negra \u00e9s una ruta molt popular pels amants del cicle alpinisme. La seva aproximaci\u00f3 es pot fer des de diferents indrets. Nosaltres n&#8217;hem escollit una que no \u00e9s de &hellip; <a href=\"https:\/\/www.overtheclouds.eu\/index.php\/2023\/10\/19\/sierra-negra-per-ardones-i-pic-destibafreda\/\" class=\"more-link\"><span class=\"more-button\">TOTA LA RUTA AQU\u00cd<span class=\"screen-reader-text\">Sierra Negra per Ardon\u00e9s i Pic d&#8217;Estibafreda<\/span><\/span><\/a><\/p>\n","protected":false},"author":2,"featured_media":2278,"comment_status":"open","ping_status":"closed","sticky":false,"template":"","format":"standard","meta":{"_exactmetrics_skip_tracking":false,"_exactmetrics_sitenote_active":false,"_exactmetrics_sitenote_note":"","_exactmetrics_sitenote_category":0,"footnotes":""},"categories":[1,18,6,14,22],"tags":[],"yoast_head":"<!-- This site is optimized with the Yoast SEO plugin v22.7 - https:\/\/yoast.com\/wordpress\/plugins\/seo\/ -->\n<title>Sierra Negra per Ardon\u00e9s i Pic d&#039;Estibafreda &#8211; Over the Clouds<\/title>\n<meta name=\"description\" content=\"Sierra Negra per Ardon\u00e9s i Pic d&#039;Estibafreda &#8211; - &#8211; Extraordinary routes for ordinary bikers\" \/>\n<meta name=\"robots\" content=\"index, follow, max-snippet:-1, max-image-preview:large, max-video-preview:-1\" \/>\n<link rel=\"canonical\" href=\"https:\/\/www.overtheclouds.eu\/index.php\/2023\/10\/19\/sierra-negra-per-ardones-i-pic-destibafreda\/\" \/>\n<meta property=\"og:locale\" content=\"es_ES\" \/>\n<meta property=\"og:type\" content=\"article\" \/>\n<meta property=\"og:title\" content=\"Sierra Negra per Ardon\u00e9s i Pic d&#039;Estibafreda &#8211; Over the Clouds\" \/>\n<meta property=\"og:description\" content=\"Sierra Negra per Ardon\u00e9s i Pic d&#039;Estibafreda &#8211; - &#8211; Extraordinary routes for ordinary bikers\" \/>\n<meta property=\"og:url\" content=\"https:\/\/www.overtheclouds.eu\/index.php\/2023\/10\/19\/sierra-negra-per-ardones-i-pic-destibafreda\/\" \/>\n<meta property=\"og:site_name\" content=\"Over the Clouds\" \/>\n<meta property=\"article:published_time\" content=\"2023-10-19T17:04:46+00:00\" \/>\n<meta property=\"article:modified_time\" content=\"2023-10-19T17:04:48+00:00\" \/>\n<meta property=\"og:image\" content=\"https:\/\/www.overtheclouds.eu\/wp-content\/uploads\/2023\/10\/P1003682-scaled.jpg\" \/>\n\t<meta property=\"og:image:width\" content=\"2560\" \/>\n\t<meta property=\"og:image:height\" content=\"1442\" \/>\n\t<meta property=\"og:image:type\" content=\"image\/jpeg\" \/>\n<meta name=\"author\" content=\"Jaume\" \/>\n<meta name=\"twitter:card\" content=\"summary_large_image\" \/>\n<meta name=\"twitter:label1\" content=\"Escrito por\" \/>\n\t<meta name=\"twitter:data1\" content=\"Jaume\" \/>\n\t<meta name=\"twitter:label2\" content=\"Tiempo de lectura\" \/>\n\t<meta name=\"twitter:data2\" content=\"4 minutos\" \/>\n<script type=\"application\/ld+json\" class=\"yoast-schema-graph\">{\"@context\":\"https:\/\/schema.org\",\"@graph\":[{\"@type\":\"Article\",\"@id\":\"https:\/\/www.overtheclouds.eu\/index.php\/2023\/10\/19\/sierra-negra-per-ardones-i-pic-destibafreda\/#article\",\"isPartOf\":{\"@id\":\"https:\/\/www.overtheclouds.eu\/index.php\/2023\/10\/19\/sierra-negra-per-ardones-i-pic-destibafreda\/\"},\"author\":{\"name\":\"Jaume\",\"@id\":\"https:\/\/www.overtheclouds.eu\/#\/schema\/person\/283fe644ef85985e7a0cad3f42b6cc63\"},\"headline\":\"Sierra Negra per Ardon\u00e9s i Pic d&#8217;Estibafreda\",\"datePublished\":\"2023-10-19T17:04:46+00:00\",\"dateModified\":\"2023-10-19T17:04:48+00:00\",\"mainEntityOfPage\":{\"@id\":\"https:\/\/www.overtheclouds.eu\/index.php\/2023\/10\/19\/sierra-negra-per-ardones-i-pic-destibafreda\/\"},\"wordCount\":831,\"commentCount\":0,\"publisher\":{\"@id\":\"https:\/\/www.overtheclouds.eu\/#organization\"},\"image\":{\"@id\":\"https:\/\/www.overtheclouds.eu\/index.php\/2023\/10\/19\/sierra-negra-per-ardones-i-pic-destibafreda\/#primaryimage\"},\"thumbnailUrl\":\"https:\/\/www.overtheclouds.eu\/wp-content\/uploads\/2023\/10\/P1003682-scaled.jpg\",\"articleSection\":[\"-\",\"\u26f0 &gt;2501m\",\"Altres\",\"Vermella (Dif\u00edcil)\",\"\ud83d\udeb2 95-99%\"],\"inLanguage\":\"es\",\"potentialAction\":[{\"@type\":\"CommentAction\",\"name\":\"Comment\",\"target\":[\"https:\/\/www.overtheclouds.eu\/index.php\/2023\/10\/19\/sierra-negra-per-ardones-i-pic-destibafreda\/#respond\"]}]},{\"@type\":\"WebPage\",\"@id\":\"https:\/\/www.overtheclouds.eu\/index.php\/2023\/10\/19\/sierra-negra-per-ardones-i-pic-destibafreda\/\",\"url\":\"https:\/\/www.overtheclouds.eu\/index.php\/2023\/10\/19\/sierra-negra-per-ardones-i-pic-destibafreda\/\",\"name\":\"Sierra Negra per Ardon\u00e9s i Pic d'Estibafreda &#8211; Over the Clouds\",\"isPartOf\":{\"@id\":\"https:\/\/www.overtheclouds.eu\/#website\"},\"primaryImageOfPage\":{\"@id\":\"https:\/\/www.overtheclouds.eu\/index.php\/2023\/10\/19\/sierra-negra-per-ardones-i-pic-destibafreda\/#primaryimage\"},\"image\":{\"@id\":\"https:\/\/www.overtheclouds.eu\/index.php\/2023\/10\/19\/sierra-negra-per-ardones-i-pic-destibafreda\/#primaryimage\"},\"thumbnailUrl\":\"https:\/\/www.overtheclouds.eu\/wp-content\/uploads\/2023\/10\/P1003682-scaled.jpg\",\"datePublished\":\"2023-10-19T17:04:46+00:00\",\"dateModified\":\"2023-10-19T17:04:48+00:00\",\"description\":\"Sierra Negra per Ardon\u00e9s i Pic d'Estibafreda &#8211; - &#8211; Extraordinary routes for ordinary bikers\",\"breadcrumb\":{\"@id\":\"https:\/\/www.overtheclouds.eu\/index.php\/2023\/10\/19\/sierra-negra-per-ardones-i-pic-destibafreda\/#breadcrumb\"},\"inLanguage\":\"es\",\"potentialAction\":[{\"@type\":\"ReadAction\",\"target\":[\"https:\/\/www.overtheclouds.eu\/index.php\/2023\/10\/19\/sierra-negra-per-ardones-i-pic-destibafreda\/\"]}]},{\"@type\":\"ImageObject\",\"inLanguage\":\"es\",\"@id\":\"https:\/\/www.overtheclouds.eu\/index.php\/2023\/10\/19\/sierra-negra-per-ardones-i-pic-destibafreda\/#primaryimage\",\"url\":\"https:\/\/www.overtheclouds.eu\/wp-content\/uploads\/2023\/10\/P1003682-scaled.jpg\",\"contentUrl\":\"https:\/\/www.overtheclouds.eu\/wp-content\/uploads\/2023\/10\/P1003682-scaled.jpg\",\"width\":2560,\"height\":1442},{\"@type\":\"BreadcrumbList\",\"@id\":\"https:\/\/www.overtheclouds.eu\/index.php\/2023\/10\/19\/sierra-negra-per-ardones-i-pic-destibafreda\/#breadcrumb\",\"itemListElement\":[{\"@type\":\"ListItem\",\"position\":1,\"name\":\"Inici\",\"item\":\"https:\/\/www.overtheclouds.eu\/\"},{\"@type\":\"ListItem\",\"position\":2,\"name\":\"-\",\"item\":\"https:\/\/www.overtheclouds.eu\/index.php\/category\/sin-categoria\/\"},{\"@type\":\"ListItem\",\"position\":3,\"name\":\"Sierra Negra per Ardon\u00e9s i Pic d&#8217;Estibafreda\"}]},{\"@type\":\"WebSite\",\"@id\":\"https:\/\/www.overtheclouds.eu\/#website\",\"url\":\"https:\/\/www.overtheclouds.eu\/\",\"name\":\"Over the Clouds\",\"description\":\"El plaer de rec\u00f3rrer valls, carenes i assolir cims\",\"publisher\":{\"@id\":\"https:\/\/www.overtheclouds.eu\/#organization\"},\"potentialAction\":[{\"@type\":\"SearchAction\",\"target\":{\"@type\":\"EntryPoint\",\"urlTemplate\":\"https:\/\/www.overtheclouds.eu\/?s={search_term_string}\"},\"query-input\":\"required name=search_term_string\"}],\"inLanguage\":\"es\"},{\"@type\":\"Organization\",\"@id\":\"https:\/\/www.overtheclouds.eu\/#organization\",\"name\":\"Over the Clouds\",\"url\":\"https:\/\/www.overtheclouds.eu\/\",\"logo\":{\"@type\":\"ImageObject\",\"inLanguage\":\"es\",\"@id\":\"https:\/\/www.overtheclouds.eu\/#\/schema\/logo\/image\/\",\"url\":\"https:\/\/www.overtheclouds.eu\/wp-content\/uploads\/2020\/02\/logo-4.png\",\"contentUrl\":\"https:\/\/www.overtheclouds.eu\/wp-content\/uploads\/2020\/02\/logo-4.png\",\"width\":612,\"height\":418,\"caption\":\"Over the Clouds\"},\"image\":{\"@id\":\"https:\/\/www.overtheclouds.eu\/#\/schema\/logo\/image\/\"}},{\"@type\":\"Person\",\"@id\":\"https:\/\/www.overtheclouds.eu\/#\/schema\/person\/283fe644ef85985e7a0cad3f42b6cc63\",\"name\":\"Jaume\",\"image\":{\"@type\":\"ImageObject\",\"inLanguage\":\"es\",\"@id\":\"https:\/\/www.overtheclouds.eu\/#\/schema\/person\/image\/\",\"url\":\"https:\/\/secure.gravatar.com\/avatar\/86c0905ad41bd45ffed5903a626e36c9?s=96&d=blank&r=g\",\"contentUrl\":\"https:\/\/secure.gravatar.com\/avatar\/86c0905ad41bd45ffed5903a626e36c9?s=96&d=blank&r=g\",\"caption\":\"Jaume\"}}]}<\/script>\n<!-- \/ Yoast SEO plugin. -->","yoast_head_json":{"title":"Sierra Negra per Ardon\u00e9s i Pic d'Estibafreda &#8211; Over the Clouds","description":"Sierra Negra per Ardon\u00e9s i Pic d'Estibafreda &#8211; - &#8211; Extraordinary routes for ordinary bikers","robots":{"index":"index","follow":"follow","max-snippet":"max-snippet:-1","max-image-preview":"max-image-preview:large","max-video-preview":"max-video-preview:-1"},"canonical":"https:\/\/www.overtheclouds.eu\/index.php\/2023\/10\/19\/sierra-negra-per-ardones-i-pic-destibafreda\/","og_locale":"es_ES","og_type":"article","og_title":"Sierra Negra per Ardon\u00e9s i Pic d'Estibafreda &#8211; Over the Clouds","og_description":"Sierra Negra per Ardon\u00e9s i Pic d'Estibafreda &#8211; - &#8211; Extraordinary routes for ordinary bikers","og_url":"https:\/\/www.overtheclouds.eu\/index.php\/2023\/10\/19\/sierra-negra-per-ardones-i-pic-destibafreda\/","og_site_name":"Over the Clouds","article_published_time":"2023-10-19T17:04:46+00:00","article_modified_time":"2023-10-19T17:04:48+00:00","og_image":[{"width":2560,"height":1442,"url":"https:\/\/www.overtheclouds.eu\/wp-content\/uploads\/2023\/10\/P1003682-scaled.jpg","type":"image\/jpeg"}],"author":"Jaume","twitter_card":"summary_large_image","twitter_misc":{"Escrito por":"Jaume","Tiempo de lectura":"4 minutos"},"schema":{"@context":"https:\/\/schema.org","@graph":[{"@type":"Article","@id":"https:\/\/www.overtheclouds.eu\/index.php\/2023\/10\/19\/sierra-negra-per-ardones-i-pic-destibafreda\/#article","isPartOf":{"@id":"https:\/\/www.overtheclouds.eu\/index.php\/2023\/10\/19\/sierra-negra-per-ardones-i-pic-destibafreda\/"},"author":{"name":"Jaume","@id":"https:\/\/www.overtheclouds.eu\/#\/schema\/person\/283fe644ef85985e7a0cad3f42b6cc63"},"headline":"Sierra Negra per Ardon\u00e9s i Pic d&#8217;Estibafreda","datePublished":"2023-10-19T17:04:46+00:00","dateModified":"2023-10-19T17:04:48+00:00","mainEntityOfPage":{"@id":"https:\/\/www.overtheclouds.eu\/index.php\/2023\/10\/19\/sierra-negra-per-ardones-i-pic-destibafreda\/"},"wordCount":831,"commentCount":0,"publisher":{"@id":"https:\/\/www.overtheclouds.eu\/#organization"},"image":{"@id":"https:\/\/www.overtheclouds.eu\/index.php\/2023\/10\/19\/sierra-negra-per-ardones-i-pic-destibafreda\/#primaryimage"},"thumbnailUrl":"https:\/\/www.overtheclouds.eu\/wp-content\/uploads\/2023\/10\/P1003682-scaled.jpg","articleSection":["-","\u26f0 &gt;2501m","Altres","Vermella (Dif\u00edcil)","\ud83d\udeb2 95-99%"],"inLanguage":"es","potentialAction":[{"@type":"CommentAction","name":"Comment","target":["https:\/\/www.overtheclouds.eu\/index.php\/2023\/10\/19\/sierra-negra-per-ardones-i-pic-destibafreda\/#respond"]}]},{"@type":"WebPage","@id":"https:\/\/www.overtheclouds.eu\/index.php\/2023\/10\/19\/sierra-negra-per-ardones-i-pic-destibafreda\/","url":"https:\/\/www.overtheclouds.eu\/index.php\/2023\/10\/19\/sierra-negra-per-ardones-i-pic-destibafreda\/","name":"Sierra Negra per Ardon\u00e9s i Pic d'Estibafreda &#8211; Over the Clouds","isPartOf":{"@id":"https:\/\/www.overtheclouds.eu\/#website"},"primaryImageOfPage":{"@id":"https:\/\/www.overtheclouds.eu\/index.php\/2023\/10\/19\/sierra-negra-per-ardones-i-pic-destibafreda\/#primaryimage"},"image":{"@id":"https:\/\/www.overtheclouds.eu\/index.php\/2023\/10\/19\/sierra-negra-per-ardones-i-pic-destibafreda\/#primaryimage"},"thumbnailUrl":"https:\/\/www.overtheclouds.eu\/wp-content\/uploads\/2023\/10\/P1003682-scaled.jpg","datePublished":"2023-10-19T17:04:46+00:00","dateModified":"2023-10-19T17:04:48+00:00","description":"Sierra Negra per Ardon\u00e9s i Pic d'Estibafreda &#8211; - &#8211; Extraordinary routes for ordinary bikers","breadcrumb":{"@id":"https:\/\/www.overtheclouds.eu\/index.php\/2023\/10\/19\/sierra-negra-per-ardones-i-pic-destibafreda\/#breadcrumb"},"inLanguage":"es","potentialAction":[{"@type":"ReadAction","target":["https:\/\/www.overtheclouds.eu\/index.php\/2023\/10\/19\/sierra-negra-per-ardones-i-pic-destibafreda\/"]}]},{"@type":"ImageObject","inLanguage":"es","@id":"https:\/\/www.overtheclouds.eu\/index.php\/2023\/10\/19\/sierra-negra-per-ardones-i-pic-destibafreda\/#primaryimage","url":"https:\/\/www.overtheclouds.eu\/wp-content\/uploads\/2023\/10\/P1003682-scaled.jpg","contentUrl":"https:\/\/www.overtheclouds.eu\/wp-content\/uploads\/2023\/10\/P1003682-scaled.jpg","width":2560,"height":1442},{"@type":"BreadcrumbList","@id":"https:\/\/www.overtheclouds.eu\/index.php\/2023\/10\/19\/sierra-negra-per-ardones-i-pic-destibafreda\/#breadcrumb","itemListElement":[{"@type":"ListItem","position":1,"name":"Inici","item":"https:\/\/www.overtheclouds.eu\/"},{"@type":"ListItem","position":2,"name":"-","item":"https:\/\/www.overtheclouds.eu\/index.php\/category\/sin-categoria\/"},{"@type":"ListItem","position":3,"name":"Sierra Negra per Ardon\u00e9s i Pic d&#8217;Estibafreda"}]},{"@type":"WebSite","@id":"https:\/\/www.overtheclouds.eu\/#website","url":"https:\/\/www.overtheclouds.eu\/","name":"Over the Clouds","description":"El plaer de rec\u00f3rrer valls, carenes i assolir cims","publisher":{"@id":"https:\/\/www.overtheclouds.eu\/#organization"},"potentialAction":[{"@type":"SearchAction","target":{"@type":"EntryPoint","urlTemplate":"https:\/\/www.overtheclouds.eu\/?s={search_term_string}"},"query-input":"required name=search_term_string"}],"inLanguage":"es"},{"@type":"Organization","@id":"https:\/\/www.overtheclouds.eu\/#organization","name":"Over the Clouds","url":"https:\/\/www.overtheclouds.eu\/","logo":{"@type":"ImageObject","inLanguage":"es","@id":"https:\/\/www.overtheclouds.eu\/#\/schema\/logo\/image\/","url":"https:\/\/www.overtheclouds.eu\/wp-content\/uploads\/2020\/02\/logo-4.png","contentUrl":"https:\/\/www.overtheclouds.eu\/wp-content\/uploads\/2020\/02\/logo-4.png","width":612,"height":418,"caption":"Over the Clouds"},"image":{"@id":"https:\/\/www.overtheclouds.eu\/#\/schema\/logo\/image\/"}},{"@type":"Person","@id":"https:\/\/www.overtheclouds.eu\/#\/schema\/person\/283fe644ef85985e7a0cad3f42b6cc63","name":"Jaume","image":{"@type":"ImageObject","inLanguage":"es","@id":"https:\/\/www.overtheclouds.eu\/#\/schema\/person\/image\/","url":"https:\/\/secure.gravatar.com\/avatar\/86c0905ad41bd45ffed5903a626e36c9?s=96&d=blank&r=g","contentUrl":"https:\/\/secure.gravatar.com\/avatar\/86c0905ad41bd45ffed5903a626e36c9?s=96&d=blank&r=g","caption":"Jaume"}}]}},"_links":{"self":[{"href":"https:\/\/www.overtheclouds.eu\/index.php\/wp-json\/wp\/v2\/posts\/2274"}],"collection":[{"href":"https:\/\/www.overtheclouds.eu\/index.php\/wp-json\/wp\/v2\/posts"}],"about":[{"href":"https:\/\/www.overtheclouds.eu\/index.php\/wp-json\/wp\/v2\/types\/post"}],"author":[{"embeddable":true,"href":"https:\/\/www.overtheclouds.eu\/index.php\/wp-json\/wp\/v2\/users\/2"}],"replies":[{"embeddable":true,"href":"https:\/\/www.overtheclouds.eu\/index.php\/wp-json\/wp\/v2\/comments?post=2274"}],"version-history":[{"count":2,"href":"https:\/\/www.overtheclouds.eu\/index.php\/wp-json\/wp\/v2\/posts\/2274\/revisions"}],"predecessor-version":[{"id":2279,"href":"https:\/\/www.overtheclouds.eu\/index.php\/wp-json\/wp\/v2\/posts\/2274\/revisions\/2279"}],"wp:featuredmedia":[{"embeddable":true,"href":"https:\/\/www.overtheclouds.eu\/index.php\/wp-json\/wp\/v2\/media\/2278"}],"wp:attachment":[{"href":"https:\/\/www.overtheclouds.eu\/index.php\/wp-json\/wp\/v2\/media?parent=2274"}],"wp:term":[{"taxonomy":"category","embeddable":true,"href":"https:\/\/www.overtheclouds.eu\/index.php\/wp-json\/wp\/v2\/categories?post=2274"},{"taxonomy":"post_tag","embeddable":true,"href":"https:\/\/www.overtheclouds.eu\/index.php\/wp-json\/wp\/v2\/tags?post=2274"}],"curies":[{"name":"wp","href":"https:\/\/api.w.org\/{rel}","templated":true}]}}