{"id":2237,"date":"2023-09-11T23:59:42","date_gmt":"2023-09-11T21:59:42","guid":{"rendered":"http:\/\/www.overtheclouds.eu\/?p=2237"},"modified":"2023-09-12T00:04:18","modified_gmt":"2023-09-11T22:04:18","slug":"tuc-de-guilhem-cabana-pin-dera-serra","status":"publish","type":"post","link":"https:\/\/www.overtheclouds.eu\/index.php\/2023\/09\/11\/tuc-de-guilhem-cabana-pin-dera-serra\/","title":{"rendered":"Tuc de Guilh\u00e8m-Cabana Pin dera S\u00e8rra"},"content":{"rendered":"\n<h4 class=\"wp-block-heading\">Al\u00e7ada m\u00e0xima de la ruta:<\/h4>\n\n\n\n<p>2.393 metres<\/p>\n\n\n\n<h4 class=\"wp-block-heading\">Descripci\u00f3 breu:<\/h4>\n\n\n\n<p>Ruta in\u00e8dita per la zona mitja de l&#8217;Aran. La ruta t\u00e9 com a punt de sortida i arribada la poblaci\u00f3 de Vielha. Iniciem la ruta pel vell cam\u00ed de Vilac. Abans d&#8217;arribar-hi, al p\u00f2nt de l&#8217;arriu Salient, iniciem la pujada per un bonic sender que puja paral\u00b7lel a aquest riu. Quan trobem un pont de fusta el travessem i anem pujant pel Camin dera Ribera de Mont. Sortim a una pista que seguim en pujada. \u00c9s la pista de Bords. Un tros amunt prenem una drecera que ens retorna a la pista davant mateix d&#8217;un gran dip\u00f2sit d&#8217;aigua. Seguim pujant per la pista que poc a poc es va apropant al llit del torrent de Bords. Ja a la zona de prats s&#8217;acaba arran de riu. El cam\u00ed ara puja fort. \u00c9s una mica pedreg\u00f3s i a trams amb for\u00e7a mullena. Ja un tros amunt s&#8217;aplana i s&#8217;entra a la bonica clotada de era Cabana des Prats, derru\u00efda. Estem en una \u00e0mplia zona de pastura aprofitada especialment pels mulats. Seguim pujant per corriols f\u00e0cils. Passem per una bassa i aviat trobem les traces d&#8217;unes roderes pel mig dels prats. Les seguim cap a l&#8217;esquerra. Fem una puja i baixa tot passant per l&#8217;amagat estanh dera Salana. Despr\u00e9s de superar algunes rampes considerables les roderes ens porten a l&#8217;amplia colhada de R\u00f2ca Nera. Grans panor\u00e0miques. Aqu\u00ed s&#8217;acaben les roderes. A la nostra dreta ens queda altiu el Tuc de Guilh\u00e8m. Ens hi atensem vorejant un primer mont\u00edcul i tot seguint per un bon corriol el faldegem pel seu vessant sud-oest fins que sortim a una colladeta per on segueix un bon cam\u00ed que ens porta fins el cim. El Tuc de Guilh\u00e8m malgrat ser un cim d&#8217;al\u00e7ada modesta, per la seva situaci\u00f3 geogr\u00e0fica, ens ofereix unes panor\u00e0miques de primer ordre als quatre vents. Deixem el cim baixant pel dret fins a la colladeta anterior i a partir d&#8217;aqu\u00ed comen\u00e7a el tram m\u00e9s complicat i espectacular de la ruta. La baixada per la S\u00e8rra de Terratrem. Al fons, a uns 2 quil\u00f2metres i a uns cinc-cents metres m\u00e9s avall albirem la petita cabana deth Pin dera S\u00e8rra. \u00c9s una baixada for\u00e7a a\u00e8ria amb alguns trams que hem de baixar de la bici per precauci\u00f3. Les vistes, impressionants. Despr\u00e9s d&#8217;una fatigosa i molt t\u00e8cnica baixada arribem a aquesta petita cabana. Al seu exterior t\u00e9 un banc que aprofitem per refer forces i contemplar el majestu\u00f3s panorama que tenim davant nostre. A partir d&#8217;aqu\u00ed ja trobem un ben marcat cam\u00ed que ens porta fins a la pista que comunica Vila amb Montcorbau. La seguim una estona fins que trobem un sender que ens porta a un dip\u00f2sit d&#8217;aigua i ens baixa fins a l&#8217;ermita de Sant Miqu\u00e8u de Vila. Bonic exemplar del rom\u00e0nic aran\u00e8s. Seguim pedalant pel delici\u00f3s camin de Sant Miqu\u00e8u fins que el deixem per baixar al poble d&#8217;Aub\u00e8rt. Creuem la carretera i pel Camin Reiau, en aquest tram asfaltat, retornem a Vielha on acabem la ruta. Adverteixo que \u00e9s una ruta molt dura. Per una banda les fortes pujades de la zona de Bords i per l&#8217;altra la t\u00e8cnica baixada del cim del Tuc de Guilh\u00e8m fins a la cabana deth Pin dera S\u00e8rra fan que nom\u00e9s recomani aquesta ruta a tots aquells bikers que vagin mentalitzats del que es trobaran. Si la feu espero que en gaudiu tant com ho hem fet nosaltres.Inserta aqu\u00ed la descripci\u00f3 breu<\/p>\n\n\n\n<h4 class=\"wp-block-heading\">\u00c0rea geogr\u00e0fica:<\/h4>\n\n\n\n<p>Val d&#8217;Aran<\/p>\n\n\n\n<h4 class=\"wp-block-heading\">Ciclabilitat:<\/h4>\n\n\n\n<div class=\"wptime-plugin-progress-wrap\" style=\"max-width:300px;margin-bottom:30px;\"><div class=\"wptime-plugin-progress-bar\" style=\"background:#0fa628;width:90%;\"><\/div><span>Ciclabilitat 90%<\/span><\/div>\n\n\n\n<h4 class=\"wp-block-heading\">Dificultat:<\/h4>\n\n\n\n<p class=\"negra\">Negra<\/p>\n\n\n\n<div class=\"wp-block-group\"><div class=\"wp-block-group__inner-container is-layout-flow wp-block-group-is-layout-flow\">\n<h4 class=\"wp-block-heading\">Briefing de la ruta<\/h4>\n\n\n<\/div><\/div>\n\n\n\n<div class=\"wp-block-group\"><div class=\"wp-block-group__inner-container is-layout-flow wp-block-group-is-layout-flow\">\n<h4 class=\"wp-block-heading\">V\u00eddeo de la ruta<\/h4>\n\n\n\n<figure class=\"wp-block-embed is-type-video is-provider-youtube wp-block-embed-youtube wp-embed-aspect-16-9 wp-has-aspect-ratio\"><div class=\"wp-block-embed__wrapper\">\n<iframe loading=\"lazy\" title=\"Bords-Tuc de Guilh\u00e8m-Cabana deth Pin dera S\u00e8rra\" width=\"820\" height=\"461\" src=\"https:\/\/www.youtube.com\/embed\/WXgjcuBbkSk?feature=oembed\" frameborder=\"0\" allow=\"accelerometer; autoplay; clipboard-write; encrypted-media; gyroscope; picture-in-picture; web-share\" allowfullscreen><\/iframe>\n<\/div><\/figure>\n<\/div><\/div>\n\n\n\n<div class=\"wp-block-group\"><div class=\"wp-block-group__inner-container is-layout-flow wp-block-group-is-layout-flow\">\n<h4 class=\"wp-block-heading\">Descarrega el track de la ruta<\/h4>\n\n\n\n<div class=\"wp-block-file\"><a id=\"wp-block-file--media-612eab0a-786b-4655-9f15-1214fca9358c\" href=\"http:\/\/www.overtheclouds.eu\/wp-content\/uploads\/2023\/09\/23-09-06-Vielha-Bords-Guilhem-Pin-dera-Serra.gpx\">23-09-06-Vielha-Bords-Guilhem-Pin-dera-Serra<\/a><a href=\"http:\/\/www.overtheclouds.eu\/wp-content\/uploads\/2023\/09\/23-09-06-Vielha-Bords-Guilhem-Pin-dera-Serra.gpx\" class=\"wp-block-file__button\" download aria-describedby=\"wp-block-file--media-612eab0a-786b-4655-9f15-1214fca9358c\">Descarrega<\/a><\/div>\n<\/div><\/div>\n\n\n\n<div class=\"wp-block-group\"><div class=\"wp-block-group__inner-container is-layout-flow wp-block-group-is-layout-flow\">\n<h4 class=\"wp-block-heading\">Galeria d&#8217;imatges<\/h4>\n<\/div><\/div>\n\n\n<div class='photonic-google-stream photonic-stream ' id='photonic-google-stream-1'>\n\r\n<div class='photonic-error photonic-google-error' id='photonic-google-error-1'>\r\n\t<span class='photonic-error-icon photonic-icon'>&nbsp;<\/span>\r\n\t<div class='photonic-message'>\r\n\t\tNo se pudo obtener datos. Error:<br \/><code>\nRequest had insufficient authentication scopes.<\/code><br \/>\n\r\n\t<\/div>\r\n<\/div>\n\n<\/div><!-- .photonic-stream or .photonic-panel -->\n\n\n<p>&nbsp;<\/p>","protected":false},"excerpt":{"rendered":"<p>Al\u00e7ada m\u00e0xima de la ruta: 2.393 metres Descripci\u00f3 breu: Ruta in\u00e8dita per la zona mitja de l&#8217;Aran. La ruta t\u00e9 com a punt de sortida i arribada la poblaci\u00f3 de Vielha. Iniciem la ruta pel vell cam\u00ed de Vilac. Abans &hellip; <a href=\"https:\/\/www.overtheclouds.eu\/index.php\/2023\/09\/11\/tuc-de-guilhem-cabana-pin-dera-serra\/\" class=\"more-link\"><span class=\"more-button\">TOTA LA RUTA AQU\u00cd<span class=\"screen-reader-text\">Tuc de Guilh\u00e8m-Cabana Pin dera S\u00e8rra<\/span><\/span><\/a><\/p>\n","protected":false},"author":2,"featured_media":2240,"comment_status":"open","ping_status":"closed","sticky":false,"template":"","format":"standard","meta":{"_exactmetrics_skip_tracking":false,"_exactmetrics_sitenote_active":false,"_exactmetrics_sitenote_note":"","_exactmetrics_sitenote_category":0,"footnotes":""},"categories":[1,17,11,15,3,21],"tags":[],"yoast_head":"<!-- This site is optimized with the Yoast SEO plugin v22.7 - https:\/\/yoast.com\/wordpress\/plugins\/seo\/ -->\n<title>Tuc de Guilh\u00e8m-Cabana Pin dera S\u00e8rra &#8211; Over the Clouds<\/title>\n<meta name=\"description\" content=\"Tuc de Guilh\u00e8m-Cabana Pin dera S\u00e8rra &#8211; - &#8211; Extraordinary routes for ordinary bikers\" \/>\n<meta name=\"robots\" content=\"index, follow, max-snippet:-1, max-image-preview:large, max-video-preview:-1\" \/>\n<link rel=\"canonical\" href=\"https:\/\/www.overtheclouds.eu\/index.php\/2023\/09\/11\/tuc-de-guilhem-cabana-pin-dera-serra\/\" \/>\n<meta property=\"og:locale\" content=\"es_ES\" \/>\n<meta property=\"og:type\" content=\"article\" \/>\n<meta property=\"og:title\" content=\"Tuc de Guilh\u00e8m-Cabana Pin dera S\u00e8rra &#8211; Over the Clouds\" \/>\n<meta property=\"og:description\" content=\"Tuc de Guilh\u00e8m-Cabana Pin dera S\u00e8rra &#8211; - &#8211; Extraordinary routes for ordinary bikers\" \/>\n<meta property=\"og:url\" content=\"https:\/\/www.overtheclouds.eu\/index.php\/2023\/09\/11\/tuc-de-guilhem-cabana-pin-dera-serra\/\" \/>\n<meta property=\"og:site_name\" content=\"Over the Clouds\" \/>\n<meta property=\"article:published_time\" content=\"2023-09-11T21:59:42+00:00\" \/>\n<meta property=\"article:modified_time\" content=\"2023-09-11T22:04:18+00:00\" \/>\n<meta property=\"og:image\" content=\"https:\/\/www.overtheclouds.eu\/wp-content\/uploads\/2023\/09\/20230906_122555.jpg\" \/>\n\t<meta property=\"og:image:width\" content=\"2560\" \/>\n\t<meta property=\"og:image:height\" content=\"1440\" \/>\n\t<meta property=\"og:image:type\" content=\"image\/jpeg\" \/>\n<meta name=\"author\" content=\"Jaume\" \/>\n<meta name=\"twitter:card\" content=\"summary_large_image\" \/>\n<meta name=\"twitter:label1\" content=\"Escrito por\" \/>\n\t<meta name=\"twitter:data1\" content=\"Jaume\" \/>\n\t<meta name=\"twitter:label2\" content=\"Tiempo de lectura\" \/>\n\t<meta name=\"twitter:data2\" content=\"3 minutos\" \/>\n<script type=\"application\/ld+json\" class=\"yoast-schema-graph\">{\"@context\":\"https:\/\/schema.org\",\"@graph\":[{\"@type\":\"Article\",\"@id\":\"https:\/\/www.overtheclouds.eu\/index.php\/2023\/09\/11\/tuc-de-guilhem-cabana-pin-dera-serra\/#article\",\"isPartOf\":{\"@id\":\"https:\/\/www.overtheclouds.eu\/index.php\/2023\/09\/11\/tuc-de-guilhem-cabana-pin-dera-serra\/\"},\"author\":{\"name\":\"Jaume\",\"@id\":\"https:\/\/www.overtheclouds.eu\/#\/schema\/person\/283fe644ef85985e7a0cad3f42b6cc63\"},\"headline\":\"Tuc de Guilh\u00e8m-Cabana Pin dera S\u00e8rra\",\"datePublished\":\"2023-09-11T21:59:42+00:00\",\"dateModified\":\"2023-09-11T22:04:18+00:00\",\"mainEntityOfPage\":{\"@id\":\"https:\/\/www.overtheclouds.eu\/index.php\/2023\/09\/11\/tuc-de-guilhem-cabana-pin-dera-serra\/\"},\"wordCount\":687,\"commentCount\":0,\"publisher\":{\"@id\":\"https:\/\/www.overtheclouds.eu\/#organization\"},\"image\":{\"@id\":\"https:\/\/www.overtheclouds.eu\/index.php\/2023\/09\/11\/tuc-de-guilhem-cabana-pin-dera-serra\/#primaryimage\"},\"thumbnailUrl\":\"https:\/\/www.overtheclouds.eu\/wp-content\/uploads\/2023\/09\/20230906_122555.jpg\",\"articleSection\":[\"-\",\"\u26f0 1501-2500m\",\"Ciclabilitat\",\"Negra (Molt dif\u00edcil)\",\"Pirineu catal\u00e0\",\"\ud83d\udeb2 90-95%\"],\"inLanguage\":\"es\",\"potentialAction\":[{\"@type\":\"CommentAction\",\"name\":\"Comment\",\"target\":[\"https:\/\/www.overtheclouds.eu\/index.php\/2023\/09\/11\/tuc-de-guilhem-cabana-pin-dera-serra\/#respond\"]}]},{\"@type\":\"WebPage\",\"@id\":\"https:\/\/www.overtheclouds.eu\/index.php\/2023\/09\/11\/tuc-de-guilhem-cabana-pin-dera-serra\/\",\"url\":\"https:\/\/www.overtheclouds.eu\/index.php\/2023\/09\/11\/tuc-de-guilhem-cabana-pin-dera-serra\/\",\"name\":\"Tuc de Guilh\u00e8m-Cabana Pin dera S\u00e8rra &#8211; Over the Clouds\",\"isPartOf\":{\"@id\":\"https:\/\/www.overtheclouds.eu\/#website\"},\"primaryImageOfPage\":{\"@id\":\"https:\/\/www.overtheclouds.eu\/index.php\/2023\/09\/11\/tuc-de-guilhem-cabana-pin-dera-serra\/#primaryimage\"},\"image\":{\"@id\":\"https:\/\/www.overtheclouds.eu\/index.php\/2023\/09\/11\/tuc-de-guilhem-cabana-pin-dera-serra\/#primaryimage\"},\"thumbnailUrl\":\"https:\/\/www.overtheclouds.eu\/wp-content\/uploads\/2023\/09\/20230906_122555.jpg\",\"datePublished\":\"2023-09-11T21:59:42+00:00\",\"dateModified\":\"2023-09-11T22:04:18+00:00\",\"description\":\"Tuc de Guilh\u00e8m-Cabana Pin dera S\u00e8rra &#8211; - &#8211; Extraordinary routes for ordinary bikers\",\"breadcrumb\":{\"@id\":\"https:\/\/www.overtheclouds.eu\/index.php\/2023\/09\/11\/tuc-de-guilhem-cabana-pin-dera-serra\/#breadcrumb\"},\"inLanguage\":\"es\",\"potentialAction\":[{\"@type\":\"ReadAction\",\"target\":[\"https:\/\/www.overtheclouds.eu\/index.php\/2023\/09\/11\/tuc-de-guilhem-cabana-pin-dera-serra\/\"]}]},{\"@type\":\"ImageObject\",\"inLanguage\":\"es\",\"@id\":\"https:\/\/www.overtheclouds.eu\/index.php\/2023\/09\/11\/tuc-de-guilhem-cabana-pin-dera-serra\/#primaryimage\",\"url\":\"https:\/\/www.overtheclouds.eu\/wp-content\/uploads\/2023\/09\/20230906_122555.jpg\",\"contentUrl\":\"https:\/\/www.overtheclouds.eu\/wp-content\/uploads\/2023\/09\/20230906_122555.jpg\",\"width\":2560,\"height\":1440},{\"@type\":\"BreadcrumbList\",\"@id\":\"https:\/\/www.overtheclouds.eu\/index.php\/2023\/09\/11\/tuc-de-guilhem-cabana-pin-dera-serra\/#breadcrumb\",\"itemListElement\":[{\"@type\":\"ListItem\",\"position\":1,\"name\":\"Inici\",\"item\":\"https:\/\/www.overtheclouds.eu\/\"},{\"@type\":\"ListItem\",\"position\":2,\"name\":\"-\",\"item\":\"https:\/\/www.overtheclouds.eu\/index.php\/category\/sin-categoria\/\"},{\"@type\":\"ListItem\",\"position\":3,\"name\":\"Tuc de Guilh\u00e8m-Cabana Pin dera S\u00e8rra\"}]},{\"@type\":\"WebSite\",\"@id\":\"https:\/\/www.overtheclouds.eu\/#website\",\"url\":\"https:\/\/www.overtheclouds.eu\/\",\"name\":\"Over the Clouds\",\"description\":\"El plaer de rec\u00f3rrer valls, carenes i assolir cims\",\"publisher\":{\"@id\":\"https:\/\/www.overtheclouds.eu\/#organization\"},\"potentialAction\":[{\"@type\":\"SearchAction\",\"target\":{\"@type\":\"EntryPoint\",\"urlTemplate\":\"https:\/\/www.overtheclouds.eu\/?s={search_term_string}\"},\"query-input\":\"required name=search_term_string\"}],\"inLanguage\":\"es\"},{\"@type\":\"Organization\",\"@id\":\"https:\/\/www.overtheclouds.eu\/#organization\",\"name\":\"Over the Clouds\",\"url\":\"https:\/\/www.overtheclouds.eu\/\",\"logo\":{\"@type\":\"ImageObject\",\"inLanguage\":\"es\",\"@id\":\"https:\/\/www.overtheclouds.eu\/#\/schema\/logo\/image\/\",\"url\":\"https:\/\/www.overtheclouds.eu\/wp-content\/uploads\/2020\/02\/logo-4.png\",\"contentUrl\":\"https:\/\/www.overtheclouds.eu\/wp-content\/uploads\/2020\/02\/logo-4.png\",\"width\":612,\"height\":418,\"caption\":\"Over the Clouds\"},\"image\":{\"@id\":\"https:\/\/www.overtheclouds.eu\/#\/schema\/logo\/image\/\"}},{\"@type\":\"Person\",\"@id\":\"https:\/\/www.overtheclouds.eu\/#\/schema\/person\/283fe644ef85985e7a0cad3f42b6cc63\",\"name\":\"Jaume\",\"image\":{\"@type\":\"ImageObject\",\"inLanguage\":\"es\",\"@id\":\"https:\/\/www.overtheclouds.eu\/#\/schema\/person\/image\/\",\"url\":\"https:\/\/secure.gravatar.com\/avatar\/86c0905ad41bd45ffed5903a626e36c9?s=96&d=blank&r=g\",\"contentUrl\":\"https:\/\/secure.gravatar.com\/avatar\/86c0905ad41bd45ffed5903a626e36c9?s=96&d=blank&r=g\",\"caption\":\"Jaume\"}}]}<\/script>\n<!-- \/ Yoast SEO plugin. -->","yoast_head_json":{"title":"Tuc de Guilh\u00e8m-Cabana Pin dera S\u00e8rra &#8211; Over the Clouds","description":"Tuc de Guilh\u00e8m-Cabana Pin dera S\u00e8rra &#8211; - &#8211; Extraordinary routes for ordinary bikers","robots":{"index":"index","follow":"follow","max-snippet":"max-snippet:-1","max-image-preview":"max-image-preview:large","max-video-preview":"max-video-preview:-1"},"canonical":"https:\/\/www.overtheclouds.eu\/index.php\/2023\/09\/11\/tuc-de-guilhem-cabana-pin-dera-serra\/","og_locale":"es_ES","og_type":"article","og_title":"Tuc de Guilh\u00e8m-Cabana Pin dera S\u00e8rra &#8211; Over the Clouds","og_description":"Tuc de Guilh\u00e8m-Cabana Pin dera S\u00e8rra &#8211; - &#8211; Extraordinary routes for ordinary bikers","og_url":"https:\/\/www.overtheclouds.eu\/index.php\/2023\/09\/11\/tuc-de-guilhem-cabana-pin-dera-serra\/","og_site_name":"Over the Clouds","article_published_time":"2023-09-11T21:59:42+00:00","article_modified_time":"2023-09-11T22:04:18+00:00","og_image":[{"width":2560,"height":1440,"url":"https:\/\/www.overtheclouds.eu\/wp-content\/uploads\/2023\/09\/20230906_122555.jpg","type":"image\/jpeg"}],"author":"Jaume","twitter_card":"summary_large_image","twitter_misc":{"Escrito por":"Jaume","Tiempo de lectura":"3 minutos"},"schema":{"@context":"https:\/\/schema.org","@graph":[{"@type":"Article","@id":"https:\/\/www.overtheclouds.eu\/index.php\/2023\/09\/11\/tuc-de-guilhem-cabana-pin-dera-serra\/#article","isPartOf":{"@id":"https:\/\/www.overtheclouds.eu\/index.php\/2023\/09\/11\/tuc-de-guilhem-cabana-pin-dera-serra\/"},"author":{"name":"Jaume","@id":"https:\/\/www.overtheclouds.eu\/#\/schema\/person\/283fe644ef85985e7a0cad3f42b6cc63"},"headline":"Tuc de Guilh\u00e8m-Cabana Pin dera S\u00e8rra","datePublished":"2023-09-11T21:59:42+00:00","dateModified":"2023-09-11T22:04:18+00:00","mainEntityOfPage":{"@id":"https:\/\/www.overtheclouds.eu\/index.php\/2023\/09\/11\/tuc-de-guilhem-cabana-pin-dera-serra\/"},"wordCount":687,"commentCount":0,"publisher":{"@id":"https:\/\/www.overtheclouds.eu\/#organization"},"image":{"@id":"https:\/\/www.overtheclouds.eu\/index.php\/2023\/09\/11\/tuc-de-guilhem-cabana-pin-dera-serra\/#primaryimage"},"thumbnailUrl":"https:\/\/www.overtheclouds.eu\/wp-content\/uploads\/2023\/09\/20230906_122555.jpg","articleSection":["-","\u26f0 1501-2500m","Ciclabilitat","Negra (Molt dif\u00edcil)","Pirineu catal\u00e0","\ud83d\udeb2 90-95%"],"inLanguage":"es","potentialAction":[{"@type":"CommentAction","name":"Comment","target":["https:\/\/www.overtheclouds.eu\/index.php\/2023\/09\/11\/tuc-de-guilhem-cabana-pin-dera-serra\/#respond"]}]},{"@type":"WebPage","@id":"https:\/\/www.overtheclouds.eu\/index.php\/2023\/09\/11\/tuc-de-guilhem-cabana-pin-dera-serra\/","url":"https:\/\/www.overtheclouds.eu\/index.php\/2023\/09\/11\/tuc-de-guilhem-cabana-pin-dera-serra\/","name":"Tuc de Guilh\u00e8m-Cabana Pin dera S\u00e8rra &#8211; Over the Clouds","isPartOf":{"@id":"https:\/\/www.overtheclouds.eu\/#website"},"primaryImageOfPage":{"@id":"https:\/\/www.overtheclouds.eu\/index.php\/2023\/09\/11\/tuc-de-guilhem-cabana-pin-dera-serra\/#primaryimage"},"image":{"@id":"https:\/\/www.overtheclouds.eu\/index.php\/2023\/09\/11\/tuc-de-guilhem-cabana-pin-dera-serra\/#primaryimage"},"thumbnailUrl":"https:\/\/www.overtheclouds.eu\/wp-content\/uploads\/2023\/09\/20230906_122555.jpg","datePublished":"2023-09-11T21:59:42+00:00","dateModified":"2023-09-11T22:04:18+00:00","description":"Tuc de Guilh\u00e8m-Cabana Pin dera S\u00e8rra &#8211; - &#8211; Extraordinary routes for ordinary bikers","breadcrumb":{"@id":"https:\/\/www.overtheclouds.eu\/index.php\/2023\/09\/11\/tuc-de-guilhem-cabana-pin-dera-serra\/#breadcrumb"},"inLanguage":"es","potentialAction":[{"@type":"ReadAction","target":["https:\/\/www.overtheclouds.eu\/index.php\/2023\/09\/11\/tuc-de-guilhem-cabana-pin-dera-serra\/"]}]},{"@type":"ImageObject","inLanguage":"es","@id":"https:\/\/www.overtheclouds.eu\/index.php\/2023\/09\/11\/tuc-de-guilhem-cabana-pin-dera-serra\/#primaryimage","url":"https:\/\/www.overtheclouds.eu\/wp-content\/uploads\/2023\/09\/20230906_122555.jpg","contentUrl":"https:\/\/www.overtheclouds.eu\/wp-content\/uploads\/2023\/09\/20230906_122555.jpg","width":2560,"height":1440},{"@type":"BreadcrumbList","@id":"https:\/\/www.overtheclouds.eu\/index.php\/2023\/09\/11\/tuc-de-guilhem-cabana-pin-dera-serra\/#breadcrumb","itemListElement":[{"@type":"ListItem","position":1,"name":"Inici","item":"https:\/\/www.overtheclouds.eu\/"},{"@type":"ListItem","position":2,"name":"-","item":"https:\/\/www.overtheclouds.eu\/index.php\/category\/sin-categoria\/"},{"@type":"ListItem","position":3,"name":"Tuc de Guilh\u00e8m-Cabana Pin dera S\u00e8rra"}]},{"@type":"WebSite","@id":"https:\/\/www.overtheclouds.eu\/#website","url":"https:\/\/www.overtheclouds.eu\/","name":"Over the Clouds","description":"El plaer de rec\u00f3rrer valls, carenes i assolir cims","publisher":{"@id":"https:\/\/www.overtheclouds.eu\/#organization"},"potentialAction":[{"@type":"SearchAction","target":{"@type":"EntryPoint","urlTemplate":"https:\/\/www.overtheclouds.eu\/?s={search_term_string}"},"query-input":"required name=search_term_string"}],"inLanguage":"es"},{"@type":"Organization","@id":"https:\/\/www.overtheclouds.eu\/#organization","name":"Over the Clouds","url":"https:\/\/www.overtheclouds.eu\/","logo":{"@type":"ImageObject","inLanguage":"es","@id":"https:\/\/www.overtheclouds.eu\/#\/schema\/logo\/image\/","url":"https:\/\/www.overtheclouds.eu\/wp-content\/uploads\/2020\/02\/logo-4.png","contentUrl":"https:\/\/www.overtheclouds.eu\/wp-content\/uploads\/2020\/02\/logo-4.png","width":612,"height":418,"caption":"Over the Clouds"},"image":{"@id":"https:\/\/www.overtheclouds.eu\/#\/schema\/logo\/image\/"}},{"@type":"Person","@id":"https:\/\/www.overtheclouds.eu\/#\/schema\/person\/283fe644ef85985e7a0cad3f42b6cc63","name":"Jaume","image":{"@type":"ImageObject","inLanguage":"es","@id":"https:\/\/www.overtheclouds.eu\/#\/schema\/person\/image\/","url":"https:\/\/secure.gravatar.com\/avatar\/86c0905ad41bd45ffed5903a626e36c9?s=96&d=blank&r=g","contentUrl":"https:\/\/secure.gravatar.com\/avatar\/86c0905ad41bd45ffed5903a626e36c9?s=96&d=blank&r=g","caption":"Jaume"}}]}},"_links":{"self":[{"href":"https:\/\/www.overtheclouds.eu\/index.php\/wp-json\/wp\/v2\/posts\/2237"}],"collection":[{"href":"https:\/\/www.overtheclouds.eu\/index.php\/wp-json\/wp\/v2\/posts"}],"about":[{"href":"https:\/\/www.overtheclouds.eu\/index.php\/wp-json\/wp\/v2\/types\/post"}],"author":[{"embeddable":true,"href":"https:\/\/www.overtheclouds.eu\/index.php\/wp-json\/wp\/v2\/users\/2"}],"replies":[{"embeddable":true,"href":"https:\/\/www.overtheclouds.eu\/index.php\/wp-json\/wp\/v2\/comments?post=2237"}],"version-history":[{"count":3,"href":"https:\/\/www.overtheclouds.eu\/index.php\/wp-json\/wp\/v2\/posts\/2237\/revisions"}],"predecessor-version":[{"id":2244,"href":"https:\/\/www.overtheclouds.eu\/index.php\/wp-json\/wp\/v2\/posts\/2237\/revisions\/2244"}],"wp:featuredmedia":[{"embeddable":true,"href":"https:\/\/www.overtheclouds.eu\/index.php\/wp-json\/wp\/v2\/media\/2240"}],"wp:attachment":[{"href":"https:\/\/www.overtheclouds.eu\/index.php\/wp-json\/wp\/v2\/media?parent=2237"}],"wp:term":[{"taxonomy":"category","embeddable":true,"href":"https:\/\/www.overtheclouds.eu\/index.php\/wp-json\/wp\/v2\/categories?post=2237"},{"taxonomy":"post_tag","embeddable":true,"href":"https:\/\/www.overtheclouds.eu\/index.php\/wp-json\/wp\/v2\/tags?post=2237"}],"curies":[{"name":"wp","href":"https:\/\/api.w.org\/{rel}","templated":true}]}}