{"id":2197,"date":"2023-07-16T12:10:23","date_gmt":"2023-07-16T10:10:23","guid":{"rendered":"http:\/\/www.overtheclouds.eu\/?p=2197"},"modified":"2023-07-16T12:10:26","modified_gmt":"2023-07-16T10:10:26","slug":"llacs-de-saboredo","status":"publish","type":"post","link":"https:\/\/www.overtheclouds.eu\/index.php\/2023\/07\/16\/llacs-de-saboredo\/","title":{"rendered":"Llacs de Saboredo"},"content":{"rendered":"\n<h4 class=\"wp-block-heading\">Al\u00e7ada m\u00e0xima de la ruta:<\/h4>\n\n\n\n<p>2.300 metres<\/p>\n\n\n\n<h4 class=\"wp-block-heading\">Descripci\u00f3 breu:<\/h4>\n\n\n\n<p>Recorregut per la Val de Ruda i la seva cap\u00e7alera on hi ha situat l&#8217;amagat cercle lacustre de Saboredo a cavall entre les comarques del Pallars Sobir\u00e0 i la Val d&#8217;Aran. L&#8217;inici de la ruta el situo a la urbanitzaci\u00f3 Val de Ruda al complex de Baqu\u00e8ira. Comen\u00e7o a pedalar en direcci\u00f3 a la pista que puja de Tred\u00f2s i que ressegueix la llarga i bonica Val de Ruda. \u00c9s una pista llarga i en molt bon estat fins que, passat el p\u00f2nt de Locampo s&#8217;acaba en un aparcament pels vehicles. A partir d&#8217;aqu\u00ed es continua pel que havia estat una antiga pista que actualment es troba en prec\u00e0ries condicions amb alguns petits trams que no s\u00f3n ciclables. Aquesta pista ens porta fins el paratge de la Pleta de Saboredo on trobem a l&#8217;esquerra un indicador al comen\u00e7ament del sender que puja al refugi. El deixem i continuem pel que queda de pista fins arribar al barratge de Saboredo, una petita resclosa on es desvia l&#8217;aigua mitjan\u00e7ant una conducci\u00f3 subterr\u00e0nia cap els estanhs de Colom\u00e8rs. En aquest punt tornem a trobar el sender que puja al refugi i que ja no deixarem. \u00c9s una pujada for\u00e7a t\u00e8cnica i amb alguns passos que ens obligaran a baixar de la bici. En algun tram surto del cam\u00ed per evitar passos complicats. Arribo al refugi de Saboredo que en \u00e8poques estivals roman obert i guardat. Tenim l&#8217;opci\u00f3 de fer-hi un avituallament. El refugi est\u00e0 situat enlairat sobre el estanh deth Miei i de Baish que veiem sota nostre. La ruta d&#8217;avui l&#8217;he planifica per visitar \u00fanicament els tres estanhs que estan situats tots seguits en tres terrasses diferents, deixant de banda l&#8217;estanh Major i el Gelat. Aix\u00ed doncs des del refugi baixo a buscar la riba de l&#8217;estanh deth Miei que vorejo i comen\u00e7o a pujar camp a trav\u00e9s superant un esglaonat de grans lloses gran\u00edtiques que em porten a l&#8217;estanh de Naut, al peu del p\u00f2rt de Ratera. Aquest tram, cicl\u00edsticament, \u00e9s espectacular. Un cop amarat de les grans panor\u00e0miques refaig el cam\u00ed de nou cap a l&#8217;estanh deth Miei i per terreny herbat i esquivant aiguamolls baixo fins a l&#8217;estanh de Baish. A la meva dreta observo enlairat el refugi. A la sortida d&#8217;aig\u00fces d&#8217;aquest darrer llac trobo el sender que del refugi es dirigeix al C\u00f2th de Sendrosa. El segueixo un curt tram per\u00f2 de seguida el deixo per baixar, sense cam\u00ed, per un pendent terreny amb alguna tra\u00e7a de corriol que em portar\u00e0 directe de nou al barratge de Saboredo i a partir d&#8217;aqu\u00ed refar\u00e9 el mateix cam\u00ed que he fet al comen\u00e7ament. La visita a aquest cercle de llacs \u00e9s molt recomanable per\u00f2 cal tenir en compte que el cam\u00ed d&#8217;acc\u00e9s no \u00e9s f\u00e0cil i que cal estar avesat a la conducci\u00f3 per terreny roc\u00f3s i herbat. Com que molts trams de la ruta \u00e9s camp a trav\u00e9s \u00e9s imprescindible seguir correctament el track. En dies humits millor deixar-ho c\u00f3rrer doncs la dificultat augmenta considerablement.<\/p>\n\n\n\n<h4 class=\"wp-block-heading\">\u00c0rea geogr\u00e0fica:<\/h4>\n\n\n\n<p>Val d&#8217;Aran<\/p>\n\n\n\n<h4 class=\"wp-block-heading\">Ciclabilitat:<\/h4>\n\n\n\n<div class=\"wptime-plugin-progress-wrap\" style=\"max-width:300px;margin-bottom:30px;\"><div class=\"wptime-plugin-progress-bar\" style=\"background:#0fa628;width:90%;\"><\/div><span>Ciclabilitat 90%<\/span><\/div>\n\n\n\n<h4 class=\"wp-block-heading\">Dificultat:<\/h4>\n\n\n\n<p class=\"verda\"><\/p>\n\n\n\n<p class=\"blava\"><\/p>\n\n\n\n<p class=\"vermella\">Vermella<\/p>\n\n\n\n<p class=\"negra\"><\/p>\n\n\n\n<div class=\"wp-block-group\"><div class=\"wp-block-group__inner-container is-layout-flow wp-block-group-is-layout-flow\">\n<h4 class=\"wp-block-heading\">Briefing de la ruta<\/h4>\n\n\n<\/div><\/div>\n\n\n\n<div class=\"wp-block-group\"><div class=\"wp-block-group__inner-container is-layout-flow wp-block-group-is-layout-flow\">\n<h4 class=\"wp-block-heading\">V\u00eddeo de la ruta<\/h4>\n\n\n\n<figure class=\"wp-block-embed is-type-video is-provider-youtube wp-block-embed-youtube wp-embed-aspect-16-9 wp-has-aspect-ratio\"><div class=\"wp-block-embed__wrapper\">\n<iframe loading=\"lazy\" title=\"Llacs de Saboredo\" width=\"820\" height=\"461\" src=\"https:\/\/www.youtube.com\/embed\/iHBfpeKgoN8?feature=oembed\" frameborder=\"0\" allow=\"accelerometer; autoplay; clipboard-write; encrypted-media; gyroscope; picture-in-picture; web-share\" allowfullscreen><\/iframe>\n<\/div><\/figure>\n<\/div><\/div>\n\n\n\n<div class=\"wp-block-group\"><div class=\"wp-block-group__inner-container is-layout-flow wp-block-group-is-layout-flow\">\n<h4 class=\"wp-block-heading\">Descarrega el track de la ruta<\/h4>\n\n\n\n<div class=\"wp-block-file\"><a id=\"wp-block-file--media-3821c9da-0ad8-480a-b086-3f8784ef2c62\" href=\"http:\/\/www.overtheclouds.eu\/wp-content\/uploads\/2023\/07\/23-07-08-Val-de-Ruda-i-Lacs-de-Saboredo.gpx\">23-07-08-Val-de-Ruda-i-Lacs-de-Saboredo<\/a><a href=\"http:\/\/www.overtheclouds.eu\/wp-content\/uploads\/2023\/07\/23-07-08-Val-de-Ruda-i-Lacs-de-Saboredo.gpx\" class=\"wp-block-file__button\" download aria-describedby=\"wp-block-file--media-3821c9da-0ad8-480a-b086-3f8784ef2c62\">Descarrega<\/a><\/div>\n<\/div><\/div>\n\n\n\n<div class=\"wp-block-group\"><div class=\"wp-block-group__inner-container is-layout-flow wp-block-group-is-layout-flow\">\n<h4 class=\"wp-block-heading\">Galeria d&#8217;imatges<\/h4>\n<\/div><\/div>\n\n\n<div class='photonic-google-stream photonic-stream ' id='photonic-google-stream-1'>\n\r\n<div class='photonic-error photonic-google-error' id='photonic-google-error-1'>\r\n\t<span class='photonic-error-icon photonic-icon'>&nbsp;<\/span>\r\n\t<div class='photonic-message'>\r\n\t\tNo se pudo obtener datos. Error:<br \/><code>\nRequest had insufficient authentication scopes.<\/code><br \/>\n\r\n\t<\/div>\r\n<\/div>\n\n<\/div><!-- .photonic-stream or .photonic-panel -->\n\n\n<p>&nbsp;<\/p>","protected":false},"excerpt":{"rendered":"<p>Al\u00e7ada m\u00e0xima de la ruta: 2.300 metres Descripci\u00f3 breu: Recorregut per la Val de Ruda i la seva cap\u00e7alera on hi ha situat l&#8217;amagat cercle lacustre de Saboredo a cavall entre les comarques del Pallars Sobir\u00e0 i la Val d&#8217;Aran. &hellip; <a href=\"https:\/\/www.overtheclouds.eu\/index.php\/2023\/07\/16\/llacs-de-saboredo\/\" class=\"more-link\"><span class=\"more-button\">TOTA LA RUTA AQU\u00cd<span class=\"screen-reader-text\">Llacs de Saboredo<\/span><\/span><\/a><\/p>\n","protected":false},"author":2,"featured_media":2201,"comment_status":"open","ping_status":"closed","sticky":false,"template":"","format":"standard","meta":{"_exactmetrics_skip_tracking":false,"_exactmetrics_sitenote_active":false,"_exactmetrics_sitenote_note":"","_exactmetrics_sitenote_category":0,"footnotes":""},"categories":[1,17,3,14,21],"tags":[],"yoast_head":"<!-- This site is optimized with the Yoast SEO plugin v22.7 - https:\/\/yoast.com\/wordpress\/plugins\/seo\/ -->\n<title>Llacs de Saboredo &#8211; Over the Clouds<\/title>\n<meta name=\"description\" content=\"Llacs de Saboredo &#8211; - &#8211; Extraordinary routes for ordinary bikers\" \/>\n<meta name=\"robots\" content=\"index, follow, max-snippet:-1, max-image-preview:large, max-video-preview:-1\" \/>\n<link rel=\"canonical\" href=\"https:\/\/www.overtheclouds.eu\/index.php\/2023\/07\/16\/llacs-de-saboredo\/\" \/>\n<meta property=\"og:locale\" content=\"es_ES\" \/>\n<meta property=\"og:type\" content=\"article\" \/>\n<meta property=\"og:title\" content=\"Llacs de Saboredo &#8211; Over the Clouds\" \/>\n<meta property=\"og:description\" content=\"Llacs de Saboredo &#8211; - &#8211; Extraordinary routes for ordinary bikers\" \/>\n<meta property=\"og:url\" content=\"https:\/\/www.overtheclouds.eu\/index.php\/2023\/07\/16\/llacs-de-saboredo\/\" \/>\n<meta property=\"og:site_name\" content=\"Over the Clouds\" \/>\n<meta property=\"article:published_time\" content=\"2023-07-16T10:10:23+00:00\" \/>\n<meta property=\"article:modified_time\" content=\"2023-07-16T10:10:26+00:00\" \/>\n<meta property=\"og:image\" content=\"https:\/\/www.overtheclouds.eu\/wp-content\/uploads\/2023\/07\/P1002410-scaled.jpg\" \/>\n\t<meta property=\"og:image:width\" content=\"2560\" \/>\n\t<meta property=\"og:image:height\" content=\"1442\" \/>\n\t<meta property=\"og:image:type\" content=\"image\/jpeg\" \/>\n<meta name=\"author\" content=\"Jaume\" \/>\n<meta name=\"twitter:card\" content=\"summary_large_image\" \/>\n<meta name=\"twitter:label1\" content=\"Escrito por\" \/>\n\t<meta name=\"twitter:data1\" content=\"Jaume\" \/>\n\t<meta name=\"twitter:label2\" content=\"Tiempo de lectura\" \/>\n\t<meta name=\"twitter:data2\" content=\"3 minutos\" \/>\n<script type=\"application\/ld+json\" class=\"yoast-schema-graph\">{\"@context\":\"https:\/\/schema.org\",\"@graph\":[{\"@type\":\"Article\",\"@id\":\"https:\/\/www.overtheclouds.eu\/index.php\/2023\/07\/16\/llacs-de-saboredo\/#article\",\"isPartOf\":{\"@id\":\"https:\/\/www.overtheclouds.eu\/index.php\/2023\/07\/16\/llacs-de-saboredo\/\"},\"author\":{\"name\":\"Jaume\",\"@id\":\"https:\/\/www.overtheclouds.eu\/#\/schema\/person\/283fe644ef85985e7a0cad3f42b6cc63\"},\"headline\":\"Llacs de Saboredo\",\"datePublished\":\"2023-07-16T10:10:23+00:00\",\"dateModified\":\"2023-07-16T10:10:26+00:00\",\"mainEntityOfPage\":{\"@id\":\"https:\/\/www.overtheclouds.eu\/index.php\/2023\/07\/16\/llacs-de-saboredo\/\"},\"wordCount\":599,\"commentCount\":0,\"publisher\":{\"@id\":\"https:\/\/www.overtheclouds.eu\/#organization\"},\"image\":{\"@id\":\"https:\/\/www.overtheclouds.eu\/index.php\/2023\/07\/16\/llacs-de-saboredo\/#primaryimage\"},\"thumbnailUrl\":\"https:\/\/www.overtheclouds.eu\/wp-content\/uploads\/2023\/07\/P1002410-scaled.jpg\",\"articleSection\":[\"-\",\"\u26f0 1501-2500m\",\"Pirineu catal\u00e0\",\"Vermella (Dif\u00edcil)\",\"\ud83d\udeb2 90-95%\"],\"inLanguage\":\"es\",\"potentialAction\":[{\"@type\":\"CommentAction\",\"name\":\"Comment\",\"target\":[\"https:\/\/www.overtheclouds.eu\/index.php\/2023\/07\/16\/llacs-de-saboredo\/#respond\"]}]},{\"@type\":\"WebPage\",\"@id\":\"https:\/\/www.overtheclouds.eu\/index.php\/2023\/07\/16\/llacs-de-saboredo\/\",\"url\":\"https:\/\/www.overtheclouds.eu\/index.php\/2023\/07\/16\/llacs-de-saboredo\/\",\"name\":\"Llacs de Saboredo &#8211; Over the Clouds\",\"isPartOf\":{\"@id\":\"https:\/\/www.overtheclouds.eu\/#website\"},\"primaryImageOfPage\":{\"@id\":\"https:\/\/www.overtheclouds.eu\/index.php\/2023\/07\/16\/llacs-de-saboredo\/#primaryimage\"},\"image\":{\"@id\":\"https:\/\/www.overtheclouds.eu\/index.php\/2023\/07\/16\/llacs-de-saboredo\/#primaryimage\"},\"thumbnailUrl\":\"https:\/\/www.overtheclouds.eu\/wp-content\/uploads\/2023\/07\/P1002410-scaled.jpg\",\"datePublished\":\"2023-07-16T10:10:23+00:00\",\"dateModified\":\"2023-07-16T10:10:26+00:00\",\"description\":\"Llacs de Saboredo &#8211; - &#8211; Extraordinary routes for ordinary bikers\",\"breadcrumb\":{\"@id\":\"https:\/\/www.overtheclouds.eu\/index.php\/2023\/07\/16\/llacs-de-saboredo\/#breadcrumb\"},\"inLanguage\":\"es\",\"potentialAction\":[{\"@type\":\"ReadAction\",\"target\":[\"https:\/\/www.overtheclouds.eu\/index.php\/2023\/07\/16\/llacs-de-saboredo\/\"]}]},{\"@type\":\"ImageObject\",\"inLanguage\":\"es\",\"@id\":\"https:\/\/www.overtheclouds.eu\/index.php\/2023\/07\/16\/llacs-de-saboredo\/#primaryimage\",\"url\":\"https:\/\/www.overtheclouds.eu\/wp-content\/uploads\/2023\/07\/P1002410-scaled.jpg\",\"contentUrl\":\"https:\/\/www.overtheclouds.eu\/wp-content\/uploads\/2023\/07\/P1002410-scaled.jpg\",\"width\":2560,\"height\":1442},{\"@type\":\"BreadcrumbList\",\"@id\":\"https:\/\/www.overtheclouds.eu\/index.php\/2023\/07\/16\/llacs-de-saboredo\/#breadcrumb\",\"itemListElement\":[{\"@type\":\"ListItem\",\"position\":1,\"name\":\"Inici\",\"item\":\"https:\/\/www.overtheclouds.eu\/\"},{\"@type\":\"ListItem\",\"position\":2,\"name\":\"-\",\"item\":\"https:\/\/www.overtheclouds.eu\/index.php\/category\/sin-categoria\/\"},{\"@type\":\"ListItem\",\"position\":3,\"name\":\"Llacs de Saboredo\"}]},{\"@type\":\"WebSite\",\"@id\":\"https:\/\/www.overtheclouds.eu\/#website\",\"url\":\"https:\/\/www.overtheclouds.eu\/\",\"name\":\"Over the Clouds\",\"description\":\"El plaer de rec\u00f3rrer valls, carenes i assolir cims\",\"publisher\":{\"@id\":\"https:\/\/www.overtheclouds.eu\/#organization\"},\"potentialAction\":[{\"@type\":\"SearchAction\",\"target\":{\"@type\":\"EntryPoint\",\"urlTemplate\":\"https:\/\/www.overtheclouds.eu\/?s={search_term_string}\"},\"query-input\":\"required name=search_term_string\"}],\"inLanguage\":\"es\"},{\"@type\":\"Organization\",\"@id\":\"https:\/\/www.overtheclouds.eu\/#organization\",\"name\":\"Over the Clouds\",\"url\":\"https:\/\/www.overtheclouds.eu\/\",\"logo\":{\"@type\":\"ImageObject\",\"inLanguage\":\"es\",\"@id\":\"https:\/\/www.overtheclouds.eu\/#\/schema\/logo\/image\/\",\"url\":\"https:\/\/www.overtheclouds.eu\/wp-content\/uploads\/2020\/02\/logo-4.png\",\"contentUrl\":\"https:\/\/www.overtheclouds.eu\/wp-content\/uploads\/2020\/02\/logo-4.png\",\"width\":612,\"height\":418,\"caption\":\"Over the Clouds\"},\"image\":{\"@id\":\"https:\/\/www.overtheclouds.eu\/#\/schema\/logo\/image\/\"}},{\"@type\":\"Person\",\"@id\":\"https:\/\/www.overtheclouds.eu\/#\/schema\/person\/283fe644ef85985e7a0cad3f42b6cc63\",\"name\":\"Jaume\",\"image\":{\"@type\":\"ImageObject\",\"inLanguage\":\"es\",\"@id\":\"https:\/\/www.overtheclouds.eu\/#\/schema\/person\/image\/\",\"url\":\"https:\/\/secure.gravatar.com\/avatar\/86c0905ad41bd45ffed5903a626e36c9?s=96&d=blank&r=g\",\"contentUrl\":\"https:\/\/secure.gravatar.com\/avatar\/86c0905ad41bd45ffed5903a626e36c9?s=96&d=blank&r=g\",\"caption\":\"Jaume\"}}]}<\/script>\n<!-- \/ Yoast SEO plugin. -->","yoast_head_json":{"title":"Llacs de Saboredo &#8211; Over the Clouds","description":"Llacs de Saboredo &#8211; - &#8211; Extraordinary routes for ordinary bikers","robots":{"index":"index","follow":"follow","max-snippet":"max-snippet:-1","max-image-preview":"max-image-preview:large","max-video-preview":"max-video-preview:-1"},"canonical":"https:\/\/www.overtheclouds.eu\/index.php\/2023\/07\/16\/llacs-de-saboredo\/","og_locale":"es_ES","og_type":"article","og_title":"Llacs de Saboredo &#8211; Over the Clouds","og_description":"Llacs de Saboredo &#8211; - &#8211; Extraordinary routes for ordinary bikers","og_url":"https:\/\/www.overtheclouds.eu\/index.php\/2023\/07\/16\/llacs-de-saboredo\/","og_site_name":"Over the Clouds","article_published_time":"2023-07-16T10:10:23+00:00","article_modified_time":"2023-07-16T10:10:26+00:00","og_image":[{"width":2560,"height":1442,"url":"https:\/\/www.overtheclouds.eu\/wp-content\/uploads\/2023\/07\/P1002410-scaled.jpg","type":"image\/jpeg"}],"author":"Jaume","twitter_card":"summary_large_image","twitter_misc":{"Escrito por":"Jaume","Tiempo de lectura":"3 minutos"},"schema":{"@context":"https:\/\/schema.org","@graph":[{"@type":"Article","@id":"https:\/\/www.overtheclouds.eu\/index.php\/2023\/07\/16\/llacs-de-saboredo\/#article","isPartOf":{"@id":"https:\/\/www.overtheclouds.eu\/index.php\/2023\/07\/16\/llacs-de-saboredo\/"},"author":{"name":"Jaume","@id":"https:\/\/www.overtheclouds.eu\/#\/schema\/person\/283fe644ef85985e7a0cad3f42b6cc63"},"headline":"Llacs de Saboredo","datePublished":"2023-07-16T10:10:23+00:00","dateModified":"2023-07-16T10:10:26+00:00","mainEntityOfPage":{"@id":"https:\/\/www.overtheclouds.eu\/index.php\/2023\/07\/16\/llacs-de-saboredo\/"},"wordCount":599,"commentCount":0,"publisher":{"@id":"https:\/\/www.overtheclouds.eu\/#organization"},"image":{"@id":"https:\/\/www.overtheclouds.eu\/index.php\/2023\/07\/16\/llacs-de-saboredo\/#primaryimage"},"thumbnailUrl":"https:\/\/www.overtheclouds.eu\/wp-content\/uploads\/2023\/07\/P1002410-scaled.jpg","articleSection":["-","\u26f0 1501-2500m","Pirineu catal\u00e0","Vermella (Dif\u00edcil)","\ud83d\udeb2 90-95%"],"inLanguage":"es","potentialAction":[{"@type":"CommentAction","name":"Comment","target":["https:\/\/www.overtheclouds.eu\/index.php\/2023\/07\/16\/llacs-de-saboredo\/#respond"]}]},{"@type":"WebPage","@id":"https:\/\/www.overtheclouds.eu\/index.php\/2023\/07\/16\/llacs-de-saboredo\/","url":"https:\/\/www.overtheclouds.eu\/index.php\/2023\/07\/16\/llacs-de-saboredo\/","name":"Llacs de Saboredo &#8211; Over the Clouds","isPartOf":{"@id":"https:\/\/www.overtheclouds.eu\/#website"},"primaryImageOfPage":{"@id":"https:\/\/www.overtheclouds.eu\/index.php\/2023\/07\/16\/llacs-de-saboredo\/#primaryimage"},"image":{"@id":"https:\/\/www.overtheclouds.eu\/index.php\/2023\/07\/16\/llacs-de-saboredo\/#primaryimage"},"thumbnailUrl":"https:\/\/www.overtheclouds.eu\/wp-content\/uploads\/2023\/07\/P1002410-scaled.jpg","datePublished":"2023-07-16T10:10:23+00:00","dateModified":"2023-07-16T10:10:26+00:00","description":"Llacs de Saboredo &#8211; - &#8211; Extraordinary routes for ordinary bikers","breadcrumb":{"@id":"https:\/\/www.overtheclouds.eu\/index.php\/2023\/07\/16\/llacs-de-saboredo\/#breadcrumb"},"inLanguage":"es","potentialAction":[{"@type":"ReadAction","target":["https:\/\/www.overtheclouds.eu\/index.php\/2023\/07\/16\/llacs-de-saboredo\/"]}]},{"@type":"ImageObject","inLanguage":"es","@id":"https:\/\/www.overtheclouds.eu\/index.php\/2023\/07\/16\/llacs-de-saboredo\/#primaryimage","url":"https:\/\/www.overtheclouds.eu\/wp-content\/uploads\/2023\/07\/P1002410-scaled.jpg","contentUrl":"https:\/\/www.overtheclouds.eu\/wp-content\/uploads\/2023\/07\/P1002410-scaled.jpg","width":2560,"height":1442},{"@type":"BreadcrumbList","@id":"https:\/\/www.overtheclouds.eu\/index.php\/2023\/07\/16\/llacs-de-saboredo\/#breadcrumb","itemListElement":[{"@type":"ListItem","position":1,"name":"Inici","item":"https:\/\/www.overtheclouds.eu\/"},{"@type":"ListItem","position":2,"name":"-","item":"https:\/\/www.overtheclouds.eu\/index.php\/category\/sin-categoria\/"},{"@type":"ListItem","position":3,"name":"Llacs de Saboredo"}]},{"@type":"WebSite","@id":"https:\/\/www.overtheclouds.eu\/#website","url":"https:\/\/www.overtheclouds.eu\/","name":"Over the Clouds","description":"El plaer de rec\u00f3rrer valls, carenes i assolir cims","publisher":{"@id":"https:\/\/www.overtheclouds.eu\/#organization"},"potentialAction":[{"@type":"SearchAction","target":{"@type":"EntryPoint","urlTemplate":"https:\/\/www.overtheclouds.eu\/?s={search_term_string}"},"query-input":"required name=search_term_string"}],"inLanguage":"es"},{"@type":"Organization","@id":"https:\/\/www.overtheclouds.eu\/#organization","name":"Over the Clouds","url":"https:\/\/www.overtheclouds.eu\/","logo":{"@type":"ImageObject","inLanguage":"es","@id":"https:\/\/www.overtheclouds.eu\/#\/schema\/logo\/image\/","url":"https:\/\/www.overtheclouds.eu\/wp-content\/uploads\/2020\/02\/logo-4.png","contentUrl":"https:\/\/www.overtheclouds.eu\/wp-content\/uploads\/2020\/02\/logo-4.png","width":612,"height":418,"caption":"Over the Clouds"},"image":{"@id":"https:\/\/www.overtheclouds.eu\/#\/schema\/logo\/image\/"}},{"@type":"Person","@id":"https:\/\/www.overtheclouds.eu\/#\/schema\/person\/283fe644ef85985e7a0cad3f42b6cc63","name":"Jaume","image":{"@type":"ImageObject","inLanguage":"es","@id":"https:\/\/www.overtheclouds.eu\/#\/schema\/person\/image\/","url":"https:\/\/secure.gravatar.com\/avatar\/86c0905ad41bd45ffed5903a626e36c9?s=96&d=blank&r=g","contentUrl":"https:\/\/secure.gravatar.com\/avatar\/86c0905ad41bd45ffed5903a626e36c9?s=96&d=blank&r=g","caption":"Jaume"}}]}},"_links":{"self":[{"href":"https:\/\/www.overtheclouds.eu\/index.php\/wp-json\/wp\/v2\/posts\/2197"}],"collection":[{"href":"https:\/\/www.overtheclouds.eu\/index.php\/wp-json\/wp\/v2\/posts"}],"about":[{"href":"https:\/\/www.overtheclouds.eu\/index.php\/wp-json\/wp\/v2\/types\/post"}],"author":[{"embeddable":true,"href":"https:\/\/www.overtheclouds.eu\/index.php\/wp-json\/wp\/v2\/users\/2"}],"replies":[{"embeddable":true,"href":"https:\/\/www.overtheclouds.eu\/index.php\/wp-json\/wp\/v2\/comments?post=2197"}],"version-history":[{"count":2,"href":"https:\/\/www.overtheclouds.eu\/index.php\/wp-json\/wp\/v2\/posts\/2197\/revisions"}],"predecessor-version":[{"id":2202,"href":"https:\/\/www.overtheclouds.eu\/index.php\/wp-json\/wp\/v2\/posts\/2197\/revisions\/2202"}],"wp:featuredmedia":[{"embeddable":true,"href":"https:\/\/www.overtheclouds.eu\/index.php\/wp-json\/wp\/v2\/media\/2201"}],"wp:attachment":[{"href":"https:\/\/www.overtheclouds.eu\/index.php\/wp-json\/wp\/v2\/media?parent=2197"}],"wp:term":[{"taxonomy":"category","embeddable":true,"href":"https:\/\/www.overtheclouds.eu\/index.php\/wp-json\/wp\/v2\/categories?post=2197"},{"taxonomy":"post_tag","embeddable":true,"href":"https:\/\/www.overtheclouds.eu\/index.php\/wp-json\/wp\/v2\/tags?post=2197"}],"curies":[{"name":"wp","href":"https:\/\/api.w.org\/{rel}","templated":true}]}}