{"id":2117,"date":"2022-08-09T12:51:16","date_gmt":"2022-08-09T10:51:16","guid":{"rendered":"http:\/\/www.overtheclouds.eu\/?p=2117"},"modified":"2022-08-09T12:51:18","modified_gmt":"2022-08-09T10:51:18","slug":"camporrells-petit-peric-el-pam","status":"publish","type":"post","link":"https:\/\/www.overtheclouds.eu\/index.php\/2022\/08\/09\/camporrells-petit-peric-el-pam\/","title":{"rendered":"Camporrells-Petit Peric-El Pam"},"content":{"rendered":"\n<h4 class=\"wp-block-heading\">Al\u00e7ada m\u00e0xima de la ruta:<\/h4>\n\n\n\n<p>2.690 metres<\/p>\n\n\n\n<h4 class=\"wp-block-heading\">Descripci\u00f3 breu:<\/h4>\n\n\n\n<p>Amb aquesta ruta descobrirem uns indrets molt interessants de la comarca del Capcir: l&#8217;amagada zona de Camporrells i els dos cims que l&#8217;envolten, el Petit Peric i el Pam. El punt de sortida i arribada \u00e9s l&#8217;estaci\u00f3 d&#8217;esqu\u00ed dels Angles. Iniciem la ruta seguint la llarga pista (uns 19 km.) passant per les runes de L&#8217;Esglesieta de Vallsera, revoltant el Roc de les Perxes Blanques i, per un bonic sender, resseguir la Serra de Maur\u00ed per acabar arribant per una pedregosa pista al refugi de Camporrells situat a la riba del bonic estany del Mig, als peus del Petit Peric. En aquest refugi guardat hi podrem fer avituallament. A partir d&#8217;aqu\u00ed s&#8217;inicia per senders m\u00e9s o menys marcats i tamb\u00e9 pedalant per extenses zones de pastura l&#8217;aproximaci\u00f3 a la base sud del Petit Peric. Si es segueix el track passareu per indrets amagats i de gran bellessa com l&#8217;estany de l&#8217;Herber. Un cop arribeu a la base del cim davant vostre veureu un senser for\u00e7a empinat i molt marcat que puja directe al cim. El primer tram el terreny \u00e9s de pedra petita esmicolada en que caldr\u00e0 una bona t\u00e8cnica per superar-lo. Adverteixo que hi ha un tram del tot inciclable per\u00f2 que no \u00e9s massa llarg. A mitja pujada el pendent s&#8217;aplana una mica i permet fer lla\u00e7ades m\u00e9s amples que es poden fer pedalant fins el cim. Per que us feu una idea, jo vaig fer aproximadament un 75% pedalant i la resta empentant la bici. Per tant, abans de l&#8217;inici de l&#8217;ascensi\u00f3 cal valorar aquesta dada. Un cop dalt el cim les vistes s\u00f3n espectaculars. Al nord tota la clotada de Camporrells, a l&#8217;oest el Peric Gran, cap el sud la Bollosa i m\u00e9s a la dreta el mass\u00eds del Carlit i finalment cap a l&#8217;est El Pam, el nostre proper objectiu. La baixada del cim \u00e9s rapid\u00edssima, en menys de 10 minuts tornem a ser a la base del cim. Ara seguim baixant per terrasses herbades amb algun petit llac com el de l&#8217;\u00c0nec que deixem a la nostra dreta. Aviat, sense cam\u00ed iniciem la pujada a El Pam que pugem sense cap dificultat at\u00e8s que les \u00e0mplies zones herbades del seu vessant oest permet una pujada for\u00e7a pl\u00e0cida. El Pam \u00e9s un cim poc conegut i freq\u00fcentat per\u00f2 que ofereix per la seva situaci\u00f3 unes extraordin\u00e0ries panor\u00e0miques. Deixem el seu pel seu vessant est, sense cam\u00ed, i baixem per un altre llom herbat que va a buscar l&#8217;\u00e0mplia Coma del Pam on a mitja baixada ja trobem un corriol que ens porta fins a la cabana dels Pastors o del Roc dels Isards. Una cabana molt ben conservada. A partir d&#8217;aqu\u00ed ja trobem les traces d&#8217;una prec\u00e0ria pista que a mida que anem baixant es va fent m\u00e9s evident. A l&#8217;indret de Les Ganyades la deixem per seguir un marcat sender que ens porta fins a la pista del Sol\u00e0 de Vallsera. La seguim en baixada i aviat arribem al concorregut estany de Vallsera amb una zona de pic-nc i servei de bar. Per acabar nom\u00e9s ens cal seguir l&#8217;estreta pista asfaltada que en pocs quil\u00f2metres ens retorna a Els Angles. S\u00f3n uns 40 km. i uns 1600 metres de desnivell. Tret de la pujada al Petit Peric, que us aconsello que la valoreu, la resta de la ruta \u00e9s del tot ciclable i pel meu gust molt bonica.<\/p>\n\n\n\n<h4 class=\"wp-block-heading\">\u00c0rea geogr\u00e0fica:<\/h4>\n\n\n\n<p>Capcir (Catalunya Nord)<\/p>\n\n\n\n<h4 class=\"wp-block-heading\">Ciclabilitat:<\/h4>\n\n\n\n<div class=\"wptime-plugin-progress-wrap\" style=\"max-width:300px;margin-bottom:30px;\"><div class=\"wptime-plugin-progress-bar\" style=\"background:#0fa628;width:95%;\"><\/div><span>Ciclabilitat 95%<\/span><\/div>\n\n\n\n<h4 class=\"wp-block-heading\">Dificultat:<\/h4>\n\n\n\n<p class=\"verda\"><\/p>\n\n\n\n<p class=\"blava\"><\/p>\n\n\n\n<p class=\"vermella\"><\/p>\n\n\n\n<p class=\"negra\">Negra<\/p>\n\n\n\n<div class=\"wp-block-group\"><div class=\"wp-block-group__inner-container is-layout-flow wp-block-group-is-layout-flow\">\n<h4 class=\"wp-block-heading\">Briefing de la ruta<\/h4>\n\n\n<\/div><\/div>\n\n\n\n<div class=\"wp-block-group\"><div class=\"wp-block-group__inner-container is-layout-flow wp-block-group-is-layout-flow\">\n<h4 class=\"wp-block-heading\">V\u00eddeo de la ruta<\/h4>\n\n\n\n<figure class=\"wp-block-embed is-type-video is-provider-youtube wp-block-embed-youtube wp-embed-aspect-16-9 wp-has-aspect-ratio\"><div class=\"wp-block-embed__wrapper\">\n<iframe loading=\"lazy\" title=\"En BTT pel Pirineu: Camporrells- El Petit Peric- El Pam\" width=\"820\" height=\"461\" src=\"https:\/\/www.youtube.com\/embed\/49W8xNVcLkA?feature=oembed\" frameborder=\"0\" allow=\"accelerometer; autoplay; clipboard-write; encrypted-media; gyroscope; picture-in-picture\" allowfullscreen><\/iframe>\n<\/div><\/figure>\n<\/div><\/div>\n\n\n\n<div class=\"wp-block-group\"><div class=\"wp-block-group__inner-container is-layout-flow wp-block-group-is-layout-flow\">\n<h4 class=\"wp-block-heading\">Descarrega el track de la ruta<\/h4>\n\n\n\n<div class=\"wp-block-file\"><a id=\"wp-block-file--media-aad9bdd6-e256-4cbe-a617-7c8686ad2492\" href=\"http:\/\/www.overtheclouds.eu\/wp-content\/uploads\/2022\/08\/22-08-03-Camporrells-Petit-Peric-Pam.gpx\">22-08-03-Camporrells-Petit-Peric-Pam<\/a><a href=\"http:\/\/www.overtheclouds.eu\/wp-content\/uploads\/2022\/08\/22-08-03-Camporrells-Petit-Peric-Pam.gpx\" class=\"wp-block-file__button\" download aria-describedby=\"wp-block-file--media-aad9bdd6-e256-4cbe-a617-7c8686ad2492\">Descarrega<\/a><\/div>\n<\/div><\/div>\n\n\n\n<div class=\"wp-block-group\"><div class=\"wp-block-group__inner-container is-layout-flow wp-block-group-is-layout-flow\">\n<h4 class=\"wp-block-heading\">Galeria d&#8217;imatges<\/h4>\n<\/div><\/div>\n\n\n<div class='photonic-google-stream photonic-stream ' id='photonic-google-stream-1'>\n\r\n<div class='photonic-error photonic-google-error' id='photonic-google-error-1'>\r\n\t<span class='photonic-error-icon photonic-icon'>&nbsp;<\/span>\r\n\t<div class='photonic-message'>\r\n\t\tNo se pudo obtener datos. Error:<br \/><code>\nRequest had insufficient authentication scopes.<\/code><br \/>\n\r\n\t<\/div>\r\n<\/div>\n\n<\/div><!-- .photonic-stream or .photonic-panel -->\n\n\n<p>&nbsp;<\/p>","protected":false},"excerpt":{"rendered":"<p>Al\u00e7ada m\u00e0xima de la ruta: 2.690 metres Descripci\u00f3 breu: Amb aquesta ruta descobrirem uns indrets molt interessants de la comarca del Capcir: l&#8217;amagada zona de Camporrells i els dos cims que l&#8217;envolten, el Petit Peric i el Pam. El punt &hellip; <a href=\"https:\/\/www.overtheclouds.eu\/index.php\/2022\/08\/09\/camporrells-petit-peric-el-pam\/\" class=\"more-link\"><span class=\"more-button\">TOTA LA RUTA AQU\u00cd<span class=\"screen-reader-text\">Camporrells-Petit Peric-El Pam<\/span><\/span><\/a><\/p>\n","protected":false},"author":2,"featured_media":2121,"comment_status":"open","ping_status":"closed","sticky":false,"template":"","format":"standard","meta":{"_exactmetrics_skip_tracking":false,"_exactmetrics_sitenote_active":false,"_exactmetrics_sitenote_note":"","_exactmetrics_sitenote_category":0,"footnotes":""},"categories":[1,18,15,4,21],"tags":[],"yoast_head":"<!-- This site is optimized with the Yoast SEO plugin v22.7 - https:\/\/yoast.com\/wordpress\/plugins\/seo\/ -->\n<title>Camporrells-Petit Peric-El Pam &#8211; Over the Clouds<\/title>\n<meta name=\"description\" content=\"Camporrells-Petit Peric-El Pam &#8211; - &#8211; Extraordinary routes for ordinary bikers\" \/>\n<meta name=\"robots\" content=\"index, follow, max-snippet:-1, max-image-preview:large, max-video-preview:-1\" \/>\n<link rel=\"canonical\" href=\"https:\/\/www.overtheclouds.eu\/index.php\/2022\/08\/09\/camporrells-petit-peric-el-pam\/\" \/>\n<meta property=\"og:locale\" content=\"es_ES\" \/>\n<meta property=\"og:type\" content=\"article\" \/>\n<meta property=\"og:title\" content=\"Camporrells-Petit Peric-El Pam &#8211; Over the Clouds\" \/>\n<meta property=\"og:description\" content=\"Camporrells-Petit Peric-El Pam &#8211; - &#8211; Extraordinary routes for ordinary bikers\" \/>\n<meta property=\"og:url\" content=\"https:\/\/www.overtheclouds.eu\/index.php\/2022\/08\/09\/camporrells-petit-peric-el-pam\/\" \/>\n<meta property=\"og:site_name\" content=\"Over the Clouds\" \/>\n<meta property=\"article:published_time\" content=\"2022-08-09T10:51:16+00:00\" \/>\n<meta property=\"article:modified_time\" content=\"2022-08-09T10:51:18+00:00\" \/>\n<meta property=\"og:image\" content=\"https:\/\/www.overtheclouds.eu\/wp-content\/uploads\/2022\/08\/DSC09111-scaled.jpg\" \/>\n\t<meta property=\"og:image:width\" content=\"2560\" \/>\n\t<meta property=\"og:image:height\" content=\"1442\" \/>\n\t<meta property=\"og:image:type\" content=\"image\/jpeg\" \/>\n<meta name=\"author\" content=\"Jaume\" \/>\n<meta name=\"twitter:card\" content=\"summary_large_image\" \/>\n<meta name=\"twitter:label1\" content=\"Escrito por\" \/>\n\t<meta name=\"twitter:data1\" content=\"Jaume\" \/>\n\t<meta name=\"twitter:label2\" content=\"Tiempo de lectura\" \/>\n\t<meta name=\"twitter:data2\" content=\"3 minutos\" \/>\n<script type=\"application\/ld+json\" class=\"yoast-schema-graph\">{\"@context\":\"https:\/\/schema.org\",\"@graph\":[{\"@type\":\"Article\",\"@id\":\"https:\/\/www.overtheclouds.eu\/index.php\/2022\/08\/09\/camporrells-petit-peric-el-pam\/#article\",\"isPartOf\":{\"@id\":\"https:\/\/www.overtheclouds.eu\/index.php\/2022\/08\/09\/camporrells-petit-peric-el-pam\/\"},\"author\":{\"name\":\"Jaume\",\"@id\":\"https:\/\/www.overtheclouds.eu\/#\/schema\/person\/283fe644ef85985e7a0cad3f42b6cc63\"},\"headline\":\"Camporrells-Petit Peric-El Pam\",\"datePublished\":\"2022-08-09T10:51:16+00:00\",\"dateModified\":\"2022-08-09T10:51:18+00:00\",\"mainEntityOfPage\":{\"@id\":\"https:\/\/www.overtheclouds.eu\/index.php\/2022\/08\/09\/camporrells-petit-peric-el-pam\/\"},\"wordCount\":656,\"commentCount\":0,\"publisher\":{\"@id\":\"https:\/\/www.overtheclouds.eu\/#organization\"},\"image\":{\"@id\":\"https:\/\/www.overtheclouds.eu\/index.php\/2022\/08\/09\/camporrells-petit-peric-el-pam\/#primaryimage\"},\"thumbnailUrl\":\"https:\/\/www.overtheclouds.eu\/wp-content\/uploads\/2022\/08\/DSC09111-scaled.jpg\",\"articleSection\":[\"-\",\"\u26f0 &gt;2501m\",\"Negra (Molt dif\u00edcil)\",\"Pirineu franc\u00e8s\",\"\ud83d\udeb2 90-95%\"],\"inLanguage\":\"es\",\"potentialAction\":[{\"@type\":\"CommentAction\",\"name\":\"Comment\",\"target\":[\"https:\/\/www.overtheclouds.eu\/index.php\/2022\/08\/09\/camporrells-petit-peric-el-pam\/#respond\"]}]},{\"@type\":\"WebPage\",\"@id\":\"https:\/\/www.overtheclouds.eu\/index.php\/2022\/08\/09\/camporrells-petit-peric-el-pam\/\",\"url\":\"https:\/\/www.overtheclouds.eu\/index.php\/2022\/08\/09\/camporrells-petit-peric-el-pam\/\",\"name\":\"Camporrells-Petit Peric-El Pam &#8211; Over the Clouds\",\"isPartOf\":{\"@id\":\"https:\/\/www.overtheclouds.eu\/#website\"},\"primaryImageOfPage\":{\"@id\":\"https:\/\/www.overtheclouds.eu\/index.php\/2022\/08\/09\/camporrells-petit-peric-el-pam\/#primaryimage\"},\"image\":{\"@id\":\"https:\/\/www.overtheclouds.eu\/index.php\/2022\/08\/09\/camporrells-petit-peric-el-pam\/#primaryimage\"},\"thumbnailUrl\":\"https:\/\/www.overtheclouds.eu\/wp-content\/uploads\/2022\/08\/DSC09111-scaled.jpg\",\"datePublished\":\"2022-08-09T10:51:16+00:00\",\"dateModified\":\"2022-08-09T10:51:18+00:00\",\"description\":\"Camporrells-Petit Peric-El Pam &#8211; - &#8211; Extraordinary routes for ordinary bikers\",\"breadcrumb\":{\"@id\":\"https:\/\/www.overtheclouds.eu\/index.php\/2022\/08\/09\/camporrells-petit-peric-el-pam\/#breadcrumb\"},\"inLanguage\":\"es\",\"potentialAction\":[{\"@type\":\"ReadAction\",\"target\":[\"https:\/\/www.overtheclouds.eu\/index.php\/2022\/08\/09\/camporrells-petit-peric-el-pam\/\"]}]},{\"@type\":\"ImageObject\",\"inLanguage\":\"es\",\"@id\":\"https:\/\/www.overtheclouds.eu\/index.php\/2022\/08\/09\/camporrells-petit-peric-el-pam\/#primaryimage\",\"url\":\"https:\/\/www.overtheclouds.eu\/wp-content\/uploads\/2022\/08\/DSC09111-scaled.jpg\",\"contentUrl\":\"https:\/\/www.overtheclouds.eu\/wp-content\/uploads\/2022\/08\/DSC09111-scaled.jpg\",\"width\":2560,\"height\":1442},{\"@type\":\"BreadcrumbList\",\"@id\":\"https:\/\/www.overtheclouds.eu\/index.php\/2022\/08\/09\/camporrells-petit-peric-el-pam\/#breadcrumb\",\"itemListElement\":[{\"@type\":\"ListItem\",\"position\":1,\"name\":\"Inici\",\"item\":\"https:\/\/www.overtheclouds.eu\/\"},{\"@type\":\"ListItem\",\"position\":2,\"name\":\"-\",\"item\":\"https:\/\/www.overtheclouds.eu\/index.php\/category\/sin-categoria\/\"},{\"@type\":\"ListItem\",\"position\":3,\"name\":\"Camporrells-Petit Peric-El Pam\"}]},{\"@type\":\"WebSite\",\"@id\":\"https:\/\/www.overtheclouds.eu\/#website\",\"url\":\"https:\/\/www.overtheclouds.eu\/\",\"name\":\"Over the Clouds\",\"description\":\"El plaer de rec\u00f3rrer valls, carenes i assolir cims\",\"publisher\":{\"@id\":\"https:\/\/www.overtheclouds.eu\/#organization\"},\"potentialAction\":[{\"@type\":\"SearchAction\",\"target\":{\"@type\":\"EntryPoint\",\"urlTemplate\":\"https:\/\/www.overtheclouds.eu\/?s={search_term_string}\"},\"query-input\":\"required name=search_term_string\"}],\"inLanguage\":\"es\"},{\"@type\":\"Organization\",\"@id\":\"https:\/\/www.overtheclouds.eu\/#organization\",\"name\":\"Over the Clouds\",\"url\":\"https:\/\/www.overtheclouds.eu\/\",\"logo\":{\"@type\":\"ImageObject\",\"inLanguage\":\"es\",\"@id\":\"https:\/\/www.overtheclouds.eu\/#\/schema\/logo\/image\/\",\"url\":\"https:\/\/www.overtheclouds.eu\/wp-content\/uploads\/2020\/02\/logo-4.png\",\"contentUrl\":\"https:\/\/www.overtheclouds.eu\/wp-content\/uploads\/2020\/02\/logo-4.png\",\"width\":612,\"height\":418,\"caption\":\"Over the Clouds\"},\"image\":{\"@id\":\"https:\/\/www.overtheclouds.eu\/#\/schema\/logo\/image\/\"}},{\"@type\":\"Person\",\"@id\":\"https:\/\/www.overtheclouds.eu\/#\/schema\/person\/283fe644ef85985e7a0cad3f42b6cc63\",\"name\":\"Jaume\",\"image\":{\"@type\":\"ImageObject\",\"inLanguage\":\"es\",\"@id\":\"https:\/\/www.overtheclouds.eu\/#\/schema\/person\/image\/\",\"url\":\"https:\/\/secure.gravatar.com\/avatar\/86c0905ad41bd45ffed5903a626e36c9?s=96&d=blank&r=g\",\"contentUrl\":\"https:\/\/secure.gravatar.com\/avatar\/86c0905ad41bd45ffed5903a626e36c9?s=96&d=blank&r=g\",\"caption\":\"Jaume\"}}]}<\/script>\n<!-- \/ Yoast SEO plugin. -->","yoast_head_json":{"title":"Camporrells-Petit Peric-El Pam &#8211; Over the Clouds","description":"Camporrells-Petit Peric-El Pam &#8211; - &#8211; Extraordinary routes for ordinary bikers","robots":{"index":"index","follow":"follow","max-snippet":"max-snippet:-1","max-image-preview":"max-image-preview:large","max-video-preview":"max-video-preview:-1"},"canonical":"https:\/\/www.overtheclouds.eu\/index.php\/2022\/08\/09\/camporrells-petit-peric-el-pam\/","og_locale":"es_ES","og_type":"article","og_title":"Camporrells-Petit Peric-El Pam &#8211; Over the Clouds","og_description":"Camporrells-Petit Peric-El Pam &#8211; - &#8211; Extraordinary routes for ordinary bikers","og_url":"https:\/\/www.overtheclouds.eu\/index.php\/2022\/08\/09\/camporrells-petit-peric-el-pam\/","og_site_name":"Over the Clouds","article_published_time":"2022-08-09T10:51:16+00:00","article_modified_time":"2022-08-09T10:51:18+00:00","og_image":[{"width":2560,"height":1442,"url":"https:\/\/www.overtheclouds.eu\/wp-content\/uploads\/2022\/08\/DSC09111-scaled.jpg","type":"image\/jpeg"}],"author":"Jaume","twitter_card":"summary_large_image","twitter_misc":{"Escrito por":"Jaume","Tiempo de lectura":"3 minutos"},"schema":{"@context":"https:\/\/schema.org","@graph":[{"@type":"Article","@id":"https:\/\/www.overtheclouds.eu\/index.php\/2022\/08\/09\/camporrells-petit-peric-el-pam\/#article","isPartOf":{"@id":"https:\/\/www.overtheclouds.eu\/index.php\/2022\/08\/09\/camporrells-petit-peric-el-pam\/"},"author":{"name":"Jaume","@id":"https:\/\/www.overtheclouds.eu\/#\/schema\/person\/283fe644ef85985e7a0cad3f42b6cc63"},"headline":"Camporrells-Petit Peric-El Pam","datePublished":"2022-08-09T10:51:16+00:00","dateModified":"2022-08-09T10:51:18+00:00","mainEntityOfPage":{"@id":"https:\/\/www.overtheclouds.eu\/index.php\/2022\/08\/09\/camporrells-petit-peric-el-pam\/"},"wordCount":656,"commentCount":0,"publisher":{"@id":"https:\/\/www.overtheclouds.eu\/#organization"},"image":{"@id":"https:\/\/www.overtheclouds.eu\/index.php\/2022\/08\/09\/camporrells-petit-peric-el-pam\/#primaryimage"},"thumbnailUrl":"https:\/\/www.overtheclouds.eu\/wp-content\/uploads\/2022\/08\/DSC09111-scaled.jpg","articleSection":["-","\u26f0 &gt;2501m","Negra (Molt dif\u00edcil)","Pirineu franc\u00e8s","\ud83d\udeb2 90-95%"],"inLanguage":"es","potentialAction":[{"@type":"CommentAction","name":"Comment","target":["https:\/\/www.overtheclouds.eu\/index.php\/2022\/08\/09\/camporrells-petit-peric-el-pam\/#respond"]}]},{"@type":"WebPage","@id":"https:\/\/www.overtheclouds.eu\/index.php\/2022\/08\/09\/camporrells-petit-peric-el-pam\/","url":"https:\/\/www.overtheclouds.eu\/index.php\/2022\/08\/09\/camporrells-petit-peric-el-pam\/","name":"Camporrells-Petit Peric-El Pam &#8211; Over the Clouds","isPartOf":{"@id":"https:\/\/www.overtheclouds.eu\/#website"},"primaryImageOfPage":{"@id":"https:\/\/www.overtheclouds.eu\/index.php\/2022\/08\/09\/camporrells-petit-peric-el-pam\/#primaryimage"},"image":{"@id":"https:\/\/www.overtheclouds.eu\/index.php\/2022\/08\/09\/camporrells-petit-peric-el-pam\/#primaryimage"},"thumbnailUrl":"https:\/\/www.overtheclouds.eu\/wp-content\/uploads\/2022\/08\/DSC09111-scaled.jpg","datePublished":"2022-08-09T10:51:16+00:00","dateModified":"2022-08-09T10:51:18+00:00","description":"Camporrells-Petit Peric-El Pam &#8211; - &#8211; Extraordinary routes for ordinary bikers","breadcrumb":{"@id":"https:\/\/www.overtheclouds.eu\/index.php\/2022\/08\/09\/camporrells-petit-peric-el-pam\/#breadcrumb"},"inLanguage":"es","potentialAction":[{"@type":"ReadAction","target":["https:\/\/www.overtheclouds.eu\/index.php\/2022\/08\/09\/camporrells-petit-peric-el-pam\/"]}]},{"@type":"ImageObject","inLanguage":"es","@id":"https:\/\/www.overtheclouds.eu\/index.php\/2022\/08\/09\/camporrells-petit-peric-el-pam\/#primaryimage","url":"https:\/\/www.overtheclouds.eu\/wp-content\/uploads\/2022\/08\/DSC09111-scaled.jpg","contentUrl":"https:\/\/www.overtheclouds.eu\/wp-content\/uploads\/2022\/08\/DSC09111-scaled.jpg","width":2560,"height":1442},{"@type":"BreadcrumbList","@id":"https:\/\/www.overtheclouds.eu\/index.php\/2022\/08\/09\/camporrells-petit-peric-el-pam\/#breadcrumb","itemListElement":[{"@type":"ListItem","position":1,"name":"Inici","item":"https:\/\/www.overtheclouds.eu\/"},{"@type":"ListItem","position":2,"name":"-","item":"https:\/\/www.overtheclouds.eu\/index.php\/category\/sin-categoria\/"},{"@type":"ListItem","position":3,"name":"Camporrells-Petit Peric-El Pam"}]},{"@type":"WebSite","@id":"https:\/\/www.overtheclouds.eu\/#website","url":"https:\/\/www.overtheclouds.eu\/","name":"Over the Clouds","description":"El plaer de rec\u00f3rrer valls, carenes i assolir cims","publisher":{"@id":"https:\/\/www.overtheclouds.eu\/#organization"},"potentialAction":[{"@type":"SearchAction","target":{"@type":"EntryPoint","urlTemplate":"https:\/\/www.overtheclouds.eu\/?s={search_term_string}"},"query-input":"required name=search_term_string"}],"inLanguage":"es"},{"@type":"Organization","@id":"https:\/\/www.overtheclouds.eu\/#organization","name":"Over the Clouds","url":"https:\/\/www.overtheclouds.eu\/","logo":{"@type":"ImageObject","inLanguage":"es","@id":"https:\/\/www.overtheclouds.eu\/#\/schema\/logo\/image\/","url":"https:\/\/www.overtheclouds.eu\/wp-content\/uploads\/2020\/02\/logo-4.png","contentUrl":"https:\/\/www.overtheclouds.eu\/wp-content\/uploads\/2020\/02\/logo-4.png","width":612,"height":418,"caption":"Over the Clouds"},"image":{"@id":"https:\/\/www.overtheclouds.eu\/#\/schema\/logo\/image\/"}},{"@type":"Person","@id":"https:\/\/www.overtheclouds.eu\/#\/schema\/person\/283fe644ef85985e7a0cad3f42b6cc63","name":"Jaume","image":{"@type":"ImageObject","inLanguage":"es","@id":"https:\/\/www.overtheclouds.eu\/#\/schema\/person\/image\/","url":"https:\/\/secure.gravatar.com\/avatar\/86c0905ad41bd45ffed5903a626e36c9?s=96&d=blank&r=g","contentUrl":"https:\/\/secure.gravatar.com\/avatar\/86c0905ad41bd45ffed5903a626e36c9?s=96&d=blank&r=g","caption":"Jaume"}}]}},"_links":{"self":[{"href":"https:\/\/www.overtheclouds.eu\/index.php\/wp-json\/wp\/v2\/posts\/2117"}],"collection":[{"href":"https:\/\/www.overtheclouds.eu\/index.php\/wp-json\/wp\/v2\/posts"}],"about":[{"href":"https:\/\/www.overtheclouds.eu\/index.php\/wp-json\/wp\/v2\/types\/post"}],"author":[{"embeddable":true,"href":"https:\/\/www.overtheclouds.eu\/index.php\/wp-json\/wp\/v2\/users\/2"}],"replies":[{"embeddable":true,"href":"https:\/\/www.overtheclouds.eu\/index.php\/wp-json\/wp\/v2\/comments?post=2117"}],"version-history":[{"count":2,"href":"https:\/\/www.overtheclouds.eu\/index.php\/wp-json\/wp\/v2\/posts\/2117\/revisions"}],"predecessor-version":[{"id":2122,"href":"https:\/\/www.overtheclouds.eu\/index.php\/wp-json\/wp\/v2\/posts\/2117\/revisions\/2122"}],"wp:featuredmedia":[{"embeddable":true,"href":"https:\/\/www.overtheclouds.eu\/index.php\/wp-json\/wp\/v2\/media\/2121"}],"wp:attachment":[{"href":"https:\/\/www.overtheclouds.eu\/index.php\/wp-json\/wp\/v2\/media?parent=2117"}],"wp:term":[{"taxonomy":"category","embeddable":true,"href":"https:\/\/www.overtheclouds.eu\/index.php\/wp-json\/wp\/v2\/categories?post=2117"},{"taxonomy":"post_tag","embeddable":true,"href":"https:\/\/www.overtheclouds.eu\/index.php\/wp-json\/wp\/v2\/tags?post=2117"}],"curies":[{"name":"wp","href":"https:\/\/api.w.org\/{rel}","templated":true}]}}