{"id":2110,"date":"2022-07-08T18:01:55","date_gmt":"2022-07-08T16:01:55","guid":{"rendered":"http:\/\/www.overtheclouds.eu\/?p=2110"},"modified":"2022-07-08T18:01:57","modified_gmt":"2022-07-08T16:01:57","slug":"el-tuc-de-salana-pel-pletiu-de-salana","status":"publish","type":"post","link":"https:\/\/www.overtheclouds.eu\/index.php\/2022\/07\/08\/el-tuc-de-salana-pel-pletiu-de-salana\/","title":{"rendered":"El Tuc de Salana pel Pletiu de Salana"},"content":{"rendered":"\n<h4 class=\"wp-block-heading\">Al\u00e7ada m\u00e0xima de la ruta:<\/h4>\n\n\n\n<p>2.486 metres<\/p>\n\n\n\n<h4 class=\"wp-block-heading\">Descripci\u00f3 breu:<\/h4>\n\n\n\n<p>Dura pujada a un dels cims m\u00e9s caracter\u00edstics de l&#8217;Aran per la seva situaci\u00f3. \u00c9s un cim piramidal que s&#8217;observa des de molts indrets del Naut Aran. El punt de sortida i arribada \u00e9s l&#8217;ampli aparcament situat al costat de la central hidroel\u00e8ctrica d&#8217;Arties. Per a pujar-hi segueixo la pista de la vall de Valarties i segueixo pujant per la pista que s&#8217;endinsa al preci\u00f3s bosc de Loseron i la zona de prats del mateix nom. Passada aquesta zona de pastures deixo a la dreta la pista de Montcasau i segueixo per la que puja a la zona de pastures de Pr\u00fcedo on hi trobo una cabana i una abundosa i fresca font. Passo prop del Coret de Pr\u00fcedo i poc despr\u00e9s deixo la pista per iniciar la dura pujada cap el Pletiu de Salana. El sender en tot aquest tram \u00e9s for\u00e7a marcat i ciclable. Un cop superada aquesta zona de pastures, deixo el sender que puja directa al cim i vorejo per un poc marcat corriol for\u00e7a planer el Tuc de Salana pel seu vessant oest fins assolir el coll de Salana. a partir d&#8217;aqu\u00ed inicio la dur\u00edssima pujada cap el cim pel seu vessant sud tot fent marrades per un pendent herbat for\u00e7a ciclable. Per la seva situaci\u00f3 les panor\u00e0miques s\u00f3n extraordin\u00e0ries als quatres vents. Torno a baixar pel mateix cam\u00ed fins el coll i a partir d&#8217;aqu\u00ed baixo en direcc\u00f3 oest cap a la clotada d&#8217;Eth Corrau des Machos. \u00c9s de bon baixar. No hi ha cam\u00ed per\u00f2 al ser zona de pastures es va baixant for\u00e7a c\u00f2modament fins a trobar la pista que comunica Pr\u00fcedo amb Aiguam\u00f2g. La segueixo fins a prop de Tred\u00f3s on agafo un tram de l&#8217;antic cam\u00ed per fer drecera. A partir d&#8217;aqu\u00ed per pistes f\u00e0cils retorno a Arties. Comentar que el tram del Pletiu de Salana i la pujada al cim s\u00f3n for\u00e7a durs i t\u00e8cnics pel que cal una bona preparaci\u00f3 per a superar-los. Ara b\u00e9 l&#8217;esfor\u00e7 val la pena amb les grans panor\u00e0miques que ofereix aquest cim tan emblem\u00e0tic.<\/p>\n\n\n\n<h4 class=\"wp-block-heading\">\u00c0rea geogr\u00e0fica:<\/h4>\n\n\n\n<p>Val d&#8217;Aran<\/p>\n\n\n\n<h4 class=\"wp-block-heading\">Ciclabilitat:<\/h4>\n\n\n\n<div class=\"wptime-plugin-progress-wrap\" style=\"max-width:300px;margin-bottom:30px;\"><div class=\"wptime-plugin-progress-bar\" style=\"background:#0fa628;width:95%;\"><\/div><span>Ciclabilitat 95%<\/span><\/div>\n\n\n\n<h4 class=\"wp-block-heading\">Dificultat:<\/h4>\n\n\n\n<p class=\"verda\"><\/p>\n\n\n\n<p class=\"blava\"><\/p>\n\n\n\n<p class=\"vermella\">Negra<\/p>\n\n\n\n<div class=\"wp-block-group\"><div class=\"wp-block-group__inner-container is-layout-flow wp-block-group-is-layout-flow\">\n<h4 class=\"wp-block-heading\">Briefing de la ruta<\/h4>\n\n\n<\/div><\/div>\n\n\n\n<div class=\"wp-block-group\"><div class=\"wp-block-group__inner-container is-layout-flow wp-block-group-is-layout-flow\">\n<h4 class=\"wp-block-heading\">V\u00eddeo de la ruta<\/h4>\n\n\n\n<figure class=\"wp-block-embed is-type-video is-provider-youtube wp-block-embed-youtube wp-embed-aspect-16-9 wp-has-aspect-ratio\"><div class=\"wp-block-embed__wrapper\">\n<iframe loading=\"lazy\" title=\"En BTT pel Pirineu: El Tuc de Salana per la vall de Valarties\" width=\"820\" height=\"461\" src=\"https:\/\/www.youtube.com\/embed\/9F9VhCuciL8?feature=oembed\" frameborder=\"0\" allow=\"accelerometer; autoplay; clipboard-write; encrypted-media; gyroscope; picture-in-picture\" allowfullscreen><\/iframe>\n<\/div><\/figure>\n<\/div><\/div>\n\n\n\n<div class=\"wp-block-group\"><div class=\"wp-block-group__inner-container is-layout-flow wp-block-group-is-layout-flow\">\n<h4 class=\"wp-block-heading\">Descarrega el track de la ruta<\/h4>\n\n\n\n<div class=\"wp-block-file\"><a id=\"wp-block-file--media-7729e6b2-51ea-4798-bf2d-7805f1d381fe\" href=\"http:\/\/www.overtheclouds.eu\/wp-content\/uploads\/2022\/07\/22-07-03-Valarties-Tuc-de-Salana-Aiguamog.gpx\">22-07-03-Valarties-Tuc-de-Salana-Aiguamog<\/a><a href=\"http:\/\/www.overtheclouds.eu\/wp-content\/uploads\/2022\/07\/22-07-03-Valarties-Tuc-de-Salana-Aiguamog.gpx\" class=\"wp-block-file__button\" download aria-describedby=\"wp-block-file--media-7729e6b2-51ea-4798-bf2d-7805f1d381fe\">Descarrega<\/a><\/div>\n<\/div><\/div>\n\n\n\n<div class=\"wp-block-group\"><div class=\"wp-block-group__inner-container is-layout-flow wp-block-group-is-layout-flow\">\n<h4 class=\"wp-block-heading\">Galeria d&#8217;imatges<\/h4>\n<\/div><\/div>\n\n\n<div class='photonic-google-stream photonic-stream ' id='photonic-google-stream-1'>\n\r\n<div class='photonic-error photonic-google-error' id='photonic-google-error-1'>\r\n\t<span class='photonic-error-icon photonic-icon'>&nbsp;<\/span>\r\n\t<div class='photonic-message'>\r\n\t\tNo se pudo obtener datos. Error:<br \/><code>\nRequest had insufficient authentication scopes.<\/code><br \/>\n\r\n\t<\/div>\r\n<\/div>\n\n<\/div><!-- .photonic-stream or .photonic-panel -->\n\n\n<p>&nbsp;<\/p>","protected":false},"excerpt":{"rendered":"<p>Al\u00e7ada m\u00e0xima de la ruta: 2.486 metres Descripci\u00f3 breu: Dura pujada a un dels cims m\u00e9s caracter\u00edstics de l&#8217;Aran per la seva situaci\u00f3. \u00c9s un cim piramidal que s&#8217;observa des de molts indrets del Naut Aran. El punt de sortida &hellip; <a href=\"https:\/\/www.overtheclouds.eu\/index.php\/2022\/07\/08\/el-tuc-de-salana-pel-pletiu-de-salana\/\" class=\"more-link\"><span class=\"more-button\">TOTA LA RUTA AQU\u00cd<span class=\"screen-reader-text\">El Tuc de Salana pel Pletiu de Salana<\/span><\/span><\/a><\/p>\n","protected":false},"author":2,"featured_media":2114,"comment_status":"open","ping_status":"closed","sticky":false,"template":"","format":"standard","meta":{"_exactmetrics_skip_tracking":false,"_exactmetrics_sitenote_active":false,"_exactmetrics_sitenote_note":"","_exactmetrics_sitenote_category":0,"footnotes":""},"categories":[1,17,15,3,21],"tags":[],"yoast_head":"<!-- This site is optimized with the Yoast SEO plugin v22.7 - https:\/\/yoast.com\/wordpress\/plugins\/seo\/ -->\n<title>El Tuc de Salana pel Pletiu de Salana &#8211; Over the Clouds<\/title>\n<meta name=\"description\" content=\"El Tuc de Salana pel Pletiu de Salana &#8211; - &#8211; Extraordinary routes for ordinary bikers\" \/>\n<meta name=\"robots\" content=\"index, follow, max-snippet:-1, max-image-preview:large, max-video-preview:-1\" \/>\n<link rel=\"canonical\" href=\"https:\/\/www.overtheclouds.eu\/index.php\/2022\/07\/08\/el-tuc-de-salana-pel-pletiu-de-salana\/\" \/>\n<meta property=\"og:locale\" content=\"es_ES\" \/>\n<meta property=\"og:type\" content=\"article\" \/>\n<meta property=\"og:title\" content=\"El Tuc de Salana pel Pletiu de Salana &#8211; Over the Clouds\" \/>\n<meta property=\"og:description\" content=\"El Tuc de Salana pel Pletiu de Salana &#8211; - &#8211; Extraordinary routes for ordinary bikers\" \/>\n<meta property=\"og:url\" content=\"https:\/\/www.overtheclouds.eu\/index.php\/2022\/07\/08\/el-tuc-de-salana-pel-pletiu-de-salana\/\" \/>\n<meta property=\"og:site_name\" content=\"Over the Clouds\" \/>\n<meta property=\"article:published_time\" content=\"2022-07-08T16:01:55+00:00\" \/>\n<meta property=\"article:modified_time\" content=\"2022-07-08T16:01:57+00:00\" \/>\n<meta property=\"og:image\" content=\"https:\/\/www.overtheclouds.eu\/wp-content\/uploads\/2022\/07\/DSC08836-scaled.jpg\" \/>\n\t<meta property=\"og:image:width\" content=\"2560\" \/>\n\t<meta property=\"og:image:height\" content=\"1442\" \/>\n\t<meta property=\"og:image:type\" content=\"image\/jpeg\" \/>\n<meta name=\"author\" content=\"Jaume\" \/>\n<meta name=\"twitter:card\" content=\"summary_large_image\" \/>\n<meta name=\"twitter:label1\" content=\"Escrito por\" \/>\n\t<meta name=\"twitter:data1\" content=\"Jaume\" \/>\n\t<meta name=\"twitter:label2\" content=\"Tiempo de lectura\" \/>\n\t<meta name=\"twitter:data2\" content=\"2 minutos\" \/>\n<script type=\"application\/ld+json\" class=\"yoast-schema-graph\">{\"@context\":\"https:\/\/schema.org\",\"@graph\":[{\"@type\":\"Article\",\"@id\":\"https:\/\/www.overtheclouds.eu\/index.php\/2022\/07\/08\/el-tuc-de-salana-pel-pletiu-de-salana\/#article\",\"isPartOf\":{\"@id\":\"https:\/\/www.overtheclouds.eu\/index.php\/2022\/07\/08\/el-tuc-de-salana-pel-pletiu-de-salana\/\"},\"author\":{\"name\":\"Jaume\",\"@id\":\"https:\/\/www.overtheclouds.eu\/#\/schema\/person\/283fe644ef85985e7a0cad3f42b6cc63\"},\"headline\":\"El Tuc de Salana pel Pletiu de Salana\",\"datePublished\":\"2022-07-08T16:01:55+00:00\",\"dateModified\":\"2022-07-08T16:01:57+00:00\",\"mainEntityOfPage\":{\"@id\":\"https:\/\/www.overtheclouds.eu\/index.php\/2022\/07\/08\/el-tuc-de-salana-pel-pletiu-de-salana\/\"},\"wordCount\":438,\"commentCount\":0,\"publisher\":{\"@id\":\"https:\/\/www.overtheclouds.eu\/#organization\"},\"image\":{\"@id\":\"https:\/\/www.overtheclouds.eu\/index.php\/2022\/07\/08\/el-tuc-de-salana-pel-pletiu-de-salana\/#primaryimage\"},\"thumbnailUrl\":\"https:\/\/www.overtheclouds.eu\/wp-content\/uploads\/2022\/07\/DSC08836-scaled.jpg\",\"articleSection\":[\"-\",\"\u26f0 1501-2500m\",\"Negra (Molt dif\u00edcil)\",\"Pirineu catal\u00e0\",\"\ud83d\udeb2 90-95%\"],\"inLanguage\":\"es\",\"potentialAction\":[{\"@type\":\"CommentAction\",\"name\":\"Comment\",\"target\":[\"https:\/\/www.overtheclouds.eu\/index.php\/2022\/07\/08\/el-tuc-de-salana-pel-pletiu-de-salana\/#respond\"]}]},{\"@type\":\"WebPage\",\"@id\":\"https:\/\/www.overtheclouds.eu\/index.php\/2022\/07\/08\/el-tuc-de-salana-pel-pletiu-de-salana\/\",\"url\":\"https:\/\/www.overtheclouds.eu\/index.php\/2022\/07\/08\/el-tuc-de-salana-pel-pletiu-de-salana\/\",\"name\":\"El Tuc de Salana pel Pletiu de Salana &#8211; Over the Clouds\",\"isPartOf\":{\"@id\":\"https:\/\/www.overtheclouds.eu\/#website\"},\"primaryImageOfPage\":{\"@id\":\"https:\/\/www.overtheclouds.eu\/index.php\/2022\/07\/08\/el-tuc-de-salana-pel-pletiu-de-salana\/#primaryimage\"},\"image\":{\"@id\":\"https:\/\/www.overtheclouds.eu\/index.php\/2022\/07\/08\/el-tuc-de-salana-pel-pletiu-de-salana\/#primaryimage\"},\"thumbnailUrl\":\"https:\/\/www.overtheclouds.eu\/wp-content\/uploads\/2022\/07\/DSC08836-scaled.jpg\",\"datePublished\":\"2022-07-08T16:01:55+00:00\",\"dateModified\":\"2022-07-08T16:01:57+00:00\",\"description\":\"El Tuc de Salana pel Pletiu de Salana &#8211; - &#8211; Extraordinary routes for ordinary bikers\",\"breadcrumb\":{\"@id\":\"https:\/\/www.overtheclouds.eu\/index.php\/2022\/07\/08\/el-tuc-de-salana-pel-pletiu-de-salana\/#breadcrumb\"},\"inLanguage\":\"es\",\"potentialAction\":[{\"@type\":\"ReadAction\",\"target\":[\"https:\/\/www.overtheclouds.eu\/index.php\/2022\/07\/08\/el-tuc-de-salana-pel-pletiu-de-salana\/\"]}]},{\"@type\":\"ImageObject\",\"inLanguage\":\"es\",\"@id\":\"https:\/\/www.overtheclouds.eu\/index.php\/2022\/07\/08\/el-tuc-de-salana-pel-pletiu-de-salana\/#primaryimage\",\"url\":\"https:\/\/www.overtheclouds.eu\/wp-content\/uploads\/2022\/07\/DSC08836-scaled.jpg\",\"contentUrl\":\"https:\/\/www.overtheclouds.eu\/wp-content\/uploads\/2022\/07\/DSC08836-scaled.jpg\",\"width\":2560,\"height\":1442},{\"@type\":\"BreadcrumbList\",\"@id\":\"https:\/\/www.overtheclouds.eu\/index.php\/2022\/07\/08\/el-tuc-de-salana-pel-pletiu-de-salana\/#breadcrumb\",\"itemListElement\":[{\"@type\":\"ListItem\",\"position\":1,\"name\":\"Inici\",\"item\":\"https:\/\/www.overtheclouds.eu\/\"},{\"@type\":\"ListItem\",\"position\":2,\"name\":\"-\",\"item\":\"https:\/\/www.overtheclouds.eu\/index.php\/category\/sin-categoria\/\"},{\"@type\":\"ListItem\",\"position\":3,\"name\":\"El Tuc de Salana pel Pletiu de Salana\"}]},{\"@type\":\"WebSite\",\"@id\":\"https:\/\/www.overtheclouds.eu\/#website\",\"url\":\"https:\/\/www.overtheclouds.eu\/\",\"name\":\"Over the Clouds\",\"description\":\"El plaer de rec\u00f3rrer valls, carenes i assolir cims\",\"publisher\":{\"@id\":\"https:\/\/www.overtheclouds.eu\/#organization\"},\"potentialAction\":[{\"@type\":\"SearchAction\",\"target\":{\"@type\":\"EntryPoint\",\"urlTemplate\":\"https:\/\/www.overtheclouds.eu\/?s={search_term_string}\"},\"query-input\":\"required name=search_term_string\"}],\"inLanguage\":\"es\"},{\"@type\":\"Organization\",\"@id\":\"https:\/\/www.overtheclouds.eu\/#organization\",\"name\":\"Over the Clouds\",\"url\":\"https:\/\/www.overtheclouds.eu\/\",\"logo\":{\"@type\":\"ImageObject\",\"inLanguage\":\"es\",\"@id\":\"https:\/\/www.overtheclouds.eu\/#\/schema\/logo\/image\/\",\"url\":\"https:\/\/www.overtheclouds.eu\/wp-content\/uploads\/2020\/02\/logo-4.png\",\"contentUrl\":\"https:\/\/www.overtheclouds.eu\/wp-content\/uploads\/2020\/02\/logo-4.png\",\"width\":612,\"height\":418,\"caption\":\"Over the Clouds\"},\"image\":{\"@id\":\"https:\/\/www.overtheclouds.eu\/#\/schema\/logo\/image\/\"}},{\"@type\":\"Person\",\"@id\":\"https:\/\/www.overtheclouds.eu\/#\/schema\/person\/283fe644ef85985e7a0cad3f42b6cc63\",\"name\":\"Jaume\",\"image\":{\"@type\":\"ImageObject\",\"inLanguage\":\"es\",\"@id\":\"https:\/\/www.overtheclouds.eu\/#\/schema\/person\/image\/\",\"url\":\"https:\/\/secure.gravatar.com\/avatar\/86c0905ad41bd45ffed5903a626e36c9?s=96&d=blank&r=g\",\"contentUrl\":\"https:\/\/secure.gravatar.com\/avatar\/86c0905ad41bd45ffed5903a626e36c9?s=96&d=blank&r=g\",\"caption\":\"Jaume\"}}]}<\/script>\n<!-- \/ Yoast SEO plugin. -->","yoast_head_json":{"title":"El Tuc de Salana pel Pletiu de Salana &#8211; Over the Clouds","description":"El Tuc de Salana pel Pletiu de Salana &#8211; - &#8211; Extraordinary routes for ordinary bikers","robots":{"index":"index","follow":"follow","max-snippet":"max-snippet:-1","max-image-preview":"max-image-preview:large","max-video-preview":"max-video-preview:-1"},"canonical":"https:\/\/www.overtheclouds.eu\/index.php\/2022\/07\/08\/el-tuc-de-salana-pel-pletiu-de-salana\/","og_locale":"es_ES","og_type":"article","og_title":"El Tuc de Salana pel Pletiu de Salana &#8211; Over the Clouds","og_description":"El Tuc de Salana pel Pletiu de Salana &#8211; - &#8211; Extraordinary routes for ordinary bikers","og_url":"https:\/\/www.overtheclouds.eu\/index.php\/2022\/07\/08\/el-tuc-de-salana-pel-pletiu-de-salana\/","og_site_name":"Over the Clouds","article_published_time":"2022-07-08T16:01:55+00:00","article_modified_time":"2022-07-08T16:01:57+00:00","og_image":[{"width":2560,"height":1442,"url":"https:\/\/www.overtheclouds.eu\/wp-content\/uploads\/2022\/07\/DSC08836-scaled.jpg","type":"image\/jpeg"}],"author":"Jaume","twitter_card":"summary_large_image","twitter_misc":{"Escrito por":"Jaume","Tiempo de lectura":"2 minutos"},"schema":{"@context":"https:\/\/schema.org","@graph":[{"@type":"Article","@id":"https:\/\/www.overtheclouds.eu\/index.php\/2022\/07\/08\/el-tuc-de-salana-pel-pletiu-de-salana\/#article","isPartOf":{"@id":"https:\/\/www.overtheclouds.eu\/index.php\/2022\/07\/08\/el-tuc-de-salana-pel-pletiu-de-salana\/"},"author":{"name":"Jaume","@id":"https:\/\/www.overtheclouds.eu\/#\/schema\/person\/283fe644ef85985e7a0cad3f42b6cc63"},"headline":"El Tuc de Salana pel Pletiu de Salana","datePublished":"2022-07-08T16:01:55+00:00","dateModified":"2022-07-08T16:01:57+00:00","mainEntityOfPage":{"@id":"https:\/\/www.overtheclouds.eu\/index.php\/2022\/07\/08\/el-tuc-de-salana-pel-pletiu-de-salana\/"},"wordCount":438,"commentCount":0,"publisher":{"@id":"https:\/\/www.overtheclouds.eu\/#organization"},"image":{"@id":"https:\/\/www.overtheclouds.eu\/index.php\/2022\/07\/08\/el-tuc-de-salana-pel-pletiu-de-salana\/#primaryimage"},"thumbnailUrl":"https:\/\/www.overtheclouds.eu\/wp-content\/uploads\/2022\/07\/DSC08836-scaled.jpg","articleSection":["-","\u26f0 1501-2500m","Negra (Molt dif\u00edcil)","Pirineu catal\u00e0","\ud83d\udeb2 90-95%"],"inLanguage":"es","potentialAction":[{"@type":"CommentAction","name":"Comment","target":["https:\/\/www.overtheclouds.eu\/index.php\/2022\/07\/08\/el-tuc-de-salana-pel-pletiu-de-salana\/#respond"]}]},{"@type":"WebPage","@id":"https:\/\/www.overtheclouds.eu\/index.php\/2022\/07\/08\/el-tuc-de-salana-pel-pletiu-de-salana\/","url":"https:\/\/www.overtheclouds.eu\/index.php\/2022\/07\/08\/el-tuc-de-salana-pel-pletiu-de-salana\/","name":"El Tuc de Salana pel Pletiu de Salana &#8211; Over the Clouds","isPartOf":{"@id":"https:\/\/www.overtheclouds.eu\/#website"},"primaryImageOfPage":{"@id":"https:\/\/www.overtheclouds.eu\/index.php\/2022\/07\/08\/el-tuc-de-salana-pel-pletiu-de-salana\/#primaryimage"},"image":{"@id":"https:\/\/www.overtheclouds.eu\/index.php\/2022\/07\/08\/el-tuc-de-salana-pel-pletiu-de-salana\/#primaryimage"},"thumbnailUrl":"https:\/\/www.overtheclouds.eu\/wp-content\/uploads\/2022\/07\/DSC08836-scaled.jpg","datePublished":"2022-07-08T16:01:55+00:00","dateModified":"2022-07-08T16:01:57+00:00","description":"El Tuc de Salana pel Pletiu de Salana &#8211; - &#8211; Extraordinary routes for ordinary bikers","breadcrumb":{"@id":"https:\/\/www.overtheclouds.eu\/index.php\/2022\/07\/08\/el-tuc-de-salana-pel-pletiu-de-salana\/#breadcrumb"},"inLanguage":"es","potentialAction":[{"@type":"ReadAction","target":["https:\/\/www.overtheclouds.eu\/index.php\/2022\/07\/08\/el-tuc-de-salana-pel-pletiu-de-salana\/"]}]},{"@type":"ImageObject","inLanguage":"es","@id":"https:\/\/www.overtheclouds.eu\/index.php\/2022\/07\/08\/el-tuc-de-salana-pel-pletiu-de-salana\/#primaryimage","url":"https:\/\/www.overtheclouds.eu\/wp-content\/uploads\/2022\/07\/DSC08836-scaled.jpg","contentUrl":"https:\/\/www.overtheclouds.eu\/wp-content\/uploads\/2022\/07\/DSC08836-scaled.jpg","width":2560,"height":1442},{"@type":"BreadcrumbList","@id":"https:\/\/www.overtheclouds.eu\/index.php\/2022\/07\/08\/el-tuc-de-salana-pel-pletiu-de-salana\/#breadcrumb","itemListElement":[{"@type":"ListItem","position":1,"name":"Inici","item":"https:\/\/www.overtheclouds.eu\/"},{"@type":"ListItem","position":2,"name":"-","item":"https:\/\/www.overtheclouds.eu\/index.php\/category\/sin-categoria\/"},{"@type":"ListItem","position":3,"name":"El Tuc de Salana pel Pletiu de Salana"}]},{"@type":"WebSite","@id":"https:\/\/www.overtheclouds.eu\/#website","url":"https:\/\/www.overtheclouds.eu\/","name":"Over the Clouds","description":"El plaer de rec\u00f3rrer valls, carenes i assolir cims","publisher":{"@id":"https:\/\/www.overtheclouds.eu\/#organization"},"potentialAction":[{"@type":"SearchAction","target":{"@type":"EntryPoint","urlTemplate":"https:\/\/www.overtheclouds.eu\/?s={search_term_string}"},"query-input":"required name=search_term_string"}],"inLanguage":"es"},{"@type":"Organization","@id":"https:\/\/www.overtheclouds.eu\/#organization","name":"Over the Clouds","url":"https:\/\/www.overtheclouds.eu\/","logo":{"@type":"ImageObject","inLanguage":"es","@id":"https:\/\/www.overtheclouds.eu\/#\/schema\/logo\/image\/","url":"https:\/\/www.overtheclouds.eu\/wp-content\/uploads\/2020\/02\/logo-4.png","contentUrl":"https:\/\/www.overtheclouds.eu\/wp-content\/uploads\/2020\/02\/logo-4.png","width":612,"height":418,"caption":"Over the Clouds"},"image":{"@id":"https:\/\/www.overtheclouds.eu\/#\/schema\/logo\/image\/"}},{"@type":"Person","@id":"https:\/\/www.overtheclouds.eu\/#\/schema\/person\/283fe644ef85985e7a0cad3f42b6cc63","name":"Jaume","image":{"@type":"ImageObject","inLanguage":"es","@id":"https:\/\/www.overtheclouds.eu\/#\/schema\/person\/image\/","url":"https:\/\/secure.gravatar.com\/avatar\/86c0905ad41bd45ffed5903a626e36c9?s=96&d=blank&r=g","contentUrl":"https:\/\/secure.gravatar.com\/avatar\/86c0905ad41bd45ffed5903a626e36c9?s=96&d=blank&r=g","caption":"Jaume"}}]}},"_links":{"self":[{"href":"https:\/\/www.overtheclouds.eu\/index.php\/wp-json\/wp\/v2\/posts\/2110"}],"collection":[{"href":"https:\/\/www.overtheclouds.eu\/index.php\/wp-json\/wp\/v2\/posts"}],"about":[{"href":"https:\/\/www.overtheclouds.eu\/index.php\/wp-json\/wp\/v2\/types\/post"}],"author":[{"embeddable":true,"href":"https:\/\/www.overtheclouds.eu\/index.php\/wp-json\/wp\/v2\/users\/2"}],"replies":[{"embeddable":true,"href":"https:\/\/www.overtheclouds.eu\/index.php\/wp-json\/wp\/v2\/comments?post=2110"}],"version-history":[{"count":2,"href":"https:\/\/www.overtheclouds.eu\/index.php\/wp-json\/wp\/v2\/posts\/2110\/revisions"}],"predecessor-version":[{"id":2115,"href":"https:\/\/www.overtheclouds.eu\/index.php\/wp-json\/wp\/v2\/posts\/2110\/revisions\/2115"}],"wp:featuredmedia":[{"embeddable":true,"href":"https:\/\/www.overtheclouds.eu\/index.php\/wp-json\/wp\/v2\/media\/2114"}],"wp:attachment":[{"href":"https:\/\/www.overtheclouds.eu\/index.php\/wp-json\/wp\/v2\/media?parent=2110"}],"wp:term":[{"taxonomy":"category","embeddable":true,"href":"https:\/\/www.overtheclouds.eu\/index.php\/wp-json\/wp\/v2\/categories?post=2110"},{"taxonomy":"post_tag","embeddable":true,"href":"https:\/\/www.overtheclouds.eu\/index.php\/wp-json\/wp\/v2\/tags?post=2110"}],"curies":[{"name":"wp","href":"https:\/\/api.w.org\/{rel}","templated":true}]}}