{"id":2018,"date":"2022-06-10T19:11:21","date_gmt":"2022-06-10T17:11:21","guid":{"rendered":"http:\/\/www.overtheclouds.eu\/?p=2018"},"modified":"2022-06-10T19:22:17","modified_gmt":"2022-06-10T17:22:17","slug":"pic-de-ginevre-i-puig-del-pla-bernat","status":"publish","type":"post","link":"https:\/\/www.overtheclouds.eu\/index.php\/2022\/06\/10\/pic-de-ginevre-i-puig-del-pla-bernat\/","title":{"rendered":"Pic de Gin\u00e8vre i Puig del Pla Bernat"},"content":{"rendered":"\n<h4 class=\"wp-block-heading\">Al\u00e7ada m\u00e0xima de la ruta:<\/h4>\n\n\n\n<p>2440 metres<\/p>\n\n\n\n<h4 class=\"wp-block-heading\">Descripci\u00f3 breu:<\/h4>\n\n\n\n<p>Bonica matinal a uns cims in\u00e8dits amb bici. la pujada per les pistes es pot fer per on es vulgui tot seguint les pistes de servei encara en bon estat. Del Pic de Gin\u00e8vre vers el Puig de pla Bernat tot i que es una mica perdedor es van trobant caminets. La Pujada a aquesta darrer cim es f\u00e0cil per\u00f2 costeruda. A la baixada cal parar atenci\u00f3 i desviar-se for\u00e7a a la dreta per anar a cercar un petit collet invisible fins que no hi ets a sobre. Es la manera de perdre molts metres sense ficar-se a unes pales molt dretes. Un cop al coll de retorn anar a cercar de dret les pistes i deixar el meu track dons he volgut investigar, i ja se sap que l&#8217;\u00e8xit es despr\u00e9s de un munt d&#8217;errors i avui ha estat un d&#8217;aquets \u00faltims. Preciosa excursi\u00f3 per indrets desconeguts al ciclista Catal\u00e0 amb unes panor\u00e0miques de primera, curteta i f\u00e0cileta.<\/p>\n\n\n\n<h4 class=\"wp-block-heading\">\u00c0rea geogr\u00e0fica:<\/h4>\n\n\n\n<p>Pirineu Franc\u00e8s &#8211; Capcir<\/p>\n\n\n\n<h4 class=\"wp-block-heading\">Ciclabilitat:<\/h4>\n\n\n\n<p>100<\/p>\n\n\n\n<h4 class=\"wp-block-heading\">Dificultat:<\/h4>\n\n\n\n<p class=\"verda\"><\/p>\n\n\n\n<p class=\"blava\"><\/p>\n\n\n\n<p class=\"vermella\">Vermella<\/p>\n\n\n\n<p class=\"negra\"><\/p>\n\n\n\n<div class=\"wp-block-group\"><div class=\"wp-block-group__inner-container is-layout-flow wp-block-group-is-layout-flow\">\n<h4 class=\"wp-block-heading\">Briefing de la ruta<\/h4>\n\n\n\n<figure class=\"wp-block-embed is-type-video is-provider-youtube wp-block-embed-youtube wp-embed-aspect-16-9 wp-has-aspect-ratio\"><div class=\"wp-block-embed__wrapper\">\n<iframe loading=\"lazy\" title=\"Pla Bernat curt Video\" width=\"820\" height=\"461\" src=\"https:\/\/www.youtube.com\/embed\/IV7V_xmNExM?feature=oembed\" frameborder=\"0\" allow=\"accelerometer; autoplay; clipboard-write; encrypted-media; gyroscope; picture-in-picture\" allowfullscreen><\/iframe>\n<\/div><\/figure>\n<\/div><\/div>\n\n\n\n<div class=\"wp-block-group\"><div class=\"wp-block-group__inner-container is-layout-flow wp-block-group-is-layout-flow\">\n<h4 class=\"wp-block-heading\">V\u00eddeo de la ruta<\/h4>\n\n\n\n<figure class=\"wp-block-embed is-type-video is-provider-youtube wp-block-embed-youtube wp-embed-aspect-16-9 wp-has-aspect-ratio\"><div class=\"wp-block-embed__wrapper\">\n<iframe loading=\"lazy\" title=\"22 05 Pics de Gin\u00e8vre i Puig de Pla Bernat\" width=\"820\" height=\"461\" src=\"https:\/\/www.youtube.com\/embed\/IQ0WL_Jlc1Y?feature=oembed\" frameborder=\"0\" allow=\"accelerometer; autoplay; clipboard-write; encrypted-media; gyroscope; picture-in-picture\" allowfullscreen><\/iframe>\n<\/div><\/figure>\n<\/div><\/div>\n\n\n\n<div class=\"wp-block-group\"><div class=\"wp-block-group__inner-container is-layout-flow wp-block-group-is-layout-flow\">\n<h4 class=\"wp-block-heading\">Descarrega el track de la ruta<\/h4>\n\n\n\n<div class=\"wp-block-file\"><a id=\"wp-block-file--media-5f5940be-286b-4921-b9ec-6accaebc598b\" href=\"http:\/\/www.overtheclouds.eu\/wp-content\/uploads\/2022\/06\/pic-de-ginevre-i-puig-del-pla-bernat.gpx\">pic-de-ginevre-i-puig-del-pla-bernat<\/a><a href=\"http:\/\/www.overtheclouds.eu\/wp-content\/uploads\/2022\/06\/pic-de-ginevre-i-puig-del-pla-bernat.gpx\" class=\"wp-block-file__button\" download aria-describedby=\"wp-block-file--media-5f5940be-286b-4921-b9ec-6accaebc598b\">Descarrega<\/a><\/div>\n<\/div><\/div>\n\n\n\n<div class=\"wp-block-group\"><div class=\"wp-block-group__inner-container is-layout-flow wp-block-group-is-layout-flow\">\n<h4 class=\"wp-block-heading\">Galeria d&#8217;imatges<\/h4>\n<\/div><\/div>\n\n\n\n\n<p>&nbsp;<\/p>\n\n\n<figure class=\"wp-block-image size-large\"><img loading=\"lazy\" decoding=\"async\" width=\"1024\" height=\"576\" src=\"http:\/\/www.overtheclouds.eu\/wp-content\/uploads\/2022\/06\/IMG_7461-1024x576.jpg\" alt=\"\" class=\"wp-image-2023\" srcset=\"https:\/\/www.overtheclouds.eu\/wp-content\/uploads\/2022\/06\/IMG_7461-1024x576.jpg 1024w, https:\/\/www.overtheclouds.eu\/wp-content\/uploads\/2022\/06\/IMG_7461-300x169.jpg 300w, https:\/\/www.overtheclouds.eu\/wp-content\/uploads\/2022\/06\/IMG_7461-768x432.jpg 768w, https:\/\/www.overtheclouds.eu\/wp-content\/uploads\/2022\/06\/IMG_7461-1536x864.jpg 1536w, https:\/\/www.overtheclouds.eu\/wp-content\/uploads\/2022\/06\/IMG_7461-2048x1152.jpg 2048w, https:\/\/www.overtheclouds.eu\/wp-content\/uploads\/2022\/06\/IMG_7461-1230x692.jpg 1230w\" sizes=\"(max-width: 1024px) 100vw, 1024px\" \/><\/figure>\n","protected":false},"excerpt":{"rendered":"<p>Al\u00e7ada m\u00e0xima de la ruta: 2440 metres Descripci\u00f3 breu: Bonica matinal a uns cims in\u00e8dits amb bici. la pujada per les pistes es pot fer per on es vulgui tot seguint les pistes de servei encara en bon estat. Del &hellip; <a href=\"https:\/\/www.overtheclouds.eu\/index.php\/2022\/06\/10\/pic-de-ginevre-i-puig-del-pla-bernat\/\" class=\"more-link\"><span class=\"more-button\">TOTA LA RUTA AQU\u00cd<span class=\"screen-reader-text\">Pic de Gin\u00e8vre i Puig del Pla Bernat<\/span><\/span><\/a><\/p>\n","protected":false},"author":3,"featured_media":2023,"comment_status":"open","ping_status":"closed","sticky":false,"template":"","format":"standard","meta":{"_exactmetrics_skip_tracking":false,"_exactmetrics_sitenote_active":false,"_exactmetrics_sitenote_note":"","_exactmetrics_sitenote_category":0,"footnotes":""},"categories":[1,17,4,14,23],"tags":[],"yoast_head":"<!-- This site is optimized with the Yoast SEO plugin v22.7 - https:\/\/yoast.com\/wordpress\/plugins\/seo\/ -->\n<title>Pic de Gin\u00e8vre i Puig del Pla Bernat &#8211; Over the Clouds<\/title>\n<meta name=\"description\" content=\"Pic de Gin\u00e8vre i Puig del Pla Bernat &#8211; - &#8211; Extraordinary routes for ordinary bikers\" \/>\n<meta name=\"robots\" content=\"index, follow, max-snippet:-1, max-image-preview:large, max-video-preview:-1\" \/>\n<link rel=\"canonical\" href=\"https:\/\/www.overtheclouds.eu\/index.php\/2022\/06\/10\/pic-de-ginevre-i-puig-del-pla-bernat\/\" \/>\n<meta property=\"og:locale\" content=\"es_ES\" \/>\n<meta property=\"og:type\" content=\"article\" \/>\n<meta property=\"og:title\" content=\"Pic de Gin\u00e8vre i Puig del Pla Bernat &#8211; Over the Clouds\" \/>\n<meta property=\"og:description\" content=\"Pic de Gin\u00e8vre i Puig del Pla Bernat &#8211; - &#8211; Extraordinary routes for ordinary bikers\" \/>\n<meta property=\"og:url\" content=\"https:\/\/www.overtheclouds.eu\/index.php\/2022\/06\/10\/pic-de-ginevre-i-puig-del-pla-bernat\/\" \/>\n<meta property=\"og:site_name\" content=\"Over the Clouds\" \/>\n<meta property=\"article:published_time\" content=\"2022-06-10T17:11:21+00:00\" \/>\n<meta property=\"article:modified_time\" content=\"2022-06-10T17:22:17+00:00\" \/>\n<meta property=\"og:image\" content=\"https:\/\/www.overtheclouds.eu\/wp-content\/uploads\/2022\/06\/IMG_7461-scaled.jpg\" \/>\n\t<meta property=\"og:image:width\" content=\"2560\" \/>\n\t<meta property=\"og:image:height\" content=\"1440\" \/>\n\t<meta property=\"og:image:type\" content=\"image\/jpeg\" \/>\n<meta name=\"author\" content=\"Joan\" \/>\n<meta name=\"twitter:card\" content=\"summary_large_image\" \/>\n<meta name=\"twitter:label1\" content=\"Escrito por\" \/>\n\t<meta name=\"twitter:data1\" content=\"Joan\" \/>\n\t<meta name=\"twitter:label2\" content=\"Tiempo de lectura\" \/>\n\t<meta name=\"twitter:data2\" content=\"1 minuto\" \/>\n<script type=\"application\/ld+json\" class=\"yoast-schema-graph\">{\"@context\":\"https:\/\/schema.org\",\"@graph\":[{\"@type\":\"Article\",\"@id\":\"https:\/\/www.overtheclouds.eu\/index.php\/2022\/06\/10\/pic-de-ginevre-i-puig-del-pla-bernat\/#article\",\"isPartOf\":{\"@id\":\"https:\/\/www.overtheclouds.eu\/index.php\/2022\/06\/10\/pic-de-ginevre-i-puig-del-pla-bernat\/\"},\"author\":{\"name\":\"Joan\",\"@id\":\"https:\/\/www.overtheclouds.eu\/#\/schema\/person\/5a8a63d2ace21171e85e962d1275b38f\"},\"headline\":\"Pic de Gin\u00e8vre i Puig del Pla Bernat\",\"datePublished\":\"2022-06-10T17:11:21+00:00\",\"dateModified\":\"2022-06-10T17:22:17+00:00\",\"mainEntityOfPage\":{\"@id\":\"https:\/\/www.overtheclouds.eu\/index.php\/2022\/06\/10\/pic-de-ginevre-i-puig-del-pla-bernat\/\"},\"wordCount\":233,\"commentCount\":0,\"publisher\":{\"@id\":\"https:\/\/www.overtheclouds.eu\/#organization\"},\"image\":{\"@id\":\"https:\/\/www.overtheclouds.eu\/index.php\/2022\/06\/10\/pic-de-ginevre-i-puig-del-pla-bernat\/#primaryimage\"},\"thumbnailUrl\":\"https:\/\/www.overtheclouds.eu\/wp-content\/uploads\/2022\/06\/IMG_7461-scaled.jpg\",\"articleSection\":[\"-\",\"\u26f0 1501-2500m\",\"Pirineu franc\u00e8s\",\"Vermella (Dif\u00edcil)\",\"\ud83d\udeb2 100%\"],\"inLanguage\":\"es\",\"potentialAction\":[{\"@type\":\"CommentAction\",\"name\":\"Comment\",\"target\":[\"https:\/\/www.overtheclouds.eu\/index.php\/2022\/06\/10\/pic-de-ginevre-i-puig-del-pla-bernat\/#respond\"]}]},{\"@type\":\"WebPage\",\"@id\":\"https:\/\/www.overtheclouds.eu\/index.php\/2022\/06\/10\/pic-de-ginevre-i-puig-del-pla-bernat\/\",\"url\":\"https:\/\/www.overtheclouds.eu\/index.php\/2022\/06\/10\/pic-de-ginevre-i-puig-del-pla-bernat\/\",\"name\":\"Pic de Gin\u00e8vre i Puig del Pla Bernat &#8211; Over the Clouds\",\"isPartOf\":{\"@id\":\"https:\/\/www.overtheclouds.eu\/#website\"},\"primaryImageOfPage\":{\"@id\":\"https:\/\/www.overtheclouds.eu\/index.php\/2022\/06\/10\/pic-de-ginevre-i-puig-del-pla-bernat\/#primaryimage\"},\"image\":{\"@id\":\"https:\/\/www.overtheclouds.eu\/index.php\/2022\/06\/10\/pic-de-ginevre-i-puig-del-pla-bernat\/#primaryimage\"},\"thumbnailUrl\":\"https:\/\/www.overtheclouds.eu\/wp-content\/uploads\/2022\/06\/IMG_7461-scaled.jpg\",\"datePublished\":\"2022-06-10T17:11:21+00:00\",\"dateModified\":\"2022-06-10T17:22:17+00:00\",\"description\":\"Pic de Gin\u00e8vre i Puig del Pla Bernat &#8211; - &#8211; Extraordinary routes for ordinary bikers\",\"breadcrumb\":{\"@id\":\"https:\/\/www.overtheclouds.eu\/index.php\/2022\/06\/10\/pic-de-ginevre-i-puig-del-pla-bernat\/#breadcrumb\"},\"inLanguage\":\"es\",\"potentialAction\":[{\"@type\":\"ReadAction\",\"target\":[\"https:\/\/www.overtheclouds.eu\/index.php\/2022\/06\/10\/pic-de-ginevre-i-puig-del-pla-bernat\/\"]}]},{\"@type\":\"ImageObject\",\"inLanguage\":\"es\",\"@id\":\"https:\/\/www.overtheclouds.eu\/index.php\/2022\/06\/10\/pic-de-ginevre-i-puig-del-pla-bernat\/#primaryimage\",\"url\":\"https:\/\/www.overtheclouds.eu\/wp-content\/uploads\/2022\/06\/IMG_7461-scaled.jpg\",\"contentUrl\":\"https:\/\/www.overtheclouds.eu\/wp-content\/uploads\/2022\/06\/IMG_7461-scaled.jpg\",\"width\":2560,\"height\":1440},{\"@type\":\"BreadcrumbList\",\"@id\":\"https:\/\/www.overtheclouds.eu\/index.php\/2022\/06\/10\/pic-de-ginevre-i-puig-del-pla-bernat\/#breadcrumb\",\"itemListElement\":[{\"@type\":\"ListItem\",\"position\":1,\"name\":\"Inici\",\"item\":\"https:\/\/www.overtheclouds.eu\/\"},{\"@type\":\"ListItem\",\"position\":2,\"name\":\"-\",\"item\":\"https:\/\/www.overtheclouds.eu\/index.php\/category\/sin-categoria\/\"},{\"@type\":\"ListItem\",\"position\":3,\"name\":\"Pic de Gin\u00e8vre i Puig del Pla Bernat\"}]},{\"@type\":\"WebSite\",\"@id\":\"https:\/\/www.overtheclouds.eu\/#website\",\"url\":\"https:\/\/www.overtheclouds.eu\/\",\"name\":\"Over the Clouds\",\"description\":\"El plaer de rec\u00f3rrer valls, carenes i assolir cims\",\"publisher\":{\"@id\":\"https:\/\/www.overtheclouds.eu\/#organization\"},\"potentialAction\":[{\"@type\":\"SearchAction\",\"target\":{\"@type\":\"EntryPoint\",\"urlTemplate\":\"https:\/\/www.overtheclouds.eu\/?s={search_term_string}\"},\"query-input\":\"required name=search_term_string\"}],\"inLanguage\":\"es\"},{\"@type\":\"Organization\",\"@id\":\"https:\/\/www.overtheclouds.eu\/#organization\",\"name\":\"Over the Clouds\",\"url\":\"https:\/\/www.overtheclouds.eu\/\",\"logo\":{\"@type\":\"ImageObject\",\"inLanguage\":\"es\",\"@id\":\"https:\/\/www.overtheclouds.eu\/#\/schema\/logo\/image\/\",\"url\":\"https:\/\/www.overtheclouds.eu\/wp-content\/uploads\/2020\/02\/logo-4.png\",\"contentUrl\":\"https:\/\/www.overtheclouds.eu\/wp-content\/uploads\/2020\/02\/logo-4.png\",\"width\":612,\"height\":418,\"caption\":\"Over the Clouds\"},\"image\":{\"@id\":\"https:\/\/www.overtheclouds.eu\/#\/schema\/logo\/image\/\"}},{\"@type\":\"Person\",\"@id\":\"https:\/\/www.overtheclouds.eu\/#\/schema\/person\/5a8a63d2ace21171e85e962d1275b38f\",\"name\":\"Joan\",\"image\":{\"@type\":\"ImageObject\",\"inLanguage\":\"es\",\"@id\":\"https:\/\/www.overtheclouds.eu\/#\/schema\/person\/image\/\",\"url\":\"https:\/\/secure.gravatar.com\/avatar\/e18bfa7b0f654b00262b6af5360100bf?s=96&d=blank&r=g\",\"contentUrl\":\"https:\/\/secure.gravatar.com\/avatar\/e18bfa7b0f654b00262b6af5360100bf?s=96&d=blank&r=g\",\"caption\":\"Joan\"}}]}<\/script>\n<!-- \/ Yoast SEO plugin. -->","yoast_head_json":{"title":"Pic de Gin\u00e8vre i Puig del Pla Bernat &#8211; Over the Clouds","description":"Pic de Gin\u00e8vre i Puig del Pla Bernat &#8211; - &#8211; Extraordinary routes for ordinary bikers","robots":{"index":"index","follow":"follow","max-snippet":"max-snippet:-1","max-image-preview":"max-image-preview:large","max-video-preview":"max-video-preview:-1"},"canonical":"https:\/\/www.overtheclouds.eu\/index.php\/2022\/06\/10\/pic-de-ginevre-i-puig-del-pla-bernat\/","og_locale":"es_ES","og_type":"article","og_title":"Pic de Gin\u00e8vre i Puig del Pla Bernat &#8211; Over the Clouds","og_description":"Pic de Gin\u00e8vre i Puig del Pla Bernat &#8211; - &#8211; Extraordinary routes for ordinary bikers","og_url":"https:\/\/www.overtheclouds.eu\/index.php\/2022\/06\/10\/pic-de-ginevre-i-puig-del-pla-bernat\/","og_site_name":"Over the Clouds","article_published_time":"2022-06-10T17:11:21+00:00","article_modified_time":"2022-06-10T17:22:17+00:00","og_image":[{"width":2560,"height":1440,"url":"https:\/\/www.overtheclouds.eu\/wp-content\/uploads\/2022\/06\/IMG_7461-scaled.jpg","type":"image\/jpeg"}],"author":"Joan","twitter_card":"summary_large_image","twitter_misc":{"Escrito por":"Joan","Tiempo de lectura":"1 minuto"},"schema":{"@context":"https:\/\/schema.org","@graph":[{"@type":"Article","@id":"https:\/\/www.overtheclouds.eu\/index.php\/2022\/06\/10\/pic-de-ginevre-i-puig-del-pla-bernat\/#article","isPartOf":{"@id":"https:\/\/www.overtheclouds.eu\/index.php\/2022\/06\/10\/pic-de-ginevre-i-puig-del-pla-bernat\/"},"author":{"name":"Joan","@id":"https:\/\/www.overtheclouds.eu\/#\/schema\/person\/5a8a63d2ace21171e85e962d1275b38f"},"headline":"Pic de Gin\u00e8vre i Puig del Pla Bernat","datePublished":"2022-06-10T17:11:21+00:00","dateModified":"2022-06-10T17:22:17+00:00","mainEntityOfPage":{"@id":"https:\/\/www.overtheclouds.eu\/index.php\/2022\/06\/10\/pic-de-ginevre-i-puig-del-pla-bernat\/"},"wordCount":233,"commentCount":0,"publisher":{"@id":"https:\/\/www.overtheclouds.eu\/#organization"},"image":{"@id":"https:\/\/www.overtheclouds.eu\/index.php\/2022\/06\/10\/pic-de-ginevre-i-puig-del-pla-bernat\/#primaryimage"},"thumbnailUrl":"https:\/\/www.overtheclouds.eu\/wp-content\/uploads\/2022\/06\/IMG_7461-scaled.jpg","articleSection":["-","\u26f0 1501-2500m","Pirineu franc\u00e8s","Vermella (Dif\u00edcil)","\ud83d\udeb2 100%"],"inLanguage":"es","potentialAction":[{"@type":"CommentAction","name":"Comment","target":["https:\/\/www.overtheclouds.eu\/index.php\/2022\/06\/10\/pic-de-ginevre-i-puig-del-pla-bernat\/#respond"]}]},{"@type":"WebPage","@id":"https:\/\/www.overtheclouds.eu\/index.php\/2022\/06\/10\/pic-de-ginevre-i-puig-del-pla-bernat\/","url":"https:\/\/www.overtheclouds.eu\/index.php\/2022\/06\/10\/pic-de-ginevre-i-puig-del-pla-bernat\/","name":"Pic de Gin\u00e8vre i Puig del Pla Bernat &#8211; Over the Clouds","isPartOf":{"@id":"https:\/\/www.overtheclouds.eu\/#website"},"primaryImageOfPage":{"@id":"https:\/\/www.overtheclouds.eu\/index.php\/2022\/06\/10\/pic-de-ginevre-i-puig-del-pla-bernat\/#primaryimage"},"image":{"@id":"https:\/\/www.overtheclouds.eu\/index.php\/2022\/06\/10\/pic-de-ginevre-i-puig-del-pla-bernat\/#primaryimage"},"thumbnailUrl":"https:\/\/www.overtheclouds.eu\/wp-content\/uploads\/2022\/06\/IMG_7461-scaled.jpg","datePublished":"2022-06-10T17:11:21+00:00","dateModified":"2022-06-10T17:22:17+00:00","description":"Pic de Gin\u00e8vre i Puig del Pla Bernat &#8211; - &#8211; Extraordinary routes for ordinary bikers","breadcrumb":{"@id":"https:\/\/www.overtheclouds.eu\/index.php\/2022\/06\/10\/pic-de-ginevre-i-puig-del-pla-bernat\/#breadcrumb"},"inLanguage":"es","potentialAction":[{"@type":"ReadAction","target":["https:\/\/www.overtheclouds.eu\/index.php\/2022\/06\/10\/pic-de-ginevre-i-puig-del-pla-bernat\/"]}]},{"@type":"ImageObject","inLanguage":"es","@id":"https:\/\/www.overtheclouds.eu\/index.php\/2022\/06\/10\/pic-de-ginevre-i-puig-del-pla-bernat\/#primaryimage","url":"https:\/\/www.overtheclouds.eu\/wp-content\/uploads\/2022\/06\/IMG_7461-scaled.jpg","contentUrl":"https:\/\/www.overtheclouds.eu\/wp-content\/uploads\/2022\/06\/IMG_7461-scaled.jpg","width":2560,"height":1440},{"@type":"BreadcrumbList","@id":"https:\/\/www.overtheclouds.eu\/index.php\/2022\/06\/10\/pic-de-ginevre-i-puig-del-pla-bernat\/#breadcrumb","itemListElement":[{"@type":"ListItem","position":1,"name":"Inici","item":"https:\/\/www.overtheclouds.eu\/"},{"@type":"ListItem","position":2,"name":"-","item":"https:\/\/www.overtheclouds.eu\/index.php\/category\/sin-categoria\/"},{"@type":"ListItem","position":3,"name":"Pic de Gin\u00e8vre i Puig del Pla Bernat"}]},{"@type":"WebSite","@id":"https:\/\/www.overtheclouds.eu\/#website","url":"https:\/\/www.overtheclouds.eu\/","name":"Over the Clouds","description":"El plaer de rec\u00f3rrer valls, carenes i assolir cims","publisher":{"@id":"https:\/\/www.overtheclouds.eu\/#organization"},"potentialAction":[{"@type":"SearchAction","target":{"@type":"EntryPoint","urlTemplate":"https:\/\/www.overtheclouds.eu\/?s={search_term_string}"},"query-input":"required name=search_term_string"}],"inLanguage":"es"},{"@type":"Organization","@id":"https:\/\/www.overtheclouds.eu\/#organization","name":"Over the Clouds","url":"https:\/\/www.overtheclouds.eu\/","logo":{"@type":"ImageObject","inLanguage":"es","@id":"https:\/\/www.overtheclouds.eu\/#\/schema\/logo\/image\/","url":"https:\/\/www.overtheclouds.eu\/wp-content\/uploads\/2020\/02\/logo-4.png","contentUrl":"https:\/\/www.overtheclouds.eu\/wp-content\/uploads\/2020\/02\/logo-4.png","width":612,"height":418,"caption":"Over the Clouds"},"image":{"@id":"https:\/\/www.overtheclouds.eu\/#\/schema\/logo\/image\/"}},{"@type":"Person","@id":"https:\/\/www.overtheclouds.eu\/#\/schema\/person\/5a8a63d2ace21171e85e962d1275b38f","name":"Joan","image":{"@type":"ImageObject","inLanguage":"es","@id":"https:\/\/www.overtheclouds.eu\/#\/schema\/person\/image\/","url":"https:\/\/secure.gravatar.com\/avatar\/e18bfa7b0f654b00262b6af5360100bf?s=96&d=blank&r=g","contentUrl":"https:\/\/secure.gravatar.com\/avatar\/e18bfa7b0f654b00262b6af5360100bf?s=96&d=blank&r=g","caption":"Joan"}}]}},"_links":{"self":[{"href":"https:\/\/www.overtheclouds.eu\/index.php\/wp-json\/wp\/v2\/posts\/2018"}],"collection":[{"href":"https:\/\/www.overtheclouds.eu\/index.php\/wp-json\/wp\/v2\/posts"}],"about":[{"href":"https:\/\/www.overtheclouds.eu\/index.php\/wp-json\/wp\/v2\/types\/post"}],"author":[{"embeddable":true,"href":"https:\/\/www.overtheclouds.eu\/index.php\/wp-json\/wp\/v2\/users\/3"}],"replies":[{"embeddable":true,"href":"https:\/\/www.overtheclouds.eu\/index.php\/wp-json\/wp\/v2\/comments?post=2018"}],"version-history":[{"count":4,"href":"https:\/\/www.overtheclouds.eu\/index.php\/wp-json\/wp\/v2\/posts\/2018\/revisions"}],"predecessor-version":[{"id":2028,"href":"https:\/\/www.overtheclouds.eu\/index.php\/wp-json\/wp\/v2\/posts\/2018\/revisions\/2028"}],"wp:featuredmedia":[{"embeddable":true,"href":"https:\/\/www.overtheclouds.eu\/index.php\/wp-json\/wp\/v2\/media\/2023"}],"wp:attachment":[{"href":"https:\/\/www.overtheclouds.eu\/index.php\/wp-json\/wp\/v2\/media?parent=2018"}],"wp:term":[{"taxonomy":"category","embeddable":true,"href":"https:\/\/www.overtheclouds.eu\/index.php\/wp-json\/wp\/v2\/categories?post=2018"},{"taxonomy":"post_tag","embeddable":true,"href":"https:\/\/www.overtheclouds.eu\/index.php\/wp-json\/wp\/v2\/tags?post=2018"}],"curies":[{"name":"wp","href":"https:\/\/api.w.org\/{rel}","templated":true}]}}