{"id":2010,"date":"2022-06-04T13:26:25","date_gmt":"2022-06-04T11:26:25","guid":{"rendered":"http:\/\/www.overtheclouds.eu\/?p=2010"},"modified":"2022-06-04T13:29:49","modified_gmt":"2022-06-04T11:29:49","slug":"el-tuc-daubas-i-el-tuc-darres","status":"publish","type":"post","link":"https:\/\/www.overtheclouds.eu\/index.php\/2022\/06\/04\/el-tuc-daubas-i-el-tuc-darres\/","title":{"rendered":"El Tuc d&#8217;Aub\u00e0s i el Tuc d&#8217;Arres"},"content":{"rendered":"\n<h4 class=\"wp-block-heading\">Al\u00e7ada m\u00e0xima de la ruta:<\/h4>\n\n\n\n<p>2.163 metres<\/p>\n\n\n\n<h4 class=\"wp-block-heading\">Descripci\u00f3 breu:<\/h4>\n\n\n\n<p>Curta per\u00f2 intensa ruta per la carena fronterera de l&#8217;Aran amb Fran\u00e7a. El punt de sortida \u00e9s el coll deth Portilhon. Els primers metres pugem per una bona pista que s&#8217;endinsa al b\u00f2sc d&#8217;Aub\u00e0s per\u00f2 molt aviat la deixem per seguir el sender que passa pel bonic indret deth Plan des Bruishes. El caminet puja fort i creua la pista varies vegades. Anem pujant per dins d&#8217;una frondosa avetosa fins que tornem a sortir a la pista, molt a prop dera cabana deth Cap deth B\u00f2sc. A partir d&#8217;aqu\u00ed seguim pujant per la pista fins arribar a l&#8217;abundosa font Pic\u00f3 de Bassa. Aconsello prove\u00efr d&#8217;aigua doncs a dalt el el coll hi ha una altre font per\u00f2 a vegades no raja. Aqu\u00ed a la font tornem a deixar la pista i seguim pujant pel sender marcat amb senyals grogues corresponent el PR local 115. Aviat arribem a l&#8217;ampli i verd C\u00f2th de Baretja. Impressionant panor\u00e0mica del mass\u00eds de la Maladeta i muntanyes properes on destaquen el pic de la Mina i el Salvaguardia amb el p\u00f2rt de Ben\u00e0s entremig. En el coll hi ha dues edificacions i un gran c\u00f3m. En \u00e8poques estivals \u00e9s freq\u00fcent trobar-hi for\u00e7a bestiar. Des de darrera la cabana iniciem la dura i llarga pujada cap el Tuc d&#8217;Aub\u00e0s. Els primers metres el cam\u00ed \u00e9s molt marcat per\u00f2 a mida que es va pujant aquest es va desdibuixant. Degut al pendent \u00e9s aconsellable anar fent lla\u00e7ades amples sense perdre de vista el llom de la muntanya. Pujarem 1,3 km. amb un desnivell d&#8217;uns 325 m. Sempre pedalant arribem al Tuc d&#8217;Aub\u00e0s (2073 m.). Al cim hi ha una fita fronterera. Gran panor\u00e0mica. Als nostres peus, cap el nord el Baish Aran amb els pobles de Boss\u00f2st i Les; cap el sud tot el cordal d&#8217;Era Entecada, cap a l&#8217;oest el mass\u00eds de la Maladeta fins el Perdiguero i cap a l&#8217;est la muntanya d&#8217;Uish\u00e8ra i la Bassa d&#8217;Arres. Ara seguim pedalant en lleugera baixada fins a un collet i seguim en direcci\u00f3 est fins assolir l&#8217;estret esper\u00f3 de Era Trona d&#8217;Arres (2088 m.) que encara ofereix m\u00e9s bones panor\u00e0miques sobre el Baish Aran. Refem el cam\u00ed fins el coll anterior i ens dirigim cap el proper objectiu que \u00e9s el Tuc d&#8217;Arres (2163 m.). Per assolir-lo trobarem un curt tram en que caldr\u00e0 baixar de la bici per\u00f2 que no ofereix cap dificultat remarcable. Des d&#8217;aquest nou cim tenim una vista semblant als anteriors per\u00f2 hi podem observar amb m\u00e9s detall la llarga carena que en direcci\u00f3 sud es dirigeix cap el cim d&#8217;Era Entecada passant pels tucs de Campsaure i de Poilan\u00e8r. A partir d&#8217;aquest cim comencem a baixar per un fort pendent herbat seguint el llom de la carena. A mida que anem baixant es troben traces d&#8217;un corriol. Davant nostre tenim un panorama grandi\u00f3s, tot el mass\u00eds de la Maladeta. Baixem fins a trobar una petita zona de bedolls on el cam\u00ed fa un gir a la dreta per anar a revolta la coma de Pala Barrada que revoltem sense perdre altura seguint els carreranys del bestiar. Aviat sortim de nou a les immediacions del C\u00f2th de Baretja altra vegada. Refem el cam\u00ed de pujada fins a la font Pic\u00f3 de Bassa i iniciem el retorn al Portilhon ara seguint la bona pista forestal que baixa per dins d&#8217;un paisatge fresc i ombr\u00edvol per dins l&#8217;extensa avetosa del b\u00f2sc de&#8217;Aub\u00e0s. Ruta exclusivament per fer amb e-bike degut als forts pendents a superar. Aconsello fer-la en dies bens estables i amb abs\u00e8ncia de boira m\u00e9s que res pels pocs punts de refer\u00e8ncia a les parts altes i per no perdre`s les grans panor\u00e0miques que ens ofereix la ruta.<\/p>\n\n\n\n<h4 class=\"wp-block-heading\">\u00c0rea geogr\u00e0fica:<\/h4>\n\n\n\n<p>Val d&#8217;Aran<\/p>\n\n\n\n<h4 class=\"wp-block-heading\">Ciclabilitat:<\/h4>\n\n\n\n<div class=\"wptime-plugin-progress-wrap\" style=\"max-width:300px;margin-bottom:30px;\"><div class=\"wptime-plugin-progress-bar\" style=\"background:#0fa628;width:97%;\"><\/div><span>Ciclabilitat 97%<\/span><\/div>\n\n\n\n<h4 class=\"wp-block-heading\">Dificultat:<\/h4>\n\n\n\n<p class=\"verda\"><\/p>\n\n\n\n<p class=\"blava\"><\/p>\n\n\n\n<p class=\"vermella\">Vermella<\/p>\n\n\n\n<p class=\"negra\"><\/p>\n\n\n\n<div class=\"wp-block-group\"><div class=\"wp-block-group__inner-container is-layout-flow wp-block-group-is-layout-flow\">\n<h4 class=\"wp-block-heading\">Briefing de la ruta<\/h4>\n\n\n<\/div><\/div>\n\n\n\n<div class=\"wp-block-group\"><div class=\"wp-block-group__inner-container is-layout-flow wp-block-group-is-layout-flow\">\n<h4 class=\"wp-block-heading\">V\u00eddeo de la ruta<\/h4>\n\n\n\n<figure class=\"wp-block-embed is-type-video is-provider-youtube wp-block-embed-youtube wp-embed-aspect-16-9 wp-has-aspect-ratio\"><div class=\"wp-block-embed__wrapper\">\n<iframe loading=\"lazy\" title=\"En BTT pel Pirineu: El Tuc d&#039;Aub\u00e0s i el Tuc d&#039;Arres\" width=\"820\" height=\"461\" src=\"https:\/\/www.youtube.com\/embed\/Fx82PxNHQg4?feature=oembed\" frameborder=\"0\" allow=\"accelerometer; autoplay; clipboard-write; encrypted-media; gyroscope; picture-in-picture\" allowfullscreen><\/iframe>\n<\/div><\/figure>\n<\/div><\/div>\n\n\n\n<div class=\"wp-block-group\"><div class=\"wp-block-group__inner-container is-layout-flow wp-block-group-is-layout-flow\">\n<h4 class=\"wp-block-heading\">Descarrega el track de la ruta<\/h4>\n\n\n\n<div class=\"wp-block-file\"><a id=\"wp-block-file--media-73e96742-75df-4b88-9b04-51f74bbdc6c0\" href=\"http:\/\/www.overtheclouds.eu\/wp-content\/uploads\/2022\/06\/22-05-28-Et-Portilhon-Tuc-dAubas.gpx\">22-05-28-Et-Portilhon-Tuc-dAubas<\/a><a href=\"http:\/\/www.overtheclouds.eu\/wp-content\/uploads\/2022\/06\/22-05-28-Et-Portilhon-Tuc-dAubas.gpx\" class=\"wp-block-file__button\" download aria-describedby=\"wp-block-file--media-73e96742-75df-4b88-9b04-51f74bbdc6c0\">Descarrega<\/a><\/div>\n<\/div><\/div>\n\n\n\n<div class=\"wp-block-group\"><div class=\"wp-block-group__inner-container is-layout-flow wp-block-group-is-layout-flow\">\n<h4 class=\"wp-block-heading\">Galeria d&#8217;imatges<\/h4>\n<\/div><\/div>\n\n\n<div class='photonic-google-stream photonic-stream ' id='photonic-google-stream-1'>\n\r\n<div class='photonic-error photonic-google-error' id='photonic-google-error-1'>\r\n\t<span class='photonic-error-icon photonic-icon'>&nbsp;<\/span>\r\n\t<div class='photonic-message'>\r\n\t\tNo se pudo obtener datos. Error:<br \/><code>\nRequest had insufficient authentication scopes.<\/code><br \/>\n\r\n\t<\/div>\r\n<\/div>\n\n<\/div><!-- .photonic-stream or .photonic-panel -->\n\n\n<p>&nbsp;<\/p>","protected":false},"excerpt":{"rendered":"<p>Al\u00e7ada m\u00e0xima de la ruta: 2.163 metres Descripci\u00f3 breu: Curta per\u00f2 intensa ruta per la carena fronterera de l&#8217;Aran amb Fran\u00e7a. El punt de sortida \u00e9s el coll deth Portilhon. Els primers metres pugem per una bona pista que s&#8217;endinsa &hellip; <a href=\"https:\/\/www.overtheclouds.eu\/index.php\/2022\/06\/04\/el-tuc-daubas-i-el-tuc-darres\/\" class=\"more-link\"><span class=\"more-button\">TOTA LA RUTA AQU\u00cd<span class=\"screen-reader-text\">El Tuc d&#8217;Aub\u00e0s i el Tuc d&#8217;Arres<\/span><\/span><\/a><\/p>\n","protected":false},"author":2,"featured_media":2013,"comment_status":"open","ping_status":"closed","sticky":false,"template":"","format":"standard","meta":{"_exactmetrics_skip_tracking":false,"_exactmetrics_sitenote_active":false,"_exactmetrics_sitenote_note":"","_exactmetrics_sitenote_category":0,"footnotes":""},"categories":[1,16,3,14,22],"tags":[],"yoast_head":"<!-- This site is optimized with the Yoast SEO plugin v22.7 - https:\/\/yoast.com\/wordpress\/plugins\/seo\/ -->\n<title>El Tuc d&#039;Aub\u00e0s i el Tuc d&#039;Arres &#8211; Over the Clouds<\/title>\n<meta name=\"description\" content=\"El Tuc d&#039;Aub\u00e0s i el Tuc d&#039;Arres &#8211; - &#8211; Extraordinary routes for ordinary bikers\" \/>\n<meta name=\"robots\" content=\"index, follow, max-snippet:-1, max-image-preview:large, max-video-preview:-1\" \/>\n<link rel=\"canonical\" href=\"https:\/\/www.overtheclouds.eu\/index.php\/2022\/06\/04\/el-tuc-daubas-i-el-tuc-darres\/\" \/>\n<meta property=\"og:locale\" content=\"es_ES\" \/>\n<meta property=\"og:type\" content=\"article\" \/>\n<meta property=\"og:title\" content=\"El Tuc d&#039;Aub\u00e0s i el Tuc d&#039;Arres &#8211; Over the Clouds\" \/>\n<meta property=\"og:description\" content=\"El Tuc d&#039;Aub\u00e0s i el Tuc d&#039;Arres &#8211; - &#8211; Extraordinary routes for ordinary bikers\" \/>\n<meta property=\"og:url\" content=\"https:\/\/www.overtheclouds.eu\/index.php\/2022\/06\/04\/el-tuc-daubas-i-el-tuc-darres\/\" \/>\n<meta property=\"og:site_name\" content=\"Over the Clouds\" \/>\n<meta property=\"article:published_time\" content=\"2022-06-04T11:26:25+00:00\" \/>\n<meta property=\"article:modified_time\" content=\"2022-06-04T11:29:49+00:00\" \/>\n<meta property=\"og:image\" content=\"https:\/\/www.overtheclouds.eu\/wp-content\/uploads\/2022\/06\/DSC08283-2-scaled.jpg\" \/>\n\t<meta property=\"og:image:width\" content=\"2560\" \/>\n\t<meta property=\"og:image:height\" content=\"1442\" \/>\n\t<meta property=\"og:image:type\" content=\"image\/jpeg\" \/>\n<meta name=\"author\" content=\"Jaume\" \/>\n<meta name=\"twitter:card\" content=\"summary_large_image\" \/>\n<meta name=\"twitter:label1\" content=\"Escrito por\" \/>\n\t<meta name=\"twitter:data1\" content=\"Jaume\" \/>\n\t<meta name=\"twitter:label2\" content=\"Tiempo de lectura\" \/>\n\t<meta name=\"twitter:data2\" content=\"3 minutos\" \/>\n<script type=\"application\/ld+json\" class=\"yoast-schema-graph\">{\"@context\":\"https:\/\/schema.org\",\"@graph\":[{\"@type\":\"Article\",\"@id\":\"https:\/\/www.overtheclouds.eu\/index.php\/2022\/06\/04\/el-tuc-daubas-i-el-tuc-darres\/#article\",\"isPartOf\":{\"@id\":\"https:\/\/www.overtheclouds.eu\/index.php\/2022\/06\/04\/el-tuc-daubas-i-el-tuc-darres\/\"},\"author\":{\"name\":\"Jaume\",\"@id\":\"https:\/\/www.overtheclouds.eu\/#\/schema\/person\/283fe644ef85985e7a0cad3f42b6cc63\"},\"headline\":\"El Tuc d&#8217;Aub\u00e0s i el Tuc d&#8217;Arres\",\"datePublished\":\"2022-06-04T11:26:25+00:00\",\"dateModified\":\"2022-06-04T11:29:49+00:00\",\"mainEntityOfPage\":{\"@id\":\"https:\/\/www.overtheclouds.eu\/index.php\/2022\/06\/04\/el-tuc-daubas-i-el-tuc-darres\/\"},\"wordCount\":732,\"commentCount\":0,\"publisher\":{\"@id\":\"https:\/\/www.overtheclouds.eu\/#organization\"},\"image\":{\"@id\":\"https:\/\/www.overtheclouds.eu\/index.php\/2022\/06\/04\/el-tuc-daubas-i-el-tuc-darres\/#primaryimage\"},\"thumbnailUrl\":\"https:\/\/www.overtheclouds.eu\/wp-content\/uploads\/2022\/06\/DSC08283-2-scaled.jpg\",\"articleSection\":[\"-\",\"\u26f0 &lt;1500m\",\"Pirineu catal\u00e0\",\"Vermella (Dif\u00edcil)\",\"\ud83d\udeb2 95-99%\"],\"inLanguage\":\"es\",\"potentialAction\":[{\"@type\":\"CommentAction\",\"name\":\"Comment\",\"target\":[\"https:\/\/www.overtheclouds.eu\/index.php\/2022\/06\/04\/el-tuc-daubas-i-el-tuc-darres\/#respond\"]}]},{\"@type\":\"WebPage\",\"@id\":\"https:\/\/www.overtheclouds.eu\/index.php\/2022\/06\/04\/el-tuc-daubas-i-el-tuc-darres\/\",\"url\":\"https:\/\/www.overtheclouds.eu\/index.php\/2022\/06\/04\/el-tuc-daubas-i-el-tuc-darres\/\",\"name\":\"El Tuc d'Aub\u00e0s i el Tuc d'Arres &#8211; Over the Clouds\",\"isPartOf\":{\"@id\":\"https:\/\/www.overtheclouds.eu\/#website\"},\"primaryImageOfPage\":{\"@id\":\"https:\/\/www.overtheclouds.eu\/index.php\/2022\/06\/04\/el-tuc-daubas-i-el-tuc-darres\/#primaryimage\"},\"image\":{\"@id\":\"https:\/\/www.overtheclouds.eu\/index.php\/2022\/06\/04\/el-tuc-daubas-i-el-tuc-darres\/#primaryimage\"},\"thumbnailUrl\":\"https:\/\/www.overtheclouds.eu\/wp-content\/uploads\/2022\/06\/DSC08283-2-scaled.jpg\",\"datePublished\":\"2022-06-04T11:26:25+00:00\",\"dateModified\":\"2022-06-04T11:29:49+00:00\",\"description\":\"El Tuc d'Aub\u00e0s i el Tuc d'Arres &#8211; - &#8211; Extraordinary routes for ordinary bikers\",\"breadcrumb\":{\"@id\":\"https:\/\/www.overtheclouds.eu\/index.php\/2022\/06\/04\/el-tuc-daubas-i-el-tuc-darres\/#breadcrumb\"},\"inLanguage\":\"es\",\"potentialAction\":[{\"@type\":\"ReadAction\",\"target\":[\"https:\/\/www.overtheclouds.eu\/index.php\/2022\/06\/04\/el-tuc-daubas-i-el-tuc-darres\/\"]}]},{\"@type\":\"ImageObject\",\"inLanguage\":\"es\",\"@id\":\"https:\/\/www.overtheclouds.eu\/index.php\/2022\/06\/04\/el-tuc-daubas-i-el-tuc-darres\/#primaryimage\",\"url\":\"https:\/\/www.overtheclouds.eu\/wp-content\/uploads\/2022\/06\/DSC08283-2-scaled.jpg\",\"contentUrl\":\"https:\/\/www.overtheclouds.eu\/wp-content\/uploads\/2022\/06\/DSC08283-2-scaled.jpg\",\"width\":2560,\"height\":1442},{\"@type\":\"BreadcrumbList\",\"@id\":\"https:\/\/www.overtheclouds.eu\/index.php\/2022\/06\/04\/el-tuc-daubas-i-el-tuc-darres\/#breadcrumb\",\"itemListElement\":[{\"@type\":\"ListItem\",\"position\":1,\"name\":\"Inici\",\"item\":\"https:\/\/www.overtheclouds.eu\/\"},{\"@type\":\"ListItem\",\"position\":2,\"name\":\"-\",\"item\":\"https:\/\/www.overtheclouds.eu\/index.php\/category\/sin-categoria\/\"},{\"@type\":\"ListItem\",\"position\":3,\"name\":\"El Tuc d&#8217;Aub\u00e0s i el Tuc d&#8217;Arres\"}]},{\"@type\":\"WebSite\",\"@id\":\"https:\/\/www.overtheclouds.eu\/#website\",\"url\":\"https:\/\/www.overtheclouds.eu\/\",\"name\":\"Over the Clouds\",\"description\":\"El plaer de rec\u00f3rrer valls, carenes i assolir cims\",\"publisher\":{\"@id\":\"https:\/\/www.overtheclouds.eu\/#organization\"},\"potentialAction\":[{\"@type\":\"SearchAction\",\"target\":{\"@type\":\"EntryPoint\",\"urlTemplate\":\"https:\/\/www.overtheclouds.eu\/?s={search_term_string}\"},\"query-input\":\"required name=search_term_string\"}],\"inLanguage\":\"es\"},{\"@type\":\"Organization\",\"@id\":\"https:\/\/www.overtheclouds.eu\/#organization\",\"name\":\"Over the Clouds\",\"url\":\"https:\/\/www.overtheclouds.eu\/\",\"logo\":{\"@type\":\"ImageObject\",\"inLanguage\":\"es\",\"@id\":\"https:\/\/www.overtheclouds.eu\/#\/schema\/logo\/image\/\",\"url\":\"https:\/\/www.overtheclouds.eu\/wp-content\/uploads\/2020\/02\/logo-4.png\",\"contentUrl\":\"https:\/\/www.overtheclouds.eu\/wp-content\/uploads\/2020\/02\/logo-4.png\",\"width\":612,\"height\":418,\"caption\":\"Over the Clouds\"},\"image\":{\"@id\":\"https:\/\/www.overtheclouds.eu\/#\/schema\/logo\/image\/\"}},{\"@type\":\"Person\",\"@id\":\"https:\/\/www.overtheclouds.eu\/#\/schema\/person\/283fe644ef85985e7a0cad3f42b6cc63\",\"name\":\"Jaume\",\"image\":{\"@type\":\"ImageObject\",\"inLanguage\":\"es\",\"@id\":\"https:\/\/www.overtheclouds.eu\/#\/schema\/person\/image\/\",\"url\":\"https:\/\/secure.gravatar.com\/avatar\/86c0905ad41bd45ffed5903a626e36c9?s=96&d=blank&r=g\",\"contentUrl\":\"https:\/\/secure.gravatar.com\/avatar\/86c0905ad41bd45ffed5903a626e36c9?s=96&d=blank&r=g\",\"caption\":\"Jaume\"}}]}<\/script>\n<!-- \/ Yoast SEO plugin. -->","yoast_head_json":{"title":"El Tuc d'Aub\u00e0s i el Tuc d'Arres &#8211; Over the Clouds","description":"El Tuc d'Aub\u00e0s i el Tuc d'Arres &#8211; - &#8211; Extraordinary routes for ordinary bikers","robots":{"index":"index","follow":"follow","max-snippet":"max-snippet:-1","max-image-preview":"max-image-preview:large","max-video-preview":"max-video-preview:-1"},"canonical":"https:\/\/www.overtheclouds.eu\/index.php\/2022\/06\/04\/el-tuc-daubas-i-el-tuc-darres\/","og_locale":"es_ES","og_type":"article","og_title":"El Tuc d'Aub\u00e0s i el Tuc d'Arres &#8211; Over the Clouds","og_description":"El Tuc d'Aub\u00e0s i el Tuc d'Arres &#8211; - &#8211; Extraordinary routes for ordinary bikers","og_url":"https:\/\/www.overtheclouds.eu\/index.php\/2022\/06\/04\/el-tuc-daubas-i-el-tuc-darres\/","og_site_name":"Over the Clouds","article_published_time":"2022-06-04T11:26:25+00:00","article_modified_time":"2022-06-04T11:29:49+00:00","og_image":[{"width":2560,"height":1442,"url":"https:\/\/www.overtheclouds.eu\/wp-content\/uploads\/2022\/06\/DSC08283-2-scaled.jpg","type":"image\/jpeg"}],"author":"Jaume","twitter_card":"summary_large_image","twitter_misc":{"Escrito por":"Jaume","Tiempo de lectura":"3 minutos"},"schema":{"@context":"https:\/\/schema.org","@graph":[{"@type":"Article","@id":"https:\/\/www.overtheclouds.eu\/index.php\/2022\/06\/04\/el-tuc-daubas-i-el-tuc-darres\/#article","isPartOf":{"@id":"https:\/\/www.overtheclouds.eu\/index.php\/2022\/06\/04\/el-tuc-daubas-i-el-tuc-darres\/"},"author":{"name":"Jaume","@id":"https:\/\/www.overtheclouds.eu\/#\/schema\/person\/283fe644ef85985e7a0cad3f42b6cc63"},"headline":"El Tuc d&#8217;Aub\u00e0s i el Tuc d&#8217;Arres","datePublished":"2022-06-04T11:26:25+00:00","dateModified":"2022-06-04T11:29:49+00:00","mainEntityOfPage":{"@id":"https:\/\/www.overtheclouds.eu\/index.php\/2022\/06\/04\/el-tuc-daubas-i-el-tuc-darres\/"},"wordCount":732,"commentCount":0,"publisher":{"@id":"https:\/\/www.overtheclouds.eu\/#organization"},"image":{"@id":"https:\/\/www.overtheclouds.eu\/index.php\/2022\/06\/04\/el-tuc-daubas-i-el-tuc-darres\/#primaryimage"},"thumbnailUrl":"https:\/\/www.overtheclouds.eu\/wp-content\/uploads\/2022\/06\/DSC08283-2-scaled.jpg","articleSection":["-","\u26f0 &lt;1500m","Pirineu catal\u00e0","Vermella (Dif\u00edcil)","\ud83d\udeb2 95-99%"],"inLanguage":"es","potentialAction":[{"@type":"CommentAction","name":"Comment","target":["https:\/\/www.overtheclouds.eu\/index.php\/2022\/06\/04\/el-tuc-daubas-i-el-tuc-darres\/#respond"]}]},{"@type":"WebPage","@id":"https:\/\/www.overtheclouds.eu\/index.php\/2022\/06\/04\/el-tuc-daubas-i-el-tuc-darres\/","url":"https:\/\/www.overtheclouds.eu\/index.php\/2022\/06\/04\/el-tuc-daubas-i-el-tuc-darres\/","name":"El Tuc d'Aub\u00e0s i el Tuc d'Arres &#8211; Over the Clouds","isPartOf":{"@id":"https:\/\/www.overtheclouds.eu\/#website"},"primaryImageOfPage":{"@id":"https:\/\/www.overtheclouds.eu\/index.php\/2022\/06\/04\/el-tuc-daubas-i-el-tuc-darres\/#primaryimage"},"image":{"@id":"https:\/\/www.overtheclouds.eu\/index.php\/2022\/06\/04\/el-tuc-daubas-i-el-tuc-darres\/#primaryimage"},"thumbnailUrl":"https:\/\/www.overtheclouds.eu\/wp-content\/uploads\/2022\/06\/DSC08283-2-scaled.jpg","datePublished":"2022-06-04T11:26:25+00:00","dateModified":"2022-06-04T11:29:49+00:00","description":"El Tuc d'Aub\u00e0s i el Tuc d'Arres &#8211; - &#8211; Extraordinary routes for ordinary bikers","breadcrumb":{"@id":"https:\/\/www.overtheclouds.eu\/index.php\/2022\/06\/04\/el-tuc-daubas-i-el-tuc-darres\/#breadcrumb"},"inLanguage":"es","potentialAction":[{"@type":"ReadAction","target":["https:\/\/www.overtheclouds.eu\/index.php\/2022\/06\/04\/el-tuc-daubas-i-el-tuc-darres\/"]}]},{"@type":"ImageObject","inLanguage":"es","@id":"https:\/\/www.overtheclouds.eu\/index.php\/2022\/06\/04\/el-tuc-daubas-i-el-tuc-darres\/#primaryimage","url":"https:\/\/www.overtheclouds.eu\/wp-content\/uploads\/2022\/06\/DSC08283-2-scaled.jpg","contentUrl":"https:\/\/www.overtheclouds.eu\/wp-content\/uploads\/2022\/06\/DSC08283-2-scaled.jpg","width":2560,"height":1442},{"@type":"BreadcrumbList","@id":"https:\/\/www.overtheclouds.eu\/index.php\/2022\/06\/04\/el-tuc-daubas-i-el-tuc-darres\/#breadcrumb","itemListElement":[{"@type":"ListItem","position":1,"name":"Inici","item":"https:\/\/www.overtheclouds.eu\/"},{"@type":"ListItem","position":2,"name":"-","item":"https:\/\/www.overtheclouds.eu\/index.php\/category\/sin-categoria\/"},{"@type":"ListItem","position":3,"name":"El Tuc d&#8217;Aub\u00e0s i el Tuc d&#8217;Arres"}]},{"@type":"WebSite","@id":"https:\/\/www.overtheclouds.eu\/#website","url":"https:\/\/www.overtheclouds.eu\/","name":"Over the Clouds","description":"El plaer de rec\u00f3rrer valls, carenes i assolir cims","publisher":{"@id":"https:\/\/www.overtheclouds.eu\/#organization"},"potentialAction":[{"@type":"SearchAction","target":{"@type":"EntryPoint","urlTemplate":"https:\/\/www.overtheclouds.eu\/?s={search_term_string}"},"query-input":"required name=search_term_string"}],"inLanguage":"es"},{"@type":"Organization","@id":"https:\/\/www.overtheclouds.eu\/#organization","name":"Over the Clouds","url":"https:\/\/www.overtheclouds.eu\/","logo":{"@type":"ImageObject","inLanguage":"es","@id":"https:\/\/www.overtheclouds.eu\/#\/schema\/logo\/image\/","url":"https:\/\/www.overtheclouds.eu\/wp-content\/uploads\/2020\/02\/logo-4.png","contentUrl":"https:\/\/www.overtheclouds.eu\/wp-content\/uploads\/2020\/02\/logo-4.png","width":612,"height":418,"caption":"Over the Clouds"},"image":{"@id":"https:\/\/www.overtheclouds.eu\/#\/schema\/logo\/image\/"}},{"@type":"Person","@id":"https:\/\/www.overtheclouds.eu\/#\/schema\/person\/283fe644ef85985e7a0cad3f42b6cc63","name":"Jaume","image":{"@type":"ImageObject","inLanguage":"es","@id":"https:\/\/www.overtheclouds.eu\/#\/schema\/person\/image\/","url":"https:\/\/secure.gravatar.com\/avatar\/86c0905ad41bd45ffed5903a626e36c9?s=96&d=blank&r=g","contentUrl":"https:\/\/secure.gravatar.com\/avatar\/86c0905ad41bd45ffed5903a626e36c9?s=96&d=blank&r=g","caption":"Jaume"}}]}},"_links":{"self":[{"href":"https:\/\/www.overtheclouds.eu\/index.php\/wp-json\/wp\/v2\/posts\/2010"}],"collection":[{"href":"https:\/\/www.overtheclouds.eu\/index.php\/wp-json\/wp\/v2\/posts"}],"about":[{"href":"https:\/\/www.overtheclouds.eu\/index.php\/wp-json\/wp\/v2\/types\/post"}],"author":[{"embeddable":true,"href":"https:\/\/www.overtheclouds.eu\/index.php\/wp-json\/wp\/v2\/users\/2"}],"replies":[{"embeddable":true,"href":"https:\/\/www.overtheclouds.eu\/index.php\/wp-json\/wp\/v2\/comments?post=2010"}],"version-history":[{"count":3,"href":"https:\/\/www.overtheclouds.eu\/index.php\/wp-json\/wp\/v2\/posts\/2010\/revisions"}],"predecessor-version":[{"id":2015,"href":"https:\/\/www.overtheclouds.eu\/index.php\/wp-json\/wp\/v2\/posts\/2010\/revisions\/2015"}],"wp:featuredmedia":[{"embeddable":true,"href":"https:\/\/www.overtheclouds.eu\/index.php\/wp-json\/wp\/v2\/media\/2013"}],"wp:attachment":[{"href":"https:\/\/www.overtheclouds.eu\/index.php\/wp-json\/wp\/v2\/media?parent=2010"}],"wp:term":[{"taxonomy":"category","embeddable":true,"href":"https:\/\/www.overtheclouds.eu\/index.php\/wp-json\/wp\/v2\/categories?post=2010"},{"taxonomy":"post_tag","embeddable":true,"href":"https:\/\/www.overtheclouds.eu\/index.php\/wp-json\/wp\/v2\/tags?post=2010"}],"curies":[{"name":"wp","href":"https:\/\/api.w.org\/{rel}","templated":true}]}}