{"id":2003,"date":"2022-05-19T13:07:24","date_gmt":"2022-05-19T11:07:24","guid":{"rendered":"http:\/\/www.overtheclouds.eu\/?p=2003"},"modified":"2022-06-22T15:20:55","modified_gmt":"2022-06-22T13:20:55","slug":"el-parc-natural-del-cap-de-creus","status":"publish","type":"post","link":"https:\/\/www.overtheclouds.eu\/index.php\/2022\/05\/19\/el-parc-natural-del-cap-de-creus\/","title":{"rendered":"El Parc natural del Cap de Creus"},"content":{"rendered":"\n<h4 class=\"wp-block-heading\">Al\u00e7ada m\u00e0xima de la ruta:<\/h4>\n\n\n\n<p>320 metres<\/p>\n\n\n\n<h4 class=\"wp-block-heading\">Descripci\u00f3 breu:<\/h4>\n\n\n\n<p>Ruta circular que ressegueix el Parc Natural del Cap de Creus amb sortida i arribada a la poblaci\u00f3 del Port de la Selva. L&#8217;anada cap el Cap de Creus \u00e9s inicialment per la pista que s&#8217;apropa a Sant Baldiri de Taballera i que segueix les marques del GR-11. Val la pena fer una visita al conjunt d&#8217;edificacions de Sant Baldiri. Passat aquest conjunt monumental encara seguim un tram del GR-11 que ara s&#8217;ha convertit en un sender amb algun pas una mica t\u00e8cnic. A l&#8217;entorn del mas Paltr\u00e9 abandonem el sender de gran recorregut i seguim per una pista que s&#8217;acaba sobre mateix de la cala de Taballera. Hi baixem per un sender for\u00e7a fressat i amb fort pendent. La cala Taballera \u00e9s una paratge de gran bellesa. Durant molt temps fou un indret estrat\u00e8gic i motiu de litigis entre les poblacions de Port de la Selva i Cadaqu\u00e9s. Sortim d&#8217;aquesta cala per un corriol bastant ciclable per\u00f2 en algun pas caldr\u00e0 baixar de la bici. Aviat arribem a les plan\u00faries on hi ha empla\u00e7at el mas de Sa Birba, potser el de m\u00e9s anomenada d&#8217;aquestes contrades. A partir d&#8217;aqu\u00ed pedalem per una pista procedent d&#8217;aquest mas i que va a buscar la pista principal on retrobem les marques del GR-11. La seguim durant uns quil\u00f2metres. Estem al bell mig de la pen\u00ednsula del Cap de Creus amb una vegetaci\u00f3 ben caracter\u00edstica. Quan arribem al mas dels Rabassers de Baix la deixem i seguim per un corriol for\u00e7a fresat tot seguint les marques del GR fins que sortim a la carretera del far de Cap de Creus. La seguim fins sota mateix del penyal del far al que hi accedim pel cam\u00ed empedrat que hi d\u00f3na acc\u00e9s amb fort pendent i amb unes panor\u00e0miques espectaculars sobre els penyals del Cap de Creus. Arribats a dalt topem primer amb les instal\u00b7lacions del restaurant Sa Freu on hi podeu fer un refrigeri. Estem a la punta m\u00e9s oriental del Pirineu en ig d&#8217;un paisatge espectacular. Val la pena fer-hi una aturada i contemplar-lo. Els penyals, les petites cales, la visi\u00f3 del far, tot plegat fan de l&#8217;indret un lloc molt especial. Un cop visitat, refem el cam\u00ed pel que hem pujat i a l&#8217;arribar a la carretera la deixem per iniciar, a l&#8217;esquerra, el vell cam\u00ed entre Cadaqu\u00e9s i el far. \u00c9s un cam\u00ed molt important, en molts trams encara conserva l&#8217;empedrat original i les parets de pedra seca a banda i banda. \u00c9s for\u00e7a ciclable per\u00f2 t\u00e9 alguns passos una mica t\u00e8cnics que ens faran baixar de la bici. El cam\u00ed en porta de nou a la carretera d&#8217;acc\u00e9s al far que la seguim fins al desviament que ens baixa fins el conegut indret de Port Lligat, de molta anomenada per la casa d&#8217;en Salvador Dal\u00ed. Hi passem a tocar i pel mig d&#8217;una urbanitzaci\u00f3 arribem a l&#8217;ermita de Sant Baldiri. Baixem cap la petita pen\u00ednsula on hi ha, a la seva punta la petita illa de Sa Aranella i tot seguit ja arribem al bonic poble de Cadaqu\u00e9s. Resseguim tota la badia fins arribar al centre neur\u00e0lgic on hi ha el Casino. Hi hem una visita pels seus costeruts i pintorescos carrers visitant l&#8217;esgl\u00e9sia de Santa Maria que atesora un magn\u00edfic retaule del segle XVIII. Ara ja iniciem el retorn cap el Port de la Selva. Sortim de la poblaci\u00f3 pel costat d&#8217;una benzinera i per un costerut cam\u00ed anem a buscar el cam\u00ed vell que comunicava la Selva de Mar amb Cadaqu\u00e9s. El trobem a les immediacions del Mas Duran. Pedalem per aquest magn\u00edfic cam\u00ed, que es troba amb un molt bon estat de conservaci\u00f3 i que ressegueix d&#8217;una forma for\u00e7a planera els vessants orientals del Puig de l&#8217;Infern que abans de la filoxera era tot vinya. De fet aquest cam\u00ed t\u00e9 l&#8217;amplada per a poder-hi passar amb un carro. Finalment, despr\u00e9s d&#8217;una curta pujada arribem a les runes del mas dels Bufadors, situat en un lloc enlairat i amb grans panor\u00e0miques sobre el Pen\u00ed i la badia de Port de la Selva. Ara seguim el GR-92 que primer per una r\u00e0pida pista de baixada i despr\u00e9s per un corriol molt fresat i totalment ciclable ens baixar\u00e0 r\u00e0pidament fins a la carretera d&#8217;acc\u00e9s al Port de la Selva procedent del port de Perafita. Ara nom\u00e9s ens caldr\u00e0 resseguir els camins i carrers d&#8217;aquest poblaci\u00f3 per acabar la ruta de nou arran de mar. \u00c9s una ruta for\u00e7a exigent tant per la dist\u00e0ncia com per alguns trams de cam\u00ed for\u00e7a t\u00e8cnics per\u00f2 que ens faran gaudir de l&#8217;ess\u00e8ncia m\u00e9s genuina d&#8217;aquest indret tan especial com \u00e9s el Cap de Creus.<\/p>\n\n\n\n<h4 class=\"wp-block-heading\">\u00c0rea geogr\u00e0fica:<\/h4>\n\n\n\n<p>Alt Empord\u00e0<\/p>\n\n\n\n<h4 class=\"wp-block-heading\">Ciclabilitat:<\/h4>\n\n\n\n<div class=\"wptime-plugin-progress-wrap\" style=\"max-width:300px;margin-bottom:30px;\"><div class=\"wptime-plugin-progress-bar\" style=\"background:#0fa628;width:98%;\"><\/div><span>Ciclabilitat 98%<\/span><\/div>\n\n\n\n<h4 class=\"wp-block-heading\">Dificultat:<\/h4>\n\n\n\n<p class=\"verda\"><\/p>\n\n\n\n<p class=\"blava\">Vermella<\/p>\n\n\n\n<p class=\"negra\"><\/p>\n\n\n\n<div class=\"wp-block-group\"><div class=\"wp-block-group__inner-container is-layout-flow wp-block-group-is-layout-flow\">\n<h4 class=\"wp-block-heading\">Briefing de la ruta<\/h4>\n\n\n\n<figure class=\"wp-block-embed is-type-video is-provider-youtube wp-block-embed-youtube wp-embed-aspect-16-9 wp-has-aspect-ratio\"><div class=\"wp-block-embed__wrapper\">\n<iframe loading=\"lazy\" title=\"22 05 Cap de Creus\" width=\"820\" height=\"461\" src=\"https:\/\/www.youtube.com\/embed\/OiuZXlxKwFQ?feature=oembed\" frameborder=\"0\" allow=\"accelerometer; autoplay; clipboard-write; encrypted-media; gyroscope; picture-in-picture\" allowfullscreen><\/iframe>\n<\/div><\/figure>\n<\/div><\/div>\n\n\n\n<div class=\"wp-block-group\"><div class=\"wp-block-group__inner-container is-layout-flow wp-block-group-is-layout-flow\">\n<h4 class=\"wp-block-heading\">V\u00eddeo de la ruta<\/h4>\n\n\n\n<figure class=\"wp-block-embed is-type-video is-provider-youtube wp-block-embed-youtube wp-embed-aspect-16-9 wp-has-aspect-ratio\"><div class=\"wp-block-embed__wrapper\">\n<iframe loading=\"lazy\" title=\"En BTT pel Pirineu: El parc natural del Cap de Creus\" width=\"820\" height=\"461\" src=\"https:\/\/www.youtube.com\/embed\/Q-ERcmhhtOE?feature=oembed\" frameborder=\"0\" allow=\"accelerometer; autoplay; clipboard-write; encrypted-media; gyroscope; picture-in-picture\" allowfullscreen><\/iframe>\n<\/div><\/figure>\n<\/div><\/div>\n\n\n\n<div class=\"wp-block-group\"><div class=\"wp-block-group__inner-container is-layout-flow wp-block-group-is-layout-flow\">\n<h4 class=\"wp-block-heading\">Descarrega el track de la ruta<\/h4>\n\n\n\n<div class=\"wp-block-file\"><a id=\"wp-block-file--media-50913564-5c9f-4af0-9e11-da0d6db2b3a5\" href=\"http:\/\/www.overtheclouds.eu\/wp-content\/uploads\/2022\/05\/22-05-14-Volta-pel-Cap-de-Creus.gpx\">22-05-14-Volta-pel-Cap-de-Creus<\/a><a href=\"http:\/\/www.overtheclouds.eu\/wp-content\/uploads\/2022\/05\/22-05-14-Volta-pel-Cap-de-Creus.gpx\" class=\"wp-block-file__button\" download aria-describedby=\"wp-block-file--media-50913564-5c9f-4af0-9e11-da0d6db2b3a5\">Descarrega<\/a><\/div>\n<\/div><\/div>\n\n\n\n<div class=\"wp-block-group\"><div class=\"wp-block-group__inner-container is-layout-flow wp-block-group-is-layout-flow\">\n<h4 class=\"wp-block-heading\">Galeria d&#8217;imatges<\/h4>\n<\/div><\/div>\n\n\n<div class='photonic-google-stream photonic-stream ' id='photonic-google-stream-1'>\n\r\n<div class='photonic-error photonic-google-error' id='photonic-google-error-1'>\r\n\t<span class='photonic-error-icon photonic-icon'>&nbsp;<\/span>\r\n\t<div class='photonic-message'>\r\n\t\tNo se pudo obtener datos. Error:<br \/><code>\nRequest had insufficient authentication scopes.<\/code><br \/>\n\r\n\t<\/div>\r\n<\/div>\n\n<\/div><!-- .photonic-stream or .photonic-panel -->\n\n\n<p>&nbsp;<\/p>","protected":false},"excerpt":{"rendered":"<p>Al\u00e7ada m\u00e0xima de la ruta: 320 metres Descripci\u00f3 breu: Ruta circular que ressegueix el Parc Natural del Cap de Creus amb sortida i arribada a la poblaci\u00f3 del Port de la Selva. L&#8217;anada cap el Cap de Creus \u00e9s inicialment &hellip; <a href=\"https:\/\/www.overtheclouds.eu\/index.php\/2022\/05\/19\/el-parc-natural-del-cap-de-creus\/\" class=\"more-link\"><span class=\"more-button\">TOTA LA RUTA AQU\u00cd<span class=\"screen-reader-text\">El Parc natural del Cap de Creus<\/span><\/span><\/a><\/p>\n","protected":false},"author":2,"featured_media":2007,"comment_status":"open","ping_status":"closed","sticky":false,"template":"","format":"standard","meta":{"_exactmetrics_skip_tracking":false,"_exactmetrics_sitenote_active":false,"_exactmetrics_sitenote_note":"","_exactmetrics_sitenote_category":0,"footnotes":""},"categories":[1,16,3,14,22],"tags":[],"yoast_head":"<!-- This site is optimized with the Yoast SEO plugin v22.7 - https:\/\/yoast.com\/wordpress\/plugins\/seo\/ -->\n<title>El Parc natural del Cap de Creus &#8211; Over the Clouds<\/title>\n<meta name=\"description\" content=\"El Parc natural del Cap de Creus &#8211; - &#8211; Extraordinary routes for ordinary bikers\" \/>\n<meta name=\"robots\" content=\"index, follow, max-snippet:-1, max-image-preview:large, max-video-preview:-1\" \/>\n<link rel=\"canonical\" href=\"https:\/\/www.overtheclouds.eu\/index.php\/2022\/05\/19\/el-parc-natural-del-cap-de-creus\/\" \/>\n<meta property=\"og:locale\" content=\"es_ES\" \/>\n<meta property=\"og:type\" content=\"article\" \/>\n<meta property=\"og:title\" content=\"El Parc natural del Cap de Creus &#8211; Over the Clouds\" \/>\n<meta property=\"og:description\" content=\"El Parc natural del Cap de Creus &#8211; - &#8211; Extraordinary routes for ordinary bikers\" \/>\n<meta property=\"og:url\" content=\"https:\/\/www.overtheclouds.eu\/index.php\/2022\/05\/19\/el-parc-natural-del-cap-de-creus\/\" \/>\n<meta property=\"og:site_name\" content=\"Over the Clouds\" \/>\n<meta property=\"article:published_time\" content=\"2022-05-19T11:07:24+00:00\" \/>\n<meta property=\"article:modified_time\" content=\"2022-06-22T13:20:55+00:00\" \/>\n<meta property=\"og:image\" content=\"https:\/\/www.overtheclouds.eu\/wp-content\/uploads\/2022\/05\/DSC08221-scaled.jpg\" \/>\n\t<meta property=\"og:image:width\" content=\"2560\" \/>\n\t<meta property=\"og:image:height\" content=\"1442\" \/>\n\t<meta property=\"og:image:type\" content=\"image\/jpeg\" \/>\n<meta name=\"author\" content=\"Jaume\" \/>\n<meta name=\"twitter:card\" content=\"summary_large_image\" \/>\n<meta name=\"twitter:label1\" content=\"Escrito por\" \/>\n\t<meta name=\"twitter:data1\" content=\"Jaume\" \/>\n\t<meta name=\"twitter:label2\" content=\"Tiempo de lectura\" \/>\n\t<meta name=\"twitter:data2\" content=\"4 minutos\" \/>\n<script type=\"application\/ld+json\" class=\"yoast-schema-graph\">{\"@context\":\"https:\/\/schema.org\",\"@graph\":[{\"@type\":\"Article\",\"@id\":\"https:\/\/www.overtheclouds.eu\/index.php\/2022\/05\/19\/el-parc-natural-del-cap-de-creus\/#article\",\"isPartOf\":{\"@id\":\"https:\/\/www.overtheclouds.eu\/index.php\/2022\/05\/19\/el-parc-natural-del-cap-de-creus\/\"},\"author\":{\"name\":\"Jaume\",\"@id\":\"https:\/\/www.overtheclouds.eu\/#\/schema\/person\/283fe644ef85985e7a0cad3f42b6cc63\"},\"headline\":\"El Parc natural del Cap de Creus\",\"datePublished\":\"2022-05-19T11:07:24+00:00\",\"dateModified\":\"2022-06-22T13:20:55+00:00\",\"mainEntityOfPage\":{\"@id\":\"https:\/\/www.overtheclouds.eu\/index.php\/2022\/05\/19\/el-parc-natural-del-cap-de-creus\/\"},\"wordCount\":902,\"commentCount\":0,\"publisher\":{\"@id\":\"https:\/\/www.overtheclouds.eu\/#organization\"},\"image\":{\"@id\":\"https:\/\/www.overtheclouds.eu\/index.php\/2022\/05\/19\/el-parc-natural-del-cap-de-creus\/#primaryimage\"},\"thumbnailUrl\":\"https:\/\/www.overtheclouds.eu\/wp-content\/uploads\/2022\/05\/DSC08221-scaled.jpg\",\"articleSection\":[\"-\",\"\u26f0 &lt;1500m\",\"Pirineu catal\u00e0\",\"Vermella (Dif\u00edcil)\",\"\ud83d\udeb2 95-99%\"],\"inLanguage\":\"es\",\"potentialAction\":[{\"@type\":\"CommentAction\",\"name\":\"Comment\",\"target\":[\"https:\/\/www.overtheclouds.eu\/index.php\/2022\/05\/19\/el-parc-natural-del-cap-de-creus\/#respond\"]}]},{\"@type\":\"WebPage\",\"@id\":\"https:\/\/www.overtheclouds.eu\/index.php\/2022\/05\/19\/el-parc-natural-del-cap-de-creus\/\",\"url\":\"https:\/\/www.overtheclouds.eu\/index.php\/2022\/05\/19\/el-parc-natural-del-cap-de-creus\/\",\"name\":\"El Parc natural del Cap de Creus &#8211; Over the Clouds\",\"isPartOf\":{\"@id\":\"https:\/\/www.overtheclouds.eu\/#website\"},\"primaryImageOfPage\":{\"@id\":\"https:\/\/www.overtheclouds.eu\/index.php\/2022\/05\/19\/el-parc-natural-del-cap-de-creus\/#primaryimage\"},\"image\":{\"@id\":\"https:\/\/www.overtheclouds.eu\/index.php\/2022\/05\/19\/el-parc-natural-del-cap-de-creus\/#primaryimage\"},\"thumbnailUrl\":\"https:\/\/www.overtheclouds.eu\/wp-content\/uploads\/2022\/05\/DSC08221-scaled.jpg\",\"datePublished\":\"2022-05-19T11:07:24+00:00\",\"dateModified\":\"2022-06-22T13:20:55+00:00\",\"description\":\"El Parc natural del Cap de Creus &#8211; - &#8211; Extraordinary routes for ordinary bikers\",\"breadcrumb\":{\"@id\":\"https:\/\/www.overtheclouds.eu\/index.php\/2022\/05\/19\/el-parc-natural-del-cap-de-creus\/#breadcrumb\"},\"inLanguage\":\"es\",\"potentialAction\":[{\"@type\":\"ReadAction\",\"target\":[\"https:\/\/www.overtheclouds.eu\/index.php\/2022\/05\/19\/el-parc-natural-del-cap-de-creus\/\"]}]},{\"@type\":\"ImageObject\",\"inLanguage\":\"es\",\"@id\":\"https:\/\/www.overtheclouds.eu\/index.php\/2022\/05\/19\/el-parc-natural-del-cap-de-creus\/#primaryimage\",\"url\":\"https:\/\/www.overtheclouds.eu\/wp-content\/uploads\/2022\/05\/DSC08221-scaled.jpg\",\"contentUrl\":\"https:\/\/www.overtheclouds.eu\/wp-content\/uploads\/2022\/05\/DSC08221-scaled.jpg\",\"width\":2560,\"height\":1442},{\"@type\":\"BreadcrumbList\",\"@id\":\"https:\/\/www.overtheclouds.eu\/index.php\/2022\/05\/19\/el-parc-natural-del-cap-de-creus\/#breadcrumb\",\"itemListElement\":[{\"@type\":\"ListItem\",\"position\":1,\"name\":\"Inici\",\"item\":\"https:\/\/www.overtheclouds.eu\/\"},{\"@type\":\"ListItem\",\"position\":2,\"name\":\"-\",\"item\":\"https:\/\/www.overtheclouds.eu\/index.php\/category\/sin-categoria\/\"},{\"@type\":\"ListItem\",\"position\":3,\"name\":\"El Parc natural del Cap de Creus\"}]},{\"@type\":\"WebSite\",\"@id\":\"https:\/\/www.overtheclouds.eu\/#website\",\"url\":\"https:\/\/www.overtheclouds.eu\/\",\"name\":\"Over the Clouds\",\"description\":\"El plaer de rec\u00f3rrer valls, carenes i assolir cims\",\"publisher\":{\"@id\":\"https:\/\/www.overtheclouds.eu\/#organization\"},\"potentialAction\":[{\"@type\":\"SearchAction\",\"target\":{\"@type\":\"EntryPoint\",\"urlTemplate\":\"https:\/\/www.overtheclouds.eu\/?s={search_term_string}\"},\"query-input\":\"required name=search_term_string\"}],\"inLanguage\":\"es\"},{\"@type\":\"Organization\",\"@id\":\"https:\/\/www.overtheclouds.eu\/#organization\",\"name\":\"Over the Clouds\",\"url\":\"https:\/\/www.overtheclouds.eu\/\",\"logo\":{\"@type\":\"ImageObject\",\"inLanguage\":\"es\",\"@id\":\"https:\/\/www.overtheclouds.eu\/#\/schema\/logo\/image\/\",\"url\":\"https:\/\/www.overtheclouds.eu\/wp-content\/uploads\/2020\/02\/logo-4.png\",\"contentUrl\":\"https:\/\/www.overtheclouds.eu\/wp-content\/uploads\/2020\/02\/logo-4.png\",\"width\":612,\"height\":418,\"caption\":\"Over the Clouds\"},\"image\":{\"@id\":\"https:\/\/www.overtheclouds.eu\/#\/schema\/logo\/image\/\"}},{\"@type\":\"Person\",\"@id\":\"https:\/\/www.overtheclouds.eu\/#\/schema\/person\/283fe644ef85985e7a0cad3f42b6cc63\",\"name\":\"Jaume\",\"image\":{\"@type\":\"ImageObject\",\"inLanguage\":\"es\",\"@id\":\"https:\/\/www.overtheclouds.eu\/#\/schema\/person\/image\/\",\"url\":\"https:\/\/secure.gravatar.com\/avatar\/86c0905ad41bd45ffed5903a626e36c9?s=96&d=blank&r=g\",\"contentUrl\":\"https:\/\/secure.gravatar.com\/avatar\/86c0905ad41bd45ffed5903a626e36c9?s=96&d=blank&r=g\",\"caption\":\"Jaume\"}}]}<\/script>\n<!-- \/ Yoast SEO plugin. -->","yoast_head_json":{"title":"El Parc natural del Cap de Creus &#8211; Over the Clouds","description":"El Parc natural del Cap de Creus &#8211; - &#8211; Extraordinary routes for ordinary bikers","robots":{"index":"index","follow":"follow","max-snippet":"max-snippet:-1","max-image-preview":"max-image-preview:large","max-video-preview":"max-video-preview:-1"},"canonical":"https:\/\/www.overtheclouds.eu\/index.php\/2022\/05\/19\/el-parc-natural-del-cap-de-creus\/","og_locale":"es_ES","og_type":"article","og_title":"El Parc natural del Cap de Creus &#8211; Over the Clouds","og_description":"El Parc natural del Cap de Creus &#8211; - &#8211; Extraordinary routes for ordinary bikers","og_url":"https:\/\/www.overtheclouds.eu\/index.php\/2022\/05\/19\/el-parc-natural-del-cap-de-creus\/","og_site_name":"Over the Clouds","article_published_time":"2022-05-19T11:07:24+00:00","article_modified_time":"2022-06-22T13:20:55+00:00","og_image":[{"width":2560,"height":1442,"url":"https:\/\/www.overtheclouds.eu\/wp-content\/uploads\/2022\/05\/DSC08221-scaled.jpg","type":"image\/jpeg"}],"author":"Jaume","twitter_card":"summary_large_image","twitter_misc":{"Escrito por":"Jaume","Tiempo de lectura":"4 minutos"},"schema":{"@context":"https:\/\/schema.org","@graph":[{"@type":"Article","@id":"https:\/\/www.overtheclouds.eu\/index.php\/2022\/05\/19\/el-parc-natural-del-cap-de-creus\/#article","isPartOf":{"@id":"https:\/\/www.overtheclouds.eu\/index.php\/2022\/05\/19\/el-parc-natural-del-cap-de-creus\/"},"author":{"name":"Jaume","@id":"https:\/\/www.overtheclouds.eu\/#\/schema\/person\/283fe644ef85985e7a0cad3f42b6cc63"},"headline":"El Parc natural del Cap de Creus","datePublished":"2022-05-19T11:07:24+00:00","dateModified":"2022-06-22T13:20:55+00:00","mainEntityOfPage":{"@id":"https:\/\/www.overtheclouds.eu\/index.php\/2022\/05\/19\/el-parc-natural-del-cap-de-creus\/"},"wordCount":902,"commentCount":0,"publisher":{"@id":"https:\/\/www.overtheclouds.eu\/#organization"},"image":{"@id":"https:\/\/www.overtheclouds.eu\/index.php\/2022\/05\/19\/el-parc-natural-del-cap-de-creus\/#primaryimage"},"thumbnailUrl":"https:\/\/www.overtheclouds.eu\/wp-content\/uploads\/2022\/05\/DSC08221-scaled.jpg","articleSection":["-","\u26f0 &lt;1500m","Pirineu catal\u00e0","Vermella (Dif\u00edcil)","\ud83d\udeb2 95-99%"],"inLanguage":"es","potentialAction":[{"@type":"CommentAction","name":"Comment","target":["https:\/\/www.overtheclouds.eu\/index.php\/2022\/05\/19\/el-parc-natural-del-cap-de-creus\/#respond"]}]},{"@type":"WebPage","@id":"https:\/\/www.overtheclouds.eu\/index.php\/2022\/05\/19\/el-parc-natural-del-cap-de-creus\/","url":"https:\/\/www.overtheclouds.eu\/index.php\/2022\/05\/19\/el-parc-natural-del-cap-de-creus\/","name":"El Parc natural del Cap de Creus &#8211; Over the Clouds","isPartOf":{"@id":"https:\/\/www.overtheclouds.eu\/#website"},"primaryImageOfPage":{"@id":"https:\/\/www.overtheclouds.eu\/index.php\/2022\/05\/19\/el-parc-natural-del-cap-de-creus\/#primaryimage"},"image":{"@id":"https:\/\/www.overtheclouds.eu\/index.php\/2022\/05\/19\/el-parc-natural-del-cap-de-creus\/#primaryimage"},"thumbnailUrl":"https:\/\/www.overtheclouds.eu\/wp-content\/uploads\/2022\/05\/DSC08221-scaled.jpg","datePublished":"2022-05-19T11:07:24+00:00","dateModified":"2022-06-22T13:20:55+00:00","description":"El Parc natural del Cap de Creus &#8211; - &#8211; Extraordinary routes for ordinary bikers","breadcrumb":{"@id":"https:\/\/www.overtheclouds.eu\/index.php\/2022\/05\/19\/el-parc-natural-del-cap-de-creus\/#breadcrumb"},"inLanguage":"es","potentialAction":[{"@type":"ReadAction","target":["https:\/\/www.overtheclouds.eu\/index.php\/2022\/05\/19\/el-parc-natural-del-cap-de-creus\/"]}]},{"@type":"ImageObject","inLanguage":"es","@id":"https:\/\/www.overtheclouds.eu\/index.php\/2022\/05\/19\/el-parc-natural-del-cap-de-creus\/#primaryimage","url":"https:\/\/www.overtheclouds.eu\/wp-content\/uploads\/2022\/05\/DSC08221-scaled.jpg","contentUrl":"https:\/\/www.overtheclouds.eu\/wp-content\/uploads\/2022\/05\/DSC08221-scaled.jpg","width":2560,"height":1442},{"@type":"BreadcrumbList","@id":"https:\/\/www.overtheclouds.eu\/index.php\/2022\/05\/19\/el-parc-natural-del-cap-de-creus\/#breadcrumb","itemListElement":[{"@type":"ListItem","position":1,"name":"Inici","item":"https:\/\/www.overtheclouds.eu\/"},{"@type":"ListItem","position":2,"name":"-","item":"https:\/\/www.overtheclouds.eu\/index.php\/category\/sin-categoria\/"},{"@type":"ListItem","position":3,"name":"El Parc natural del Cap de Creus"}]},{"@type":"WebSite","@id":"https:\/\/www.overtheclouds.eu\/#website","url":"https:\/\/www.overtheclouds.eu\/","name":"Over the Clouds","description":"El plaer de rec\u00f3rrer valls, carenes i assolir cims","publisher":{"@id":"https:\/\/www.overtheclouds.eu\/#organization"},"potentialAction":[{"@type":"SearchAction","target":{"@type":"EntryPoint","urlTemplate":"https:\/\/www.overtheclouds.eu\/?s={search_term_string}"},"query-input":"required name=search_term_string"}],"inLanguage":"es"},{"@type":"Organization","@id":"https:\/\/www.overtheclouds.eu\/#organization","name":"Over the Clouds","url":"https:\/\/www.overtheclouds.eu\/","logo":{"@type":"ImageObject","inLanguage":"es","@id":"https:\/\/www.overtheclouds.eu\/#\/schema\/logo\/image\/","url":"https:\/\/www.overtheclouds.eu\/wp-content\/uploads\/2020\/02\/logo-4.png","contentUrl":"https:\/\/www.overtheclouds.eu\/wp-content\/uploads\/2020\/02\/logo-4.png","width":612,"height":418,"caption":"Over the Clouds"},"image":{"@id":"https:\/\/www.overtheclouds.eu\/#\/schema\/logo\/image\/"}},{"@type":"Person","@id":"https:\/\/www.overtheclouds.eu\/#\/schema\/person\/283fe644ef85985e7a0cad3f42b6cc63","name":"Jaume","image":{"@type":"ImageObject","inLanguage":"es","@id":"https:\/\/www.overtheclouds.eu\/#\/schema\/person\/image\/","url":"https:\/\/secure.gravatar.com\/avatar\/86c0905ad41bd45ffed5903a626e36c9?s=96&d=blank&r=g","contentUrl":"https:\/\/secure.gravatar.com\/avatar\/86c0905ad41bd45ffed5903a626e36c9?s=96&d=blank&r=g","caption":"Jaume"}}]}},"_links":{"self":[{"href":"https:\/\/www.overtheclouds.eu\/index.php\/wp-json\/wp\/v2\/posts\/2003"}],"collection":[{"href":"https:\/\/www.overtheclouds.eu\/index.php\/wp-json\/wp\/v2\/posts"}],"about":[{"href":"https:\/\/www.overtheclouds.eu\/index.php\/wp-json\/wp\/v2\/types\/post"}],"author":[{"embeddable":true,"href":"https:\/\/www.overtheclouds.eu\/index.php\/wp-json\/wp\/v2\/users\/2"}],"replies":[{"embeddable":true,"href":"https:\/\/www.overtheclouds.eu\/index.php\/wp-json\/wp\/v2\/comments?post=2003"}],"version-history":[{"count":3,"href":"https:\/\/www.overtheclouds.eu\/index.php\/wp-json\/wp\/v2\/posts\/2003\/revisions"}],"predecessor-version":[{"id":2052,"href":"https:\/\/www.overtheclouds.eu\/index.php\/wp-json\/wp\/v2\/posts\/2003\/revisions\/2052"}],"wp:featuredmedia":[{"embeddable":true,"href":"https:\/\/www.overtheclouds.eu\/index.php\/wp-json\/wp\/v2\/media\/2007"}],"wp:attachment":[{"href":"https:\/\/www.overtheclouds.eu\/index.php\/wp-json\/wp\/v2\/media?parent=2003"}],"wp:term":[{"taxonomy":"category","embeddable":true,"href":"https:\/\/www.overtheclouds.eu\/index.php\/wp-json\/wp\/v2\/categories?post=2003"},{"taxonomy":"post_tag","embeddable":true,"href":"https:\/\/www.overtheclouds.eu\/index.php\/wp-json\/wp\/v2\/tags?post=2003"}],"curies":[{"name":"wp","href":"https:\/\/api.w.org\/{rel}","templated":true}]}}