{"id":1930,"date":"2022-02-16T19:43:39","date_gmt":"2022-02-16T18:43:39","guid":{"rendered":"http:\/\/www.overtheclouds.eu\/?p=1930"},"modified":"2022-05-10T09:07:58","modified_gmt":"2022-05-10T07:07:58","slug":"la-carabassa-hivernal","status":"publish","type":"post","link":"https:\/\/www.overtheclouds.eu\/index.php\/2022\/02\/16\/la-carabassa-hivernal\/","title":{"rendered":"La Carabassa hivernal"},"content":{"rendered":"\n<h4 class=\"wp-block-heading\">Al\u00e7ada m\u00e0xima de la ruta:<\/h4>\n\n\n\n<p>2.740 metres<\/p>\n\n\n\n<h4 class=\"wp-block-heading\">Descripci\u00f3 breu:<\/h4>\n\n\n\n<p>La Carabassa a primers de Febrer !!!!<br>Inaudita sortida per les dates. Sortim del petit poble de Ord\u00e8n a sobre Bellver de Cerdanya i per pistes passem per Talltendre i La Bastida. A partir d&#8217;aqu\u00ed seguim per pista pero ja for\u00e7a mes costeruda fins que s&#8217;acaba. Ara ja es freeride primer una petita baixada cap a la Font del Ferro i despr\u00e9s amunt cercant la carena anem dibuixant el nostre cam\u00ed tot esquivant les congestes de neu. Tot i ser les dates que s\u00f3n arribem al cim sense m\u00e9s dificultats. Semblava impossible. La baixada fent l&#8217;indi per sobre les primes congestes \u00e9s una gaudir incomparable, amb el Cad\u00ed com a tel\u00f3 de fons. Inoblidable. Com ja preveiem des del Coll de Coma de Fornos ens atenssem cap el sud perqu\u00e8 la baixada cap a l&#8217;est, que \u00e9s millor, est\u00e0 nevada i gelada. Aquest caminet del vessant sud no \u00e9s una meravella per\u00f2 es passa for\u00e7a b\u00e9. Un cop a la Cabana de pedra seca  dels Escalders trobem la pista que sense m\u00e9s problemes ens reporta al punt de sortida. Gran ruta si tenim en compte que \u00e9s ple hivern. No \u00e9s normal. Consum 640 Watts.<\/p>\n\n\n\n<h4 class=\"wp-block-heading\">\u00c0rea geogr\u00e0fica:<\/h4>\n\n\n\n<p>Pirineu Catal\u00e0<\/p>\n\n\n\n<h4 class=\"wp-block-heading\">Ciclabilitat:<\/h4>\n\n\n\n<p>\u00ab100 %\u00bb<\/p>\n\n\n\n<h4 class=\"wp-block-heading\">Dificultat:<\/h4>\n\n\n\n<p class=\"vermella\">Vermella<\/p>\n\n\n\n<div class=\"wp-block-group\"><div class=\"wp-block-group__inner-container is-layout-flow wp-block-group-is-layout-flow\">\n<h4 class=\"wp-block-heading\">Briefing de la ruta<\/h4>\n\n\n\n<figure class=\"wp-block-embed is-type-video is-provider-youtube wp-block-embed-youtube wp-embed-aspect-16-9 wp-has-aspect-ratio\"><div class=\"wp-block-embed__wrapper\">\n<iframe loading=\"lazy\" title=\"2022 La Carabassa winter\" width=\"820\" height=\"461\" src=\"https:\/\/www.youtube.com\/embed\/ZV5W02mhAqY?feature=oembed\" frameborder=\"0\" allow=\"accelerometer; autoplay; clipboard-write; encrypted-media; gyroscope; picture-in-picture\" allowfullscreen><\/iframe>\n<\/div><\/figure>\n<\/div><\/div>\n\n\n\n<div class=\"wp-block-group\"><div class=\"wp-block-group__inner-container is-layout-flow wp-block-group-is-layout-flow\">\n<h4 class=\"wp-block-heading\">V\u00eddeo de la ruta<\/h4>\n\n\n\n<figure class=\"wp-block-embed is-type-video is-provider-youtube wp-block-embed-youtube wp-embed-aspect-16-9 wp-has-aspect-ratio\"><div class=\"wp-block-embed__wrapper\">\n<iframe loading=\"lazy\" title=\"En BTT pel Pirineu: La Carabassa hivernal\" width=\"820\" height=\"461\" src=\"https:\/\/www.youtube.com\/embed\/ppR2tkXOz1g?start=1242&#038;feature=oembed\" frameborder=\"0\" allow=\"accelerometer; autoplay; clipboard-write; encrypted-media; gyroscope; picture-in-picture\" allowfullscreen><\/iframe>\n<\/div><\/figure>\n<\/div><\/div>\n\n\n\n<div class=\"wp-block-group\"><div class=\"wp-block-group__inner-container is-layout-flow wp-block-group-is-layout-flow\">\n<h4 class=\"wp-block-heading\">Descarrega el track de la ruta<\/h4>\n\n\n\n<div class=\"wp-block-file\"><a href=\"http:\/\/www.overtheclouds.eu\/wp-content\/uploads\/2022\/02\/la-carabassa-a-primers-de-febrer-1.gpx\">la-carabassa-a-primers-de-febrer-1<\/a><a href=\"http:\/\/www.overtheclouds.eu\/wp-content\/uploads\/2022\/02\/la-carabassa-a-primers-de-febrer-1.gpx\" class=\"wp-block-file__button\" download>Descarrega<\/a><\/div>\n\n\n\n<p><\/p>\n<\/div><\/div>\n\n\n\n<div class=\"wp-block-group\"><div class=\"wp-block-group__inner-container is-layout-flow wp-block-group-is-layout-flow\">\n<h4 class=\"wp-block-heading\">Galeria d&#8217;imatges<\/h4>\n<\/div><\/div>\n\n\n<div class='photonic-google-stream photonic-stream ' id='photonic-google-stream-1'>\n\r\n<div class='photonic-error photonic-google-error' id='photonic-google-error-1'>\r\n\t<span class='photonic-error-icon photonic-icon'>&nbsp;<\/span>\r\n\t<div class='photonic-message'>\r\n\t\tNo se pudo obtener datos. Error:<br \/><code>\nRequest had insufficient authentication scopes.<\/code><br \/>\n\r\n\t<\/div>\r\n<\/div>\n\n<\/div><!-- .photonic-stream or .photonic-panel -->\n\n\n<p>&nbsp;<\/p>","protected":false},"excerpt":{"rendered":"<p>Al\u00e7ada m\u00e0xima de la ruta: 2.740 metres Descripci\u00f3 breu: La Carabassa a primers de Febrer !!!!Inaudita sortida per les dates. Sortim del petit poble de Ord\u00e8n a sobre Bellver de Cerdanya i per pistes passem per Talltendre i La Bastida. &hellip; <a href=\"https:\/\/www.overtheclouds.eu\/index.php\/2022\/02\/16\/la-carabassa-hivernal\/\" class=\"more-link\"><span class=\"more-button\">TOTA LA RUTA AQU\u00cd<span class=\"screen-reader-text\">La Carabassa hivernal<\/span><\/span><\/a><\/p>\n","protected":false},"author":3,"featured_media":1942,"comment_status":"open","ping_status":"closed","sticky":false,"template":"","format":"standard","meta":{"_exactmetrics_skip_tracking":false,"_exactmetrics_sitenote_active":false,"_exactmetrics_sitenote_note":"","_exactmetrics_sitenote_category":0,"footnotes":""},"categories":[18,3,14,23],"tags":[377,370,371],"yoast_head":"<!-- This site is optimized with the Yoast SEO plugin v22.7 - https:\/\/yoast.com\/wordpress\/plugins\/seo\/ -->\n<title>La Carabassa hivernal &#8211; Over the Clouds<\/title>\n<meta name=\"description\" content=\"La Carabassa hivernal &#8211; Pirineu catal\u00e0 &#8211; Extraordinary routes for ordinary bikers\" \/>\n<meta name=\"robots\" content=\"index, follow, max-snippet:-1, max-image-preview:large, max-video-preview:-1\" \/>\n<link rel=\"canonical\" href=\"https:\/\/www.overtheclouds.eu\/index.php\/2022\/02\/16\/la-carabassa-hivernal\/\" \/>\n<meta property=\"og:locale\" content=\"es_ES\" \/>\n<meta property=\"og:type\" content=\"article\" \/>\n<meta property=\"og:title\" content=\"La Carabassa hivernal &#8211; Over the Clouds\" \/>\n<meta property=\"og:description\" content=\"La Carabassa hivernal &#8211; Pirineu catal\u00e0 &#8211; Extraordinary routes for ordinary bikers\" \/>\n<meta property=\"og:url\" content=\"https:\/\/www.overtheclouds.eu\/index.php\/2022\/02\/16\/la-carabassa-hivernal\/\" \/>\n<meta property=\"og:site_name\" content=\"Over the Clouds\" \/>\n<meta property=\"article:published_time\" content=\"2022-02-16T18:43:39+00:00\" \/>\n<meta property=\"article:modified_time\" content=\"2022-05-10T07:07:58+00:00\" \/>\n<meta property=\"og:image\" content=\"https:\/\/www.overtheclouds.eu\/wp-content\/uploads\/2022\/02\/GOPR1723.jpg\" \/>\n\t<meta property=\"og:image:width\" content=\"1974\" \/>\n\t<meta property=\"og:image:height\" content=\"1111\" \/>\n\t<meta property=\"og:image:type\" content=\"image\/jpeg\" \/>\n<meta name=\"author\" content=\"Joan\" \/>\n<meta name=\"twitter:card\" content=\"summary_large_image\" \/>\n<meta name=\"twitter:label1\" content=\"Escrito por\" \/>\n\t<meta name=\"twitter:data1\" content=\"Joan\" \/>\n\t<meta name=\"twitter:label2\" content=\"Tiempo de lectura\" \/>\n\t<meta name=\"twitter:data2\" content=\"1 minuto\" \/>\n<script type=\"application\/ld+json\" class=\"yoast-schema-graph\">{\"@context\":\"https:\/\/schema.org\",\"@graph\":[{\"@type\":\"Article\",\"@id\":\"https:\/\/www.overtheclouds.eu\/index.php\/2022\/02\/16\/la-carabassa-hivernal\/#article\",\"isPartOf\":{\"@id\":\"https:\/\/www.overtheclouds.eu\/index.php\/2022\/02\/16\/la-carabassa-hivernal\/\"},\"author\":{\"name\":\"Joan\",\"@id\":\"https:\/\/www.overtheclouds.eu\/#\/schema\/person\/5a8a63d2ace21171e85e962d1275b38f\"},\"headline\":\"La Carabassa hivernal\",\"datePublished\":\"2022-02-16T18:43:39+00:00\",\"dateModified\":\"2022-05-10T07:07:58+00:00\",\"mainEntityOfPage\":{\"@id\":\"https:\/\/www.overtheclouds.eu\/index.php\/2022\/02\/16\/la-carabassa-hivernal\/\"},\"wordCount\":264,\"commentCount\":0,\"publisher\":{\"@id\":\"https:\/\/www.overtheclouds.eu\/#organization\"},\"image\":{\"@id\":\"https:\/\/www.overtheclouds.eu\/index.php\/2022\/02\/16\/la-carabassa-hivernal\/#primaryimage\"},\"thumbnailUrl\":\"https:\/\/www.overtheclouds.eu\/wp-content\/uploads\/2022\/02\/GOPR1723.jpg\",\"keywords\":[\"cerdanya\",\"mtb\",\"vttae\"],\"articleSection\":[\"\u26f0 &gt;2501m\",\"Pirineu catal\u00e0\",\"Vermella (Dif\u00edcil)\",\"\ud83d\udeb2 100%\"],\"inLanguage\":\"es\",\"potentialAction\":[{\"@type\":\"CommentAction\",\"name\":\"Comment\",\"target\":[\"https:\/\/www.overtheclouds.eu\/index.php\/2022\/02\/16\/la-carabassa-hivernal\/#respond\"]}]},{\"@type\":\"WebPage\",\"@id\":\"https:\/\/www.overtheclouds.eu\/index.php\/2022\/02\/16\/la-carabassa-hivernal\/\",\"url\":\"https:\/\/www.overtheclouds.eu\/index.php\/2022\/02\/16\/la-carabassa-hivernal\/\",\"name\":\"La Carabassa hivernal &#8211; Over the Clouds\",\"isPartOf\":{\"@id\":\"https:\/\/www.overtheclouds.eu\/#website\"},\"primaryImageOfPage\":{\"@id\":\"https:\/\/www.overtheclouds.eu\/index.php\/2022\/02\/16\/la-carabassa-hivernal\/#primaryimage\"},\"image\":{\"@id\":\"https:\/\/www.overtheclouds.eu\/index.php\/2022\/02\/16\/la-carabassa-hivernal\/#primaryimage\"},\"thumbnailUrl\":\"https:\/\/www.overtheclouds.eu\/wp-content\/uploads\/2022\/02\/GOPR1723.jpg\",\"datePublished\":\"2022-02-16T18:43:39+00:00\",\"dateModified\":\"2022-05-10T07:07:58+00:00\",\"description\":\"La Carabassa hivernal &#8211; Pirineu catal\u00e0 &#8211; Extraordinary routes for ordinary bikers\",\"breadcrumb\":{\"@id\":\"https:\/\/www.overtheclouds.eu\/index.php\/2022\/02\/16\/la-carabassa-hivernal\/#breadcrumb\"},\"inLanguage\":\"es\",\"potentialAction\":[{\"@type\":\"ReadAction\",\"target\":[\"https:\/\/www.overtheclouds.eu\/index.php\/2022\/02\/16\/la-carabassa-hivernal\/\"]}]},{\"@type\":\"ImageObject\",\"inLanguage\":\"es\",\"@id\":\"https:\/\/www.overtheclouds.eu\/index.php\/2022\/02\/16\/la-carabassa-hivernal\/#primaryimage\",\"url\":\"https:\/\/www.overtheclouds.eu\/wp-content\/uploads\/2022\/02\/GOPR1723.jpg\",\"contentUrl\":\"https:\/\/www.overtheclouds.eu\/wp-content\/uploads\/2022\/02\/GOPR1723.jpg\",\"width\":1974,\"height\":1111,\"caption\":\"DCIM100GOPROGOPR1723.JPG\"},{\"@type\":\"BreadcrumbList\",\"@id\":\"https:\/\/www.overtheclouds.eu\/index.php\/2022\/02\/16\/la-carabassa-hivernal\/#breadcrumb\",\"itemListElement\":[{\"@type\":\"ListItem\",\"position\":1,\"name\":\"Inici\",\"item\":\"https:\/\/www.overtheclouds.eu\/\"},{\"@type\":\"ListItem\",\"position\":2,\"name\":\"Geografia\",\"item\":\"https:\/\/www.overtheclouds.eu\/index.php\/category\/geografia\/\"},{\"@type\":\"ListItem\",\"position\":3,\"name\":\"Pirineu catal\u00e0\",\"item\":\"https:\/\/www.overtheclouds.eu\/index.php\/category\/geografia\/pirineu-catala\/\"},{\"@type\":\"ListItem\",\"position\":4,\"name\":\"La Carabassa hivernal\"}]},{\"@type\":\"WebSite\",\"@id\":\"https:\/\/www.overtheclouds.eu\/#website\",\"url\":\"https:\/\/www.overtheclouds.eu\/\",\"name\":\"Over the Clouds\",\"description\":\"El plaer de rec\u00f3rrer valls, carenes i assolir cims\",\"publisher\":{\"@id\":\"https:\/\/www.overtheclouds.eu\/#organization\"},\"potentialAction\":[{\"@type\":\"SearchAction\",\"target\":{\"@type\":\"EntryPoint\",\"urlTemplate\":\"https:\/\/www.overtheclouds.eu\/?s={search_term_string}\"},\"query-input\":\"required name=search_term_string\"}],\"inLanguage\":\"es\"},{\"@type\":\"Organization\",\"@id\":\"https:\/\/www.overtheclouds.eu\/#organization\",\"name\":\"Over the Clouds\",\"url\":\"https:\/\/www.overtheclouds.eu\/\",\"logo\":{\"@type\":\"ImageObject\",\"inLanguage\":\"es\",\"@id\":\"https:\/\/www.overtheclouds.eu\/#\/schema\/logo\/image\/\",\"url\":\"https:\/\/www.overtheclouds.eu\/wp-content\/uploads\/2020\/02\/logo-4.png\",\"contentUrl\":\"https:\/\/www.overtheclouds.eu\/wp-content\/uploads\/2020\/02\/logo-4.png\",\"width\":612,\"height\":418,\"caption\":\"Over the Clouds\"},\"image\":{\"@id\":\"https:\/\/www.overtheclouds.eu\/#\/schema\/logo\/image\/\"}},{\"@type\":\"Person\",\"@id\":\"https:\/\/www.overtheclouds.eu\/#\/schema\/person\/5a8a63d2ace21171e85e962d1275b38f\",\"name\":\"Joan\",\"image\":{\"@type\":\"ImageObject\",\"inLanguage\":\"es\",\"@id\":\"https:\/\/www.overtheclouds.eu\/#\/schema\/person\/image\/\",\"url\":\"https:\/\/secure.gravatar.com\/avatar\/e18bfa7b0f654b00262b6af5360100bf?s=96&d=blank&r=g\",\"contentUrl\":\"https:\/\/secure.gravatar.com\/avatar\/e18bfa7b0f654b00262b6af5360100bf?s=96&d=blank&r=g\",\"caption\":\"Joan\"}}]}<\/script>\n<!-- \/ Yoast SEO plugin. -->","yoast_head_json":{"title":"La Carabassa hivernal &#8211; Over the Clouds","description":"La Carabassa hivernal &#8211; Pirineu catal\u00e0 &#8211; Extraordinary routes for ordinary bikers","robots":{"index":"index","follow":"follow","max-snippet":"max-snippet:-1","max-image-preview":"max-image-preview:large","max-video-preview":"max-video-preview:-1"},"canonical":"https:\/\/www.overtheclouds.eu\/index.php\/2022\/02\/16\/la-carabassa-hivernal\/","og_locale":"es_ES","og_type":"article","og_title":"La Carabassa hivernal &#8211; Over the Clouds","og_description":"La Carabassa hivernal &#8211; Pirineu catal\u00e0 &#8211; Extraordinary routes for ordinary bikers","og_url":"https:\/\/www.overtheclouds.eu\/index.php\/2022\/02\/16\/la-carabassa-hivernal\/","og_site_name":"Over the Clouds","article_published_time":"2022-02-16T18:43:39+00:00","article_modified_time":"2022-05-10T07:07:58+00:00","og_image":[{"width":1974,"height":1111,"url":"https:\/\/www.overtheclouds.eu\/wp-content\/uploads\/2022\/02\/GOPR1723.jpg","type":"image\/jpeg"}],"author":"Joan","twitter_card":"summary_large_image","twitter_misc":{"Escrito por":"Joan","Tiempo de lectura":"1 minuto"},"schema":{"@context":"https:\/\/schema.org","@graph":[{"@type":"Article","@id":"https:\/\/www.overtheclouds.eu\/index.php\/2022\/02\/16\/la-carabassa-hivernal\/#article","isPartOf":{"@id":"https:\/\/www.overtheclouds.eu\/index.php\/2022\/02\/16\/la-carabassa-hivernal\/"},"author":{"name":"Joan","@id":"https:\/\/www.overtheclouds.eu\/#\/schema\/person\/5a8a63d2ace21171e85e962d1275b38f"},"headline":"La Carabassa hivernal","datePublished":"2022-02-16T18:43:39+00:00","dateModified":"2022-05-10T07:07:58+00:00","mainEntityOfPage":{"@id":"https:\/\/www.overtheclouds.eu\/index.php\/2022\/02\/16\/la-carabassa-hivernal\/"},"wordCount":264,"commentCount":0,"publisher":{"@id":"https:\/\/www.overtheclouds.eu\/#organization"},"image":{"@id":"https:\/\/www.overtheclouds.eu\/index.php\/2022\/02\/16\/la-carabassa-hivernal\/#primaryimage"},"thumbnailUrl":"https:\/\/www.overtheclouds.eu\/wp-content\/uploads\/2022\/02\/GOPR1723.jpg","keywords":["cerdanya","mtb","vttae"],"articleSection":["\u26f0 &gt;2501m","Pirineu catal\u00e0","Vermella (Dif\u00edcil)","\ud83d\udeb2 100%"],"inLanguage":"es","potentialAction":[{"@type":"CommentAction","name":"Comment","target":["https:\/\/www.overtheclouds.eu\/index.php\/2022\/02\/16\/la-carabassa-hivernal\/#respond"]}]},{"@type":"WebPage","@id":"https:\/\/www.overtheclouds.eu\/index.php\/2022\/02\/16\/la-carabassa-hivernal\/","url":"https:\/\/www.overtheclouds.eu\/index.php\/2022\/02\/16\/la-carabassa-hivernal\/","name":"La Carabassa hivernal &#8211; Over the Clouds","isPartOf":{"@id":"https:\/\/www.overtheclouds.eu\/#website"},"primaryImageOfPage":{"@id":"https:\/\/www.overtheclouds.eu\/index.php\/2022\/02\/16\/la-carabassa-hivernal\/#primaryimage"},"image":{"@id":"https:\/\/www.overtheclouds.eu\/index.php\/2022\/02\/16\/la-carabassa-hivernal\/#primaryimage"},"thumbnailUrl":"https:\/\/www.overtheclouds.eu\/wp-content\/uploads\/2022\/02\/GOPR1723.jpg","datePublished":"2022-02-16T18:43:39+00:00","dateModified":"2022-05-10T07:07:58+00:00","description":"La Carabassa hivernal &#8211; Pirineu catal\u00e0 &#8211; Extraordinary routes for ordinary bikers","breadcrumb":{"@id":"https:\/\/www.overtheclouds.eu\/index.php\/2022\/02\/16\/la-carabassa-hivernal\/#breadcrumb"},"inLanguage":"es","potentialAction":[{"@type":"ReadAction","target":["https:\/\/www.overtheclouds.eu\/index.php\/2022\/02\/16\/la-carabassa-hivernal\/"]}]},{"@type":"ImageObject","inLanguage":"es","@id":"https:\/\/www.overtheclouds.eu\/index.php\/2022\/02\/16\/la-carabassa-hivernal\/#primaryimage","url":"https:\/\/www.overtheclouds.eu\/wp-content\/uploads\/2022\/02\/GOPR1723.jpg","contentUrl":"https:\/\/www.overtheclouds.eu\/wp-content\/uploads\/2022\/02\/GOPR1723.jpg","width":1974,"height":1111,"caption":"DCIM100GOPROGOPR1723.JPG"},{"@type":"BreadcrumbList","@id":"https:\/\/www.overtheclouds.eu\/index.php\/2022\/02\/16\/la-carabassa-hivernal\/#breadcrumb","itemListElement":[{"@type":"ListItem","position":1,"name":"Inici","item":"https:\/\/www.overtheclouds.eu\/"},{"@type":"ListItem","position":2,"name":"Geografia","item":"https:\/\/www.overtheclouds.eu\/index.php\/category\/geografia\/"},{"@type":"ListItem","position":3,"name":"Pirineu catal\u00e0","item":"https:\/\/www.overtheclouds.eu\/index.php\/category\/geografia\/pirineu-catala\/"},{"@type":"ListItem","position":4,"name":"La Carabassa hivernal"}]},{"@type":"WebSite","@id":"https:\/\/www.overtheclouds.eu\/#website","url":"https:\/\/www.overtheclouds.eu\/","name":"Over the Clouds","description":"El plaer de rec\u00f3rrer valls, carenes i assolir cims","publisher":{"@id":"https:\/\/www.overtheclouds.eu\/#organization"},"potentialAction":[{"@type":"SearchAction","target":{"@type":"EntryPoint","urlTemplate":"https:\/\/www.overtheclouds.eu\/?s={search_term_string}"},"query-input":"required name=search_term_string"}],"inLanguage":"es"},{"@type":"Organization","@id":"https:\/\/www.overtheclouds.eu\/#organization","name":"Over the Clouds","url":"https:\/\/www.overtheclouds.eu\/","logo":{"@type":"ImageObject","inLanguage":"es","@id":"https:\/\/www.overtheclouds.eu\/#\/schema\/logo\/image\/","url":"https:\/\/www.overtheclouds.eu\/wp-content\/uploads\/2020\/02\/logo-4.png","contentUrl":"https:\/\/www.overtheclouds.eu\/wp-content\/uploads\/2020\/02\/logo-4.png","width":612,"height":418,"caption":"Over the Clouds"},"image":{"@id":"https:\/\/www.overtheclouds.eu\/#\/schema\/logo\/image\/"}},{"@type":"Person","@id":"https:\/\/www.overtheclouds.eu\/#\/schema\/person\/5a8a63d2ace21171e85e962d1275b38f","name":"Joan","image":{"@type":"ImageObject","inLanguage":"es","@id":"https:\/\/www.overtheclouds.eu\/#\/schema\/person\/image\/","url":"https:\/\/secure.gravatar.com\/avatar\/e18bfa7b0f654b00262b6af5360100bf?s=96&d=blank&r=g","contentUrl":"https:\/\/secure.gravatar.com\/avatar\/e18bfa7b0f654b00262b6af5360100bf?s=96&d=blank&r=g","caption":"Joan"}}]}},"_links":{"self":[{"href":"https:\/\/www.overtheclouds.eu\/index.php\/wp-json\/wp\/v2\/posts\/1930"}],"collection":[{"href":"https:\/\/www.overtheclouds.eu\/index.php\/wp-json\/wp\/v2\/posts"}],"about":[{"href":"https:\/\/www.overtheclouds.eu\/index.php\/wp-json\/wp\/v2\/types\/post"}],"author":[{"embeddable":true,"href":"https:\/\/www.overtheclouds.eu\/index.php\/wp-json\/wp\/v2\/users\/3"}],"replies":[{"embeddable":true,"href":"https:\/\/www.overtheclouds.eu\/index.php\/wp-json\/wp\/v2\/comments?post=1930"}],"version-history":[{"count":6,"href":"https:\/\/www.overtheclouds.eu\/index.php\/wp-json\/wp\/v2\/posts\/1930\/revisions"}],"predecessor-version":[{"id":1979,"href":"https:\/\/www.overtheclouds.eu\/index.php\/wp-json\/wp\/v2\/posts\/1930\/revisions\/1979"}],"wp:featuredmedia":[{"embeddable":true,"href":"https:\/\/www.overtheclouds.eu\/index.php\/wp-json\/wp\/v2\/media\/1942"}],"wp:attachment":[{"href":"https:\/\/www.overtheclouds.eu\/index.php\/wp-json\/wp\/v2\/media?parent=1930"}],"wp:term":[{"taxonomy":"category","embeddable":true,"href":"https:\/\/www.overtheclouds.eu\/index.php\/wp-json\/wp\/v2\/categories?post=1930"},{"taxonomy":"post_tag","embeddable":true,"href":"https:\/\/www.overtheclouds.eu\/index.php\/wp-json\/wp\/v2\/tags?post=1930"}],"curies":[{"name":"wp","href":"https:\/\/api.w.org\/{rel}","templated":true}]}}