{"id":1830,"date":"2021-09-04T21:00:52","date_gmt":"2021-09-04T19:00:52","guid":{"rendered":"http:\/\/www.overtheclouds.eu\/?p=1822"},"modified":"2022-05-10T09:16:30","modified_gmt":"2022-05-10T07:16:30","slug":"coll-denvalira-tossa-de-siscaro-roc-meler-4","status":"publish","type":"post","link":"https:\/\/www.overtheclouds.eu\/index.php\/fr\/2021\/09\/04\/coll-denvalira-tossa-de-siscaro-roc-meler-4\/","title":{"rendered":"Coll d&#8217;Envalira-Tossa de Siscar\u00f3-Roc Meler"},"content":{"rendered":"\n<h4 class=\"wp-block-heading\">\u00a0<\/h4>\n\n\n\n<p>\u00a0<\/p>\n\n\n\n<h4 class=\"wp-block-heading\">\u00a0<\/h4>\n\n\n\n<p>\u00a0 \u00a0 \u00a0 \u00a0 \u00a0 \u00a0 \u00a0 \u00a0 \u00a0 \u00a0 \u00a0 \u00a0 \u00a0 \u00a0 \u00a0 \u00a0 \u00a0 \u00a0 \u00a0 \u00a0 \u00a0 \u00a0 \u00a0 \u00a0 \u00a0<\/p>\n\n\n\n<h4 class=\"wp-block-heading\">\u00a0<\/h4>\n\n\n\n<p>\u00a0<\/p>\n\n\n\n<h4 class=\"wp-block-heading\">\u00a0<\/h4>\n\n\n\n<div class=\"wptime-plugin-progress-wrap\" style=\"max-width:300px;margin-bottom:30px;\"><div class=\"wptime-plugin-progress-bar\" style=\"background:#0fa628;width:90%;\"><\/div><span>Ciclabilitat 90%<\/span><\/div>\n\n\n\n<h4 class=\"wp-block-heading\">\u00a0<\/h4>\n\n\n\n<p class=\"negra\">\u00a0<\/p>\n\n\n\n<div class=\"wp-block-group\"><div class=\"wp-block-group__inner-container is-layout-flow wp-block-group-is-layout-flow\">\n<h4 class=\"wp-block-heading\">\u00a0<\/h4>\n\n\n<\/div><\/div>\n\n\n\n<div class=\"wp-block-group\"><div class=\"wp-block-group__inner-container is-layout-flow wp-block-group-is-layout-flow\">\n<h4 class=\"wp-block-heading\">\u00a0<\/h4>\n\n\n\n<figure class=\"wp-block-embed is-type-video is-provider-youtube wp-block-embed-youtube wp-embed-aspect-16-9 wp-has-aspect-ratio\"><div class=\"wp-block-embed__wrapper\">\n\u00a0\n<\/div><\/figure>\n<\/div><\/div>\n\n\n\n<div class=\"wp-block-group\"><div class=\"wp-block-group__inner-container is-layout-flow wp-block-group-is-layout-flow\">\n<h4 class=\"wp-block-heading\">\u00a0<\/h4>\n\n\n\n<div class=\"wp-block-file\">\u00a0<\/div>\n<\/div><\/div>\n\n\n\n<div class=\"wp-block-group\"><div class=\"wp-block-group__inner-container is-layout-flow wp-block-group-is-layout-flow\">\n<h4 class=\"wp-block-heading\">\u00a0<\/h4>\n<\/div><\/div>\n\n\n\n\n<p>\u00a0<\/p>","protected":false},"excerpt":{"rendered":"<p>\u00a0 \u00a0 \u00a0 \u00a0 \u00a0 \u00a0 \u00a0 \u00a0 \u00a0 \u00a0 \u00a0 \u00a0 \u00a0 \u00a0 \u00a0 \u00a0 \u00a0 \u00a0 \u00a0 \u00a0 \u00a0 \u00a0 \u00a0 \u00a0 \u00a0 \u00a0 \u00a0 \u00a0 \u00a0 \u00a0 \u00a0 \u00a0 \u00a0 \u00a0 \u00a0 \u00a0 \u00a0 \u00a0<\/p>\n","protected":false},"author":2,"featured_media":1826,"comment_status":"open","ping_status":"closed","sticky":false,"template":"","format":"standard","meta":{"_exactmetrics_skip_tracking":false,"_exactmetrics_sitenote_active":false,"_exactmetrics_sitenote_note":"","_exactmetrics_sitenote_category":0,"footnotes":""},"categories":[126,230,248,300,150],"tags":[],"yoast_head":"<!-- This site is optimized with the Yoast SEO plugin v22.7 - https:\/\/yoast.com\/wordpress\/plugins\/seo\/ -->\n<title>Coll d&#039;Envalira-Tossa de Siscar\u00f3-Roc Meler &#8211; Over the Clouds<\/title>\n<meta name=\"description\" content=\"Coll d&#039;Envalira-Tossa de Siscar\u00f3-Roc Meler &#8211; \u26f0 2501m &#8211; Extraordinary routes for ordinary bikers\" \/>\n<meta name=\"robots\" content=\"index, follow, max-snippet:-1, max-image-preview:large, max-video-preview:-1\" \/>\n<link rel=\"canonical\" href=\"https:\/\/www.overtheclouds.eu\/index.php\/fr\/2021\/09\/04\/coll-denvalira-tossa-de-siscaro-roc-meler-4\/\" \/>\n<meta property=\"og:locale\" content=\"es_ES\" \/>\n<meta property=\"og:type\" content=\"article\" \/>\n<meta property=\"og:title\" content=\"Coll d&#039;Envalira-Tossa de Siscar\u00f3-Roc Meler &#8211; Over the Clouds\" \/>\n<meta property=\"og:description\" content=\"Coll d&#039;Envalira-Tossa de Siscar\u00f3-Roc Meler &#8211; \u26f0 2501m &#8211; Extraordinary routes for ordinary bikers\" \/>\n<meta property=\"og:url\" content=\"https:\/\/www.overtheclouds.eu\/index.php\/fr\/2021\/09\/04\/coll-denvalira-tossa-de-siscaro-roc-meler-4\/\" \/>\n<meta property=\"og:site_name\" content=\"Over the Clouds\" \/>\n<meta property=\"article:published_time\" content=\"2021-09-04T19:00:52+00:00\" \/>\n<meta property=\"article:modified_time\" content=\"2022-05-10T07:16:30+00:00\" \/>\n<meta property=\"og:image\" content=\"https:\/\/www.overtheclouds.eu\/wp-content\/uploads\/2021\/09\/DSC06923-scaled.jpg\" \/>\n\t<meta property=\"og:image:width\" content=\"2560\" \/>\n\t<meta property=\"og:image:height\" content=\"1442\" \/>\n\t<meta property=\"og:image:type\" content=\"image\/jpeg\" \/>\n<meta name=\"author\" content=\"Jaume\" \/>\n<meta name=\"twitter:card\" content=\"summary_large_image\" \/>\n<meta name=\"twitter:label1\" content=\"Escrito por\" \/>\n\t<meta name=\"twitter:data1\" content=\"Jaume\" \/>\n<script type=\"application\/ld+json\" class=\"yoast-schema-graph\">{\"@context\":\"https:\/\/schema.org\",\"@graph\":[{\"@type\":\"Article\",\"@id\":\"https:\/\/www.overtheclouds.eu\/index.php\/fr\/2021\/09\/04\/coll-denvalira-tossa-de-siscaro-roc-meler-4\/#article\",\"isPartOf\":{\"@id\":\"https:\/\/www.overtheclouds.eu\/index.php\/fr\/2021\/09\/04\/coll-denvalira-tossa-de-siscaro-roc-meler-4\/\"},\"author\":{\"name\":\"Jaume\",\"@id\":\"https:\/\/www.overtheclouds.eu\/#\/schema\/person\/283fe644ef85985e7a0cad3f42b6cc63\"},\"headline\":\"Coll d&#8217;Envalira-Tossa de Siscar\u00f3-Roc Meler\",\"datePublished\":\"2021-09-04T19:00:52+00:00\",\"dateModified\":\"2022-05-10T07:16:30+00:00\",\"mainEntityOfPage\":{\"@id\":\"https:\/\/www.overtheclouds.eu\/index.php\/fr\/2021\/09\/04\/coll-denvalira-tossa-de-siscaro-roc-meler-4\/\"},\"wordCount\":13,\"commentCount\":0,\"publisher\":{\"@id\":\"https:\/\/www.overtheclouds.eu\/#organization\"},\"image\":{\"@id\":\"https:\/\/www.overtheclouds.eu\/index.php\/fr\/2021\/09\/04\/coll-denvalira-tossa-de-siscaro-roc-meler-4\/#primaryimage\"},\"thumbnailUrl\":\"https:\/\/www.overtheclouds.eu\/wp-content\/uploads\/2021\/09\/DSC06923-scaled.jpg\",\"articleSection\":[\"\u26f0 2501m\",\"Noir (tr\u00e8s difficile)\",\"Pyr\u00e9n\u00e9es andorranes\",\"Pyr\u00e9n\u00e9es Fran\u00e7ais\",\"\ud83d\udeb2 90-95%\"],\"inLanguage\":\"es\",\"potentialAction\":[{\"@type\":\"CommentAction\",\"name\":\"Comment\",\"target\":[\"https:\/\/www.overtheclouds.eu\/index.php\/fr\/2021\/09\/04\/coll-denvalira-tossa-de-siscaro-roc-meler-4\/#respond\"]}]},{\"@type\":\"WebPage\",\"@id\":\"https:\/\/www.overtheclouds.eu\/index.php\/fr\/2021\/09\/04\/coll-denvalira-tossa-de-siscaro-roc-meler-4\/\",\"url\":\"https:\/\/www.overtheclouds.eu\/index.php\/fr\/2021\/09\/04\/coll-denvalira-tossa-de-siscaro-roc-meler-4\/\",\"name\":\"Coll d'Envalira-Tossa de Siscar\u00f3-Roc Meler &#8211; Over the Clouds\",\"isPartOf\":{\"@id\":\"https:\/\/www.overtheclouds.eu\/#website\"},\"primaryImageOfPage\":{\"@id\":\"https:\/\/www.overtheclouds.eu\/index.php\/fr\/2021\/09\/04\/coll-denvalira-tossa-de-siscaro-roc-meler-4\/#primaryimage\"},\"image\":{\"@id\":\"https:\/\/www.overtheclouds.eu\/index.php\/fr\/2021\/09\/04\/coll-denvalira-tossa-de-siscaro-roc-meler-4\/#primaryimage\"},\"thumbnailUrl\":\"https:\/\/www.overtheclouds.eu\/wp-content\/uploads\/2021\/09\/DSC06923-scaled.jpg\",\"datePublished\":\"2021-09-04T19:00:52+00:00\",\"dateModified\":\"2022-05-10T07:16:30+00:00\",\"description\":\"Coll d'Envalira-Tossa de Siscar\u00f3-Roc Meler &#8211; \u26f0 2501m &#8211; Extraordinary routes for ordinary bikers\",\"breadcrumb\":{\"@id\":\"https:\/\/www.overtheclouds.eu\/index.php\/fr\/2021\/09\/04\/coll-denvalira-tossa-de-siscaro-roc-meler-4\/#breadcrumb\"},\"inLanguage\":\"es\",\"potentialAction\":[{\"@type\":\"ReadAction\",\"target\":[\"https:\/\/www.overtheclouds.eu\/index.php\/fr\/2021\/09\/04\/coll-denvalira-tossa-de-siscaro-roc-meler-4\/\"]}]},{\"@type\":\"ImageObject\",\"inLanguage\":\"es\",\"@id\":\"https:\/\/www.overtheclouds.eu\/index.php\/fr\/2021\/09\/04\/coll-denvalira-tossa-de-siscaro-roc-meler-4\/#primaryimage\",\"url\":\"https:\/\/www.overtheclouds.eu\/wp-content\/uploads\/2021\/09\/DSC06923-scaled.jpg\",\"contentUrl\":\"https:\/\/www.overtheclouds.eu\/wp-content\/uploads\/2021\/09\/DSC06923-scaled.jpg\",\"width\":2560,\"height\":1442},{\"@type\":\"BreadcrumbList\",\"@id\":\"https:\/\/www.overtheclouds.eu\/index.php\/fr\/2021\/09\/04\/coll-denvalira-tossa-de-siscaro-roc-meler-4\/#breadcrumb\",\"itemListElement\":[{\"@type\":\"ListItem\",\"position\":1,\"name\":\"Inici\",\"item\":\"https:\/\/www.overtheclouds.eu\/\"},{\"@type\":\"ListItem\",\"position\":2,\"name\":\"Altitude maximale\",\"item\":\"https:\/\/www.overtheclouds.eu\/index.php\/fr\/category\/alcada-maxima-fr\/\"},{\"@type\":\"ListItem\",\"position\":3,\"name\":\"\u26f0 2501m\",\"item\":\"https:\/\/www.overtheclouds.eu\/index.php\/fr\/category\/alcada-maxima-fr\/2501m-fr\/\"},{\"@type\":\"ListItem\",\"position\":4,\"name\":\"Coll d&#8217;Envalira-Tossa de Siscar\u00f3-Roc Meler\"}]},{\"@type\":\"WebSite\",\"@id\":\"https:\/\/www.overtheclouds.eu\/#website\",\"url\":\"https:\/\/www.overtheclouds.eu\/\",\"name\":\"Over the Clouds\",\"description\":\"El plaer de rec\u00f3rrer valls, carenes i assolir cims\",\"publisher\":{\"@id\":\"https:\/\/www.overtheclouds.eu\/#organization\"},\"potentialAction\":[{\"@type\":\"SearchAction\",\"target\":{\"@type\":\"EntryPoint\",\"urlTemplate\":\"https:\/\/www.overtheclouds.eu\/?s={search_term_string}\"},\"query-input\":\"required name=search_term_string\"}],\"inLanguage\":\"es\"},{\"@type\":\"Organization\",\"@id\":\"https:\/\/www.overtheclouds.eu\/#organization\",\"name\":\"Over the Clouds\",\"url\":\"https:\/\/www.overtheclouds.eu\/\",\"logo\":{\"@type\":\"ImageObject\",\"inLanguage\":\"es\",\"@id\":\"https:\/\/www.overtheclouds.eu\/#\/schema\/logo\/image\/\",\"url\":\"https:\/\/www.overtheclouds.eu\/wp-content\/uploads\/2020\/02\/logo-4.png\",\"contentUrl\":\"https:\/\/www.overtheclouds.eu\/wp-content\/uploads\/2020\/02\/logo-4.png\",\"width\":612,\"height\":418,\"caption\":\"Over the Clouds\"},\"image\":{\"@id\":\"https:\/\/www.overtheclouds.eu\/#\/schema\/logo\/image\/\"}},{\"@type\":\"Person\",\"@id\":\"https:\/\/www.overtheclouds.eu\/#\/schema\/person\/283fe644ef85985e7a0cad3f42b6cc63\",\"name\":\"Jaume\",\"image\":{\"@type\":\"ImageObject\",\"inLanguage\":\"es\",\"@id\":\"https:\/\/www.overtheclouds.eu\/#\/schema\/person\/image\/\",\"url\":\"https:\/\/secure.gravatar.com\/avatar\/86c0905ad41bd45ffed5903a626e36c9?s=96&d=blank&r=g\",\"contentUrl\":\"https:\/\/secure.gravatar.com\/avatar\/86c0905ad41bd45ffed5903a626e36c9?s=96&d=blank&r=g\",\"caption\":\"Jaume\"}}]}<\/script>\n<!-- \/ Yoast SEO plugin. -->","yoast_head_json":{"title":"Coll d'Envalira-Tossa de Siscar\u00f3-Roc Meler &#8211; Over the Clouds","description":"Coll d'Envalira-Tossa de Siscar\u00f3-Roc Meler &#8211; \u26f0 2501m &#8211; Extraordinary routes for ordinary bikers","robots":{"index":"index","follow":"follow","max-snippet":"max-snippet:-1","max-image-preview":"max-image-preview:large","max-video-preview":"max-video-preview:-1"},"canonical":"https:\/\/www.overtheclouds.eu\/index.php\/fr\/2021\/09\/04\/coll-denvalira-tossa-de-siscaro-roc-meler-4\/","og_locale":"es_ES","og_type":"article","og_title":"Coll d'Envalira-Tossa de Siscar\u00f3-Roc Meler &#8211; Over the Clouds","og_description":"Coll d'Envalira-Tossa de Siscar\u00f3-Roc Meler &#8211; \u26f0 2501m &#8211; Extraordinary routes for ordinary bikers","og_url":"https:\/\/www.overtheclouds.eu\/index.php\/fr\/2021\/09\/04\/coll-denvalira-tossa-de-siscaro-roc-meler-4\/","og_site_name":"Over the Clouds","article_published_time":"2021-09-04T19:00:52+00:00","article_modified_time":"2022-05-10T07:16:30+00:00","og_image":[{"width":2560,"height":1442,"url":"https:\/\/www.overtheclouds.eu\/wp-content\/uploads\/2021\/09\/DSC06923-scaled.jpg","type":"image\/jpeg"}],"author":"Jaume","twitter_card":"summary_large_image","twitter_misc":{"Escrito por":"Jaume"},"schema":{"@context":"https:\/\/schema.org","@graph":[{"@type":"Article","@id":"https:\/\/www.overtheclouds.eu\/index.php\/fr\/2021\/09\/04\/coll-denvalira-tossa-de-siscaro-roc-meler-4\/#article","isPartOf":{"@id":"https:\/\/www.overtheclouds.eu\/index.php\/fr\/2021\/09\/04\/coll-denvalira-tossa-de-siscaro-roc-meler-4\/"},"author":{"name":"Jaume","@id":"https:\/\/www.overtheclouds.eu\/#\/schema\/person\/283fe644ef85985e7a0cad3f42b6cc63"},"headline":"Coll d&#8217;Envalira-Tossa de Siscar\u00f3-Roc Meler","datePublished":"2021-09-04T19:00:52+00:00","dateModified":"2022-05-10T07:16:30+00:00","mainEntityOfPage":{"@id":"https:\/\/www.overtheclouds.eu\/index.php\/fr\/2021\/09\/04\/coll-denvalira-tossa-de-siscaro-roc-meler-4\/"},"wordCount":13,"commentCount":0,"publisher":{"@id":"https:\/\/www.overtheclouds.eu\/#organization"},"image":{"@id":"https:\/\/www.overtheclouds.eu\/index.php\/fr\/2021\/09\/04\/coll-denvalira-tossa-de-siscaro-roc-meler-4\/#primaryimage"},"thumbnailUrl":"https:\/\/www.overtheclouds.eu\/wp-content\/uploads\/2021\/09\/DSC06923-scaled.jpg","articleSection":["\u26f0 2501m","Noir (tr\u00e8s difficile)","Pyr\u00e9n\u00e9es andorranes","Pyr\u00e9n\u00e9es Fran\u00e7ais","\ud83d\udeb2 90-95%"],"inLanguage":"es","potentialAction":[{"@type":"CommentAction","name":"Comment","target":["https:\/\/www.overtheclouds.eu\/index.php\/fr\/2021\/09\/04\/coll-denvalira-tossa-de-siscaro-roc-meler-4\/#respond"]}]},{"@type":"WebPage","@id":"https:\/\/www.overtheclouds.eu\/index.php\/fr\/2021\/09\/04\/coll-denvalira-tossa-de-siscaro-roc-meler-4\/","url":"https:\/\/www.overtheclouds.eu\/index.php\/fr\/2021\/09\/04\/coll-denvalira-tossa-de-siscaro-roc-meler-4\/","name":"Coll d'Envalira-Tossa de Siscar\u00f3-Roc Meler &#8211; Over the Clouds","isPartOf":{"@id":"https:\/\/www.overtheclouds.eu\/#website"},"primaryImageOfPage":{"@id":"https:\/\/www.overtheclouds.eu\/index.php\/fr\/2021\/09\/04\/coll-denvalira-tossa-de-siscaro-roc-meler-4\/#primaryimage"},"image":{"@id":"https:\/\/www.overtheclouds.eu\/index.php\/fr\/2021\/09\/04\/coll-denvalira-tossa-de-siscaro-roc-meler-4\/#primaryimage"},"thumbnailUrl":"https:\/\/www.overtheclouds.eu\/wp-content\/uploads\/2021\/09\/DSC06923-scaled.jpg","datePublished":"2021-09-04T19:00:52+00:00","dateModified":"2022-05-10T07:16:30+00:00","description":"Coll d'Envalira-Tossa de Siscar\u00f3-Roc Meler &#8211; \u26f0 2501m &#8211; Extraordinary routes for ordinary bikers","breadcrumb":{"@id":"https:\/\/www.overtheclouds.eu\/index.php\/fr\/2021\/09\/04\/coll-denvalira-tossa-de-siscaro-roc-meler-4\/#breadcrumb"},"inLanguage":"es","potentialAction":[{"@type":"ReadAction","target":["https:\/\/www.overtheclouds.eu\/index.php\/fr\/2021\/09\/04\/coll-denvalira-tossa-de-siscaro-roc-meler-4\/"]}]},{"@type":"ImageObject","inLanguage":"es","@id":"https:\/\/www.overtheclouds.eu\/index.php\/fr\/2021\/09\/04\/coll-denvalira-tossa-de-siscaro-roc-meler-4\/#primaryimage","url":"https:\/\/www.overtheclouds.eu\/wp-content\/uploads\/2021\/09\/DSC06923-scaled.jpg","contentUrl":"https:\/\/www.overtheclouds.eu\/wp-content\/uploads\/2021\/09\/DSC06923-scaled.jpg","width":2560,"height":1442},{"@type":"BreadcrumbList","@id":"https:\/\/www.overtheclouds.eu\/index.php\/fr\/2021\/09\/04\/coll-denvalira-tossa-de-siscaro-roc-meler-4\/#breadcrumb","itemListElement":[{"@type":"ListItem","position":1,"name":"Inici","item":"https:\/\/www.overtheclouds.eu\/"},{"@type":"ListItem","position":2,"name":"Altitude maximale","item":"https:\/\/www.overtheclouds.eu\/index.php\/fr\/category\/alcada-maxima-fr\/"},{"@type":"ListItem","position":3,"name":"\u26f0 2501m","item":"https:\/\/www.overtheclouds.eu\/index.php\/fr\/category\/alcada-maxima-fr\/2501m-fr\/"},{"@type":"ListItem","position":4,"name":"Coll d&#8217;Envalira-Tossa de Siscar\u00f3-Roc Meler"}]},{"@type":"WebSite","@id":"https:\/\/www.overtheclouds.eu\/#website","url":"https:\/\/www.overtheclouds.eu\/","name":"Over the Clouds","description":"El plaer de rec\u00f3rrer valls, carenes i assolir cims","publisher":{"@id":"https:\/\/www.overtheclouds.eu\/#organization"},"potentialAction":[{"@type":"SearchAction","target":{"@type":"EntryPoint","urlTemplate":"https:\/\/www.overtheclouds.eu\/?s={search_term_string}"},"query-input":"required name=search_term_string"}],"inLanguage":"es"},{"@type":"Organization","@id":"https:\/\/www.overtheclouds.eu\/#organization","name":"Over the Clouds","url":"https:\/\/www.overtheclouds.eu\/","logo":{"@type":"ImageObject","inLanguage":"es","@id":"https:\/\/www.overtheclouds.eu\/#\/schema\/logo\/image\/","url":"https:\/\/www.overtheclouds.eu\/wp-content\/uploads\/2020\/02\/logo-4.png","contentUrl":"https:\/\/www.overtheclouds.eu\/wp-content\/uploads\/2020\/02\/logo-4.png","width":612,"height":418,"caption":"Over the Clouds"},"image":{"@id":"https:\/\/www.overtheclouds.eu\/#\/schema\/logo\/image\/"}},{"@type":"Person","@id":"https:\/\/www.overtheclouds.eu\/#\/schema\/person\/283fe644ef85985e7a0cad3f42b6cc63","name":"Jaume","image":{"@type":"ImageObject","inLanguage":"es","@id":"https:\/\/www.overtheclouds.eu\/#\/schema\/person\/image\/","url":"https:\/\/secure.gravatar.com\/avatar\/86c0905ad41bd45ffed5903a626e36c9?s=96&d=blank&r=g","contentUrl":"https:\/\/secure.gravatar.com\/avatar\/86c0905ad41bd45ffed5903a626e36c9?s=96&d=blank&r=g","caption":"Jaume"}}]}},"_links":{"self":[{"href":"https:\/\/www.overtheclouds.eu\/index.php\/wp-json\/wp\/v2\/posts\/1830"}],"collection":[{"href":"https:\/\/www.overtheclouds.eu\/index.php\/wp-json\/wp\/v2\/posts"}],"about":[{"href":"https:\/\/www.overtheclouds.eu\/index.php\/wp-json\/wp\/v2\/types\/post"}],"author":[{"embeddable":true,"href":"https:\/\/www.overtheclouds.eu\/index.php\/wp-json\/wp\/v2\/users\/2"}],"replies":[{"embeddable":true,"href":"https:\/\/www.overtheclouds.eu\/index.php\/wp-json\/wp\/v2\/comments?post=1830"}],"version-history":[{"count":2,"href":"https:\/\/www.overtheclouds.eu\/index.php\/wp-json\/wp\/v2\/posts\/1830\/revisions"}],"predecessor-version":[{"id":1995,"href":"https:\/\/www.overtheclouds.eu\/index.php\/wp-json\/wp\/v2\/posts\/1830\/revisions\/1995"}],"wp:featuredmedia":[{"embeddable":true,"href":"https:\/\/www.overtheclouds.eu\/index.php\/wp-json\/wp\/v2\/media\/1826"}],"wp:attachment":[{"href":"https:\/\/www.overtheclouds.eu\/index.php\/wp-json\/wp\/v2\/media?parent=1830"}],"wp:term":[{"taxonomy":"category","embeddable":true,"href":"https:\/\/www.overtheclouds.eu\/index.php\/wp-json\/wp\/v2\/categories?post=1830"},{"taxonomy":"post_tag","embeddable":true,"href":"https:\/\/www.overtheclouds.eu\/index.php\/wp-json\/wp\/v2\/tags?post=1830"}],"curies":[{"name":"wp","href":"https:\/\/api.w.org\/{rel}","templated":true}]}}