{"id":1822,"date":"2021-09-04T21:00:52","date_gmt":"2021-09-04T19:00:52","guid":{"rendered":"http:\/\/www.overtheclouds.eu\/?p=1822"},"modified":"2022-05-10T09:17:06","modified_gmt":"2022-05-10T07:17:06","slug":"coll-denvalira-tossa-de-siscaro-roc-meler","status":"publish","type":"post","link":"https:\/\/www.overtheclouds.eu\/index.php\/2021\/09\/04\/coll-denvalira-tossa-de-siscaro-roc-meler\/","title":{"rendered":"Port d&#8217;Envalira-Tossa de Siscar\u00f3-Roc Meler"},"content":{"rendered":"\n<h4 class=\"wp-block-heading\">Al\u00e7ada m\u00e0xima de la ruta:<\/h4>\n\n\n\n<p>2.819 metres<\/p>\n\n\n\n<h4 class=\"wp-block-heading\">Descripci\u00f3 breu:<\/h4>\n\n\n\n<p>Exigent i molt panor\u00e0mica ruta per una de les zones m\u00e9s elevades i desconegudes d&#8217;Andorra. El punt de sortida \u00e9s el port d&#8217;Envalira. Des d&#8217;aquest punt es puja per una bona pista fins l&#8217;ampli pic del Mai\u00e0 amb unes antenes properes de telecomunicacions. Seguim ara baixant per la pista fins a l&#8217;extens Collet d&#8217;Ortaf\u00e0. Aviat la pista s&#8217;acaba i es converteix en un ben marcat sender que en direcci\u00f3 nord es dirigeix fins el Port Dret que separa les valls de Sant Josep a l&#8217;est de la de Siscar\u00f3 al nord oest. Anem seguint sempre pel cap de la carena, fent algun petit flanqueig i aviat arribem al primer cim, el Cap del Port. Pel vessant nord tenim als nostres peus l&#8217;estany de les Canals Roges i una gran panor\u00e0mica. Baixem per un tram una mica t\u00e8cnic a buscar el proper coll i ja enfilem la pujada, primer fent un flanqueig una mica t\u00e8cnic i despr\u00e9s per una gran pala herbada que fa de bon pujar, al cim m\u00e9s alt de la ruta que \u00e9s el Tossal del Cap de Siscar\u00f3 (2819 m.). No cal dir que tenim unes grans panor\u00e0miques als quatre vents. A partir d&#8217;aqu\u00ed pedalem una bona estona per sobre dels 2800 metres i passant per diferents collets assolim f\u00e0cilment els cims de La Cabaneta (2818 m.) i el Roc Meler (2811). A partir d&#8217;aquest cim iniciem la baixada en direcci\u00f3 a llevant encara pel fil de la carena fins arribar al cim secundari del Cap de la Cometa del Forn (2691 m.). Continuem carenejant encara un curt tram fins que trobem un gran pedr\u00f3 que \u00e9s el punt de canvi de direcci\u00f3. A partir d&#8217;aqu\u00ed seguim baixant en direcci\u00f3 sud per una \u00e0mplia pala herbada sense cam\u00ed. \u00c9s for\u00e7a de bon baixar perqu\u00e8 podem fer lla\u00e7ades prou amples. Com a punt de refer\u00e8ncia a mitja baixada trobarem una curiosa estaci\u00f3 meteorol\u00f2gica. Quan el pendent s&#8217;aplana ens desviem en direcci\u00f3 oest a buscar el fons de l&#8217;amagada clotada de la Cometa del Forn on trobarem les marques blanques i vermelles, for\u00e7a escadusseres, d&#8217;un GR. Travessem aquesta clotada per un corriol que fa de bon seguir fins arribar a l&#8217;escull principal de la ruta, la pujada al coll de la Portella. Es tracta d&#8217;un tram d&#8217;uns dos-cents metres totalment inciclable i amb un pendent considerable que en el cas de les e-bikes es necessari l&#8217;ajuda d&#8217;un company per poder pujar la bici. Adverteixo que \u00e9s un tram molt complicat i que si no es va mentalitzat pot convertir la sortida en un calvari. Un cop superat aquest escull per un bon sender, amb les marques del GR, ens porta sense cap dificultat fins el refugi de la Portella on hi arriba una pista forestal. A partir d&#8217;aqu\u00ed es segueix la pista que puja fins el collet d&#8217;Ortaf\u00e0 i seguint la pista de l&#8217;inici de la ruta es retorna al port d&#8217;Envalira. En resum, \u00e9s una ruta extraordin\u00e0riament panor\u00e0mica per\u00f2 que t\u00e9 l&#8217;escull de la pujada a la Portella. Si us mentalitzeu que trobareu aquest tram complicat la resta de la ruta la gaudireu molt\u00edssim. Aix\u00f2 s\u00ed, cal que si us hi atreviu que considereu que teniu un nivell f\u00edsic i t\u00e8cnic adequat per superar-lo. Per les rampes que cal superar \u00e9s una ruta molt adequada per fer amb una e-bike.<\/p>\n\n\n\n<h4 class=\"wp-block-heading\">\u00c0rea geogr\u00e0fica:<\/h4>\n\n\n\n<p>Pirineu fronterer entre Andorra i Fran\u00e7a<\/p>\n\n\n\n<h4 class=\"wp-block-heading\">Ciclabilitat:<\/h4>\n\n\n\n<div class=\"wptime-plugin-progress-wrap\" style=\"max-width:300px;margin-bottom:30px;\"><div class=\"wptime-plugin-progress-bar\" style=\"background:#0fa628;width:90%;\"><\/div><span>Ciclabilitat 90%<\/span><\/div>\n\n\n\n<h4 class=\"wp-block-heading\">Dificultat:<\/h4>\n\n\n\n<p class=\"negra\">Negra<\/p>\n\n\n\n<div class=\"wp-block-group\"><div class=\"wp-block-group__inner-container is-layout-flow wp-block-group-is-layout-flow\">\n<h4 class=\"wp-block-heading\">Briefing de la ruta<\/h4>\n\n\n<\/div><\/div>\n\n\n\n<div class=\"wp-block-group\"><div class=\"wp-block-group__inner-container is-layout-flow wp-block-group-is-layout-flow\">\n<h4 class=\"wp-block-heading\">V\u00eddeo de la ruta<\/h4>\n\n\n\n<figure class=\"wp-block-embed is-type-video is-provider-youtube wp-block-embed-youtube wp-embed-aspect-16-9 wp-has-aspect-ratio\"><div class=\"wp-block-embed__wrapper\">\n<iframe loading=\"lazy\" title=\"En BTT pel Pirineu: Envalira-Pic del Mai\u00e0-Tossa de Siscar\u00f3-Roc Meler-Refugi de la Portella\" width=\"820\" height=\"461\" src=\"https:\/\/www.youtube.com\/embed\/_ubrHXnwuZU?feature=oembed\" frameborder=\"0\" allow=\"accelerometer; autoplay; clipboard-write; encrypted-media; gyroscope; picture-in-picture\" allowfullscreen><\/iframe>\n<\/div><\/figure>\n<\/div><\/div>\n\n\n\n<div class=\"wp-block-group\"><div class=\"wp-block-group__inner-container is-layout-flow wp-block-group-is-layout-flow\">\n<h4 class=\"wp-block-heading\">Descarrega el track de la ruta<\/h4>\n\n\n\n<div class=\"wp-block-file\"><a href=\"http:\/\/www.overtheclouds.eu\/wp-content\/uploads\/2021\/09\/21-08-27-Envalira-Pic-de-la-Cabaneta-Roc-Meler-Refugi-de-la-Portella.gpx\">21-08-27-Envalira-Pic-de-la-Cabaneta-Roc-Meler-Refugi-de-la-Portella<\/a><a href=\"http:\/\/www.overtheclouds.eu\/wp-content\/uploads\/2021\/09\/21-08-27-Envalira-Pic-de-la-Cabaneta-Roc-Meler-Refugi-de-la-Portella.gpx\" class=\"wp-block-file__button\" download>Descarrega<\/a><\/div>\n<\/div><\/div>\n\n\n\n<div class=\"wp-block-group\"><div class=\"wp-block-group__inner-container is-layout-flow wp-block-group-is-layout-flow\">\n<h4 class=\"wp-block-heading\">Galeria d&#8217;imatges<\/h4>\n<\/div><\/div>\n\n\n<div class='photonic-google-stream photonic-stream ' id='photonic-google-stream-1'>\n\r\n<div class='photonic-error photonic-google-error' id='photonic-google-error-1'>\r\n\t<span class='photonic-error-icon photonic-icon'>&nbsp;<\/span>\r\n\t<div class='photonic-message'>\r\n\t\tNo se pudo obtener datos. Error:<br \/><code>\nRequest had insufficient authentication scopes.<\/code><br \/>\n\r\n\t<\/div>\r\n<\/div>\n\n<\/div><!-- .photonic-stream or .photonic-panel -->\n\n\n<p>&nbsp;<\/p>","protected":false},"excerpt":{"rendered":"<p>Al\u00e7ada m\u00e0xima de la ruta: 2.819 metres Descripci\u00f3 breu: Exigent i molt panor\u00e0mica ruta per una de les zones m\u00e9s elevades i desconegudes d&#8217;Andorra. El punt de sortida \u00e9s el port d&#8217;Envalira. Des d&#8217;aquest punt es puja per una bona &hellip; <a href=\"https:\/\/www.overtheclouds.eu\/index.php\/2021\/09\/04\/coll-denvalira-tossa-de-siscaro-roc-meler\/\" class=\"more-link\"><span class=\"more-button\">TOTA LA RUTA AQU\u00cd<span class=\"screen-reader-text\">Port d&#8217;Envalira-Tossa de Siscar\u00f3-Roc Meler<\/span><\/span><\/a><\/p>\n","protected":false},"author":2,"featured_media":1826,"comment_status":"open","ping_status":"closed","sticky":false,"template":"","format":"standard","meta":{"_exactmetrics_skip_tracking":false,"_exactmetrics_sitenote_active":false,"_exactmetrics_sitenote_note":"","_exactmetrics_sitenote_category":0,"footnotes":""},"categories":[18,15,27,4,21],"tags":[],"yoast_head":"<!-- This site is optimized with the Yoast SEO plugin v22.7 - https:\/\/yoast.com\/wordpress\/plugins\/seo\/ -->\n<title>Port d&#039;Envalira-Tossa de Siscar\u00f3-Roc Meler &#8211; Over the Clouds<\/title>\n<meta name=\"description\" content=\"Port d&#039;Envalira-Tossa de Siscar\u00f3-Roc Meler &#8211; \u26f0 &gt;2501m &#8211; Extraordinary routes for ordinary bikers\" \/>\n<meta name=\"robots\" content=\"index, follow, max-snippet:-1, max-image-preview:large, max-video-preview:-1\" \/>\n<link rel=\"canonical\" href=\"https:\/\/www.overtheclouds.eu\/index.php\/2021\/09\/04\/coll-denvalira-tossa-de-siscaro-roc-meler\/\" \/>\n<meta property=\"og:locale\" content=\"es_ES\" \/>\n<meta property=\"og:type\" content=\"article\" \/>\n<meta property=\"og:title\" content=\"Port d&#039;Envalira-Tossa de Siscar\u00f3-Roc Meler &#8211; Over the Clouds\" \/>\n<meta property=\"og:description\" content=\"Port d&#039;Envalira-Tossa de Siscar\u00f3-Roc Meler &#8211; \u26f0 &gt;2501m &#8211; Extraordinary routes for ordinary bikers\" \/>\n<meta property=\"og:url\" content=\"https:\/\/www.overtheclouds.eu\/index.php\/2021\/09\/04\/coll-denvalira-tossa-de-siscaro-roc-meler\/\" \/>\n<meta property=\"og:site_name\" content=\"Over the Clouds\" \/>\n<meta property=\"article:published_time\" content=\"2021-09-04T19:00:52+00:00\" \/>\n<meta property=\"article:modified_time\" content=\"2022-05-10T07:17:06+00:00\" \/>\n<meta property=\"og:image\" content=\"https:\/\/www.overtheclouds.eu\/wp-content\/uploads\/2021\/09\/DSC06923-scaled.jpg\" \/>\n\t<meta property=\"og:image:width\" content=\"2560\" \/>\n\t<meta property=\"og:image:height\" content=\"1442\" \/>\n\t<meta property=\"og:image:type\" content=\"image\/jpeg\" \/>\n<meta name=\"author\" content=\"Jaume\" \/>\n<meta name=\"twitter:card\" content=\"summary_large_image\" \/>\n<meta name=\"twitter:label1\" content=\"Escrito por\" \/>\n\t<meta name=\"twitter:data1\" content=\"Jaume\" \/>\n\t<meta name=\"twitter:label2\" content=\"Tiempo de lectura\" \/>\n\t<meta name=\"twitter:data2\" content=\"3 minutos\" \/>\n<script type=\"application\/ld+json\" class=\"yoast-schema-graph\">{\"@context\":\"https:\/\/schema.org\",\"@graph\":[{\"@type\":\"Article\",\"@id\":\"https:\/\/www.overtheclouds.eu\/index.php\/2021\/09\/04\/coll-denvalira-tossa-de-siscaro-roc-meler\/#article\",\"isPartOf\":{\"@id\":\"https:\/\/www.overtheclouds.eu\/index.php\/2021\/09\/04\/coll-denvalira-tossa-de-siscaro-roc-meler\/\"},\"author\":{\"name\":\"Jaume\",\"@id\":\"https:\/\/www.overtheclouds.eu\/#\/schema\/person\/283fe644ef85985e7a0cad3f42b6cc63\"},\"headline\":\"Port d&#8217;Envalira-Tossa de Siscar\u00f3-Roc Meler\",\"datePublished\":\"2021-09-04T19:00:52+00:00\",\"dateModified\":\"2022-05-10T07:17:06+00:00\",\"mainEntityOfPage\":{\"@id\":\"https:\/\/www.overtheclouds.eu\/index.php\/2021\/09\/04\/coll-denvalira-tossa-de-siscaro-roc-meler\/\"},\"wordCount\":654,\"commentCount\":0,\"publisher\":{\"@id\":\"https:\/\/www.overtheclouds.eu\/#organization\"},\"image\":{\"@id\":\"https:\/\/www.overtheclouds.eu\/index.php\/2021\/09\/04\/coll-denvalira-tossa-de-siscaro-roc-meler\/#primaryimage\"},\"thumbnailUrl\":\"https:\/\/www.overtheclouds.eu\/wp-content\/uploads\/2021\/09\/DSC06923-scaled.jpg\",\"articleSection\":[\"\u26f0 &gt;2501m\",\"Negra (Molt dif\u00edcil)\",\"Pirineu andorr\u00e0\",\"Pirineu franc\u00e8s\",\"\ud83d\udeb2 90-95%\"],\"inLanguage\":\"es\",\"potentialAction\":[{\"@type\":\"CommentAction\",\"name\":\"Comment\",\"target\":[\"https:\/\/www.overtheclouds.eu\/index.php\/2021\/09\/04\/coll-denvalira-tossa-de-siscaro-roc-meler\/#respond\"]}]},{\"@type\":\"WebPage\",\"@id\":\"https:\/\/www.overtheclouds.eu\/index.php\/2021\/09\/04\/coll-denvalira-tossa-de-siscaro-roc-meler\/\",\"url\":\"https:\/\/www.overtheclouds.eu\/index.php\/2021\/09\/04\/coll-denvalira-tossa-de-siscaro-roc-meler\/\",\"name\":\"Port d'Envalira-Tossa de Siscar\u00f3-Roc Meler &#8211; Over the Clouds\",\"isPartOf\":{\"@id\":\"https:\/\/www.overtheclouds.eu\/#website\"},\"primaryImageOfPage\":{\"@id\":\"https:\/\/www.overtheclouds.eu\/index.php\/2021\/09\/04\/coll-denvalira-tossa-de-siscaro-roc-meler\/#primaryimage\"},\"image\":{\"@id\":\"https:\/\/www.overtheclouds.eu\/index.php\/2021\/09\/04\/coll-denvalira-tossa-de-siscaro-roc-meler\/#primaryimage\"},\"thumbnailUrl\":\"https:\/\/www.overtheclouds.eu\/wp-content\/uploads\/2021\/09\/DSC06923-scaled.jpg\",\"datePublished\":\"2021-09-04T19:00:52+00:00\",\"dateModified\":\"2022-05-10T07:17:06+00:00\",\"description\":\"Port d'Envalira-Tossa de Siscar\u00f3-Roc Meler &#8211; \u26f0 &gt;2501m &#8211; Extraordinary routes for ordinary bikers\",\"breadcrumb\":{\"@id\":\"https:\/\/www.overtheclouds.eu\/index.php\/2021\/09\/04\/coll-denvalira-tossa-de-siscaro-roc-meler\/#breadcrumb\"},\"inLanguage\":\"es\",\"potentialAction\":[{\"@type\":\"ReadAction\",\"target\":[\"https:\/\/www.overtheclouds.eu\/index.php\/2021\/09\/04\/coll-denvalira-tossa-de-siscaro-roc-meler\/\"]}]},{\"@type\":\"ImageObject\",\"inLanguage\":\"es\",\"@id\":\"https:\/\/www.overtheclouds.eu\/index.php\/2021\/09\/04\/coll-denvalira-tossa-de-siscaro-roc-meler\/#primaryimage\",\"url\":\"https:\/\/www.overtheclouds.eu\/wp-content\/uploads\/2021\/09\/DSC06923-scaled.jpg\",\"contentUrl\":\"https:\/\/www.overtheclouds.eu\/wp-content\/uploads\/2021\/09\/DSC06923-scaled.jpg\",\"width\":2560,\"height\":1442},{\"@type\":\"BreadcrumbList\",\"@id\":\"https:\/\/www.overtheclouds.eu\/index.php\/2021\/09\/04\/coll-denvalira-tossa-de-siscaro-roc-meler\/#breadcrumb\",\"itemListElement\":[{\"@type\":\"ListItem\",\"position\":1,\"name\":\"Inici\",\"item\":\"https:\/\/www.overtheclouds.eu\/\"},{\"@type\":\"ListItem\",\"position\":2,\"name\":\"Al\u00e7ada m\u00e0xima\",\"item\":\"https:\/\/www.overtheclouds.eu\/index.php\/category\/alcada-maxima\/\"},{\"@type\":\"ListItem\",\"position\":3,\"name\":\"\u26f0 &gt;2501m\",\"item\":\"https:\/\/www.overtheclouds.eu\/index.php\/category\/alcada-maxima\/2501m\/\"},{\"@type\":\"ListItem\",\"position\":4,\"name\":\"Port d&#8217;Envalira-Tossa de Siscar\u00f3-Roc Meler\"}]},{\"@type\":\"WebSite\",\"@id\":\"https:\/\/www.overtheclouds.eu\/#website\",\"url\":\"https:\/\/www.overtheclouds.eu\/\",\"name\":\"Over the Clouds\",\"description\":\"El plaer de rec\u00f3rrer valls, carenes i assolir cims\",\"publisher\":{\"@id\":\"https:\/\/www.overtheclouds.eu\/#organization\"},\"potentialAction\":[{\"@type\":\"SearchAction\",\"target\":{\"@type\":\"EntryPoint\",\"urlTemplate\":\"https:\/\/www.overtheclouds.eu\/?s={search_term_string}\"},\"query-input\":\"required name=search_term_string\"}],\"inLanguage\":\"es\"},{\"@type\":\"Organization\",\"@id\":\"https:\/\/www.overtheclouds.eu\/#organization\",\"name\":\"Over the Clouds\",\"url\":\"https:\/\/www.overtheclouds.eu\/\",\"logo\":{\"@type\":\"ImageObject\",\"inLanguage\":\"es\",\"@id\":\"https:\/\/www.overtheclouds.eu\/#\/schema\/logo\/image\/\",\"url\":\"https:\/\/www.overtheclouds.eu\/wp-content\/uploads\/2020\/02\/logo-4.png\",\"contentUrl\":\"https:\/\/www.overtheclouds.eu\/wp-content\/uploads\/2020\/02\/logo-4.png\",\"width\":612,\"height\":418,\"caption\":\"Over the Clouds\"},\"image\":{\"@id\":\"https:\/\/www.overtheclouds.eu\/#\/schema\/logo\/image\/\"}},{\"@type\":\"Person\",\"@id\":\"https:\/\/www.overtheclouds.eu\/#\/schema\/person\/283fe644ef85985e7a0cad3f42b6cc63\",\"name\":\"Jaume\",\"image\":{\"@type\":\"ImageObject\",\"inLanguage\":\"es\",\"@id\":\"https:\/\/www.overtheclouds.eu\/#\/schema\/person\/image\/\",\"url\":\"https:\/\/secure.gravatar.com\/avatar\/86c0905ad41bd45ffed5903a626e36c9?s=96&d=blank&r=g\",\"contentUrl\":\"https:\/\/secure.gravatar.com\/avatar\/86c0905ad41bd45ffed5903a626e36c9?s=96&d=blank&r=g\",\"caption\":\"Jaume\"}}]}<\/script>\n<!-- \/ Yoast SEO plugin. -->","yoast_head_json":{"title":"Port d'Envalira-Tossa de Siscar\u00f3-Roc Meler &#8211; Over the Clouds","description":"Port d'Envalira-Tossa de Siscar\u00f3-Roc Meler &#8211; \u26f0 &gt;2501m &#8211; Extraordinary routes for ordinary bikers","robots":{"index":"index","follow":"follow","max-snippet":"max-snippet:-1","max-image-preview":"max-image-preview:large","max-video-preview":"max-video-preview:-1"},"canonical":"https:\/\/www.overtheclouds.eu\/index.php\/2021\/09\/04\/coll-denvalira-tossa-de-siscaro-roc-meler\/","og_locale":"es_ES","og_type":"article","og_title":"Port d'Envalira-Tossa de Siscar\u00f3-Roc Meler &#8211; Over the Clouds","og_description":"Port d'Envalira-Tossa de Siscar\u00f3-Roc Meler &#8211; \u26f0 &gt;2501m &#8211; Extraordinary routes for ordinary bikers","og_url":"https:\/\/www.overtheclouds.eu\/index.php\/2021\/09\/04\/coll-denvalira-tossa-de-siscaro-roc-meler\/","og_site_name":"Over the Clouds","article_published_time":"2021-09-04T19:00:52+00:00","article_modified_time":"2022-05-10T07:17:06+00:00","og_image":[{"width":2560,"height":1442,"url":"https:\/\/www.overtheclouds.eu\/wp-content\/uploads\/2021\/09\/DSC06923-scaled.jpg","type":"image\/jpeg"}],"author":"Jaume","twitter_card":"summary_large_image","twitter_misc":{"Escrito por":"Jaume","Tiempo de lectura":"3 minutos"},"schema":{"@context":"https:\/\/schema.org","@graph":[{"@type":"Article","@id":"https:\/\/www.overtheclouds.eu\/index.php\/2021\/09\/04\/coll-denvalira-tossa-de-siscaro-roc-meler\/#article","isPartOf":{"@id":"https:\/\/www.overtheclouds.eu\/index.php\/2021\/09\/04\/coll-denvalira-tossa-de-siscaro-roc-meler\/"},"author":{"name":"Jaume","@id":"https:\/\/www.overtheclouds.eu\/#\/schema\/person\/283fe644ef85985e7a0cad3f42b6cc63"},"headline":"Port d&#8217;Envalira-Tossa de Siscar\u00f3-Roc Meler","datePublished":"2021-09-04T19:00:52+00:00","dateModified":"2022-05-10T07:17:06+00:00","mainEntityOfPage":{"@id":"https:\/\/www.overtheclouds.eu\/index.php\/2021\/09\/04\/coll-denvalira-tossa-de-siscaro-roc-meler\/"},"wordCount":654,"commentCount":0,"publisher":{"@id":"https:\/\/www.overtheclouds.eu\/#organization"},"image":{"@id":"https:\/\/www.overtheclouds.eu\/index.php\/2021\/09\/04\/coll-denvalira-tossa-de-siscaro-roc-meler\/#primaryimage"},"thumbnailUrl":"https:\/\/www.overtheclouds.eu\/wp-content\/uploads\/2021\/09\/DSC06923-scaled.jpg","articleSection":["\u26f0 &gt;2501m","Negra (Molt dif\u00edcil)","Pirineu andorr\u00e0","Pirineu franc\u00e8s","\ud83d\udeb2 90-95%"],"inLanguage":"es","potentialAction":[{"@type":"CommentAction","name":"Comment","target":["https:\/\/www.overtheclouds.eu\/index.php\/2021\/09\/04\/coll-denvalira-tossa-de-siscaro-roc-meler\/#respond"]}]},{"@type":"WebPage","@id":"https:\/\/www.overtheclouds.eu\/index.php\/2021\/09\/04\/coll-denvalira-tossa-de-siscaro-roc-meler\/","url":"https:\/\/www.overtheclouds.eu\/index.php\/2021\/09\/04\/coll-denvalira-tossa-de-siscaro-roc-meler\/","name":"Port d'Envalira-Tossa de Siscar\u00f3-Roc Meler &#8211; Over the Clouds","isPartOf":{"@id":"https:\/\/www.overtheclouds.eu\/#website"},"primaryImageOfPage":{"@id":"https:\/\/www.overtheclouds.eu\/index.php\/2021\/09\/04\/coll-denvalira-tossa-de-siscaro-roc-meler\/#primaryimage"},"image":{"@id":"https:\/\/www.overtheclouds.eu\/index.php\/2021\/09\/04\/coll-denvalira-tossa-de-siscaro-roc-meler\/#primaryimage"},"thumbnailUrl":"https:\/\/www.overtheclouds.eu\/wp-content\/uploads\/2021\/09\/DSC06923-scaled.jpg","datePublished":"2021-09-04T19:00:52+00:00","dateModified":"2022-05-10T07:17:06+00:00","description":"Port d'Envalira-Tossa de Siscar\u00f3-Roc Meler &#8211; \u26f0 &gt;2501m &#8211; Extraordinary routes for ordinary bikers","breadcrumb":{"@id":"https:\/\/www.overtheclouds.eu\/index.php\/2021\/09\/04\/coll-denvalira-tossa-de-siscaro-roc-meler\/#breadcrumb"},"inLanguage":"es","potentialAction":[{"@type":"ReadAction","target":["https:\/\/www.overtheclouds.eu\/index.php\/2021\/09\/04\/coll-denvalira-tossa-de-siscaro-roc-meler\/"]}]},{"@type":"ImageObject","inLanguage":"es","@id":"https:\/\/www.overtheclouds.eu\/index.php\/2021\/09\/04\/coll-denvalira-tossa-de-siscaro-roc-meler\/#primaryimage","url":"https:\/\/www.overtheclouds.eu\/wp-content\/uploads\/2021\/09\/DSC06923-scaled.jpg","contentUrl":"https:\/\/www.overtheclouds.eu\/wp-content\/uploads\/2021\/09\/DSC06923-scaled.jpg","width":2560,"height":1442},{"@type":"BreadcrumbList","@id":"https:\/\/www.overtheclouds.eu\/index.php\/2021\/09\/04\/coll-denvalira-tossa-de-siscaro-roc-meler\/#breadcrumb","itemListElement":[{"@type":"ListItem","position":1,"name":"Inici","item":"https:\/\/www.overtheclouds.eu\/"},{"@type":"ListItem","position":2,"name":"Al\u00e7ada m\u00e0xima","item":"https:\/\/www.overtheclouds.eu\/index.php\/category\/alcada-maxima\/"},{"@type":"ListItem","position":3,"name":"\u26f0 &gt;2501m","item":"https:\/\/www.overtheclouds.eu\/index.php\/category\/alcada-maxima\/2501m\/"},{"@type":"ListItem","position":4,"name":"Port d&#8217;Envalira-Tossa de Siscar\u00f3-Roc Meler"}]},{"@type":"WebSite","@id":"https:\/\/www.overtheclouds.eu\/#website","url":"https:\/\/www.overtheclouds.eu\/","name":"Over the Clouds","description":"El plaer de rec\u00f3rrer valls, carenes i assolir cims","publisher":{"@id":"https:\/\/www.overtheclouds.eu\/#organization"},"potentialAction":[{"@type":"SearchAction","target":{"@type":"EntryPoint","urlTemplate":"https:\/\/www.overtheclouds.eu\/?s={search_term_string}"},"query-input":"required name=search_term_string"}],"inLanguage":"es"},{"@type":"Organization","@id":"https:\/\/www.overtheclouds.eu\/#organization","name":"Over the Clouds","url":"https:\/\/www.overtheclouds.eu\/","logo":{"@type":"ImageObject","inLanguage":"es","@id":"https:\/\/www.overtheclouds.eu\/#\/schema\/logo\/image\/","url":"https:\/\/www.overtheclouds.eu\/wp-content\/uploads\/2020\/02\/logo-4.png","contentUrl":"https:\/\/www.overtheclouds.eu\/wp-content\/uploads\/2020\/02\/logo-4.png","width":612,"height":418,"caption":"Over the Clouds"},"image":{"@id":"https:\/\/www.overtheclouds.eu\/#\/schema\/logo\/image\/"}},{"@type":"Person","@id":"https:\/\/www.overtheclouds.eu\/#\/schema\/person\/283fe644ef85985e7a0cad3f42b6cc63","name":"Jaume","image":{"@type":"ImageObject","inLanguage":"es","@id":"https:\/\/www.overtheclouds.eu\/#\/schema\/person\/image\/","url":"https:\/\/secure.gravatar.com\/avatar\/86c0905ad41bd45ffed5903a626e36c9?s=96&d=blank&r=g","contentUrl":"https:\/\/secure.gravatar.com\/avatar\/86c0905ad41bd45ffed5903a626e36c9?s=96&d=blank&r=g","caption":"Jaume"}}]}},"_links":{"self":[{"href":"https:\/\/www.overtheclouds.eu\/index.php\/wp-json\/wp\/v2\/posts\/1822"}],"collection":[{"href":"https:\/\/www.overtheclouds.eu\/index.php\/wp-json\/wp\/v2\/posts"}],"about":[{"href":"https:\/\/www.overtheclouds.eu\/index.php\/wp-json\/wp\/v2\/types\/post"}],"author":[{"embeddable":true,"href":"https:\/\/www.overtheclouds.eu\/index.php\/wp-json\/wp\/v2\/users\/2"}],"replies":[{"embeddable":true,"href":"https:\/\/www.overtheclouds.eu\/index.php\/wp-json\/wp\/v2\/comments?post=1822"}],"version-history":[{"count":5,"href":"https:\/\/www.overtheclouds.eu\/index.php\/wp-json\/wp\/v2\/posts\/1822\/revisions"}],"predecessor-version":[{"id":1992,"href":"https:\/\/www.overtheclouds.eu\/index.php\/wp-json\/wp\/v2\/posts\/1822\/revisions\/1992"}],"wp:featuredmedia":[{"embeddable":true,"href":"https:\/\/www.overtheclouds.eu\/index.php\/wp-json\/wp\/v2\/media\/1826"}],"wp:attachment":[{"href":"https:\/\/www.overtheclouds.eu\/index.php\/wp-json\/wp\/v2\/media?parent=1822"}],"wp:term":[{"taxonomy":"category","embeddable":true,"href":"https:\/\/www.overtheclouds.eu\/index.php\/wp-json\/wp\/v2\/categories?post=1822"},{"taxonomy":"post_tag","embeddable":true,"href":"https:\/\/www.overtheclouds.eu\/index.php\/wp-json\/wp\/v2\/tags?post=1822"}],"curies":[{"name":"wp","href":"https:\/\/api.w.org\/{rel}","templated":true}]}}