{"id":1704,"date":"2021-07-08T14:20:21","date_gmt":"2021-07-08T12:20:21","guid":{"rendered":"http:\/\/www.overtheclouds.eu\/?p=1704"},"modified":"2021-08-20T09:00:49","modified_gmt":"2021-08-20T07:00:49","slug":"de-llivia-al-pic-de-finestrelles","status":"publish","type":"post","link":"https:\/\/www.overtheclouds.eu\/index.php\/2021\/07\/08\/de-llivia-al-pic-de-finestrelles\/","title":{"rendered":"De Ll\u00edvia al Pic de Finestrelles"},"content":{"rendered":"\n<h4 class=\"wp-block-heading\">Al\u00e7ada m\u00e0xima de la ruta:<\/h4>\n\n\n\n<p>2.827 metres<\/p>\n\n\n\n<h4 class=\"wp-block-heading\">Descripci\u00f3 breu:<\/h4>\n\n\n\n<p>Bona ruta d\u2019alta muntanya. Sortim de Ll\u00edvia i per el cam\u00ed mes rapid anem fins Err. Pugem r\u00e0pidament al Pla de la Creu on deixem la pista i per precios corriol pugem al Coll Sagalera, continuem per el cam\u00ed de N\u00faria cap a la Font del Segre. Despr\u00e9s d\u2019agafar aigua ( es l\u2019\u00faltim lloc), seguim per corriol de bon passar fins la dur\u00edssima i inciclable rampa final, uns 150 mtrs lineals fets en mode pin\u00e7a. Des del coll fa por veure el que segueix pero per prats i apretan un parell de trossos curts es supera r\u00e0pidament i per un exposat sender arribem sota la pujada final, de prou bon passar deixant de banda el cam\u00ed i pujan per les zones herbades de l\u2019esquerra. Cim del Finestrelles 2.827 mtrs. Grans panor\u00e0miques cap al sud N\u00faria, tota l\u2019olla de N\u00faria i cap el nord, la Cerdanya amb el Puigpedr\u00f3s i el Carlit. Amb un moment baixem al coll de Finestrelles, amb compte pero ciclable baixem la forta rampa i uns mica mes avall deixem a l\u2019esquerra el cam\u00ed de pujada i anem de dret cap al la Culassa per un tremendo corriol molt trialero i ciclable. Te un tros de uns 100 mtrs lineals ple de graons i pins que toca baixar de la bici pero la resta una magn\u00edfica trialera. Un cop al refugi agafem la pista cap a Llo i sense m\u00e9s anem directes cap a Ll\u00edvia on ens espera un gran tiberi a l\u2019al\u00e7ada de la ruta. Un consum de 550 watts i una ciclabilitat del 98%. Gran, divertida i t\u00e9cnica ruta per qui tingui plena conciencia de on va. Atenci\u00f3: tot i que la zona de N\u00faria es plena de gent per aquesta banda nom\u00e9s v\u00e0rem trobar 1 persona, l&#8217;In\u00e9s, com l&#8217;estiu passat !!.<\/p>\n\n\n\n<h4 class=\"wp-block-heading\">\u00c0rea geogr\u00e0fica:<\/h4>\n\n\n\n<p>Cerdanya<\/p>\n\n\n\n<h4 class=\"wp-block-heading\">Ciclabilitat:<\/h4>\n\n\n\n<p>98%<\/p>\n\n\n\n<h4 class=\"wp-block-heading\">Dificultat:<\/h4>\n\n\n\n<p class=\"negra\">Negre<\/p>\n\n\n\n<div class=\"wp-block-group\"><div class=\"wp-block-group__inner-container is-layout-flow wp-block-group-is-layout-flow\">\n<h4 class=\"wp-block-heading\">Briefing de la ruta<\/h4>\n\n\n\n<figure class=\"wp-block-embed is-type-video is-provider-youtube wp-block-embed-youtube wp-embed-aspect-16-9 wp-has-aspect-ratio\"><div class=\"wp-block-embed__wrapper\">\n<iframe loading=\"lazy\" title=\"2021 Finestrelles curt\" width=\"820\" height=\"461\" src=\"https:\/\/www.youtube.com\/embed\/qmZW1R6Rdv4?feature=oembed\" frameborder=\"0\" allow=\"accelerometer; autoplay; clipboard-write; encrypted-media; gyroscope; picture-in-picture\" allowfullscreen><\/iframe>\n<\/div><\/figure>\n<\/div><\/div>\n\n\n\n<div class=\"wp-block-group\"><div class=\"wp-block-group__inner-container is-layout-flow wp-block-group-is-layout-flow\">\n<h4 class=\"wp-block-heading\">V\u00eddeo de la ruta<\/h4>\n\n\n\n<figure class=\"wp-block-embed is-type-video is-provider-youtube wp-block-embed-youtube wp-embed-aspect-16-9 wp-has-aspect-ratio\"><div class=\"wp-block-embed__wrapper\">\n<iframe loading=\"lazy\" title=\"2021 Finestrelles\" width=\"820\" height=\"461\" src=\"https:\/\/www.youtube.com\/embed\/ZcQlVFIXPCQ?feature=oembed\" frameborder=\"0\" allow=\"accelerometer; autoplay; clipboard-write; encrypted-media; gyroscope; picture-in-picture\" allowfullscreen><\/iframe>\n<\/div><\/figure>\n<\/div><\/div>\n\n\n\n<div class=\"wp-block-group\"><div class=\"wp-block-group__inner-container is-layout-flow wp-block-group-is-layout-flow\">\n<h4 class=\"wp-block-heading\">Descarrega el track de la ruta<\/h4>\n\n\n\n<div class=\"wp-block-file\"><a href=\"http:\/\/www.overtheclouds.eu\/wp-content\/uploads\/2021\/07\/De-llivia-al-pic-de-finestrelles.gpx\">De-llivia-al-pic-de-finestrelles<\/a><a href=\"http:\/\/www.overtheclouds.eu\/wp-content\/uploads\/2021\/07\/De-llivia-al-pic-de-finestrelles.gpx\" class=\"wp-block-file__button\" download>Descarrega<\/a><\/div>\n\n\n\n<p><\/p>\n<\/div><\/div>\n\n\n\n<div class=\"wp-block-group\"><div class=\"wp-block-group__inner-container is-layout-flow wp-block-group-is-layout-flow\">\n<h4 class=\"wp-block-heading\">Galeria d&#8217;imatges<\/h4>\n<\/div><\/div>\n\n\n<div class='photonic-google-stream photonic-stream ' id='photonic-google-stream-1'>\n\r\n<div class='photonic-error photonic-google-error' id='photonic-google-error-1'>\r\n\t<span class='photonic-error-icon photonic-icon'>&nbsp;<\/span>\r\n\t<div class='photonic-message'>\r\n\t\tNo se pudo obtener datos. Error:<br \/><code>\nRequest had insufficient authentication scopes.<\/code><br \/>\n\r\n\t<\/div>\r\n<\/div>\n\n<\/div><!-- .photonic-stream or .photonic-panel -->\n\n\n<p>&nbsp;<\/p>","protected":false},"excerpt":{"rendered":"<p>Al\u00e7ada m\u00e0xima de la ruta: 2.827 metres Descripci\u00f3 breu: Bona ruta d\u2019alta muntanya. Sortim de Ll\u00edvia i per el cam\u00ed mes rapid anem fins Err. Pugem r\u00e0pidament al Pla de la Creu on deixem la pista i per precios corriol &hellip; <a href=\"https:\/\/www.overtheclouds.eu\/index.php\/2021\/07\/08\/de-llivia-al-pic-de-finestrelles\/\" class=\"more-link\"><span class=\"more-button\">TOTA LA RUTA AQU\u00cd<span class=\"screen-reader-text\">De Ll\u00edvia al Pic de Finestrelles<\/span><\/span><\/a><\/p>\n","protected":false},"author":3,"featured_media":1719,"comment_status":"closed","ping_status":"closed","sticky":false,"template":"","format":"standard","meta":{"_exactmetrics_skip_tracking":false,"_exactmetrics_sitenote_active":false,"_exactmetrics_sitenote_note":"","_exactmetrics_sitenote_category":0,"footnotes":""},"categories":[18,15,4,22],"tags":[374,377,368,375,378,370,376,373,369,372,371],"yoast_head":"<!-- This site is optimized with the Yoast SEO plugin v22.7 - https:\/\/yoast.com\/wordpress\/plugins\/seo\/ -->\n<title>De Ll\u00edvia al Pic de Finestrelles &#8211; Over the Clouds<\/title>\n<meta name=\"description\" content=\"De Ll\u00edvia al Pic de Finestrelles &#8211; \u26f0 &gt;2501m &#8211; Extraordinary routes for ordinary bikers\" \/>\n<meta name=\"robots\" content=\"index, follow, max-snippet:-1, max-image-preview:large, max-video-preview:-1\" \/>\n<link rel=\"canonical\" href=\"https:\/\/www.overtheclouds.eu\/index.php\/2021\/07\/08\/de-llivia-al-pic-de-finestrelles\/\" \/>\n<meta property=\"og:locale\" content=\"es_ES\" \/>\n<meta property=\"og:type\" content=\"article\" \/>\n<meta property=\"og:title\" content=\"De Ll\u00edvia al Pic de Finestrelles &#8211; Over the Clouds\" \/>\n<meta property=\"og:description\" content=\"De Ll\u00edvia al Pic de Finestrelles &#8211; \u26f0 &gt;2501m &#8211; Extraordinary routes for ordinary bikers\" \/>\n<meta property=\"og:url\" content=\"https:\/\/www.overtheclouds.eu\/index.php\/2021\/07\/08\/de-llivia-al-pic-de-finestrelles\/\" \/>\n<meta property=\"og:site_name\" content=\"Over the Clouds\" \/>\n<meta property=\"article:published_time\" content=\"2021-07-08T12:20:21+00:00\" \/>\n<meta property=\"article:modified_time\" content=\"2021-08-20T07:00:49+00:00\" \/>\n<meta property=\"og:image\" content=\"https:\/\/www.overtheclouds.eu\/wp-content\/uploads\/2021\/07\/010-scaled.jpg\" \/>\n\t<meta property=\"og:image:width\" content=\"2560\" \/>\n\t<meta property=\"og:image:height\" content=\"1440\" \/>\n\t<meta property=\"og:image:type\" content=\"image\/jpeg\" \/>\n<meta name=\"author\" content=\"Joan\" \/>\n<meta name=\"twitter:card\" content=\"summary_large_image\" \/>\n<meta name=\"twitter:label1\" content=\"Escrito por\" \/>\n\t<meta name=\"twitter:data1\" content=\"Joan\" \/>\n\t<meta name=\"twitter:label2\" content=\"Tiempo de lectura\" \/>\n\t<meta name=\"twitter:data2\" content=\"2 minutos\" \/>\n<script type=\"application\/ld+json\" class=\"yoast-schema-graph\">{\"@context\":\"https:\/\/schema.org\",\"@graph\":[{\"@type\":\"Article\",\"@id\":\"https:\/\/www.overtheclouds.eu\/index.php\/2021\/07\/08\/de-llivia-al-pic-de-finestrelles\/#article\",\"isPartOf\":{\"@id\":\"https:\/\/www.overtheclouds.eu\/index.php\/2021\/07\/08\/de-llivia-al-pic-de-finestrelles\/\"},\"author\":{\"name\":\"Joan\",\"@id\":\"https:\/\/www.overtheclouds.eu\/#\/schema\/person\/5a8a63d2ace21171e85e962d1275b38f\"},\"headline\":\"De Ll\u00edvia al Pic de Finestrelles\",\"datePublished\":\"2021-07-08T12:20:21+00:00\",\"dateModified\":\"2021-08-20T07:00:49+00:00\",\"mainEntityOfPage\":{\"@id\":\"https:\/\/www.overtheclouds.eu\/index.php\/2021\/07\/08\/de-llivia-al-pic-de-finestrelles\/\"},\"wordCount\":373,\"publisher\":{\"@id\":\"https:\/\/www.overtheclouds.eu\/#organization\"},\"image\":{\"@id\":\"https:\/\/www.overtheclouds.eu\/index.php\/2021\/07\/08\/de-llivia-al-pic-de-finestrelles\/#primaryimage\"},\"thumbnailUrl\":\"https:\/\/www.overtheclouds.eu\/wp-content\/uploads\/2021\/07\/010-scaled.jpg\",\"keywords\":[\"bicicleta\",\"cerdanya\",\"cicloalpinismo\",\"Finestrelles\",\"Ll\u00edvia\",\"mtb\",\"n\u00faria\",\"Pirineo\",\"Pirineos\",\"Pirineus\",\"vttae\"],\"articleSection\":[\"\u26f0 &gt;2501m\",\"Negra (Molt dif\u00edcil)\",\"Pirineu franc\u00e8s\",\"\ud83d\udeb2 95-99%\"],\"inLanguage\":\"es\"},{\"@type\":\"WebPage\",\"@id\":\"https:\/\/www.overtheclouds.eu\/index.php\/2021\/07\/08\/de-llivia-al-pic-de-finestrelles\/\",\"url\":\"https:\/\/www.overtheclouds.eu\/index.php\/2021\/07\/08\/de-llivia-al-pic-de-finestrelles\/\",\"name\":\"De Ll\u00edvia al Pic de Finestrelles &#8211; Over the Clouds\",\"isPartOf\":{\"@id\":\"https:\/\/www.overtheclouds.eu\/#website\"},\"primaryImageOfPage\":{\"@id\":\"https:\/\/www.overtheclouds.eu\/index.php\/2021\/07\/08\/de-llivia-al-pic-de-finestrelles\/#primaryimage\"},\"image\":{\"@id\":\"https:\/\/www.overtheclouds.eu\/index.php\/2021\/07\/08\/de-llivia-al-pic-de-finestrelles\/#primaryimage\"},\"thumbnailUrl\":\"https:\/\/www.overtheclouds.eu\/wp-content\/uploads\/2021\/07\/010-scaled.jpg\",\"datePublished\":\"2021-07-08T12:20:21+00:00\",\"dateModified\":\"2021-08-20T07:00:49+00:00\",\"description\":\"De Ll\u00edvia al Pic de Finestrelles &#8211; \u26f0 &gt;2501m &#8211; Extraordinary routes for ordinary bikers\",\"breadcrumb\":{\"@id\":\"https:\/\/www.overtheclouds.eu\/index.php\/2021\/07\/08\/de-llivia-al-pic-de-finestrelles\/#breadcrumb\"},\"inLanguage\":\"es\",\"potentialAction\":[{\"@type\":\"ReadAction\",\"target\":[\"https:\/\/www.overtheclouds.eu\/index.php\/2021\/07\/08\/de-llivia-al-pic-de-finestrelles\/\"]}]},{\"@type\":\"ImageObject\",\"inLanguage\":\"es\",\"@id\":\"https:\/\/www.overtheclouds.eu\/index.php\/2021\/07\/08\/de-llivia-al-pic-de-finestrelles\/#primaryimage\",\"url\":\"https:\/\/www.overtheclouds.eu\/wp-content\/uploads\/2021\/07\/010-scaled.jpg\",\"contentUrl\":\"https:\/\/www.overtheclouds.eu\/wp-content\/uploads\/2021\/07\/010-scaled.jpg\",\"width\":2560,\"height\":1440},{\"@type\":\"BreadcrumbList\",\"@id\":\"https:\/\/www.overtheclouds.eu\/index.php\/2021\/07\/08\/de-llivia-al-pic-de-finestrelles\/#breadcrumb\",\"itemListElement\":[{\"@type\":\"ListItem\",\"position\":1,\"name\":\"Inici\",\"item\":\"https:\/\/www.overtheclouds.eu\/\"},{\"@type\":\"ListItem\",\"position\":2,\"name\":\"Al\u00e7ada m\u00e0xima\",\"item\":\"https:\/\/www.overtheclouds.eu\/index.php\/category\/alcada-maxima\/\"},{\"@type\":\"ListItem\",\"position\":3,\"name\":\"\u26f0 &gt;2501m\",\"item\":\"https:\/\/www.overtheclouds.eu\/index.php\/category\/alcada-maxima\/2501m\/\"},{\"@type\":\"ListItem\",\"position\":4,\"name\":\"De Ll\u00edvia al Pic de Finestrelles\"}]},{\"@type\":\"WebSite\",\"@id\":\"https:\/\/www.overtheclouds.eu\/#website\",\"url\":\"https:\/\/www.overtheclouds.eu\/\",\"name\":\"Over the Clouds\",\"description\":\"El plaer de rec\u00f3rrer valls, carenes i assolir cims\",\"publisher\":{\"@id\":\"https:\/\/www.overtheclouds.eu\/#organization\"},\"potentialAction\":[{\"@type\":\"SearchAction\",\"target\":{\"@type\":\"EntryPoint\",\"urlTemplate\":\"https:\/\/www.overtheclouds.eu\/?s={search_term_string}\"},\"query-input\":\"required name=search_term_string\"}],\"inLanguage\":\"es\"},{\"@type\":\"Organization\",\"@id\":\"https:\/\/www.overtheclouds.eu\/#organization\",\"name\":\"Over the Clouds\",\"url\":\"https:\/\/www.overtheclouds.eu\/\",\"logo\":{\"@type\":\"ImageObject\",\"inLanguage\":\"es\",\"@id\":\"https:\/\/www.overtheclouds.eu\/#\/schema\/logo\/image\/\",\"url\":\"https:\/\/www.overtheclouds.eu\/wp-content\/uploads\/2020\/02\/logo-4.png\",\"contentUrl\":\"https:\/\/www.overtheclouds.eu\/wp-content\/uploads\/2020\/02\/logo-4.png\",\"width\":612,\"height\":418,\"caption\":\"Over the Clouds\"},\"image\":{\"@id\":\"https:\/\/www.overtheclouds.eu\/#\/schema\/logo\/image\/\"}},{\"@type\":\"Person\",\"@id\":\"https:\/\/www.overtheclouds.eu\/#\/schema\/person\/5a8a63d2ace21171e85e962d1275b38f\",\"name\":\"Joan\",\"image\":{\"@type\":\"ImageObject\",\"inLanguage\":\"es\",\"@id\":\"https:\/\/www.overtheclouds.eu\/#\/schema\/person\/image\/\",\"url\":\"https:\/\/secure.gravatar.com\/avatar\/e18bfa7b0f654b00262b6af5360100bf?s=96&d=blank&r=g\",\"contentUrl\":\"https:\/\/secure.gravatar.com\/avatar\/e18bfa7b0f654b00262b6af5360100bf?s=96&d=blank&r=g\",\"caption\":\"Joan\"}}]}<\/script>\n<!-- \/ Yoast SEO plugin. -->","yoast_head_json":{"title":"De Ll\u00edvia al Pic de Finestrelles &#8211; Over the Clouds","description":"De Ll\u00edvia al Pic de Finestrelles &#8211; \u26f0 &gt;2501m &#8211; Extraordinary routes for ordinary bikers","robots":{"index":"index","follow":"follow","max-snippet":"max-snippet:-1","max-image-preview":"max-image-preview:large","max-video-preview":"max-video-preview:-1"},"canonical":"https:\/\/www.overtheclouds.eu\/index.php\/2021\/07\/08\/de-llivia-al-pic-de-finestrelles\/","og_locale":"es_ES","og_type":"article","og_title":"De Ll\u00edvia al Pic de Finestrelles &#8211; Over the Clouds","og_description":"De Ll\u00edvia al Pic de Finestrelles &#8211; \u26f0 &gt;2501m &#8211; Extraordinary routes for ordinary bikers","og_url":"https:\/\/www.overtheclouds.eu\/index.php\/2021\/07\/08\/de-llivia-al-pic-de-finestrelles\/","og_site_name":"Over the Clouds","article_published_time":"2021-07-08T12:20:21+00:00","article_modified_time":"2021-08-20T07:00:49+00:00","og_image":[{"width":2560,"height":1440,"url":"https:\/\/www.overtheclouds.eu\/wp-content\/uploads\/2021\/07\/010-scaled.jpg","type":"image\/jpeg"}],"author":"Joan","twitter_card":"summary_large_image","twitter_misc":{"Escrito por":"Joan","Tiempo de lectura":"2 minutos"},"schema":{"@context":"https:\/\/schema.org","@graph":[{"@type":"Article","@id":"https:\/\/www.overtheclouds.eu\/index.php\/2021\/07\/08\/de-llivia-al-pic-de-finestrelles\/#article","isPartOf":{"@id":"https:\/\/www.overtheclouds.eu\/index.php\/2021\/07\/08\/de-llivia-al-pic-de-finestrelles\/"},"author":{"name":"Joan","@id":"https:\/\/www.overtheclouds.eu\/#\/schema\/person\/5a8a63d2ace21171e85e962d1275b38f"},"headline":"De Ll\u00edvia al Pic de Finestrelles","datePublished":"2021-07-08T12:20:21+00:00","dateModified":"2021-08-20T07:00:49+00:00","mainEntityOfPage":{"@id":"https:\/\/www.overtheclouds.eu\/index.php\/2021\/07\/08\/de-llivia-al-pic-de-finestrelles\/"},"wordCount":373,"publisher":{"@id":"https:\/\/www.overtheclouds.eu\/#organization"},"image":{"@id":"https:\/\/www.overtheclouds.eu\/index.php\/2021\/07\/08\/de-llivia-al-pic-de-finestrelles\/#primaryimage"},"thumbnailUrl":"https:\/\/www.overtheclouds.eu\/wp-content\/uploads\/2021\/07\/010-scaled.jpg","keywords":["bicicleta","cerdanya","cicloalpinismo","Finestrelles","Ll\u00edvia","mtb","n\u00faria","Pirineo","Pirineos","Pirineus","vttae"],"articleSection":["\u26f0 &gt;2501m","Negra (Molt dif\u00edcil)","Pirineu franc\u00e8s","\ud83d\udeb2 95-99%"],"inLanguage":"es"},{"@type":"WebPage","@id":"https:\/\/www.overtheclouds.eu\/index.php\/2021\/07\/08\/de-llivia-al-pic-de-finestrelles\/","url":"https:\/\/www.overtheclouds.eu\/index.php\/2021\/07\/08\/de-llivia-al-pic-de-finestrelles\/","name":"De Ll\u00edvia al Pic de Finestrelles &#8211; Over the Clouds","isPartOf":{"@id":"https:\/\/www.overtheclouds.eu\/#website"},"primaryImageOfPage":{"@id":"https:\/\/www.overtheclouds.eu\/index.php\/2021\/07\/08\/de-llivia-al-pic-de-finestrelles\/#primaryimage"},"image":{"@id":"https:\/\/www.overtheclouds.eu\/index.php\/2021\/07\/08\/de-llivia-al-pic-de-finestrelles\/#primaryimage"},"thumbnailUrl":"https:\/\/www.overtheclouds.eu\/wp-content\/uploads\/2021\/07\/010-scaled.jpg","datePublished":"2021-07-08T12:20:21+00:00","dateModified":"2021-08-20T07:00:49+00:00","description":"De Ll\u00edvia al Pic de Finestrelles &#8211; \u26f0 &gt;2501m &#8211; Extraordinary routes for ordinary bikers","breadcrumb":{"@id":"https:\/\/www.overtheclouds.eu\/index.php\/2021\/07\/08\/de-llivia-al-pic-de-finestrelles\/#breadcrumb"},"inLanguage":"es","potentialAction":[{"@type":"ReadAction","target":["https:\/\/www.overtheclouds.eu\/index.php\/2021\/07\/08\/de-llivia-al-pic-de-finestrelles\/"]}]},{"@type":"ImageObject","inLanguage":"es","@id":"https:\/\/www.overtheclouds.eu\/index.php\/2021\/07\/08\/de-llivia-al-pic-de-finestrelles\/#primaryimage","url":"https:\/\/www.overtheclouds.eu\/wp-content\/uploads\/2021\/07\/010-scaled.jpg","contentUrl":"https:\/\/www.overtheclouds.eu\/wp-content\/uploads\/2021\/07\/010-scaled.jpg","width":2560,"height":1440},{"@type":"BreadcrumbList","@id":"https:\/\/www.overtheclouds.eu\/index.php\/2021\/07\/08\/de-llivia-al-pic-de-finestrelles\/#breadcrumb","itemListElement":[{"@type":"ListItem","position":1,"name":"Inici","item":"https:\/\/www.overtheclouds.eu\/"},{"@type":"ListItem","position":2,"name":"Al\u00e7ada m\u00e0xima","item":"https:\/\/www.overtheclouds.eu\/index.php\/category\/alcada-maxima\/"},{"@type":"ListItem","position":3,"name":"\u26f0 &gt;2501m","item":"https:\/\/www.overtheclouds.eu\/index.php\/category\/alcada-maxima\/2501m\/"},{"@type":"ListItem","position":4,"name":"De Ll\u00edvia al Pic de Finestrelles"}]},{"@type":"WebSite","@id":"https:\/\/www.overtheclouds.eu\/#website","url":"https:\/\/www.overtheclouds.eu\/","name":"Over the Clouds","description":"El plaer de rec\u00f3rrer valls, carenes i assolir cims","publisher":{"@id":"https:\/\/www.overtheclouds.eu\/#organization"},"potentialAction":[{"@type":"SearchAction","target":{"@type":"EntryPoint","urlTemplate":"https:\/\/www.overtheclouds.eu\/?s={search_term_string}"},"query-input":"required name=search_term_string"}],"inLanguage":"es"},{"@type":"Organization","@id":"https:\/\/www.overtheclouds.eu\/#organization","name":"Over the Clouds","url":"https:\/\/www.overtheclouds.eu\/","logo":{"@type":"ImageObject","inLanguage":"es","@id":"https:\/\/www.overtheclouds.eu\/#\/schema\/logo\/image\/","url":"https:\/\/www.overtheclouds.eu\/wp-content\/uploads\/2020\/02\/logo-4.png","contentUrl":"https:\/\/www.overtheclouds.eu\/wp-content\/uploads\/2020\/02\/logo-4.png","width":612,"height":418,"caption":"Over the Clouds"},"image":{"@id":"https:\/\/www.overtheclouds.eu\/#\/schema\/logo\/image\/"}},{"@type":"Person","@id":"https:\/\/www.overtheclouds.eu\/#\/schema\/person\/5a8a63d2ace21171e85e962d1275b38f","name":"Joan","image":{"@type":"ImageObject","inLanguage":"es","@id":"https:\/\/www.overtheclouds.eu\/#\/schema\/person\/image\/","url":"https:\/\/secure.gravatar.com\/avatar\/e18bfa7b0f654b00262b6af5360100bf?s=96&d=blank&r=g","contentUrl":"https:\/\/secure.gravatar.com\/avatar\/e18bfa7b0f654b00262b6af5360100bf?s=96&d=blank&r=g","caption":"Joan"}}]}},"_links":{"self":[{"href":"https:\/\/www.overtheclouds.eu\/index.php\/wp-json\/wp\/v2\/posts\/1704"}],"collection":[{"href":"https:\/\/www.overtheclouds.eu\/index.php\/wp-json\/wp\/v2\/posts"}],"about":[{"href":"https:\/\/www.overtheclouds.eu\/index.php\/wp-json\/wp\/v2\/types\/post"}],"author":[{"embeddable":true,"href":"https:\/\/www.overtheclouds.eu\/index.php\/wp-json\/wp\/v2\/users\/3"}],"replies":[{"embeddable":true,"href":"https:\/\/www.overtheclouds.eu\/index.php\/wp-json\/wp\/v2\/comments?post=1704"}],"version-history":[{"count":7,"href":"https:\/\/www.overtheclouds.eu\/index.php\/wp-json\/wp\/v2\/posts\/1704\/revisions"}],"predecessor-version":[{"id":1726,"href":"https:\/\/www.overtheclouds.eu\/index.php\/wp-json\/wp\/v2\/posts\/1704\/revisions\/1726"}],"wp:featuredmedia":[{"embeddable":true,"href":"https:\/\/www.overtheclouds.eu\/index.php\/wp-json\/wp\/v2\/media\/1719"}],"wp:attachment":[{"href":"https:\/\/www.overtheclouds.eu\/index.php\/wp-json\/wp\/v2\/media?parent=1704"}],"wp:term":[{"taxonomy":"category","embeddable":true,"href":"https:\/\/www.overtheclouds.eu\/index.php\/wp-json\/wp\/v2\/categories?post=1704"},{"taxonomy":"post_tag","embeddable":true,"href":"https:\/\/www.overtheclouds.eu\/index.php\/wp-json\/wp\/v2\/tags?post=1704"}],"curies":[{"name":"wp","href":"https:\/\/api.w.org\/{rel}","templated":true}]}}