{"id":1675,"date":"2021-06-30T20:59:21","date_gmt":"2021-06-30T18:59:21","guid":{"rendered":"http:\/\/www.overtheclouds.eu\/?p=1675"},"modified":"2021-08-20T09:00:51","modified_gmt":"2021-08-20T07:00:51","slug":"llivia-maura-el-punxo","status":"publish","type":"post","link":"https:\/\/www.overtheclouds.eu\/index.php\/2021\/06\/30\/llivia-maura-el-punxo\/","title":{"rendered":"Ll\u00edvia-Maur\u00e0-El Punx\u00f3"},"content":{"rendered":"\n<h4 class=\"wp-block-heading\">Al\u00e7ada m\u00e0xima de la ruta:<\/h4>\n\n\n\n<p>2.581 metres<\/p>\n\n\n\n<h4 class=\"wp-block-heading\">Descripci\u00f3 breu:<\/h4>\n\n\n\n<p>Interessant ascensi\u00f3 a un dels indrets m\u00e9s desconeguts i poc visitats de la Cerdanya. Les panor\u00e0miques que ofereix aix\u00ed com la ciclabilitat, sempre que es porti una e-bike, la fan molt recomanable. El punt de sortida \u00e9s la vila de Ll\u00edvia. Per pistes i senders s&#8217;arriba al petit poble d&#8217;Angostrina on trobem el cam\u00ed transhumant que puja paral\u00b7lel el riu Angostrina en mig d&#8217;una ufanosa vegetaci\u00f3. Arribem a l&#8217;ermita de Sant Mart\u00ed d&#8217;Envalls, l&#8217;\u00fanica edificaci\u00f3 que resta dempeus del que havia estat un petit nucli de poblaci\u00f3 sembla ser desaparegut a conseq\u00fc\u00e8ncia d&#8217;un allau. A partir d&#8217;aqu\u00ed la pista \u00e9s barrada al pas de veh\u00edcles motoritzats i es comen\u00e7a a enfilar fins als plans de pasturatge on hi ha la cabana de la Pleta de les Escaldes. En aquest punt deixem la pista principal i seguim per una de secund\u00e0ria que s&#8217;inicia a l&#8217;esquerra i que amb un fort pendent ens portar\u00e0 fins el Roc de Castellar. El seu primer tram, entre el pendent i el seu mal estat, per superar-la cal tenir una bona t\u00e8cnica de conducci\u00f3 i bona forma f\u00edsica. Un cop arribats al Roc de Castellar ja comencem a tenir unes bones panor\u00e0miques sobre la plana ceretana. Estem ja a m\u00e9s de 2000 metres. Les traces de la pista segueixen encara que una mica desdibuixades. Creuem un petit rierol i seguim pujant entre prats. A mitja pujada creuem el reg de Dorres per una palanca i seguim pujant. Un tram m\u00e9s amunt la pista es torna a fer m\u00e9s evident fins que ens porta dalt del Serrat dels Llops i dels propers extensos plans de Maur\u00e0, davant mateix del modest pic de Mollet. Ara iniciem una llarga travessa planejant pel mig de molleres en direcci\u00f3 als propers port de Maur\u00e0 i pas del mateix nom. Dos ampl\u00edssims colls herbats que separen les extenses pastures de Maur\u00e0 a l&#8217;esquerra dels Estanyets a la dreta. En tot aquest tram cal mirar de passar per les zones m\u00e9s altes per tal d&#8217;evitar la zona de molleres que \u00e9s molt extensa. Un cop creuada aquesta llarga collada iniciem la pujada, sense cam\u00ed, cap dalt de la serra de la Portella de Bac d&#8217;Ortella. Anem pujant sense massa dificultat en direcci\u00f3 nord-oest per una zona aglevada i amb pedres de granet que podem anar esquivant. Un cop arribem a dalt la carena tenim unes grans panor\u00e0miques cap el nord. Als nostres peus observem, molt profunda, la vall de Lan\u00f3s el petit llac del Passet i a l&#8217;inici de la vall la resclosa del gran estany de Lan\u00f3s. Davant nostre ens queden les muntanyes del Coma d&#8217;Or. Ara seguim carenajant per dalt d&#8217;aquest serra en direcci\u00f3 oest fent petites pujades i baixades durant unes 4 km. fins assolir el cim m\u00e9s occidental d&#8217;aquesta allargada serra, el cim del Punxo (2581 m.). Est\u00e0 situat sobre mateix de la poblaci\u00f3 de Porta i els nostres peus tenim el coll del Pimorent i les vall del riu Querol aix\u00ed com les valls que l&#8217;alimenten, la de Lan\u00f3s al nord i la de Campquerd\u00f3s a l&#8217;oest amb el mass\u00eds del Puigpedr\u00f3s davant nostre. El Punx\u00f3 \u00e9s un cim molt panor\u00e0mic degut a la seva estrat\u00e8gica situaci\u00f3 geogr\u00e0fica. El retorn el fem baixant, sense cam\u00ed, suaument pel mig de terreny aglevat primer i per \u00e0mplies zones de pastures a mida que anem perdent altura. Quan arribem a l&#8217;indret del Serrat de la Padrilla comencem a trobar viaranys oberts pel bestiar que ens porten a un tancat on despr\u00e9s de passar la porta ja trobem les traces d&#8217;una rudimentaria pista que perd altura r\u00e0pidament. Passem pel curi\u00f3s refugi anomenat cabana de l&#8217;Orri del Corbill de planta circular i envoltat de grans cledes fetes amb grans blocs de granet. Seguim baixant cada cop amb un pendent m\u00e9s acusat passant pel costat del refugi del Sol\u00e0 del Cavaller que es troba en un estat una mica deixat per\u00f2 que en cas de necessitat \u00e9s un bon aixopluc. La pista, cada cop en m\u00e9s bon estat, surt a la carretera de Bena. La seguim en direcci\u00f3 a Feners. Passat aquest poblet i abans d&#8217;arribar a Brangol\u00ed anem a visitar el gran dolmen de Les Marrunyes que queda a pocs metres a sota de la carretera. A Brangol\u00ed s&#8217;acaba la carretera i per un corriol amb alguns trams una mica t\u00e8cnics pugem dalt del tur\u00f3 de l&#8217;Argila on hi ha empla\u00e7at el fam\u00f3s santuari de Bell-lloc, un mirador privilegiat sobre la plana ceretana. Un cop visitat aquest monument, que no es troba en massa bon estat, baixem pel cam\u00ed vell fins a Vilanova de les Escaldes i a partir d&#8217;aqu\u00ed refem el mateix cam\u00ed que hem fet a l&#8217;inici de l&#8217;excursi\u00f3 fins a retornar a Ll\u00edvia. En total s\u00f3n uns 45 km. i un desnivell d&#8217;uns 1800 metres. Amb una e-bike \u00e9s ciclable al 100%. Aix\u00f2 si la despesa energ\u00e8tica \u00e9s molt alta: uns 800w. En resum, una gran ruta d&#8217;alta muntanya amb unes panor\u00e0miques excel\u00b7lents per uns indrets molt poc transitats.<\/p>\n\n\n\n<h4 class=\"wp-block-heading\">\u00c0rea geogr\u00e0fica:<\/h4>\n\n\n\n<p>Cerdanya<\/p>\n\n\n\n<h4 class=\"wp-block-heading\">Ciclabilitat:<\/h4>\n\n\n\n<div class=\"wptime-plugin-progress-wrap\" style=\"max-width:300px;margin-bottom:30px;\"><div class=\"wptime-plugin-progress-bar\" style=\"background:#0fa628;width:100%;\"><\/div><span>Ciclabilitat 100%<\/span><\/div>\n\n\n\n<h4 class=\"wp-block-heading\">Dificultat:<\/h4>\n\n\n\n<p class=\"vermella\">Vermella<\/p>\n\n\n\n<div class=\"wp-block-group\"><div class=\"wp-block-group__inner-container is-layout-flow wp-block-group-is-layout-flow\">\n<h4 class=\"wp-block-heading\">Briefing de la ruta<\/h4>\n\n\n\n<figure class=\"wp-block-embed is-type-video is-provider-youtube wp-block-embed-youtube wp-embed-aspect-16-9 wp-has-aspect-ratio\"><div class=\"wp-block-embed__wrapper\">\n<iframe loading=\"lazy\" title=\"2021 De Ll\u00edvia a El Punx\u00f3\" width=\"820\" height=\"461\" src=\"https:\/\/www.youtube.com\/embed\/nxPpSb4RRNE?feature=oembed\" frameborder=\"0\" allow=\"accelerometer; autoplay; clipboard-write; encrypted-media; gyroscope; picture-in-picture\" allowfullscreen><\/iframe>\n<\/div><\/figure>\n<\/div><\/div>\n\n\n\n<div class=\"wp-block-group\"><div class=\"wp-block-group__inner-container is-layout-flow wp-block-group-is-layout-flow\">\n<h4 class=\"wp-block-heading\">V\u00eddeo de la ruta<\/h4>\n\n\n\n<figure class=\"wp-block-embed is-type-video is-provider-youtube wp-block-embed-youtube wp-embed-aspect-16-9 wp-has-aspect-ratio\"><div class=\"wp-block-embed__wrapper\">\n<iframe loading=\"lazy\" title=\"En BTT pel Pirineu: Ll\u00edvia-Maur\u00e0-El Punx\u00f3\" width=\"820\" height=\"461\" src=\"https:\/\/www.youtube.com\/embed\/xeO7Jm5y_TM?feature=oembed\" frameborder=\"0\" allow=\"accelerometer; autoplay; clipboard-write; encrypted-media; gyroscope; picture-in-picture\" allowfullscreen><\/iframe>\n<\/div><\/figure>\n<\/div><\/div>\n\n\n\n<div class=\"wp-block-group\"><div class=\"wp-block-group__inner-container is-layout-flow wp-block-group-is-layout-flow\">\n<h4 class=\"wp-block-heading\">Descarrega el track de la ruta<\/h4>\n\n\n\n<div class=\"wp-block-file\"><a href=\"http:\/\/www.overtheclouds.eu\/wp-content\/uploads\/2021\/06\/21-06-26-Llivia-Maura-Punxo.gpx\">21-06-26-Llivia-Maura-Punxo<\/a><a href=\"http:\/\/www.overtheclouds.eu\/wp-content\/uploads\/2021\/06\/21-06-26-Llivia-Maura-Punxo.gpx\" class=\"wp-block-file__button\" download>Descarrega<\/a><\/div>\n<\/div><\/div>\n\n\n\n<div class=\"wp-block-group\"><div class=\"wp-block-group__inner-container is-layout-flow wp-block-group-is-layout-flow\">\n<h4 class=\"wp-block-heading\">Galeria d&#8217;imatges<\/h4>\n<\/div><\/div>\n\n\n<div class='photonic-google-stream photonic-stream ' id='photonic-google-stream-1'>\n\r\n<div class='photonic-error photonic-google-error' id='photonic-google-error-1'>\r\n\t<span class='photonic-error-icon photonic-icon'>&nbsp;<\/span>\r\n\t<div class='photonic-message'>\r\n\t\tNo se pudo obtener datos. Error:<br \/><code>\nRequest had insufficient authentication scopes.<\/code><br \/>\n\r\n\t<\/div>\r\n<\/div>\n\n<\/div><!-- .photonic-stream or .photonic-panel -->\n\n\n<p>&nbsp;<\/p>","protected":false},"excerpt":{"rendered":"<p>Al\u00e7ada m\u00e0xima de la ruta: 2.581 metres Descripci\u00f3 breu: Interessant ascensi\u00f3 a un dels indrets m\u00e9s desconeguts i poc visitats de la Cerdanya. Les panor\u00e0miques que ofereix aix\u00ed com la ciclabilitat, sempre que es porti una e-bike, la fan molt &hellip; <a href=\"https:\/\/www.overtheclouds.eu\/index.php\/2021\/06\/30\/llivia-maura-el-punxo\/\" class=\"more-link\"><span class=\"more-button\">TOTA LA RUTA AQU\u00cd<span class=\"screen-reader-text\">Ll\u00edvia-Maur\u00e0-El Punx\u00f3<\/span><\/span><\/a><\/p>\n","protected":false},"author":2,"featured_media":1679,"comment_status":"closed","ping_status":"closed","sticky":false,"template":"","format":"standard","meta":{"_exactmetrics_skip_tracking":false,"_exactmetrics_sitenote_active":false,"_exactmetrics_sitenote_note":"","_exactmetrics_sitenote_category":0,"footnotes":""},"categories":[18,4,14,23],"tags":[],"yoast_head":"<!-- This site is optimized with the Yoast SEO plugin v22.7 - https:\/\/yoast.com\/wordpress\/plugins\/seo\/ -->\n<title>Ll\u00edvia-Maur\u00e0-El Punx\u00f3 &#8211; Over the Clouds<\/title>\n<meta name=\"description\" content=\"Ll\u00edvia-Maur\u00e0-El Punx\u00f3 &#8211; \u26f0 &gt;2501m &#8211; Extraordinary routes for ordinary bikers\" \/>\n<meta name=\"robots\" content=\"index, follow, max-snippet:-1, max-image-preview:large, max-video-preview:-1\" \/>\n<link rel=\"canonical\" href=\"https:\/\/www.overtheclouds.eu\/index.php\/2021\/06\/30\/llivia-maura-el-punxo\/\" \/>\n<meta property=\"og:locale\" content=\"es_ES\" \/>\n<meta property=\"og:type\" content=\"article\" \/>\n<meta property=\"og:title\" content=\"Ll\u00edvia-Maur\u00e0-El Punx\u00f3 &#8211; Over the Clouds\" \/>\n<meta property=\"og:description\" content=\"Ll\u00edvia-Maur\u00e0-El Punx\u00f3 &#8211; \u26f0 &gt;2501m &#8211; Extraordinary routes for ordinary bikers\" \/>\n<meta property=\"og:url\" content=\"https:\/\/www.overtheclouds.eu\/index.php\/2021\/06\/30\/llivia-maura-el-punxo\/\" \/>\n<meta property=\"og:site_name\" content=\"Over the Clouds\" \/>\n<meta property=\"article:published_time\" content=\"2021-06-30T18:59:21+00:00\" \/>\n<meta property=\"article:modified_time\" content=\"2021-08-20T07:00:51+00:00\" \/>\n<meta property=\"og:image\" content=\"https:\/\/www.overtheclouds.eu\/wp-content\/uploads\/2021\/06\/DSC06202-scaled.jpg\" \/>\n\t<meta property=\"og:image:width\" content=\"2560\" \/>\n\t<meta property=\"og:image:height\" content=\"1442\" \/>\n\t<meta property=\"og:image:type\" content=\"image\/jpeg\" \/>\n<meta name=\"author\" content=\"Jaume\" \/>\n<meta name=\"twitter:card\" content=\"summary_large_image\" \/>\n<meta name=\"twitter:label1\" content=\"Escrito por\" \/>\n\t<meta name=\"twitter:data1\" content=\"Jaume\" \/>\n\t<meta name=\"twitter:label2\" content=\"Tiempo de lectura\" \/>\n\t<meta name=\"twitter:data2\" content=\"5 minutos\" \/>\n<script type=\"application\/ld+json\" class=\"yoast-schema-graph\">{\"@context\":\"https:\/\/schema.org\",\"@graph\":[{\"@type\":\"Article\",\"@id\":\"https:\/\/www.overtheclouds.eu\/index.php\/2021\/06\/30\/llivia-maura-el-punxo\/#article\",\"isPartOf\":{\"@id\":\"https:\/\/www.overtheclouds.eu\/index.php\/2021\/06\/30\/llivia-maura-el-punxo\/\"},\"author\":{\"name\":\"Jaume\",\"@id\":\"https:\/\/www.overtheclouds.eu\/#\/schema\/person\/283fe644ef85985e7a0cad3f42b6cc63\"},\"headline\":\"Ll\u00edvia-Maur\u00e0-El Punx\u00f3\",\"datePublished\":\"2021-06-30T18:59:21+00:00\",\"dateModified\":\"2021-08-20T07:00:51+00:00\",\"mainEntityOfPage\":{\"@id\":\"https:\/\/www.overtheclouds.eu\/index.php\/2021\/06\/30\/llivia-maura-el-punxo\/\"},\"wordCount\":955,\"publisher\":{\"@id\":\"https:\/\/www.overtheclouds.eu\/#organization\"},\"image\":{\"@id\":\"https:\/\/www.overtheclouds.eu\/index.php\/2021\/06\/30\/llivia-maura-el-punxo\/#primaryimage\"},\"thumbnailUrl\":\"https:\/\/www.overtheclouds.eu\/wp-content\/uploads\/2021\/06\/DSC06202-scaled.jpg\",\"articleSection\":[\"\u26f0 &gt;2501m\",\"Pirineu franc\u00e8s\",\"Vermella (Dif\u00edcil)\",\"\ud83d\udeb2 100%\"],\"inLanguage\":\"es\"},{\"@type\":\"WebPage\",\"@id\":\"https:\/\/www.overtheclouds.eu\/index.php\/2021\/06\/30\/llivia-maura-el-punxo\/\",\"url\":\"https:\/\/www.overtheclouds.eu\/index.php\/2021\/06\/30\/llivia-maura-el-punxo\/\",\"name\":\"Ll\u00edvia-Maur\u00e0-El Punx\u00f3 &#8211; Over the Clouds\",\"isPartOf\":{\"@id\":\"https:\/\/www.overtheclouds.eu\/#website\"},\"primaryImageOfPage\":{\"@id\":\"https:\/\/www.overtheclouds.eu\/index.php\/2021\/06\/30\/llivia-maura-el-punxo\/#primaryimage\"},\"image\":{\"@id\":\"https:\/\/www.overtheclouds.eu\/index.php\/2021\/06\/30\/llivia-maura-el-punxo\/#primaryimage\"},\"thumbnailUrl\":\"https:\/\/www.overtheclouds.eu\/wp-content\/uploads\/2021\/06\/DSC06202-scaled.jpg\",\"datePublished\":\"2021-06-30T18:59:21+00:00\",\"dateModified\":\"2021-08-20T07:00:51+00:00\",\"description\":\"Ll\u00edvia-Maur\u00e0-El Punx\u00f3 &#8211; \u26f0 &gt;2501m &#8211; Extraordinary routes for ordinary bikers\",\"breadcrumb\":{\"@id\":\"https:\/\/www.overtheclouds.eu\/index.php\/2021\/06\/30\/llivia-maura-el-punxo\/#breadcrumb\"},\"inLanguage\":\"es\",\"potentialAction\":[{\"@type\":\"ReadAction\",\"target\":[\"https:\/\/www.overtheclouds.eu\/index.php\/2021\/06\/30\/llivia-maura-el-punxo\/\"]}]},{\"@type\":\"ImageObject\",\"inLanguage\":\"es\",\"@id\":\"https:\/\/www.overtheclouds.eu\/index.php\/2021\/06\/30\/llivia-maura-el-punxo\/#primaryimage\",\"url\":\"https:\/\/www.overtheclouds.eu\/wp-content\/uploads\/2021\/06\/DSC06202-scaled.jpg\",\"contentUrl\":\"https:\/\/www.overtheclouds.eu\/wp-content\/uploads\/2021\/06\/DSC06202-scaled.jpg\",\"width\":2560,\"height\":1442},{\"@type\":\"BreadcrumbList\",\"@id\":\"https:\/\/www.overtheclouds.eu\/index.php\/2021\/06\/30\/llivia-maura-el-punxo\/#breadcrumb\",\"itemListElement\":[{\"@type\":\"ListItem\",\"position\":1,\"name\":\"Inici\",\"item\":\"https:\/\/www.overtheclouds.eu\/\"},{\"@type\":\"ListItem\",\"position\":2,\"name\":\"Al\u00e7ada m\u00e0xima\",\"item\":\"https:\/\/www.overtheclouds.eu\/index.php\/category\/alcada-maxima\/\"},{\"@type\":\"ListItem\",\"position\":3,\"name\":\"\u26f0 &gt;2501m\",\"item\":\"https:\/\/www.overtheclouds.eu\/index.php\/category\/alcada-maxima\/2501m\/\"},{\"@type\":\"ListItem\",\"position\":4,\"name\":\"Ll\u00edvia-Maur\u00e0-El Punx\u00f3\"}]},{\"@type\":\"WebSite\",\"@id\":\"https:\/\/www.overtheclouds.eu\/#website\",\"url\":\"https:\/\/www.overtheclouds.eu\/\",\"name\":\"Over the Clouds\",\"description\":\"El plaer de rec\u00f3rrer valls, carenes i assolir cims\",\"publisher\":{\"@id\":\"https:\/\/www.overtheclouds.eu\/#organization\"},\"potentialAction\":[{\"@type\":\"SearchAction\",\"target\":{\"@type\":\"EntryPoint\",\"urlTemplate\":\"https:\/\/www.overtheclouds.eu\/?s={search_term_string}\"},\"query-input\":\"required name=search_term_string\"}],\"inLanguage\":\"es\"},{\"@type\":\"Organization\",\"@id\":\"https:\/\/www.overtheclouds.eu\/#organization\",\"name\":\"Over the Clouds\",\"url\":\"https:\/\/www.overtheclouds.eu\/\",\"logo\":{\"@type\":\"ImageObject\",\"inLanguage\":\"es\",\"@id\":\"https:\/\/www.overtheclouds.eu\/#\/schema\/logo\/image\/\",\"url\":\"https:\/\/www.overtheclouds.eu\/wp-content\/uploads\/2020\/02\/logo-4.png\",\"contentUrl\":\"https:\/\/www.overtheclouds.eu\/wp-content\/uploads\/2020\/02\/logo-4.png\",\"width\":612,\"height\":418,\"caption\":\"Over the Clouds\"},\"image\":{\"@id\":\"https:\/\/www.overtheclouds.eu\/#\/schema\/logo\/image\/\"}},{\"@type\":\"Person\",\"@id\":\"https:\/\/www.overtheclouds.eu\/#\/schema\/person\/283fe644ef85985e7a0cad3f42b6cc63\",\"name\":\"Jaume\",\"image\":{\"@type\":\"ImageObject\",\"inLanguage\":\"es\",\"@id\":\"https:\/\/www.overtheclouds.eu\/#\/schema\/person\/image\/\",\"url\":\"https:\/\/secure.gravatar.com\/avatar\/86c0905ad41bd45ffed5903a626e36c9?s=96&d=blank&r=g\",\"contentUrl\":\"https:\/\/secure.gravatar.com\/avatar\/86c0905ad41bd45ffed5903a626e36c9?s=96&d=blank&r=g\",\"caption\":\"Jaume\"}}]}<\/script>\n<!-- \/ Yoast SEO plugin. -->","yoast_head_json":{"title":"Ll\u00edvia-Maur\u00e0-El Punx\u00f3 &#8211; Over the Clouds","description":"Ll\u00edvia-Maur\u00e0-El Punx\u00f3 &#8211; \u26f0 &gt;2501m &#8211; Extraordinary routes for ordinary bikers","robots":{"index":"index","follow":"follow","max-snippet":"max-snippet:-1","max-image-preview":"max-image-preview:large","max-video-preview":"max-video-preview:-1"},"canonical":"https:\/\/www.overtheclouds.eu\/index.php\/2021\/06\/30\/llivia-maura-el-punxo\/","og_locale":"es_ES","og_type":"article","og_title":"Ll\u00edvia-Maur\u00e0-El Punx\u00f3 &#8211; Over the Clouds","og_description":"Ll\u00edvia-Maur\u00e0-El Punx\u00f3 &#8211; \u26f0 &gt;2501m &#8211; Extraordinary routes for ordinary bikers","og_url":"https:\/\/www.overtheclouds.eu\/index.php\/2021\/06\/30\/llivia-maura-el-punxo\/","og_site_name":"Over the Clouds","article_published_time":"2021-06-30T18:59:21+00:00","article_modified_time":"2021-08-20T07:00:51+00:00","og_image":[{"width":2560,"height":1442,"url":"https:\/\/www.overtheclouds.eu\/wp-content\/uploads\/2021\/06\/DSC06202-scaled.jpg","type":"image\/jpeg"}],"author":"Jaume","twitter_card":"summary_large_image","twitter_misc":{"Escrito por":"Jaume","Tiempo de lectura":"5 minutos"},"schema":{"@context":"https:\/\/schema.org","@graph":[{"@type":"Article","@id":"https:\/\/www.overtheclouds.eu\/index.php\/2021\/06\/30\/llivia-maura-el-punxo\/#article","isPartOf":{"@id":"https:\/\/www.overtheclouds.eu\/index.php\/2021\/06\/30\/llivia-maura-el-punxo\/"},"author":{"name":"Jaume","@id":"https:\/\/www.overtheclouds.eu\/#\/schema\/person\/283fe644ef85985e7a0cad3f42b6cc63"},"headline":"Ll\u00edvia-Maur\u00e0-El Punx\u00f3","datePublished":"2021-06-30T18:59:21+00:00","dateModified":"2021-08-20T07:00:51+00:00","mainEntityOfPage":{"@id":"https:\/\/www.overtheclouds.eu\/index.php\/2021\/06\/30\/llivia-maura-el-punxo\/"},"wordCount":955,"publisher":{"@id":"https:\/\/www.overtheclouds.eu\/#organization"},"image":{"@id":"https:\/\/www.overtheclouds.eu\/index.php\/2021\/06\/30\/llivia-maura-el-punxo\/#primaryimage"},"thumbnailUrl":"https:\/\/www.overtheclouds.eu\/wp-content\/uploads\/2021\/06\/DSC06202-scaled.jpg","articleSection":["\u26f0 &gt;2501m","Pirineu franc\u00e8s","Vermella (Dif\u00edcil)","\ud83d\udeb2 100%"],"inLanguage":"es"},{"@type":"WebPage","@id":"https:\/\/www.overtheclouds.eu\/index.php\/2021\/06\/30\/llivia-maura-el-punxo\/","url":"https:\/\/www.overtheclouds.eu\/index.php\/2021\/06\/30\/llivia-maura-el-punxo\/","name":"Ll\u00edvia-Maur\u00e0-El Punx\u00f3 &#8211; Over the Clouds","isPartOf":{"@id":"https:\/\/www.overtheclouds.eu\/#website"},"primaryImageOfPage":{"@id":"https:\/\/www.overtheclouds.eu\/index.php\/2021\/06\/30\/llivia-maura-el-punxo\/#primaryimage"},"image":{"@id":"https:\/\/www.overtheclouds.eu\/index.php\/2021\/06\/30\/llivia-maura-el-punxo\/#primaryimage"},"thumbnailUrl":"https:\/\/www.overtheclouds.eu\/wp-content\/uploads\/2021\/06\/DSC06202-scaled.jpg","datePublished":"2021-06-30T18:59:21+00:00","dateModified":"2021-08-20T07:00:51+00:00","description":"Ll\u00edvia-Maur\u00e0-El Punx\u00f3 &#8211; \u26f0 &gt;2501m &#8211; Extraordinary routes for ordinary bikers","breadcrumb":{"@id":"https:\/\/www.overtheclouds.eu\/index.php\/2021\/06\/30\/llivia-maura-el-punxo\/#breadcrumb"},"inLanguage":"es","potentialAction":[{"@type":"ReadAction","target":["https:\/\/www.overtheclouds.eu\/index.php\/2021\/06\/30\/llivia-maura-el-punxo\/"]}]},{"@type":"ImageObject","inLanguage":"es","@id":"https:\/\/www.overtheclouds.eu\/index.php\/2021\/06\/30\/llivia-maura-el-punxo\/#primaryimage","url":"https:\/\/www.overtheclouds.eu\/wp-content\/uploads\/2021\/06\/DSC06202-scaled.jpg","contentUrl":"https:\/\/www.overtheclouds.eu\/wp-content\/uploads\/2021\/06\/DSC06202-scaled.jpg","width":2560,"height":1442},{"@type":"BreadcrumbList","@id":"https:\/\/www.overtheclouds.eu\/index.php\/2021\/06\/30\/llivia-maura-el-punxo\/#breadcrumb","itemListElement":[{"@type":"ListItem","position":1,"name":"Inici","item":"https:\/\/www.overtheclouds.eu\/"},{"@type":"ListItem","position":2,"name":"Al\u00e7ada m\u00e0xima","item":"https:\/\/www.overtheclouds.eu\/index.php\/category\/alcada-maxima\/"},{"@type":"ListItem","position":3,"name":"\u26f0 &gt;2501m","item":"https:\/\/www.overtheclouds.eu\/index.php\/category\/alcada-maxima\/2501m\/"},{"@type":"ListItem","position":4,"name":"Ll\u00edvia-Maur\u00e0-El Punx\u00f3"}]},{"@type":"WebSite","@id":"https:\/\/www.overtheclouds.eu\/#website","url":"https:\/\/www.overtheclouds.eu\/","name":"Over the Clouds","description":"El plaer de rec\u00f3rrer valls, carenes i assolir cims","publisher":{"@id":"https:\/\/www.overtheclouds.eu\/#organization"},"potentialAction":[{"@type":"SearchAction","target":{"@type":"EntryPoint","urlTemplate":"https:\/\/www.overtheclouds.eu\/?s={search_term_string}"},"query-input":"required name=search_term_string"}],"inLanguage":"es"},{"@type":"Organization","@id":"https:\/\/www.overtheclouds.eu\/#organization","name":"Over the Clouds","url":"https:\/\/www.overtheclouds.eu\/","logo":{"@type":"ImageObject","inLanguage":"es","@id":"https:\/\/www.overtheclouds.eu\/#\/schema\/logo\/image\/","url":"https:\/\/www.overtheclouds.eu\/wp-content\/uploads\/2020\/02\/logo-4.png","contentUrl":"https:\/\/www.overtheclouds.eu\/wp-content\/uploads\/2020\/02\/logo-4.png","width":612,"height":418,"caption":"Over the Clouds"},"image":{"@id":"https:\/\/www.overtheclouds.eu\/#\/schema\/logo\/image\/"}},{"@type":"Person","@id":"https:\/\/www.overtheclouds.eu\/#\/schema\/person\/283fe644ef85985e7a0cad3f42b6cc63","name":"Jaume","image":{"@type":"ImageObject","inLanguage":"es","@id":"https:\/\/www.overtheclouds.eu\/#\/schema\/person\/image\/","url":"https:\/\/secure.gravatar.com\/avatar\/86c0905ad41bd45ffed5903a626e36c9?s=96&d=blank&r=g","contentUrl":"https:\/\/secure.gravatar.com\/avatar\/86c0905ad41bd45ffed5903a626e36c9?s=96&d=blank&r=g","caption":"Jaume"}}]}},"_links":{"self":[{"href":"https:\/\/www.overtheclouds.eu\/index.php\/wp-json\/wp\/v2\/posts\/1675"}],"collection":[{"href":"https:\/\/www.overtheclouds.eu\/index.php\/wp-json\/wp\/v2\/posts"}],"about":[{"href":"https:\/\/www.overtheclouds.eu\/index.php\/wp-json\/wp\/v2\/types\/post"}],"author":[{"embeddable":true,"href":"https:\/\/www.overtheclouds.eu\/index.php\/wp-json\/wp\/v2\/users\/2"}],"replies":[{"embeddable":true,"href":"https:\/\/www.overtheclouds.eu\/index.php\/wp-json\/wp\/v2\/comments?post=1675"}],"version-history":[{"count":6,"href":"https:\/\/www.overtheclouds.eu\/index.php\/wp-json\/wp\/v2\/posts\/1675\/revisions"}],"predecessor-version":[{"id":1731,"href":"https:\/\/www.overtheclouds.eu\/index.php\/wp-json\/wp\/v2\/posts\/1675\/revisions\/1731"}],"wp:featuredmedia":[{"embeddable":true,"href":"https:\/\/www.overtheclouds.eu\/index.php\/wp-json\/wp\/v2\/media\/1679"}],"wp:attachment":[{"href":"https:\/\/www.overtheclouds.eu\/index.php\/wp-json\/wp\/v2\/media?parent=1675"}],"wp:term":[{"taxonomy":"category","embeddable":true,"href":"https:\/\/www.overtheclouds.eu\/index.php\/wp-json\/wp\/v2\/categories?post=1675"},{"taxonomy":"post_tag","embeddable":true,"href":"https:\/\/www.overtheclouds.eu\/index.php\/wp-json\/wp\/v2\/tags?post=1675"}],"curies":[{"name":"wp","href":"https:\/\/api.w.org\/{rel}","templated":true}]}}