{"id":1409,"date":"2020-09-10T01:11:14","date_gmt":"2020-09-09T23:11:14","guid":{"rendered":"http:\/\/www.overtheclouds.eu\/?p=1409"},"modified":"2021-08-20T09:00:52","modified_gmt":"2021-08-20T07:00:52","slug":"estanh-de-montoliu-tuc-der-ome-mines-de-liat","status":"publish","type":"post","link":"https:\/\/www.overtheclouds.eu\/index.php\/2020\/09\/10\/estanh-de-montoliu-tuc-der-ome-mines-de-liat\/","title":{"rendered":"Estanh de Montoliu-Tuc der \u00d2me-Mines de Liat"},"content":{"rendered":"\n<h4 class=\"wp-block-heading\">Al\u00e7ada m\u00e0xima de la ruta:<\/h4>\n\n\n\n<p>2.730 metres<\/p>\n\n\n\n<h4 class=\"wp-block-heading\">Descripci\u00f3 breu:<\/h4>\n\n\n\n<p>Gran ruta d&#8217;alta muntanya per un dels indrets m\u00e9s poc coneguts de l&#8217;Aran.<br>Comencem a pedalar des del petit aparcament que trobarem a la pista de Bagergue a Liat a l&#8217;altura de les mines deth Plan de Tor. Iniciem la pujada al Lac de Montoliu seguint una antiga pista que en el seu primer tram est\u00e0 for\u00e7a desdibuixada i en algun punt fins hi tot \u00e9s una mica perillosa. Superat aquest primer tram s&#8217;arriba a la Coma de Montoliu, un ampli pla herbat on la pista fa una gran lla\u00e7ada per guanyar al\u00e7ada. Sense m\u00e9s complicacions arribem al bonic i fotog\u00e8nic Lac de Montoliu situat a la falda sud del Maub\u00e8rme i de les mines i p\u00f2rt d&#8217;Urets. Seguim pujant per l&#8217;antiga pista que que ens porta fins el C\u00f2th de Montoliu. Ara canviem de vessant. Seguim direcci\u00f3 est encara un curt tram per les traces de la pista fins que s&#8217;acaba. A la nostra dreta ens queda l&#8217;ampla i verda vall de Vernatar. Nosaltres per\u00f2 ens decantem cap a l&#8217;esquerra i pedalem seguint un corriol que voreja el vessant est del Tuc de Montoliu i la Colhada Nera. Aviat ens apareixer\u00e0 l&#8217;Estanh Nere deth Horcalh. Passarem arran de les seves aigues que tenen el color d&#8217;un blau intens. Ara davallem per una valleta secund\u00e0ria i aviat trobarem restes d&#8217;antigues explotacions mineres. Corresponen a la part m\u00e9s alta de les mines deth Horcalh. Seguim pedalant per les traces d&#8217;un antic cam\u00ed carreter molt desdibuixat. Cal prestar atenci\u00f3 i seguir el que est\u00e0 situat m\u00e9s amunt. Aquest cam\u00ed ens portar\u00e0 al llom de l&#8217;allargat Sarrat Blanc. A partir d&#8217;aqu\u00ed comen\u00e7a una llarga per\u00f2 molt bonica pujada pel llom d&#8217;aquesta serra fins assolir el cim del Tuc der \u00d2me. Amb una e-bike \u00e9s tot ciclable tret d&#8217;uns 50 metres prop del cim. Les panor\u00e0miques que ens ofereix aquest cim s\u00f3n excel\u00b7lents als quatre vents. En destaco la vista sobre el Maub\u00e8rme, el Malh de Bolard i les plan\u00faries franceses de l&#8217;Arieja.<br>Un cop amarats d&#8217;aquestes panor\u00e0miques iniciem la baixada directa cap el p\u00f2rt d&#8217;Urets.<br>Els primers metres no s\u00f3n ciclables per\u00f2 aviat podrem baixar pedalant fins el propi port on trobarem un curi\u00f3s refugi de petites dimensions per\u00f2 molt ben conservat i net.<br>Ara seguim pedalant per un molt trepitjat sender que voreja els vessants sud i oest del Maub\u00e8rme. Poc a poc anem perdent altura. Passem per la vora dels estanhets de Maub\u00e8rme i finalment arribem als Rasos de Liat on podrem admirar la gran dolina que forma el Horat der Unh\u00f2la. Seguint les traces d&#8217;una antiga pista arribem tot seguit a la vora del gran estanh Long de Liat que t\u00e9 una illa al mig.<br>Refem uns metres i ens disposem a pujar pel mig de comes herbades i seguint les traces d&#8217;un sender cap el C\u00f2th de G\u00fcerri. Abans d&#8217;arribar-hi trobarem les restes de l&#8217;antic telef\u00e8ric de les mines de Liat que baixava el material al bocard de la poblaci\u00f3 de Pontaut, al costat del Garona. Tenia una longitud d&#8217;uns 15 km amb una estaci\u00f3 d&#8217;angle a mig cam\u00ed.<br>Un cop arribem al C\u00f2th de G\u00fcerri trobem el cam\u00ed principal que comunicava la Val de Toran amb les mines de Liat. El seguim en direcci\u00f3 sud i de seguida comencem a trobar les restes de les mines i les edificacions minaires. Val la pena perdre una mica de temps i visitar aquest indret tan peculiar.<br>A l&#8217;arribar a les edificacions deixem el cam\u00ed principal i baixem a tocar les aig\u00fces del bonic estany de Pica Palomera i ens enfilem per un ampli llom herbat fins assolir el C\u00f2th dera ansa dera Caud\u00e8ra que ens comunica amb una amagada vall secund\u00e0ria on hi havia les mines de Era Reparadora. Trobarem un curt tram no ciclable per\u00f2 aviat un molt deteriorat cam\u00ed ens permetr\u00e0 baixar sobre la bicicleta fins arribar al fons de la vall a l&#8217;extrem del gran Pla deth Pas Estret. Passarem pel costat del petit estanh deth Tor i tot seguit ja trobarem la pista principal que seguirem en direcci\u00f3 sud i amb 1 km. arribarem de nou al punt de sortida.<br>Pel meu gust una de les millors rutes que es poden fer per aquesta zona tan poc coneguda de l&#8217;Aran. Amb una e-bike i amb una bona preparaci\u00f3 f\u00edsica es pot dir que \u00e9s ciclable entre un 96 i un 99%. \u00c9s clar que aix\u00f2 dependr\u00e0 de com trobem el terreny i de les habilitat de cada ciclista.<br>Els camins s\u00f3n for\u00e7a evidents. Potser el tram m\u00e9s perdedor \u00e9s a l&#8217;indret de Era Reparadora. En aquest tram el track ser\u00e0 de gran ajut.<br>Si us agrada l&#8217;alta muntanya i voleu gaudir de panor\u00e0miques excepcionals, aquesta \u00e9s una bona ruta.<\/p>\n\n\n\n<h4 class=\"wp-block-heading\">\u00c0rea geogr\u00e0fica:<\/h4>\n\n\n\n<p>Val d&#8217;Aran<\/p>\n\n\n\n<h4 class=\"wp-block-heading\">Ciclabilitat:<\/h4>\n\n\n\n<div class=\"wptime-plugin-progress-wrap\" style=\"max-width:300px;margin-bottom:30px;\"><div class=\"wptime-plugin-progress-bar\" style=\"background:#0fa628;width:98%;\"><\/div><span>Ciclabilitat 98%<\/span><\/div>\n\n\n\n<h4 class=\"wp-block-heading\">Dificultat:<\/h4>\n\n\n\n<p class=\"negra\">Negra<\/p>\n\n\n\n<div class=\"wp-block-group\"><div class=\"wp-block-group__inner-container is-layout-flow wp-block-group-is-layout-flow\">\n<h4 class=\"wp-block-heading\">Briefing de la ruta<\/h4>\n\n\n\n<figure class=\"wp-block-embed is-type-video is-provider-youtube wp-block-embed-youtube wp-embed-aspect-16-9 wp-has-aspect-ratio\"><div class=\"wp-block-embed__wrapper\">\n<iframe loading=\"lazy\" title=\"Tuc der \u00d2me -  Liat\" width=\"820\" height=\"461\" src=\"https:\/\/www.youtube.com\/embed\/PJFMeJNzW7U?feature=oembed\" frameborder=\"0\" allow=\"accelerometer; autoplay; clipboard-write; encrypted-media; gyroscope; picture-in-picture\" allowfullscreen><\/iframe>\n<\/div><\/figure>\n<\/div><\/div>\n\n\n\n<div class=\"wp-block-group\"><div class=\"wp-block-group__inner-container is-layout-flow wp-block-group-is-layout-flow\">\n<h4 class=\"wp-block-heading\">V\u00eddeo de la ruta<\/h4>\n\n\n\n<figure class=\"wp-block-embed is-type-video is-provider-youtube wp-block-embed-youtube wp-embed-aspect-16-9 wp-has-aspect-ratio\"><div class=\"wp-block-embed__wrapper\">\n<iframe loading=\"lazy\" title=\"En BTT pel Pirineu: Lac de Montoliu-Tuc der \u00d2me-Estanh Long-Mines de Liat\" width=\"820\" height=\"461\" src=\"https:\/\/www.youtube.com\/embed\/5pEfpOdGeyM?feature=oembed\" frameborder=\"0\" allow=\"accelerometer; autoplay; encrypted-media; gyroscope; picture-in-picture\" allowfullscreen><\/iframe>\n<\/div><\/figure>\n<\/div><\/div>\n\n\n\n<div class=\"wp-block-group\"><div class=\"wp-block-group__inner-container is-layout-flow wp-block-group-is-layout-flow\">\n<h4 class=\"wp-block-heading\">Descarrega el track de la ruta<\/h4>\n\n\n\n<div class=\"wp-block-file\"><a href=\"http:\/\/www.overtheclouds.eu\/wp-content\/uploads\/2020\/09\/2020-09-04-Montoliu-Tuc-der-Ome-Estanh-Long-de-Liat-Mines-Liat-Era-Reparadora.gpx\">2020-09-04-Montoliu-Tuc-der-Ome-Estanh-Long-de-Liat-Mines-Liat-Era-Reparadora<\/a><a href=\"http:\/\/www.overtheclouds.eu\/wp-content\/uploads\/2020\/09\/2020-09-04-Montoliu-Tuc-der-Ome-Estanh-Long-de-Liat-Mines-Liat-Era-Reparadora.gpx\" class=\"wp-block-file__button\" download>Descarrega<\/a><\/div>\n<\/div><\/div>\n\n\n\n<div class=\"wp-block-group\"><div class=\"wp-block-group__inner-container is-layout-flow wp-block-group-is-layout-flow\">\n<h4 class=\"wp-block-heading\">Galeria d&#8217;imatges<\/h4>\n<\/div><\/div>\n\n\n<div class='photonic-google-stream photonic-stream ' id='photonic-google-stream-1'>\n\r\n<div class='photonic-error photonic-google-error' id='photonic-google-error-1'>\r\n\t<span class='photonic-error-icon photonic-icon'>&nbsp;<\/span>\r\n\t<div class='photonic-message'>\r\n\t\tNo se pudo obtener datos. Error:<br \/><code>\nRequest had insufficient authentication scopes.<\/code><br \/>\n\r\n\t<\/div>\r\n<\/div>\n\n<\/div><!-- .photonic-stream or .photonic-panel -->\n\n\n<p>&nbsp;<\/p>","protected":false},"excerpt":{"rendered":"<p>Al\u00e7ada m\u00e0xima de la ruta: 2.730 metres Descripci\u00f3 breu: Gran ruta d&#8217;alta muntanya per un dels indrets m\u00e9s poc coneguts de l&#8217;Aran.Comencem a pedalar des del petit aparcament que trobarem a la pista de Bagergue a Liat a l&#8217;altura de &hellip; <a href=\"https:\/\/www.overtheclouds.eu\/index.php\/2020\/09\/10\/estanh-de-montoliu-tuc-der-ome-mines-de-liat\/\" class=\"more-link\"><span class=\"more-button\">TOTA LA RUTA AQU\u00cd<span class=\"screen-reader-text\">Estanh de Montoliu-Tuc der \u00d2me-Mines de Liat<\/span><\/span><\/a><\/p>\n","protected":false},"author":2,"featured_media":1413,"comment_status":"closed","ping_status":"closed","sticky":false,"template":"","format":"standard","meta":{"_exactmetrics_skip_tracking":false,"_exactmetrics_sitenote_active":false,"_exactmetrics_sitenote_note":"","_exactmetrics_sitenote_category":0,"footnotes":""},"categories":[18,15,3,22],"tags":[],"yoast_head":"<!-- This site is optimized with the Yoast SEO plugin v22.7 - https:\/\/yoast.com\/wordpress\/plugins\/seo\/ -->\n<title>Estanh de Montoliu-Tuc der \u00d2me-Mines de Liat &#8211; Over the Clouds<\/title>\n<meta name=\"description\" content=\"Estanh de Montoliu-Tuc der \u00d2me-Mines de Liat &#8211; \ud83d\udeb2 95-99% &#8211; Extraordinary routes for ordinary bikers\" \/>\n<meta name=\"robots\" content=\"index, follow, max-snippet:-1, max-image-preview:large, max-video-preview:-1\" \/>\n<link rel=\"canonical\" href=\"https:\/\/www.overtheclouds.eu\/index.php\/2020\/09\/10\/estanh-de-montoliu-tuc-der-ome-mines-de-liat\/\" \/>\n<meta property=\"og:locale\" content=\"es_ES\" \/>\n<meta property=\"og:type\" content=\"article\" \/>\n<meta property=\"og:title\" content=\"Estanh de Montoliu-Tuc der \u00d2me-Mines de Liat &#8211; Over the Clouds\" \/>\n<meta property=\"og:description\" content=\"Estanh de Montoliu-Tuc der \u00d2me-Mines de Liat &#8211; \ud83d\udeb2 95-99% &#8211; Extraordinary routes for ordinary bikers\" \/>\n<meta property=\"og:url\" content=\"https:\/\/www.overtheclouds.eu\/index.php\/2020\/09\/10\/estanh-de-montoliu-tuc-der-ome-mines-de-liat\/\" \/>\n<meta property=\"og:site_name\" content=\"Over the Clouds\" \/>\n<meta property=\"article:published_time\" content=\"2020-09-09T23:11:14+00:00\" \/>\n<meta property=\"article:modified_time\" content=\"2021-08-20T07:00:52+00:00\" \/>\n<meta property=\"og:image\" content=\"https:\/\/www.overtheclouds.eu\/wp-content\/uploads\/2020\/09\/DSC04200-scaled.jpg\" \/>\n\t<meta property=\"og:image:width\" content=\"2560\" \/>\n\t<meta property=\"og:image:height\" content=\"1442\" \/>\n\t<meta property=\"og:image:type\" content=\"image\/jpeg\" \/>\n<meta name=\"author\" content=\"Jaume\" \/>\n<meta name=\"twitter:card\" content=\"summary_large_image\" \/>\n<meta name=\"twitter:label1\" content=\"Escrito por\" \/>\n\t<meta name=\"twitter:data1\" content=\"Jaume\" \/>\n\t<meta name=\"twitter:label2\" content=\"Tiempo de lectura\" \/>\n\t<meta name=\"twitter:data2\" content=\"4 minutos\" \/>\n<script type=\"application\/ld+json\" class=\"yoast-schema-graph\">{\"@context\":\"https:\/\/schema.org\",\"@graph\":[{\"@type\":\"Article\",\"@id\":\"https:\/\/www.overtheclouds.eu\/index.php\/2020\/09\/10\/estanh-de-montoliu-tuc-der-ome-mines-de-liat\/#article\",\"isPartOf\":{\"@id\":\"https:\/\/www.overtheclouds.eu\/index.php\/2020\/09\/10\/estanh-de-montoliu-tuc-der-ome-mines-de-liat\/\"},\"author\":{\"name\":\"Jaume\",\"@id\":\"https:\/\/www.overtheclouds.eu\/#\/schema\/person\/283fe644ef85985e7a0cad3f42b6cc63\"},\"headline\":\"Estanh de Montoliu-Tuc der \u00d2me-Mines de Liat\",\"datePublished\":\"2020-09-09T23:11:14+00:00\",\"dateModified\":\"2021-08-20T07:00:52+00:00\",\"mainEntityOfPage\":{\"@id\":\"https:\/\/www.overtheclouds.eu\/index.php\/2020\/09\/10\/estanh-de-montoliu-tuc-der-ome-mines-de-liat\/\"},\"wordCount\":912,\"publisher\":{\"@id\":\"https:\/\/www.overtheclouds.eu\/#organization\"},\"image\":{\"@id\":\"https:\/\/www.overtheclouds.eu\/index.php\/2020\/09\/10\/estanh-de-montoliu-tuc-der-ome-mines-de-liat\/#primaryimage\"},\"thumbnailUrl\":\"https:\/\/www.overtheclouds.eu\/wp-content\/uploads\/2020\/09\/DSC04200-scaled.jpg\",\"articleSection\":[\"\u26f0 &gt;2501m\",\"Negra (Molt dif\u00edcil)\",\"Pirineu catal\u00e0\",\"\ud83d\udeb2 95-99%\"],\"inLanguage\":\"es\"},{\"@type\":\"WebPage\",\"@id\":\"https:\/\/www.overtheclouds.eu\/index.php\/2020\/09\/10\/estanh-de-montoliu-tuc-der-ome-mines-de-liat\/\",\"url\":\"https:\/\/www.overtheclouds.eu\/index.php\/2020\/09\/10\/estanh-de-montoliu-tuc-der-ome-mines-de-liat\/\",\"name\":\"Estanh de Montoliu-Tuc der \u00d2me-Mines de Liat &#8211; Over the Clouds\",\"isPartOf\":{\"@id\":\"https:\/\/www.overtheclouds.eu\/#website\"},\"primaryImageOfPage\":{\"@id\":\"https:\/\/www.overtheclouds.eu\/index.php\/2020\/09\/10\/estanh-de-montoliu-tuc-der-ome-mines-de-liat\/#primaryimage\"},\"image\":{\"@id\":\"https:\/\/www.overtheclouds.eu\/index.php\/2020\/09\/10\/estanh-de-montoliu-tuc-der-ome-mines-de-liat\/#primaryimage\"},\"thumbnailUrl\":\"https:\/\/www.overtheclouds.eu\/wp-content\/uploads\/2020\/09\/DSC04200-scaled.jpg\",\"datePublished\":\"2020-09-09T23:11:14+00:00\",\"dateModified\":\"2021-08-20T07:00:52+00:00\",\"description\":\"Estanh de Montoliu-Tuc der \u00d2me-Mines de Liat &#8211; \ud83d\udeb2 95-99% &#8211; Extraordinary routes for ordinary bikers\",\"breadcrumb\":{\"@id\":\"https:\/\/www.overtheclouds.eu\/index.php\/2020\/09\/10\/estanh-de-montoliu-tuc-der-ome-mines-de-liat\/#breadcrumb\"},\"inLanguage\":\"es\",\"potentialAction\":[{\"@type\":\"ReadAction\",\"target\":[\"https:\/\/www.overtheclouds.eu\/index.php\/2020\/09\/10\/estanh-de-montoliu-tuc-der-ome-mines-de-liat\/\"]}]},{\"@type\":\"ImageObject\",\"inLanguage\":\"es\",\"@id\":\"https:\/\/www.overtheclouds.eu\/index.php\/2020\/09\/10\/estanh-de-montoliu-tuc-der-ome-mines-de-liat\/#primaryimage\",\"url\":\"https:\/\/www.overtheclouds.eu\/wp-content\/uploads\/2020\/09\/DSC04200-scaled.jpg\",\"contentUrl\":\"https:\/\/www.overtheclouds.eu\/wp-content\/uploads\/2020\/09\/DSC04200-scaled.jpg\",\"width\":2560,\"height\":1442},{\"@type\":\"BreadcrumbList\",\"@id\":\"https:\/\/www.overtheclouds.eu\/index.php\/2020\/09\/10\/estanh-de-montoliu-tuc-der-ome-mines-de-liat\/#breadcrumb\",\"itemListElement\":[{\"@type\":\"ListItem\",\"position\":1,\"name\":\"Inici\",\"item\":\"https:\/\/www.overtheclouds.eu\/\"},{\"@type\":\"ListItem\",\"position\":2,\"name\":\"Ciclabilitat\",\"item\":\"https:\/\/www.overtheclouds.eu\/index.php\/category\/ciclabilitat\/\"},{\"@type\":\"ListItem\",\"position\":3,\"name\":\"\ud83d\udeb2 95-99%\",\"item\":\"https:\/\/www.overtheclouds.eu\/index.php\/category\/ciclabilitat\/95-99percent\/\"},{\"@type\":\"ListItem\",\"position\":4,\"name\":\"Estanh de Montoliu-Tuc der \u00d2me-Mines de Liat\"}]},{\"@type\":\"WebSite\",\"@id\":\"https:\/\/www.overtheclouds.eu\/#website\",\"url\":\"https:\/\/www.overtheclouds.eu\/\",\"name\":\"Over the Clouds\",\"description\":\"El plaer de rec\u00f3rrer valls, carenes i assolir cims\",\"publisher\":{\"@id\":\"https:\/\/www.overtheclouds.eu\/#organization\"},\"potentialAction\":[{\"@type\":\"SearchAction\",\"target\":{\"@type\":\"EntryPoint\",\"urlTemplate\":\"https:\/\/www.overtheclouds.eu\/?s={search_term_string}\"},\"query-input\":\"required name=search_term_string\"}],\"inLanguage\":\"es\"},{\"@type\":\"Organization\",\"@id\":\"https:\/\/www.overtheclouds.eu\/#organization\",\"name\":\"Over the Clouds\",\"url\":\"https:\/\/www.overtheclouds.eu\/\",\"logo\":{\"@type\":\"ImageObject\",\"inLanguage\":\"es\",\"@id\":\"https:\/\/www.overtheclouds.eu\/#\/schema\/logo\/image\/\",\"url\":\"https:\/\/www.overtheclouds.eu\/wp-content\/uploads\/2020\/02\/logo-4.png\",\"contentUrl\":\"https:\/\/www.overtheclouds.eu\/wp-content\/uploads\/2020\/02\/logo-4.png\",\"width\":612,\"height\":418,\"caption\":\"Over the Clouds\"},\"image\":{\"@id\":\"https:\/\/www.overtheclouds.eu\/#\/schema\/logo\/image\/\"}},{\"@type\":\"Person\",\"@id\":\"https:\/\/www.overtheclouds.eu\/#\/schema\/person\/283fe644ef85985e7a0cad3f42b6cc63\",\"name\":\"Jaume\",\"image\":{\"@type\":\"ImageObject\",\"inLanguage\":\"es\",\"@id\":\"https:\/\/www.overtheclouds.eu\/#\/schema\/person\/image\/\",\"url\":\"https:\/\/secure.gravatar.com\/avatar\/86c0905ad41bd45ffed5903a626e36c9?s=96&d=blank&r=g\",\"contentUrl\":\"https:\/\/secure.gravatar.com\/avatar\/86c0905ad41bd45ffed5903a626e36c9?s=96&d=blank&r=g\",\"caption\":\"Jaume\"}}]}<\/script>\n<!-- \/ Yoast SEO plugin. -->","yoast_head_json":{"title":"Estanh de Montoliu-Tuc der \u00d2me-Mines de Liat &#8211; Over the Clouds","description":"Estanh de Montoliu-Tuc der \u00d2me-Mines de Liat &#8211; \ud83d\udeb2 95-99% &#8211; Extraordinary routes for ordinary bikers","robots":{"index":"index","follow":"follow","max-snippet":"max-snippet:-1","max-image-preview":"max-image-preview:large","max-video-preview":"max-video-preview:-1"},"canonical":"https:\/\/www.overtheclouds.eu\/index.php\/2020\/09\/10\/estanh-de-montoliu-tuc-der-ome-mines-de-liat\/","og_locale":"es_ES","og_type":"article","og_title":"Estanh de Montoliu-Tuc der \u00d2me-Mines de Liat &#8211; Over the Clouds","og_description":"Estanh de Montoliu-Tuc der \u00d2me-Mines de Liat &#8211; \ud83d\udeb2 95-99% &#8211; Extraordinary routes for ordinary bikers","og_url":"https:\/\/www.overtheclouds.eu\/index.php\/2020\/09\/10\/estanh-de-montoliu-tuc-der-ome-mines-de-liat\/","og_site_name":"Over the Clouds","article_published_time":"2020-09-09T23:11:14+00:00","article_modified_time":"2021-08-20T07:00:52+00:00","og_image":[{"width":2560,"height":1442,"url":"https:\/\/www.overtheclouds.eu\/wp-content\/uploads\/2020\/09\/DSC04200-scaled.jpg","type":"image\/jpeg"}],"author":"Jaume","twitter_card":"summary_large_image","twitter_misc":{"Escrito por":"Jaume","Tiempo de lectura":"4 minutos"},"schema":{"@context":"https:\/\/schema.org","@graph":[{"@type":"Article","@id":"https:\/\/www.overtheclouds.eu\/index.php\/2020\/09\/10\/estanh-de-montoliu-tuc-der-ome-mines-de-liat\/#article","isPartOf":{"@id":"https:\/\/www.overtheclouds.eu\/index.php\/2020\/09\/10\/estanh-de-montoliu-tuc-der-ome-mines-de-liat\/"},"author":{"name":"Jaume","@id":"https:\/\/www.overtheclouds.eu\/#\/schema\/person\/283fe644ef85985e7a0cad3f42b6cc63"},"headline":"Estanh de Montoliu-Tuc der \u00d2me-Mines de Liat","datePublished":"2020-09-09T23:11:14+00:00","dateModified":"2021-08-20T07:00:52+00:00","mainEntityOfPage":{"@id":"https:\/\/www.overtheclouds.eu\/index.php\/2020\/09\/10\/estanh-de-montoliu-tuc-der-ome-mines-de-liat\/"},"wordCount":912,"publisher":{"@id":"https:\/\/www.overtheclouds.eu\/#organization"},"image":{"@id":"https:\/\/www.overtheclouds.eu\/index.php\/2020\/09\/10\/estanh-de-montoliu-tuc-der-ome-mines-de-liat\/#primaryimage"},"thumbnailUrl":"https:\/\/www.overtheclouds.eu\/wp-content\/uploads\/2020\/09\/DSC04200-scaled.jpg","articleSection":["\u26f0 &gt;2501m","Negra (Molt dif\u00edcil)","Pirineu catal\u00e0","\ud83d\udeb2 95-99%"],"inLanguage":"es"},{"@type":"WebPage","@id":"https:\/\/www.overtheclouds.eu\/index.php\/2020\/09\/10\/estanh-de-montoliu-tuc-der-ome-mines-de-liat\/","url":"https:\/\/www.overtheclouds.eu\/index.php\/2020\/09\/10\/estanh-de-montoliu-tuc-der-ome-mines-de-liat\/","name":"Estanh de Montoliu-Tuc der \u00d2me-Mines de Liat &#8211; Over the Clouds","isPartOf":{"@id":"https:\/\/www.overtheclouds.eu\/#website"},"primaryImageOfPage":{"@id":"https:\/\/www.overtheclouds.eu\/index.php\/2020\/09\/10\/estanh-de-montoliu-tuc-der-ome-mines-de-liat\/#primaryimage"},"image":{"@id":"https:\/\/www.overtheclouds.eu\/index.php\/2020\/09\/10\/estanh-de-montoliu-tuc-der-ome-mines-de-liat\/#primaryimage"},"thumbnailUrl":"https:\/\/www.overtheclouds.eu\/wp-content\/uploads\/2020\/09\/DSC04200-scaled.jpg","datePublished":"2020-09-09T23:11:14+00:00","dateModified":"2021-08-20T07:00:52+00:00","description":"Estanh de Montoliu-Tuc der \u00d2me-Mines de Liat &#8211; \ud83d\udeb2 95-99% &#8211; Extraordinary routes for ordinary bikers","breadcrumb":{"@id":"https:\/\/www.overtheclouds.eu\/index.php\/2020\/09\/10\/estanh-de-montoliu-tuc-der-ome-mines-de-liat\/#breadcrumb"},"inLanguage":"es","potentialAction":[{"@type":"ReadAction","target":["https:\/\/www.overtheclouds.eu\/index.php\/2020\/09\/10\/estanh-de-montoliu-tuc-der-ome-mines-de-liat\/"]}]},{"@type":"ImageObject","inLanguage":"es","@id":"https:\/\/www.overtheclouds.eu\/index.php\/2020\/09\/10\/estanh-de-montoliu-tuc-der-ome-mines-de-liat\/#primaryimage","url":"https:\/\/www.overtheclouds.eu\/wp-content\/uploads\/2020\/09\/DSC04200-scaled.jpg","contentUrl":"https:\/\/www.overtheclouds.eu\/wp-content\/uploads\/2020\/09\/DSC04200-scaled.jpg","width":2560,"height":1442},{"@type":"BreadcrumbList","@id":"https:\/\/www.overtheclouds.eu\/index.php\/2020\/09\/10\/estanh-de-montoliu-tuc-der-ome-mines-de-liat\/#breadcrumb","itemListElement":[{"@type":"ListItem","position":1,"name":"Inici","item":"https:\/\/www.overtheclouds.eu\/"},{"@type":"ListItem","position":2,"name":"Ciclabilitat","item":"https:\/\/www.overtheclouds.eu\/index.php\/category\/ciclabilitat\/"},{"@type":"ListItem","position":3,"name":"\ud83d\udeb2 95-99%","item":"https:\/\/www.overtheclouds.eu\/index.php\/category\/ciclabilitat\/95-99percent\/"},{"@type":"ListItem","position":4,"name":"Estanh de Montoliu-Tuc der \u00d2me-Mines de Liat"}]},{"@type":"WebSite","@id":"https:\/\/www.overtheclouds.eu\/#website","url":"https:\/\/www.overtheclouds.eu\/","name":"Over the Clouds","description":"El plaer de rec\u00f3rrer valls, carenes i assolir cims","publisher":{"@id":"https:\/\/www.overtheclouds.eu\/#organization"},"potentialAction":[{"@type":"SearchAction","target":{"@type":"EntryPoint","urlTemplate":"https:\/\/www.overtheclouds.eu\/?s={search_term_string}"},"query-input":"required name=search_term_string"}],"inLanguage":"es"},{"@type":"Organization","@id":"https:\/\/www.overtheclouds.eu\/#organization","name":"Over the Clouds","url":"https:\/\/www.overtheclouds.eu\/","logo":{"@type":"ImageObject","inLanguage":"es","@id":"https:\/\/www.overtheclouds.eu\/#\/schema\/logo\/image\/","url":"https:\/\/www.overtheclouds.eu\/wp-content\/uploads\/2020\/02\/logo-4.png","contentUrl":"https:\/\/www.overtheclouds.eu\/wp-content\/uploads\/2020\/02\/logo-4.png","width":612,"height":418,"caption":"Over the Clouds"},"image":{"@id":"https:\/\/www.overtheclouds.eu\/#\/schema\/logo\/image\/"}},{"@type":"Person","@id":"https:\/\/www.overtheclouds.eu\/#\/schema\/person\/283fe644ef85985e7a0cad3f42b6cc63","name":"Jaume","image":{"@type":"ImageObject","inLanguage":"es","@id":"https:\/\/www.overtheclouds.eu\/#\/schema\/person\/image\/","url":"https:\/\/secure.gravatar.com\/avatar\/86c0905ad41bd45ffed5903a626e36c9?s=96&d=blank&r=g","contentUrl":"https:\/\/secure.gravatar.com\/avatar\/86c0905ad41bd45ffed5903a626e36c9?s=96&d=blank&r=g","caption":"Jaume"}}]}},"_links":{"self":[{"href":"https:\/\/www.overtheclouds.eu\/index.php\/wp-json\/wp\/v2\/posts\/1409"}],"collection":[{"href":"https:\/\/www.overtheclouds.eu\/index.php\/wp-json\/wp\/v2\/posts"}],"about":[{"href":"https:\/\/www.overtheclouds.eu\/index.php\/wp-json\/wp\/v2\/types\/post"}],"author":[{"embeddable":true,"href":"https:\/\/www.overtheclouds.eu\/index.php\/wp-json\/wp\/v2\/users\/2"}],"replies":[{"embeddable":true,"href":"https:\/\/www.overtheclouds.eu\/index.php\/wp-json\/wp\/v2\/comments?post=1409"}],"version-history":[{"count":6,"href":"https:\/\/www.overtheclouds.eu\/index.php\/wp-json\/wp\/v2\/posts\/1409\/revisions"}],"predecessor-version":[{"id":1451,"href":"https:\/\/www.overtheclouds.eu\/index.php\/wp-json\/wp\/v2\/posts\/1409\/revisions\/1451"}],"wp:featuredmedia":[{"embeddable":true,"href":"https:\/\/www.overtheclouds.eu\/index.php\/wp-json\/wp\/v2\/media\/1413"}],"wp:attachment":[{"href":"https:\/\/www.overtheclouds.eu\/index.php\/wp-json\/wp\/v2\/media?parent=1409"}],"wp:term":[{"taxonomy":"category","embeddable":true,"href":"https:\/\/www.overtheclouds.eu\/index.php\/wp-json\/wp\/v2\/categories?post=1409"},{"taxonomy":"post_tag","embeddable":true,"href":"https:\/\/www.overtheclouds.eu\/index.php\/wp-json\/wp\/v2\/tags?post=1409"}],"curies":[{"name":"wp","href":"https:\/\/api.w.org\/{rel}","templated":true}]}}