{"id":1270,"date":"2020-07-21T14:32:16","date_gmt":"2020-07-21T12:32:16","guid":{"rendered":"http:\/\/www.overtheclouds.eu\/?p=1262"},"modified":"2020-07-21T15:22:52","modified_gmt":"2020-07-21T13:22:52","slug":"llivia-font-del-segre-3","status":"publish","type":"post","link":"https:\/\/www.overtheclouds.eu\/index.php\/es\/2020\/07\/21\/llivia-font-del-segre-3\/","title":{"rendered":"Ll\u00edvia &#8211; Font del Segre"},"content":{"rendered":"\n<h4 class=\"wp-block-heading\">Altura m\u00e1xima de la ruta:<\/h4>\n\n\n\n<p>2380 metros<\/p>\n\n\n\n<h4 class=\"wp-block-heading\">Breve descripci\u00f3n:<\/h4>\n\n\n\n<p>De Ll\u00edvia al nacimiento del r\u00edo Segre, el r\u00edo m\u00e1s largo de Catalu\u00f1a. Hermosa ma\u00f1ana en un lugar poco visitado en bicicleta. Tomo las carreteras secundarias para ir m\u00e1s r\u00e1pido a cruzar la llanura. De Llo a la llanura de la cruz es la corte normal. Desde el Coll de la Creu hasta el Coll Segalera sube bien con una corta rampa. Importante no dejar la carretera marcada con tri\u00e1ngulos rojos o m\u00e1s tarde las marcas amarillas del Cam\u00ed de N\u00faria. Una vez fuera del bosque la carretera con subidas y bajadas son m\u00e1s que Trialero, pero se permite pasar a la fuente. Un lugar muy agradable. El retorno deshaciendo el camino hacia el Pla de la Creu y una vez all\u00ed hay descenso directo a Llo. Es un tobog\u00e1n en pedazos bien, pero todo lo ciclable es necesario para traer buenos frenos!!! Aqu\u00ed la breve descripci\u00f3n<\/p>\n\n\n\n<h4 class=\"wp-block-heading\">Zona geogr\u00e1fica:<\/h4>\n\n\n\n<p>Pirineos<\/p>\n\n\n\n<h4 class=\"wp-block-heading\">Cyclability<\/h4>\n\n\n\n<div class=\"wptime-plugin-progress-wrap\" style=\"max-width:300px;margin-bottom:30px;\"><div class=\"wptime-plugin-progress-bar\" style=\"background:#0fa628;width:99%;\"><\/div><span>Ciclabilitat 99%<\/span><\/div>\n\n\n\n<h4 class=\"wp-block-heading\">Dificultad:<\/h4>\n\n\n\n<p class=\"vermella\">Rojo<\/p>\n\n\n\n<div class=\"wp-block-group\"><div class=\"wp-block-group__inner-container is-layout-flow wp-block-group-is-layout-flow\">\n<h4 class=\"wp-block-heading\">Informaci\u00f3n de ruta<\/h4>\n\n\n\n<figure class=\"wp-block-embed-youtube wp-block-embed is-type-video is-provider-youtube wp-embed-aspect-16-9 wp-has-aspect-ratio\"><div class=\"wp-block-embed__wrapper\">\n<iframe loading=\"lazy\" title=\"De Ll\u00edvia a la Font del Segre  short\" width=\"820\" height=\"461\" src=\"https:\/\/www.youtube.com\/embed\/U59xqv1rJEs?feature=oembed\" frameborder=\"0\" allow=\"accelerometer; autoplay; encrypted-media; gyroscope; picture-in-picture\" allowfullscreen><\/iframe>\n<\/div><\/figure>\n<\/div><\/div>\n\n\n\n<div class=\"wp-block-group\"><div class=\"wp-block-group__inner-container is-layout-flow wp-block-group-is-layout-flow\">\n<h4 class=\"wp-block-heading\">V\u00eddeo de la ruta<\/h4>\n\n\n\n<figure class=\"wp-block-embed-youtube wp-block-embed is-type-video is-provider-youtube wp-embed-aspect-16-9 wp-has-aspect-ratio\"><div class=\"wp-block-embed__wrapper\">\n<iframe loading=\"lazy\" title=\"De Ll\u00edvia a la Font del Segre\" width=\"820\" height=\"461\" src=\"https:\/\/www.youtube.com\/embed\/IGxGYuC7fjE?feature=oembed\" frameborder=\"0\" allow=\"accelerometer; autoplay; encrypted-media; gyroscope; picture-in-picture\" allowfullscreen><\/iframe>\n<\/div><\/figure>\n<\/div><\/div>\n\n\n\n<div class=\"wp-block-group\"><div class=\"wp-block-group__inner-container is-layout-flow wp-block-group-is-layout-flow\">\n<h4 class=\"wp-block-heading\">Descargar la pista de la ruta<\/h4>\n\n\n\n<div class=\"wp-block-file\"><a href=\"http:\/\/www.overtheclouds.eu\/wp-content\/uploads\/2020\/07\/llivia-font-del-segre-1.gpx\">Llivia-font-del-Segre-<\/a><a href=\"http:\/\/www.overtheclouds.eu\/wp-content\/uploads\/2020\/07\/llivia-font-del-segre-1.gpx\" class=\"wp-block-file__button\" download>1Descargar<\/a><\/div>\n<\/div><\/div>\n\n\n\n<div class=\"wp-block-group\"><div class=\"wp-block-group__inner-container is-layout-flow wp-block-group-is-layout-flow\">\n<h4 class=\"wp-block-heading\">Galer\u00eda de im\u00e1genes<\/h4>\n<\/div><\/div>\n\n\n\n\n<p>\u00a0<\/p>","protected":false},"excerpt":{"rendered":"<p>Altura m\u00e1xima de la ruta: 2380 metros Breve descripci\u00f3n: De Ll\u00edvia al nacimiento del r\u00edo Segre, el r\u00edo m\u00e1s largo de Catalu\u00f1a. Hermosa ma\u00f1ana en un lugar poco visitado en bicicleta. Tomo las carreteras secundarias para ir m\u00e1s r\u00e1pido a &hellip; <a href=\"https:\/\/www.overtheclouds.eu\/index.php\/es\/2020\/07\/21\/llivia-font-del-segre-3\/\" class=\"more-link\"><span class=\"more-button\">TOTA LA RUTA AQU\u00cd<span class=\"screen-reader-text\">Ll\u00edvia &#8211; Font del Segre<\/span><\/span><\/a><\/p>\n","protected":false},"author":3,"featured_media":1267,"comment_status":"open","ping_status":"closed","sticky":false,"template":"","format":"standard","meta":{"_exactmetrics_skip_tracking":false,"_exactmetrics_sitenote_active":false,"_exactmetrics_sitenote_note":"","_exactmetrics_sitenote_category":0,"footnotes":""},"categories":[165,298,226,175],"tags":[],"yoast_head":"<!-- This site is optimized with the Yoast SEO plugin v22.7 - https:\/\/yoast.com\/wordpress\/plugins\/seo\/ -->\n<title>Ll\u00edvia - Font del Segre &#8211; Over the Clouds<\/title>\n<meta name=\"description\" content=\"Ll\u00edvia - Font del Segre &#8211; \ud83d\udeb2 95-99% &#8211; Extraordinary routes for ordinary bikers\" \/>\n<meta name=\"robots\" content=\"index, follow, max-snippet:-1, max-image-preview:large, max-video-preview:-1\" \/>\n<link rel=\"canonical\" href=\"https:\/\/www.overtheclouds.eu\/index.php\/es\/2020\/07\/21\/llivia-font-del-segre-3\/\" \/>\n<meta property=\"og:locale\" content=\"es_ES\" \/>\n<meta property=\"og:type\" content=\"article\" \/>\n<meta property=\"og:title\" content=\"Ll\u00edvia - Font del Segre &#8211; Over the Clouds\" \/>\n<meta property=\"og:description\" content=\"Ll\u00edvia - Font del Segre &#8211; \ud83d\udeb2 95-99% &#8211; Extraordinary routes for ordinary bikers\" \/>\n<meta property=\"og:url\" content=\"https:\/\/www.overtheclouds.eu\/index.php\/es\/2020\/07\/21\/llivia-font-del-segre-3\/\" \/>\n<meta property=\"og:site_name\" content=\"Over the Clouds\" \/>\n<meta property=\"article:published_time\" content=\"2020-07-21T12:32:16+00:00\" \/>\n<meta property=\"article:modified_time\" content=\"2020-07-21T13:22:52+00:00\" \/>\n<meta property=\"og:image\" content=\"https:\/\/www.overtheclouds.eu\/wp-content\/uploads\/2020\/07\/IMG_0123-scaled.jpg\" \/>\n\t<meta property=\"og:image:width\" content=\"2560\" \/>\n\t<meta property=\"og:image:height\" content=\"1920\" \/>\n\t<meta property=\"og:image:type\" content=\"image\/jpeg\" \/>\n<meta name=\"author\" content=\"Joan\" \/>\n<meta name=\"twitter:card\" content=\"summary_large_image\" \/>\n<meta name=\"twitter:label1\" content=\"Escrito por\" \/>\n\t<meta name=\"twitter:data1\" content=\"Joan\" \/>\n\t<meta name=\"twitter:label2\" content=\"Tiempo de lectura\" \/>\n\t<meta name=\"twitter:data2\" content=\"1 minuto\" \/>\n<script type=\"application\/ld+json\" class=\"yoast-schema-graph\">{\"@context\":\"https:\/\/schema.org\",\"@graph\":[{\"@type\":\"Article\",\"@id\":\"https:\/\/www.overtheclouds.eu\/index.php\/es\/2020\/07\/21\/llivia-font-del-segre-3\/#article\",\"isPartOf\":{\"@id\":\"https:\/\/www.overtheclouds.eu\/index.php\/es\/2020\/07\/21\/llivia-font-del-segre-3\/\"},\"author\":{\"name\":\"Joan\",\"@id\":\"https:\/\/www.overtheclouds.eu\/#\/schema\/person\/5a8a63d2ace21171e85e962d1275b38f\"},\"headline\":\"Ll\u00edvia &#8211; Font del Segre\",\"datePublished\":\"2020-07-21T12:32:16+00:00\",\"dateModified\":\"2020-07-21T13:22:52+00:00\",\"mainEntityOfPage\":{\"@id\":\"https:\/\/www.overtheclouds.eu\/index.php\/es\/2020\/07\/21\/llivia-font-del-segre-3\/\"},\"wordCount\":223,\"commentCount\":342,\"publisher\":{\"@id\":\"https:\/\/www.overtheclouds.eu\/#organization\"},\"image\":{\"@id\":\"https:\/\/www.overtheclouds.eu\/index.php\/es\/2020\/07\/21\/llivia-font-del-segre-3\/#primaryimage\"},\"thumbnailUrl\":\"https:\/\/www.overtheclouds.eu\/wp-content\/uploads\/2020\/07\/IMG_0123-scaled.jpg\",\"articleSection\":[\"\u26f0 1501-2500m\",\"Pirineos franceses\",\"Roja (dif\u00edcil)\",\"\ud83d\udeb2 95-99%\"],\"inLanguage\":\"es\",\"potentialAction\":[{\"@type\":\"CommentAction\",\"name\":\"Comment\",\"target\":[\"https:\/\/www.overtheclouds.eu\/index.php\/es\/2020\/07\/21\/llivia-font-del-segre-3\/#respond\"]}]},{\"@type\":\"WebPage\",\"@id\":\"https:\/\/www.overtheclouds.eu\/index.php\/es\/2020\/07\/21\/llivia-font-del-segre-3\/\",\"url\":\"https:\/\/www.overtheclouds.eu\/index.php\/es\/2020\/07\/21\/llivia-font-del-segre-3\/\",\"name\":\"Ll\u00edvia - Font del Segre &#8211; Over the Clouds\",\"isPartOf\":{\"@id\":\"https:\/\/www.overtheclouds.eu\/#website\"},\"primaryImageOfPage\":{\"@id\":\"https:\/\/www.overtheclouds.eu\/index.php\/es\/2020\/07\/21\/llivia-font-del-segre-3\/#primaryimage\"},\"image\":{\"@id\":\"https:\/\/www.overtheclouds.eu\/index.php\/es\/2020\/07\/21\/llivia-font-del-segre-3\/#primaryimage\"},\"thumbnailUrl\":\"https:\/\/www.overtheclouds.eu\/wp-content\/uploads\/2020\/07\/IMG_0123-scaled.jpg\",\"datePublished\":\"2020-07-21T12:32:16+00:00\",\"dateModified\":\"2020-07-21T13:22:52+00:00\",\"description\":\"Ll\u00edvia - Font del Segre &#8211; \ud83d\udeb2 95-99% &#8211; Extraordinary routes for ordinary bikers\",\"breadcrumb\":{\"@id\":\"https:\/\/www.overtheclouds.eu\/index.php\/es\/2020\/07\/21\/llivia-font-del-segre-3\/#breadcrumb\"},\"inLanguage\":\"es\",\"potentialAction\":[{\"@type\":\"ReadAction\",\"target\":[\"https:\/\/www.overtheclouds.eu\/index.php\/es\/2020\/07\/21\/llivia-font-del-segre-3\/\"]}]},{\"@type\":\"ImageObject\",\"inLanguage\":\"es\",\"@id\":\"https:\/\/www.overtheclouds.eu\/index.php\/es\/2020\/07\/21\/llivia-font-del-segre-3\/#primaryimage\",\"url\":\"https:\/\/www.overtheclouds.eu\/wp-content\/uploads\/2020\/07\/IMG_0123-scaled.jpg\",\"contentUrl\":\"https:\/\/www.overtheclouds.eu\/wp-content\/uploads\/2020\/07\/IMG_0123-scaled.jpg\",\"width\":2560,\"height\":1920,\"caption\":\"Font del Segre\"},{\"@type\":\"BreadcrumbList\",\"@id\":\"https:\/\/www.overtheclouds.eu\/index.php\/es\/2020\/07\/21\/llivia-font-del-segre-3\/#breadcrumb\",\"itemListElement\":[{\"@type\":\"ListItem\",\"position\":1,\"name\":\"Inici\",\"item\":\"https:\/\/www.overtheclouds.eu\/\"},{\"@type\":\"ListItem\",\"position\":2,\"name\":\"Ciclabilidad\",\"item\":\"https:\/\/www.overtheclouds.eu\/index.php\/es\/category\/ciclabilidad-es\/\"},{\"@type\":\"ListItem\",\"position\":3,\"name\":\"\ud83d\udeb2 95-99%\",\"item\":\"https:\/\/www.overtheclouds.eu\/index.php\/es\/category\/ciclabilidad-es\/95-99percentato\/\"},{\"@type\":\"ListItem\",\"position\":4,\"name\":\"Ll\u00edvia &#8211; Font del Segre\"}]},{\"@type\":\"WebSite\",\"@id\":\"https:\/\/www.overtheclouds.eu\/#website\",\"url\":\"https:\/\/www.overtheclouds.eu\/\",\"name\":\"Over the Clouds\",\"description\":\"El plaer de rec\u00f3rrer valls, carenes i assolir cims\",\"publisher\":{\"@id\":\"https:\/\/www.overtheclouds.eu\/#organization\"},\"potentialAction\":[{\"@type\":\"SearchAction\",\"target\":{\"@type\":\"EntryPoint\",\"urlTemplate\":\"https:\/\/www.overtheclouds.eu\/?s={search_term_string}\"},\"query-input\":\"required name=search_term_string\"}],\"inLanguage\":\"es\"},{\"@type\":\"Organization\",\"@id\":\"https:\/\/www.overtheclouds.eu\/#organization\",\"name\":\"Over the Clouds\",\"url\":\"https:\/\/www.overtheclouds.eu\/\",\"logo\":{\"@type\":\"ImageObject\",\"inLanguage\":\"es\",\"@id\":\"https:\/\/www.overtheclouds.eu\/#\/schema\/logo\/image\/\",\"url\":\"https:\/\/www.overtheclouds.eu\/wp-content\/uploads\/2020\/02\/logo-4.png\",\"contentUrl\":\"https:\/\/www.overtheclouds.eu\/wp-content\/uploads\/2020\/02\/logo-4.png\",\"width\":612,\"height\":418,\"caption\":\"Over the Clouds\"},\"image\":{\"@id\":\"https:\/\/www.overtheclouds.eu\/#\/schema\/logo\/image\/\"}},{\"@type\":\"Person\",\"@id\":\"https:\/\/www.overtheclouds.eu\/#\/schema\/person\/5a8a63d2ace21171e85e962d1275b38f\",\"name\":\"Joan\",\"image\":{\"@type\":\"ImageObject\",\"inLanguage\":\"es\",\"@id\":\"https:\/\/www.overtheclouds.eu\/#\/schema\/person\/image\/\",\"url\":\"https:\/\/secure.gravatar.com\/avatar\/e18bfa7b0f654b00262b6af5360100bf?s=96&d=blank&r=g\",\"contentUrl\":\"https:\/\/secure.gravatar.com\/avatar\/e18bfa7b0f654b00262b6af5360100bf?s=96&d=blank&r=g\",\"caption\":\"Joan\"}}]}<\/script>\n<!-- \/ Yoast SEO plugin. -->","yoast_head_json":{"title":"Ll\u00edvia - Font del Segre &#8211; Over the Clouds","description":"Ll\u00edvia - Font del Segre &#8211; \ud83d\udeb2 95-99% &#8211; Extraordinary routes for ordinary bikers","robots":{"index":"index","follow":"follow","max-snippet":"max-snippet:-1","max-image-preview":"max-image-preview:large","max-video-preview":"max-video-preview:-1"},"canonical":"https:\/\/www.overtheclouds.eu\/index.php\/es\/2020\/07\/21\/llivia-font-del-segre-3\/","og_locale":"es_ES","og_type":"article","og_title":"Ll\u00edvia - Font del Segre &#8211; Over the Clouds","og_description":"Ll\u00edvia - Font del Segre &#8211; \ud83d\udeb2 95-99% &#8211; Extraordinary routes for ordinary bikers","og_url":"https:\/\/www.overtheclouds.eu\/index.php\/es\/2020\/07\/21\/llivia-font-del-segre-3\/","og_site_name":"Over the Clouds","article_published_time":"2020-07-21T12:32:16+00:00","article_modified_time":"2020-07-21T13:22:52+00:00","og_image":[{"width":2560,"height":1920,"url":"https:\/\/www.overtheclouds.eu\/wp-content\/uploads\/2020\/07\/IMG_0123-scaled.jpg","type":"image\/jpeg"}],"author":"Joan","twitter_card":"summary_large_image","twitter_misc":{"Escrito por":"Joan","Tiempo de lectura":"1 minuto"},"schema":{"@context":"https:\/\/schema.org","@graph":[{"@type":"Article","@id":"https:\/\/www.overtheclouds.eu\/index.php\/es\/2020\/07\/21\/llivia-font-del-segre-3\/#article","isPartOf":{"@id":"https:\/\/www.overtheclouds.eu\/index.php\/es\/2020\/07\/21\/llivia-font-del-segre-3\/"},"author":{"name":"Joan","@id":"https:\/\/www.overtheclouds.eu\/#\/schema\/person\/5a8a63d2ace21171e85e962d1275b38f"},"headline":"Ll\u00edvia &#8211; Font del Segre","datePublished":"2020-07-21T12:32:16+00:00","dateModified":"2020-07-21T13:22:52+00:00","mainEntityOfPage":{"@id":"https:\/\/www.overtheclouds.eu\/index.php\/es\/2020\/07\/21\/llivia-font-del-segre-3\/"},"wordCount":223,"commentCount":342,"publisher":{"@id":"https:\/\/www.overtheclouds.eu\/#organization"},"image":{"@id":"https:\/\/www.overtheclouds.eu\/index.php\/es\/2020\/07\/21\/llivia-font-del-segre-3\/#primaryimage"},"thumbnailUrl":"https:\/\/www.overtheclouds.eu\/wp-content\/uploads\/2020\/07\/IMG_0123-scaled.jpg","articleSection":["\u26f0 1501-2500m","Pirineos franceses","Roja (dif\u00edcil)","\ud83d\udeb2 95-99%"],"inLanguage":"es","potentialAction":[{"@type":"CommentAction","name":"Comment","target":["https:\/\/www.overtheclouds.eu\/index.php\/es\/2020\/07\/21\/llivia-font-del-segre-3\/#respond"]}]},{"@type":"WebPage","@id":"https:\/\/www.overtheclouds.eu\/index.php\/es\/2020\/07\/21\/llivia-font-del-segre-3\/","url":"https:\/\/www.overtheclouds.eu\/index.php\/es\/2020\/07\/21\/llivia-font-del-segre-3\/","name":"Ll\u00edvia - Font del Segre &#8211; Over the Clouds","isPartOf":{"@id":"https:\/\/www.overtheclouds.eu\/#website"},"primaryImageOfPage":{"@id":"https:\/\/www.overtheclouds.eu\/index.php\/es\/2020\/07\/21\/llivia-font-del-segre-3\/#primaryimage"},"image":{"@id":"https:\/\/www.overtheclouds.eu\/index.php\/es\/2020\/07\/21\/llivia-font-del-segre-3\/#primaryimage"},"thumbnailUrl":"https:\/\/www.overtheclouds.eu\/wp-content\/uploads\/2020\/07\/IMG_0123-scaled.jpg","datePublished":"2020-07-21T12:32:16+00:00","dateModified":"2020-07-21T13:22:52+00:00","description":"Ll\u00edvia - Font del Segre &#8211; \ud83d\udeb2 95-99% &#8211; Extraordinary routes for ordinary bikers","breadcrumb":{"@id":"https:\/\/www.overtheclouds.eu\/index.php\/es\/2020\/07\/21\/llivia-font-del-segre-3\/#breadcrumb"},"inLanguage":"es","potentialAction":[{"@type":"ReadAction","target":["https:\/\/www.overtheclouds.eu\/index.php\/es\/2020\/07\/21\/llivia-font-del-segre-3\/"]}]},{"@type":"ImageObject","inLanguage":"es","@id":"https:\/\/www.overtheclouds.eu\/index.php\/es\/2020\/07\/21\/llivia-font-del-segre-3\/#primaryimage","url":"https:\/\/www.overtheclouds.eu\/wp-content\/uploads\/2020\/07\/IMG_0123-scaled.jpg","contentUrl":"https:\/\/www.overtheclouds.eu\/wp-content\/uploads\/2020\/07\/IMG_0123-scaled.jpg","width":2560,"height":1920,"caption":"Font del Segre"},{"@type":"BreadcrumbList","@id":"https:\/\/www.overtheclouds.eu\/index.php\/es\/2020\/07\/21\/llivia-font-del-segre-3\/#breadcrumb","itemListElement":[{"@type":"ListItem","position":1,"name":"Inici","item":"https:\/\/www.overtheclouds.eu\/"},{"@type":"ListItem","position":2,"name":"Ciclabilidad","item":"https:\/\/www.overtheclouds.eu\/index.php\/es\/category\/ciclabilidad-es\/"},{"@type":"ListItem","position":3,"name":"\ud83d\udeb2 95-99%","item":"https:\/\/www.overtheclouds.eu\/index.php\/es\/category\/ciclabilidad-es\/95-99percentato\/"},{"@type":"ListItem","position":4,"name":"Ll\u00edvia &#8211; Font del Segre"}]},{"@type":"WebSite","@id":"https:\/\/www.overtheclouds.eu\/#website","url":"https:\/\/www.overtheclouds.eu\/","name":"Over the Clouds","description":"El plaer de rec\u00f3rrer valls, carenes i assolir cims","publisher":{"@id":"https:\/\/www.overtheclouds.eu\/#organization"},"potentialAction":[{"@type":"SearchAction","target":{"@type":"EntryPoint","urlTemplate":"https:\/\/www.overtheclouds.eu\/?s={search_term_string}"},"query-input":"required name=search_term_string"}],"inLanguage":"es"},{"@type":"Organization","@id":"https:\/\/www.overtheclouds.eu\/#organization","name":"Over the Clouds","url":"https:\/\/www.overtheclouds.eu\/","logo":{"@type":"ImageObject","inLanguage":"es","@id":"https:\/\/www.overtheclouds.eu\/#\/schema\/logo\/image\/","url":"https:\/\/www.overtheclouds.eu\/wp-content\/uploads\/2020\/02\/logo-4.png","contentUrl":"https:\/\/www.overtheclouds.eu\/wp-content\/uploads\/2020\/02\/logo-4.png","width":612,"height":418,"caption":"Over the Clouds"},"image":{"@id":"https:\/\/www.overtheclouds.eu\/#\/schema\/logo\/image\/"}},{"@type":"Person","@id":"https:\/\/www.overtheclouds.eu\/#\/schema\/person\/5a8a63d2ace21171e85e962d1275b38f","name":"Joan","image":{"@type":"ImageObject","inLanguage":"es","@id":"https:\/\/www.overtheclouds.eu\/#\/schema\/person\/image\/","url":"https:\/\/secure.gravatar.com\/avatar\/e18bfa7b0f654b00262b6af5360100bf?s=96&d=blank&r=g","contentUrl":"https:\/\/secure.gravatar.com\/avatar\/e18bfa7b0f654b00262b6af5360100bf?s=96&d=blank&r=g","caption":"Joan"}}]}},"_links":{"self":[{"href":"https:\/\/www.overtheclouds.eu\/index.php\/wp-json\/wp\/v2\/posts\/1270"}],"collection":[{"href":"https:\/\/www.overtheclouds.eu\/index.php\/wp-json\/wp\/v2\/posts"}],"about":[{"href":"https:\/\/www.overtheclouds.eu\/index.php\/wp-json\/wp\/v2\/types\/post"}],"author":[{"embeddable":true,"href":"https:\/\/www.overtheclouds.eu\/index.php\/wp-json\/wp\/v2\/users\/3"}],"replies":[{"embeddable":true,"href":"https:\/\/www.overtheclouds.eu\/index.php\/wp-json\/wp\/v2\/comments?post=1270"}],"version-history":[{"count":2,"href":"https:\/\/www.overtheclouds.eu\/index.php\/wp-json\/wp\/v2\/posts\/1270\/revisions"}],"predecessor-version":[{"id":1281,"href":"https:\/\/www.overtheclouds.eu\/index.php\/wp-json\/wp\/v2\/posts\/1270\/revisions\/1281"}],"wp:featuredmedia":[{"embeddable":true,"href":"https:\/\/www.overtheclouds.eu\/index.php\/wp-json\/wp\/v2\/media\/1267"}],"wp:attachment":[{"href":"https:\/\/www.overtheclouds.eu\/index.php\/wp-json\/wp\/v2\/media?parent=1270"}],"wp:term":[{"taxonomy":"category","embeddable":true,"href":"https:\/\/www.overtheclouds.eu\/index.php\/wp-json\/wp\/v2\/categories?post=1270"},{"taxonomy":"post_tag","embeddable":true,"href":"https:\/\/www.overtheclouds.eu\/index.php\/wp-json\/wp\/v2\/tags?post=1270"}],"curies":[{"name":"wp","href":"https:\/\/api.w.org\/{rel}","templated":true}]}}