{"id":1106,"date":"2020-05-07T08:51:12","date_gmt":"2020-05-07T06:51:12","guid":{"rendered":"http:\/\/www.overtheclouds.eu\/?p=1101"},"modified":"2020-05-07T09:03:50","modified_gmt":"2020-05-07T07:03:50","slug":"les-cims-de-la-serra-del-port-del-comte","status":"publish","type":"post","link":"https:\/\/www.overtheclouds.eu\/index.php\/fr\/2020\/05\/07\/les-cims-de-la-serra-del-port-del-comte\/","title":{"rendered":"Els cims de la Serra del Port del Comte"},"content":{"rendered":"\n<h4 class=\"wp-block-heading\">Hauteur maximale de l\u2019itin\u00e9raire :<\/h4>\n\n\n\n<p>2 388 m\u00e8tres<\/p>\n\n\n\n<h4 class=\"wp-block-heading\">Br\u00e8ve description:<\/h4>\n\n\n\n<p>Longue et dure excursion \u00e0 travers les parties les plus hautes de la cha\u00eene de mo<br>ntagnes de Port del Comte. Le point de d\u00e9part et d\u2019arriv\u00e9e est la ville<br> de Sant Lloren\u00e7 de Morunys.Es grimpe la Comarcada \u00e0 Coll de Jou et de l\u00e0 suivre la piste qui monte \u00e0 Pla de Bacies pour les ruines de la villa des Prats de Canalda. \u00c0 ce stade, vous montez l\u2019ancien chemin de la Costa dels Prats jusqu\u2019\u00e0 ce que vous atteignez le grand Pla de Bacies. Il traverse le milieu et va chercher un chemin qui monte tr\u00e8s pr\u00e8s du sommet des Morreres, le sommet le plus au nord de la cha\u00eene de montagnes. Vous serez en bas de la cr\u00eate avec de superbes vues panoramiques sur la vall\u00e9e du Seigneur et la Catalogne centrale jusqu\u2019\u00e0 ce que vous atteigniez le Coma dels Marrans abrit\u00e9 qui nous ram\u00e8ne, apr\u00e8s avoir pass\u00e9 par le Coll de la Portella, dans la partie nord du Pla de Bacies qui est connu <br>sous le nom de Prat Piquer.Es traverse la piste et continue sur la pente en face d\u2019un chemin balis\u00e9 qui nous m\u00e8ne \u00e0 une piste floue qui monte vers la t\u00eate De les Pedrusques. Il descend \u00e0 Coma Condessa et par quelquesglevers nous atteignons la t\u00eate de la Serra de la Gespeguera o\u00f9 par un sentier plus juste, nous avons atteint le Pedr\u00f4 dels Quatre Batlles, le plus haut sommet<br> de la montagne. Inutile de dire que, \u00e0 partir de ce point ont d\u2019excellentes vues. Il va vers le nord vers un prochain col o\u00f9 nous commen\u00e7ons la mont\u00e9e, sans chemin, \u00e0 la Tosa Pelada, troisi\u00e8me sommet de la route et ce qui est plus au nord avec des vues dilat\u00e9es sur les vall\u00e9es de la cadi. Par un chemin \u00e0 travers le milieu d\u2019un paysage spectaculaire, nous descendons pour atteindre le Coll de L\u2019estivella, puis le sommet du m\u00eame nom. De ce sommet, nous avons une vue panoramique sur la vall\u00e9e de La Coma et la Serra del Verd. Ce dernier sommet commence une descente rapide vers le Clot de la Vall o\u00f9 il y a un grand \u00e9tang. \u00c0 ce stade, pour une premi\u00e8re piste de ski et une piste de v\u00e9hicule plus tard, nous montons \u00e0 la fosse curieuse de la Bofia, un puits naturel d\u2019environ 50 m\u00e8tres de profondeur et une taille consid\u00e9rable. De l\u00e0, les pistes de ski descendent \u00e0 la r\u00e9gion de Sucre, et vous pouvez vous rendre \u00e0 l\u2019h\u00f4tel de la station de ski plus<br> tard. A travers les rues de l\u2019urbanisation va chercher la vieille route qui devient plus tard chemin et se dirige vers l\u2019humble maison des huttes et, plus bas, pour les hivers. Ici, nous suivons un petit chemin balis\u00e9 vers la source de Canaleta o\u00f9 nous trouvons un chemin agr\u00e9able et tr\u00e8s frais qui suit la c\u00f4te de Galliners \u00e0 la source abondante de Cap Rec, tr\u00e8s proche de la ville de San Lorenzo de Morunys. Enfin pour une bonne piste et un court tron\u00e7on de route nous arrivons \u00e0 nouveau au point de d\u00e9part<br>. Cosiderations: Dan<br>s le cas du brouillard, jetez l\u2019excursion. Les parties les plus \u00e9lev\u00e9es de l\u2019aire de r\u00e9partition sont compl\u00e8tement nues dans la v\u00e9g\u00e9tation et peuvent \u00eatre un pi\u00e8ge tr\u00e8s dangereux en cas de<br> mauvais temps. L\u2019excursion a une pente consid\u00e9rable (environ 2000 m\u00e8tres) vous devez \u00eatre physiquement pr\u00eat \u00e0 faire face \u00e0 cette route. I<br>l est adapt\u00e9 pour le faire de mai jusqu\u2019\u00e0 l\u2019arriv\u00e9e de la premi\u00e8re neige. Quand il s\u2019agit d\u2019u<br>ne route de haute montagne, il est n\u00e9cessaire d\u2019apporter des v\u00eatements chauds pour les routards. Le temps en haute montagne peut changer soudainement.<\/p>\n\n\n\n<h4 class=\"wp-block-heading\">Zone g\u00e9ographique:<\/h4>\n\n\n\n<p>Vall\u00e9e de Seigneur<\/p>\n\n\n\n<h4 class=\"wp-block-heading\">Cyclabilit\u00e9<\/h4>\n\n\n\n<div class=\"wptime-plugin-progress-wrap\" style=\"max-width:300px;margin-bottom:30px;\"><div class=\"wptime-plugin-progress-bar\" style=\"background:#0fa628;width:100%;\"><\/div><span>Ciclabilitat 100%<\/span><\/div>\n\n\n\n<h4 class=\"wp-block-heading\">Difficult\u00e9:<\/h4>\n\n\n\n<p class=\"vermella\">Rouge<\/p>\n\n\n\n<div class=\"wp-block-group\"><div class=\"wp-block-group__inner-container is-layout-flow wp-block-group-is-layout-flow\">\n<h4 class=\"wp-block-heading\">Briefing d\u2019itin\u00e9raire<\/h4>\n\n\n\n<figure class=\"wp-block-embed-youtube wp-block-embed is-type-video is-provider-youtube wp-embed-aspect-16-9 wp-has-aspect-ratio\"><div class=\"wp-block-embed__wrapper\">\n<iframe loading=\"lazy\" title=\"Port del Compte integral HD\" width=\"820\" height=\"461\" src=\"https:\/\/www.youtube.com\/embed\/l7vBPFXTwFI?feature=oembed\" frameborder=\"0\" allow=\"accelerometer; autoplay; encrypted-media; gyroscope; picture-in-picture\" allowfullscreen><\/iframe>\n<\/div><\/figure>\n<\/div><\/div>\n\n\n\n<div class=\"wp-block-group\"><div class=\"wp-block-group__inner-container is-layout-flow wp-block-group-is-layout-flow\">\n<h4 class=\"wp-block-heading\">Vid\u00e9o de l\u2019itin\u00e9raire<\/h4>\n\n\n\n<figure class=\"wp-block-embed-youtube wp-block-embed is-type-video is-provider-youtube wp-embed-aspect-16-9 wp-has-aspect-ratio\"><div class=\"wp-block-embed__wrapper\">\n<iframe loading=\"lazy\" title=\"En BTT pel Pirineu: Port del Comte integral\" width=\"820\" height=\"461\" src=\"https:\/\/www.youtube.com\/embed\/JXaaFeLGF0A?feature=oembed\" frameborder=\"0\" allow=\"accelerometer; autoplay; encrypted-media; gyroscope; picture-in-picture\" allowfullscreen><\/iframe>\n<\/div><\/figure>\n<\/div><\/div>\n\n\n\n<div class=\"wp-block-group\"><div class=\"wp-block-group__inner-container is-layout-flow wp-block-group-is-layout-flow\">\n<h4 class=\"wp-block-heading\">T\u00e9l\u00e9charger la piste de l\u2019itin\u00e9raire<\/h4>\n\n\n\n<div class=\"wp-block-file\"><a href=\"http:\/\/www.overtheclouds.eu\/wp-content\/uploads\/2020\/05\/20-05-02-Port-del-Comte-integral.gpx\">20-05-02 Comte de la charge <\/a><a href=\"http:\/\/www.overtheclouds.eu\/wp-content\/uploads\/2020\/05\/20-05-02-Port-del-Comte-integral.gpx\" class=\"wp-block-file__button\" download>int\u00e9grale<\/a><\/div>\n<\/div><\/div>\n\n\n\n<div class=\"wp-block-group\"><div class=\"wp-block-group__inner-container is-layout-flow wp-block-group-is-layout-flow\">\n<h4 class=\"wp-block-heading\">Galerie d\u2019images<\/h4>\n\n\n\n<div class='photonic-google-stream photonic-stream ' id='photonic-google-stream-1'>\n\r\n<div class='photonic-error photonic-google-error' id='photonic-google-error-1'>\r\n\t<span class='photonic-error-icon photonic-icon'>&nbsp;<\/span>\r\n\t<div class='photonic-message'>\r\n\t\tNo se pudo obtener datos. Error:<br \/><code>\nRequest had insufficient authentication scopes.<\/code><br \/>\n\r\n\t<\/div>\r\n<\/div>\n\n<\/div><!-- .photonic-stream or .photonic-panel -->\n\n<\/div><\/div>\n\n\n<p><\/p>","protected":false},"excerpt":{"rendered":"<p>Hauteur maximale de l\u2019itin\u00e9raire : 2 388 m\u00e8tres Br\u00e8ve description: Longue et dure excursion \u00e0 travers les parties les plus hautes de la cha\u00eene de montagnes de Port del Comte. Le point de d\u00e9part et d\u2019arriv\u00e9e est la ville de &hellip; <a href=\"https:\/\/www.overtheclouds.eu\/index.php\/fr\/2020\/05\/07\/les-cims-de-la-serra-del-port-del-comte\/\" class=\"more-link\"><span class=\"more-button\">TOTA LA RUTA AQU\u00cd<span class=\"screen-reader-text\">Els cims de la Serra del Port del Comte<\/span><\/span><\/a><\/p>\n","protected":false},"author":2,"featured_media":1073,"comment_status":"open","ping_status":"closed","sticky":false,"template":"","format":"standard","meta":{"_exactmetrics_skip_tracking":false,"_exactmetrics_sitenote_active":false,"_exactmetrics_sitenote_note":"","_exactmetrics_sitenote_category":0,"footnotes":""},"categories":[189,296,218,146],"tags":[],"yoast_head":"<!-- This site is optimized with the Yoast SEO plugin v22.7 - https:\/\/yoast.com\/wordpress\/plugins\/seo\/ -->\n<title>Els cims de la Serra del Port del Comte &#8211; Over the Clouds<\/title>\n<meta name=\"description\" content=\"Els cims de la Serra del Port del Comte &#8211; Rouge (difficile) &#8211; Extraordinary routes for ordinary bikers\" \/>\n<meta name=\"robots\" content=\"index, follow, max-snippet:-1, max-image-preview:large, max-video-preview:-1\" \/>\n<link rel=\"canonical\" href=\"https:\/\/www.overtheclouds.eu\/index.php\/fr\/2020\/05\/07\/les-cims-de-la-serra-del-port-del-comte\/\" \/>\n<meta property=\"og:locale\" content=\"es_ES\" \/>\n<meta property=\"og:type\" content=\"article\" \/>\n<meta property=\"og:title\" content=\"Els cims de la Serra del Port del Comte &#8211; Over the Clouds\" \/>\n<meta property=\"og:description\" content=\"Els cims de la Serra del Port del Comte &#8211; Rouge (difficile) &#8211; Extraordinary routes for ordinary bikers\" \/>\n<meta property=\"og:url\" content=\"https:\/\/www.overtheclouds.eu\/index.php\/fr\/2020\/05\/07\/les-cims-de-la-serra-del-port-del-comte\/\" \/>\n<meta property=\"og:site_name\" content=\"Over the Clouds\" \/>\n<meta property=\"article:published_time\" content=\"2020-05-07T06:51:12+00:00\" \/>\n<meta property=\"article:modified_time\" content=\"2020-05-07T07:03:50+00:00\" \/>\n<meta property=\"og:image\" content=\"https:\/\/www.overtheclouds.eu\/wp-content\/uploads\/2020\/05\/DSC02108-scaled.jpg\" \/>\n\t<meta property=\"og:image:width\" content=\"2560\" \/>\n\t<meta property=\"og:image:height\" content=\"1442\" \/>\n\t<meta property=\"og:image:type\" content=\"image\/jpeg\" \/>\n<meta name=\"author\" content=\"Jaume\" \/>\n<meta name=\"twitter:card\" content=\"summary_large_image\" \/>\n<meta name=\"twitter:label1\" content=\"Escrito por\" \/>\n\t<meta name=\"twitter:data1\" content=\"Jaume\" \/>\n\t<meta name=\"twitter:label2\" content=\"Tiempo de lectura\" \/>\n\t<meta name=\"twitter:data2\" content=\"4 minutos\" \/>\n<script type=\"application\/ld+json\" class=\"yoast-schema-graph\">{\"@context\":\"https:\/\/schema.org\",\"@graph\":[{\"@type\":\"Article\",\"@id\":\"https:\/\/www.overtheclouds.eu\/index.php\/fr\/2020\/05\/07\/les-cims-de-la-serra-del-port-del-comte\/#article\",\"isPartOf\":{\"@id\":\"https:\/\/www.overtheclouds.eu\/index.php\/fr\/2020\/05\/07\/les-cims-de-la-serra-del-port-del-comte\/\"},\"author\":{\"name\":\"Jaume\",\"@id\":\"https:\/\/www.overtheclouds.eu\/#\/schema\/person\/283fe644ef85985e7a0cad3f42b6cc63\"},\"headline\":\"Els cims de la Serra del Port del Comte\",\"datePublished\":\"2020-05-07T06:51:12+00:00\",\"dateModified\":\"2020-05-07T07:03:50+00:00\",\"mainEntityOfPage\":{\"@id\":\"https:\/\/www.overtheclouds.eu\/index.php\/fr\/2020\/05\/07\/les-cims-de-la-serra-del-port-del-comte\/\"},\"wordCount\":759,\"commentCount\":263,\"publisher\":{\"@id\":\"https:\/\/www.overtheclouds.eu\/#organization\"},\"image\":{\"@id\":\"https:\/\/www.overtheclouds.eu\/index.php\/fr\/2020\/05\/07\/les-cims-de-la-serra-del-port-del-comte\/#primaryimage\"},\"thumbnailUrl\":\"https:\/\/www.overtheclouds.eu\/wp-content\/uploads\/2020\/05\/DSC02108-scaled.jpg\",\"articleSection\":[\"\u26f0 1501-2500m\",\"Pr\u00e9-Pyr\u00e9n\u00e9es\",\"Rouge (difficile)\",\"\ud83d\udeb2 100%\"],\"inLanguage\":\"es\",\"potentialAction\":[{\"@type\":\"CommentAction\",\"name\":\"Comment\",\"target\":[\"https:\/\/www.overtheclouds.eu\/index.php\/fr\/2020\/05\/07\/les-cims-de-la-serra-del-port-del-comte\/#respond\"]}]},{\"@type\":\"WebPage\",\"@id\":\"https:\/\/www.overtheclouds.eu\/index.php\/fr\/2020\/05\/07\/les-cims-de-la-serra-del-port-del-comte\/\",\"url\":\"https:\/\/www.overtheclouds.eu\/index.php\/fr\/2020\/05\/07\/les-cims-de-la-serra-del-port-del-comte\/\",\"name\":\"Els cims de la Serra del Port del Comte &#8211; Over the Clouds\",\"isPartOf\":{\"@id\":\"https:\/\/www.overtheclouds.eu\/#website\"},\"primaryImageOfPage\":{\"@id\":\"https:\/\/www.overtheclouds.eu\/index.php\/fr\/2020\/05\/07\/les-cims-de-la-serra-del-port-del-comte\/#primaryimage\"},\"image\":{\"@id\":\"https:\/\/www.overtheclouds.eu\/index.php\/fr\/2020\/05\/07\/les-cims-de-la-serra-del-port-del-comte\/#primaryimage\"},\"thumbnailUrl\":\"https:\/\/www.overtheclouds.eu\/wp-content\/uploads\/2020\/05\/DSC02108-scaled.jpg\",\"datePublished\":\"2020-05-07T06:51:12+00:00\",\"dateModified\":\"2020-05-07T07:03:50+00:00\",\"description\":\"Els cims de la Serra del Port del Comte &#8211; Rouge (difficile) &#8211; Extraordinary routes for ordinary bikers\",\"breadcrumb\":{\"@id\":\"https:\/\/www.overtheclouds.eu\/index.php\/fr\/2020\/05\/07\/les-cims-de-la-serra-del-port-del-comte\/#breadcrumb\"},\"inLanguage\":\"es\",\"potentialAction\":[{\"@type\":\"ReadAction\",\"target\":[\"https:\/\/www.overtheclouds.eu\/index.php\/fr\/2020\/05\/07\/les-cims-de-la-serra-del-port-del-comte\/\"]}]},{\"@type\":\"ImageObject\",\"inLanguage\":\"es\",\"@id\":\"https:\/\/www.overtheclouds.eu\/index.php\/fr\/2020\/05\/07\/les-cims-de-la-serra-del-port-del-comte\/#primaryimage\",\"url\":\"https:\/\/www.overtheclouds.eu\/wp-content\/uploads\/2020\/05\/DSC02108-scaled.jpg\",\"contentUrl\":\"https:\/\/www.overtheclouds.eu\/wp-content\/uploads\/2020\/05\/DSC02108-scaled.jpg\",\"width\":2560,\"height\":1442},{\"@type\":\"BreadcrumbList\",\"@id\":\"https:\/\/www.overtheclouds.eu\/index.php\/fr\/2020\/05\/07\/les-cims-de-la-serra-del-port-del-comte\/#breadcrumb\",\"itemListElement\":[{\"@type\":\"ListItem\",\"position\":1,\"name\":\"Inici\",\"item\":\"https:\/\/www.overtheclouds.eu\/\"},{\"@type\":\"ListItem\",\"position\":2,\"name\":\"Difficult\u00e9\",\"item\":\"https:\/\/www.overtheclouds.eu\/index.php\/fr\/category\/difficulte\/\"},{\"@type\":\"ListItem\",\"position\":3,\"name\":\"Rouge (difficile)\",\"item\":\"https:\/\/www.overtheclouds.eu\/index.php\/fr\/category\/difficulte\/rouge\/\"},{\"@type\":\"ListItem\",\"position\":4,\"name\":\"Els cims de la Serra del Port del Comte\"}]},{\"@type\":\"WebSite\",\"@id\":\"https:\/\/www.overtheclouds.eu\/#website\",\"url\":\"https:\/\/www.overtheclouds.eu\/\",\"name\":\"Over the Clouds\",\"description\":\"El plaer de rec\u00f3rrer valls, carenes i assolir cims\",\"publisher\":{\"@id\":\"https:\/\/www.overtheclouds.eu\/#organization\"},\"potentialAction\":[{\"@type\":\"SearchAction\",\"target\":{\"@type\":\"EntryPoint\",\"urlTemplate\":\"https:\/\/www.overtheclouds.eu\/?s={search_term_string}\"},\"query-input\":\"required name=search_term_string\"}],\"inLanguage\":\"es\"},{\"@type\":\"Organization\",\"@id\":\"https:\/\/www.overtheclouds.eu\/#organization\",\"name\":\"Over the Clouds\",\"url\":\"https:\/\/www.overtheclouds.eu\/\",\"logo\":{\"@type\":\"ImageObject\",\"inLanguage\":\"es\",\"@id\":\"https:\/\/www.overtheclouds.eu\/#\/schema\/logo\/image\/\",\"url\":\"https:\/\/www.overtheclouds.eu\/wp-content\/uploads\/2020\/02\/logo-4.png\",\"contentUrl\":\"https:\/\/www.overtheclouds.eu\/wp-content\/uploads\/2020\/02\/logo-4.png\",\"width\":612,\"height\":418,\"caption\":\"Over the Clouds\"},\"image\":{\"@id\":\"https:\/\/www.overtheclouds.eu\/#\/schema\/logo\/image\/\"}},{\"@type\":\"Person\",\"@id\":\"https:\/\/www.overtheclouds.eu\/#\/schema\/person\/283fe644ef85985e7a0cad3f42b6cc63\",\"name\":\"Jaume\",\"image\":{\"@type\":\"ImageObject\",\"inLanguage\":\"es\",\"@id\":\"https:\/\/www.overtheclouds.eu\/#\/schema\/person\/image\/\",\"url\":\"https:\/\/secure.gravatar.com\/avatar\/86c0905ad41bd45ffed5903a626e36c9?s=96&d=blank&r=g\",\"contentUrl\":\"https:\/\/secure.gravatar.com\/avatar\/86c0905ad41bd45ffed5903a626e36c9?s=96&d=blank&r=g\",\"caption\":\"Jaume\"}}]}<\/script>\n<!-- \/ Yoast SEO plugin. -->","yoast_head_json":{"title":"Els cims de la Serra del Port del Comte &#8211; Over the Clouds","description":"Els cims de la Serra del Port del Comte &#8211; Rouge (difficile) &#8211; Extraordinary routes for ordinary bikers","robots":{"index":"index","follow":"follow","max-snippet":"max-snippet:-1","max-image-preview":"max-image-preview:large","max-video-preview":"max-video-preview:-1"},"canonical":"https:\/\/www.overtheclouds.eu\/index.php\/fr\/2020\/05\/07\/les-cims-de-la-serra-del-port-del-comte\/","og_locale":"es_ES","og_type":"article","og_title":"Els cims de la Serra del Port del Comte &#8211; Over the Clouds","og_description":"Els cims de la Serra del Port del Comte &#8211; Rouge (difficile) &#8211; Extraordinary routes for ordinary bikers","og_url":"https:\/\/www.overtheclouds.eu\/index.php\/fr\/2020\/05\/07\/les-cims-de-la-serra-del-port-del-comte\/","og_site_name":"Over the Clouds","article_published_time":"2020-05-07T06:51:12+00:00","article_modified_time":"2020-05-07T07:03:50+00:00","og_image":[{"width":2560,"height":1442,"url":"https:\/\/www.overtheclouds.eu\/wp-content\/uploads\/2020\/05\/DSC02108-scaled.jpg","type":"image\/jpeg"}],"author":"Jaume","twitter_card":"summary_large_image","twitter_misc":{"Escrito por":"Jaume","Tiempo de lectura":"4 minutos"},"schema":{"@context":"https:\/\/schema.org","@graph":[{"@type":"Article","@id":"https:\/\/www.overtheclouds.eu\/index.php\/fr\/2020\/05\/07\/les-cims-de-la-serra-del-port-del-comte\/#article","isPartOf":{"@id":"https:\/\/www.overtheclouds.eu\/index.php\/fr\/2020\/05\/07\/les-cims-de-la-serra-del-port-del-comte\/"},"author":{"name":"Jaume","@id":"https:\/\/www.overtheclouds.eu\/#\/schema\/person\/283fe644ef85985e7a0cad3f42b6cc63"},"headline":"Els cims de la Serra del Port del Comte","datePublished":"2020-05-07T06:51:12+00:00","dateModified":"2020-05-07T07:03:50+00:00","mainEntityOfPage":{"@id":"https:\/\/www.overtheclouds.eu\/index.php\/fr\/2020\/05\/07\/les-cims-de-la-serra-del-port-del-comte\/"},"wordCount":759,"commentCount":263,"publisher":{"@id":"https:\/\/www.overtheclouds.eu\/#organization"},"image":{"@id":"https:\/\/www.overtheclouds.eu\/index.php\/fr\/2020\/05\/07\/les-cims-de-la-serra-del-port-del-comte\/#primaryimage"},"thumbnailUrl":"https:\/\/www.overtheclouds.eu\/wp-content\/uploads\/2020\/05\/DSC02108-scaled.jpg","articleSection":["\u26f0 1501-2500m","Pr\u00e9-Pyr\u00e9n\u00e9es","Rouge (difficile)","\ud83d\udeb2 100%"],"inLanguage":"es","potentialAction":[{"@type":"CommentAction","name":"Comment","target":["https:\/\/www.overtheclouds.eu\/index.php\/fr\/2020\/05\/07\/les-cims-de-la-serra-del-port-del-comte\/#respond"]}]},{"@type":"WebPage","@id":"https:\/\/www.overtheclouds.eu\/index.php\/fr\/2020\/05\/07\/les-cims-de-la-serra-del-port-del-comte\/","url":"https:\/\/www.overtheclouds.eu\/index.php\/fr\/2020\/05\/07\/les-cims-de-la-serra-del-port-del-comte\/","name":"Els cims de la Serra del Port del Comte &#8211; Over the Clouds","isPartOf":{"@id":"https:\/\/www.overtheclouds.eu\/#website"},"primaryImageOfPage":{"@id":"https:\/\/www.overtheclouds.eu\/index.php\/fr\/2020\/05\/07\/les-cims-de-la-serra-del-port-del-comte\/#primaryimage"},"image":{"@id":"https:\/\/www.overtheclouds.eu\/index.php\/fr\/2020\/05\/07\/les-cims-de-la-serra-del-port-del-comte\/#primaryimage"},"thumbnailUrl":"https:\/\/www.overtheclouds.eu\/wp-content\/uploads\/2020\/05\/DSC02108-scaled.jpg","datePublished":"2020-05-07T06:51:12+00:00","dateModified":"2020-05-07T07:03:50+00:00","description":"Els cims de la Serra del Port del Comte &#8211; Rouge (difficile) &#8211; Extraordinary routes for ordinary bikers","breadcrumb":{"@id":"https:\/\/www.overtheclouds.eu\/index.php\/fr\/2020\/05\/07\/les-cims-de-la-serra-del-port-del-comte\/#breadcrumb"},"inLanguage":"es","potentialAction":[{"@type":"ReadAction","target":["https:\/\/www.overtheclouds.eu\/index.php\/fr\/2020\/05\/07\/les-cims-de-la-serra-del-port-del-comte\/"]}]},{"@type":"ImageObject","inLanguage":"es","@id":"https:\/\/www.overtheclouds.eu\/index.php\/fr\/2020\/05\/07\/les-cims-de-la-serra-del-port-del-comte\/#primaryimage","url":"https:\/\/www.overtheclouds.eu\/wp-content\/uploads\/2020\/05\/DSC02108-scaled.jpg","contentUrl":"https:\/\/www.overtheclouds.eu\/wp-content\/uploads\/2020\/05\/DSC02108-scaled.jpg","width":2560,"height":1442},{"@type":"BreadcrumbList","@id":"https:\/\/www.overtheclouds.eu\/index.php\/fr\/2020\/05\/07\/les-cims-de-la-serra-del-port-del-comte\/#breadcrumb","itemListElement":[{"@type":"ListItem","position":1,"name":"Inici","item":"https:\/\/www.overtheclouds.eu\/"},{"@type":"ListItem","position":2,"name":"Difficult\u00e9","item":"https:\/\/www.overtheclouds.eu\/index.php\/fr\/category\/difficulte\/"},{"@type":"ListItem","position":3,"name":"Rouge (difficile)","item":"https:\/\/www.overtheclouds.eu\/index.php\/fr\/category\/difficulte\/rouge\/"},{"@type":"ListItem","position":4,"name":"Els cims de la Serra del Port del Comte"}]},{"@type":"WebSite","@id":"https:\/\/www.overtheclouds.eu\/#website","url":"https:\/\/www.overtheclouds.eu\/","name":"Over the Clouds","description":"El plaer de rec\u00f3rrer valls, carenes i assolir cims","publisher":{"@id":"https:\/\/www.overtheclouds.eu\/#organization"},"potentialAction":[{"@type":"SearchAction","target":{"@type":"EntryPoint","urlTemplate":"https:\/\/www.overtheclouds.eu\/?s={search_term_string}"},"query-input":"required name=search_term_string"}],"inLanguage":"es"},{"@type":"Organization","@id":"https:\/\/www.overtheclouds.eu\/#organization","name":"Over the Clouds","url":"https:\/\/www.overtheclouds.eu\/","logo":{"@type":"ImageObject","inLanguage":"es","@id":"https:\/\/www.overtheclouds.eu\/#\/schema\/logo\/image\/","url":"https:\/\/www.overtheclouds.eu\/wp-content\/uploads\/2020\/02\/logo-4.png","contentUrl":"https:\/\/www.overtheclouds.eu\/wp-content\/uploads\/2020\/02\/logo-4.png","width":612,"height":418,"caption":"Over the Clouds"},"image":{"@id":"https:\/\/www.overtheclouds.eu\/#\/schema\/logo\/image\/"}},{"@type":"Person","@id":"https:\/\/www.overtheclouds.eu\/#\/schema\/person\/283fe644ef85985e7a0cad3f42b6cc63","name":"Jaume","image":{"@type":"ImageObject","inLanguage":"es","@id":"https:\/\/www.overtheclouds.eu\/#\/schema\/person\/image\/","url":"https:\/\/secure.gravatar.com\/avatar\/86c0905ad41bd45ffed5903a626e36c9?s=96&d=blank&r=g","contentUrl":"https:\/\/secure.gravatar.com\/avatar\/86c0905ad41bd45ffed5903a626e36c9?s=96&d=blank&r=g","caption":"Jaume"}}]}},"_links":{"self":[{"href":"https:\/\/www.overtheclouds.eu\/index.php\/wp-json\/wp\/v2\/posts\/1106"}],"collection":[{"href":"https:\/\/www.overtheclouds.eu\/index.php\/wp-json\/wp\/v2\/posts"}],"about":[{"href":"https:\/\/www.overtheclouds.eu\/index.php\/wp-json\/wp\/v2\/types\/post"}],"author":[{"embeddable":true,"href":"https:\/\/www.overtheclouds.eu\/index.php\/wp-json\/wp\/v2\/users\/2"}],"replies":[{"embeddable":true,"href":"https:\/\/www.overtheclouds.eu\/index.php\/wp-json\/wp\/v2\/comments?post=1106"}],"version-history":[{"count":3,"href":"https:\/\/www.overtheclouds.eu\/index.php\/wp-json\/wp\/v2\/posts\/1106\/revisions"}],"predecessor-version":[{"id":1120,"href":"https:\/\/www.overtheclouds.eu\/index.php\/wp-json\/wp\/v2\/posts\/1106\/revisions\/1120"}],"wp:featuredmedia":[{"embeddable":true,"href":"https:\/\/www.overtheclouds.eu\/index.php\/wp-json\/wp\/v2\/media\/1073"}],"wp:attachment":[{"href":"https:\/\/www.overtheclouds.eu\/index.php\/wp-json\/wp\/v2\/media?parent=1106"}],"wp:term":[{"taxonomy":"category","embeddable":true,"href":"https:\/\/www.overtheclouds.eu\/index.php\/wp-json\/wp\/v2\/categories?post=1106"},{"taxonomy":"post_tag","embeddable":true,"href":"https:\/\/www.overtheclouds.eu\/index.php\/wp-json\/wp\/v2\/tags?post=1106"}],"curies":[{"name":"wp","href":"https:\/\/api.w.org\/{rel}","templated":true}]}}